{"id":30462,"date":"2024-01-12T17:56:48","date_gmt":"2024-01-12T20:56:48","guid":{"rendered":"http:\/\/revistavitrineibiuna.com.br\/?p=30462"},"modified":"2024-01-12T19:49:50","modified_gmt":"2024-01-12T22:49:50","slug":"ibiuna-viacao-raposo-tavares-diz-que-aumentou-a-oferta-de-onibus-na-4afeira","status":"publish","type":"post","link":"https:\/\/revistavitrineibiuna.com.br\/?p=30462","title":{"rendered":"IBI\u00daNA \u2013 VIA\u00c7\u00c3O RAPOSO TAVARES DIZ QUE AUMENTOU A OFERTA DE \u00d4NIBUS NA 4\u00aaFEIRA"},"content":{"rendered":"\n<p class=\"has-drop-cap\"><strong>Na manh\u00e3 de hoje (12), conforme vitrine online antecipou ontem, representantes da dire\u00e7\u00e3o da Via\u00e7\u00e3o Raposo Tavares \u2013 se reuniram com o prefeito de Ibi\u00fana, secret\u00e1rio de Desenvolvimento Urbano e vereadores, no Pa\u00e7o Municipal.<\/strong><\/p>\n\n\n\n<p><strong>Nesse encontro, segundo fonte da VRT ouvida por vitrine online, ficou acertado que a opera\u00e7\u00e3o ser\u00e1 \u201cajustada de acordo com a demanda atual\u201d.<\/strong><\/p>\n\n\n\n<p><strong>Na realidade, esse ajuste j\u00e1 teve in\u00edcio nesta quarta-feira (10) com o aumento da oferta de \u00f4nibus dos 17 que vinham operando para 27, dez a mais, al\u00e9m de carros reserva<\/strong>, <strong>informou a empresa<\/strong>.<\/p>\n\n\n\n<p><strong>Ao contr\u00e1rio de que hav\u00edamos mencionado anteriormente, a Prefeitura de Ibi\u00fana n\u00e3o subsidia a VRT, conforme\u00a0 representante da empresa. Informou que a receita \u00e9 proveniente da tarifa (atualmente cada passagem custa R$ 5,50) e dos repasses feitos pelo Governo Estadual para transporte de alunos.<\/strong><\/p>\n\n\n\n<p><strong>A empresa tamb\u00e9m informou que na primeira semana do ano a demanda ficou bem reduzida, raz\u00e3o por que a frota em circula\u00e7\u00e3o tamb\u00e9m diminuiu, mas, como a demanda voltou a aumentar, a quantidade de \u00f4nibus subiu ent\u00e3o para 27 ve\u00edculos.<\/strong><\/p>\n\n\n\n<p><strong>Ainda segundo a representante da empresa, que n\u00e3o autorizou a publica\u00e7\u00e3o do seu nome, foi criada uma \u201cfor\u00e7a tarefa\u201d para adequa\u00e7\u00e3o dos hor\u00e1rios, haver\u00e1 tamb\u00e9m melhoria no servi\u00e7o de limpeza dos \u00f4nibus e melhor divulga\u00e7\u00e3o da tabela de hor\u00e1rios para facilitar a vida dos usu\u00e1rios.<\/strong><\/p>\n\n\n\n<p><strong>\u201cN\u00f3s n\u00e3o queremos em hip\u00f3tese alguma prejudicar o trabalhador\u201d, disse, ap\u00f3s o rep\u00f3rter de vitrine online dizer que algumas pessoas estavam preocupadas em perder o emprego, por falta de \u00f4nibus, sobretudo no per\u00edodo da manh\u00e3.<\/strong><\/p>\n\n\n\n<p><strong>NOTIFICA\u00c7\u00c3O<\/strong><\/p>\n\n\n\n<p><strong>No in\u00edcio desta semana, a Prefeitura havia encaminhado uma notifica\u00e7\u00e3o para a Via\u00e7\u00e3o Raposo Tavares dando um prazo at\u00e9 quinta-feira, a fim de que regularizasse a oferta de ve\u00edculos no munic\u00edpio.<\/strong><\/p>\n\n\n\n<p><strong>Mas, a empresa disse que j\u00e1 havia tomado essa provid\u00eancia, depois que notou aumento da demanda, porque mant\u00e9m um sistema de monitoramento<\/strong> operacional.<\/p>\n\n\n\n<p>PER\u00cdODO DE F\u00c9RIAS<\/p>\n\n\n\n<p>Como se sabe, habitualmente a empresa de \u00f4nibus reduz o n\u00famero de carros em circula\u00e7\u00e3o durante o per\u00edodo de f\u00e9rias escolares, partindo do princ\u00edpio de que a demanda de passageiros cai. Esse procedimento visa impedir que haja preju\u00edzo em suas opera\u00e7\u00f5es.<\/p>\n","protected":false},"excerpt":{"rendered":"<p>Na manh\u00e3 de hoje (12), conforme vitrine online antecipou ontem, representantes da dire\u00e7\u00e3o da Via\u00e7\u00e3o Raposo Tavares \u2013 se reuniram<\/p>\n","protected":false},"author":1,"featured_media":30463,"comment_status":"open","ping_status":"open","sticky":false,"template":"","format":"standard","meta":[],"categories":[3],"tags":[],"yoast_head":"<!-- This site is optimized with the Yoast SEO plugin v15.8 - https:\/\/yoast.com\/wordpress\/plugins\/seo\/ -->\n<title>IBI\u00daNA \u2013 VIA\u00c7\u00c3O RAPOSO TAVARES DIZ QUE AUMENTOU A OFERTA DE \u00d4NIBUS NA 4\u00aaFEIRA - Revista Vitrine Online<\/title>\n<meta name=\"robots\" content=\"index, follow, max-snippet:-1, max-image-preview:large, max-video-preview:-1\" \/>\n<link rel=\"canonical\" href=\"http:\/\/revistavitrineibiuna.com.br\/?p=30462\" \/>\n<meta property=\"og:locale\" content=\"pt_BR\" \/>\n<meta property=\"og:type\" content=\"article\" \/>\n<meta property=\"og:title\" content=\"IBI\u00daNA \u2013 VIA\u00c7\u00c3O RAPOSO TAVARES DIZ QUE AUMENTOU A OFERTA DE \u00d4NIBUS NA 4\u00aaFEIRA - Revista Vitrine Online\" \/>\n<meta property=\"og:description\" content=\"Na manh\u00e3 de hoje (12), conforme vitrine online antecipou ontem, representantes da dire\u00e7\u00e3o da Via\u00e7\u00e3o Raposo Tavares \u2013 se reuniram\" \/>\n<meta property=\"og:url\" content=\"http:\/\/revistavitrineibiuna.com.br\/?p=30462\" \/>\n<meta property=\"og:site_name\" content=\"Revista Vitrine Online\" \/>\n<meta property=\"article:published_time\" content=\"2024-01-12T20:56:48+00:00\" \/>\n<meta property=\"article:modified_time\" content=\"2024-01-12T22:49:50+00:00\" \/>\n<meta property=\"og:image\" content=\"https:\/\/revistavitrineibiuna.com.br\/wp-content\/uploads\/2024\/01\/Onibus-da-VRT.png\" \/>\n\t<meta property=\"og:image:width\" content=\"638\" \/>\n\t<meta property=\"og:image:height\" content=\"370\" \/>\n<meta name=\"twitter:card\" content=\"summary\" \/>\n<meta name=\"twitter:label1\" content=\"Est. reading time\">\n\t<meta name=\"twitter:data1\" content=\"2 minutos\">\n<script type=\"application\/ld+json\" class=\"yoast-schema-graph\">{\"@context\":\"https:\/\/schema.org\",\"@graph\":[{\"@type\":\"WebSite\",\"@id\":\"https:\/\/revistavitrineibiuna.com.br\/#website\",\"url\":\"https:\/\/revistavitrineibiuna.com.br\/\",\"name\":\"Revista Vitrine Ibi\\u00fana\",\"description\":\"A Revista de Ibi\\u00fana e Regi\\u00e3o\",\"publisher\":{\"@id\":\"https:\/\/revistavitrineibiuna.com.br\/#\/schema\/person\/e51ef49d6d88170ea21ceabff3f73deb\"},\"potentialAction\":[{\"@type\":\"SearchAction\",\"target\":\"https:\/\/revistavitrineibiuna.com.br\/?s={search_term_string}\",\"query-input\":\"required name=search_term_string\"}],\"inLanguage\":\"pt-BR\"},{\"@type\":\"ImageObject\",\"@id\":\"http:\/\/revistavitrineibiuna.com.br\/?p=30462#primaryimage\",\"inLanguage\":\"pt-BR\",\"url\":\"https:\/\/revistavitrineibiuna.com.br\/wp-content\/uploads\/2024\/01\/Onibus-da-VRT.png\",\"width\":638,\"height\":370},{\"@type\":\"WebPage\",\"@id\":\"http:\/\/revistavitrineibiuna.com.br\/?p=30462#webpage\",\"url\":\"http:\/\/revistavitrineibiuna.com.br\/?p=30462\",\"name\":\"IBI\\u00daNA \\u2013 VIA\\u00c7\\u00c3O RAPOSO TAVARES DIZ QUE AUMENTOU A OFERTA DE \\u00d4NIBUS NA 4\\u00aaFEIRA - Revista Vitrine Online\",\"isPartOf\":{\"@id\":\"https:\/\/revistavitrineibiuna.com.br\/#website\"},\"primaryImageOfPage\":{\"@id\":\"http:\/\/revistavitrineibiuna.com.br\/?p=30462#primaryimage\"},\"datePublished\":\"2024-01-12T20:56:48+00:00\",\"dateModified\":\"2024-01-12T22:49:50+00:00\",\"breadcrumb\":{\"@id\":\"http:\/\/revistavitrineibiuna.com.br\/?p=30462#breadcrumb\"},\"inLanguage\":\"pt-BR\",\"potentialAction\":[{\"@type\":\"ReadAction\",\"target\":[\"http:\/\/revistavitrineibiuna.com.br\/?p=30462\"]}]},{\"@type\":\"BreadcrumbList\",\"@id\":\"http:\/\/revistavitrineibiuna.com.br\/?p=30462#breadcrumb\",\"itemListElement\":[{\"@type\":\"ListItem\",\"position\":1,\"item\":{\"@type\":\"WebPage\",\"@id\":\"https:\/\/revistavitrineibiuna.com.br\/\",\"url\":\"https:\/\/revistavitrineibiuna.com.br\/\",\"name\":\"In\\u00edcio\"}},{\"@type\":\"ListItem\",\"position\":2,\"item\":{\"@type\":\"WebPage\",\"@id\":\"http:\/\/revistavitrineibiuna.com.br\/?p=30462\",\"url\":\"http:\/\/revistavitrineibiuna.com.br\/?p=30462\",\"name\":\"IBI\\u00daNA \\u2013 VIA\\u00c7\\u00c3O RAPOSO TAVARES DIZ QUE AUMENTOU A OFERTA DE \\u00d4NIBUS NA 4\\u00aaFEIRA\"}}]},{\"@type\":\"Article\",\"@id\":\"http:\/\/revistavitrineibiuna.com.br\/?p=30462#article\",\"isPartOf\":{\"@id\":\"http:\/\/revistavitrineibiuna.com.br\/?p=30462#webpage\"},\"author\":{\"@id\":\"https:\/\/revistavitrineibiuna.com.br\/#\/schema\/person\/e51ef49d6d88170ea21ceabff3f73deb\"},\"headline\":\"IBI\\u00daNA \\u2013 VIA\\u00c7\\u00c3O RAPOSO TAVARES DIZ QUE AUMENTOU A OFERTA DE \\u00d4NIBUS NA 4\\u00aaFEIRA\",\"datePublished\":\"2024-01-12T20:56:48+00:00\",\"dateModified\":\"2024-01-12T22:49:50+00:00\",\"mainEntityOfPage\":{\"@id\":\"http:\/\/revistavitrineibiuna.com.br\/?p=30462#webpage\"},\"commentCount\":0,\"publisher\":{\"@id\":\"https:\/\/revistavitrineibiuna.com.br\/#\/schema\/person\/e51ef49d6d88170ea21ceabff3f73deb\"},\"image\":{\"@id\":\"http:\/\/revistavitrineibiuna.com.br\/?p=30462#primaryimage\"},\"articleSection\":\"Not\\u00edcias\",\"inLanguage\":\"pt-BR\",\"potentialAction\":[{\"@type\":\"CommentAction\",\"name\":\"Comment\",\"target\":[\"http:\/\/revistavitrineibiuna.com.br\/?p=30462#respond\"]}]},{\"@type\":[\"Person\",\"Organization\"],\"@id\":\"https:\/\/revistavitrineibiuna.com.br\/#\/schema\/person\/e51ef49d6d88170ea21ceabff3f73deb\",\"name\":\"Carlos Rossini\",\"image\":{\"@type\":\"ImageObject\",\"@id\":\"https:\/\/revistavitrineibiuna.com.br\/#personlogo\",\"inLanguage\":\"pt-BR\",\"url\":\"https:\/\/secure.gravatar.com\/avatar\/4f2d0f99fac1f85c7d643f21f5c8d900?s=96&d=mm&r=g\",\"caption\":\"Carlos Rossini\"},\"logo\":{\"@id\":\"https:\/\/revistavitrineibiuna.com.br\/#personlogo\"},\"description\":\"Carlos Rossini \\u00e9 jornalista, soci\\u00f3logo, escritor e professor universit\\u00e1rio, tendo sido professor de jornalismo por vinte anos. Trabalhou em ve\\u00edculos de comunica\\u00e7\\u00e3o nas fun\\u00e7\\u00f5es de rep\\u00f3rter, redator, editor, articulista e colaborador, como Folha de S. Paulo, O Estado de S. Paulo, Di\\u00e1rio Popular, entre outros. Ao transferir a revista vitrine, vers\\u00e3o imprensa, de S\\u00e3o Paulo para Ibi\\u00fana h\\u00e1 alguns anos, iniciou uma nova experi\\u00eancia profissional, dedicando-se ao jornalismo regional, depois de cumprir uma trajet\\u00f3ria bem-sucedida na grande imprensa brasileira. Seu primeiro livro A Coragem de Comunicar foi lan\\u00e7ado na Bienal do Livro em S\\u00e3o Paulo no ano 2000, pela editora Madras.\"}]}<\/script>\n<!-- \/ Yoast SEO plugin. -->","_links":{"self":[{"href":"https:\/\/revistavitrineibiuna.com.br\/index.php?rest_route=\/wp\/v2\/posts\/30462"}],"collection":[{"href":"https:\/\/revistavitrineibiuna.com.br\/index.php?rest_route=\/wp\/v2\/posts"}],"about":[{"href":"https:\/\/revistavitrineibiuna.com.br\/index.php?rest_route=\/wp\/v2\/types\/post"}],"author":[{"embeddable":true,"href":"https:\/\/revistavitrineibiuna.com.br\/index.php?rest_route=\/wp\/v2\/users\/1"}],"replies":[{"embeddable":true,"href":"https:\/\/revistavitrineibiuna.com.br\/index.php?rest_route=%2Fwp%2Fv2%2Fcomments&post=30462"}],"version-history":[{"count":6,"href":"https:\/\/revistavitrineibiuna.com.br\/index.php?rest_route=\/wp\/v2\/posts\/30462\/revisions"}],"predecessor-version":[{"id":30471,"href":"https:\/\/revistavitrineibiuna.com.br\/index.php?rest_route=\/wp\/v2\/posts\/30462\/revisions\/30471"}],"wp:featuredmedia":[{"embeddable":true,"href":"https:\/\/revistavitrineibiuna.com.br\/index.php?rest_route=\/wp\/v2\/media\/30463"}],"wp:attachment":[{"href":"https:\/\/revistavitrineibiuna.com.br\/index.php?rest_route=%2Fwp%2Fv2%2Fmedia&parent=30462"}],"wp:term":[{"taxonomy":"category","embeddable":true,"href":"https:\/\/revistavitrineibiuna.com.br\/index.php?rest_route=%2Fwp%2Fv2%2Fcategories&post=30462"},{"taxonomy":"post_tag","embeddable":true,"href":"https:\/\/revistavitrineibiuna.com.br\/index.php?rest_route=%2Fwp%2Fv2%2Ftags&post=30462"}],"curies":[{"name":"wp","href":"https:\/\/api.w.org\/{rel}","templated":true}]}}