{"id":30472,"date":"2024-01-15T16:42:42","date_gmt":"2024-01-15T19:42:42","guid":{"rendered":"http:\/\/revistavitrineibiuna.com.br\/?p=30472"},"modified":"2024-01-17T14:46:36","modified_gmt":"2024-01-17T17:46:36","slug":"ibiuna-cego-cai-em-buraco-e-fere-a-perna-na-rua-guarani","status":"publish","type":"post","link":"https:\/\/revistavitrineibiuna.com.br\/?p=30472","title":{"rendered":"IBI\u00daNA \u2013 CEGO CAI EM BURACO E FERE A PERNA NA RUA GUARANI"},"content":{"rendered":"\n<p class=\"has-drop-cap\"><strong>O rep\u00f3rter da TVUNA, jornalista Carlos Rossini, estava entrevistando os usu\u00e1rios dos \u00f4nibus na Rua Guarani, para onde foram transferidos os pontos que funcionavam na esta\u00e7\u00e3o rodovi\u00e1ria quando, de repente, viu uma pessoa cair em um buraco na cal\u00e7ada.<\/strong><\/p>\n\n\n\n<p><strong>Logo notou tratar-se de um cego. Crist\u00f3v\u00e3o Dias, outro cego, vinha logo atr\u00e1s dele, ambos com \u00f3culos escuros e bengala. O rep\u00f3rter foi ajudar o que se acidentou. Ele reclamava de dor na perna. Estava preocupado se a cal\u00e7a estava suja. Estava. O jornalista removeu a sujeira e avisou que j\u00e1 tinha limpado.<\/strong><\/p>\n\n\n\n<p><strong>Ademir Vila Carmo, seu nome, assim que p\u00f4de [sem saber que estava diante de um jornalista], disse:<\/strong><\/p>\n\n\n\n<p><strong>\u201cVoc\u00ea sabe se algu\u00e9m que pode filmar a gente aqui nessa situa\u00e7\u00e3o?\u201d<\/strong><\/p>\n\n\n\n<p><strong>\u201cSim. Eu sou jornalista e vou filmar.\u201d [A TVUNA veiculou o v\u00eddeo nas redes sociais]<\/strong><\/p>\n\n\n\n<p><strong>Ambos os cegos estavam se dirigindo para o Posto de Sa\u00fade Central para consulta.<\/strong><\/p>\n\n\n\n<figure class=\"wp-block-image size-large\"><img loading=\"lazy\" width=\"720\" height=\"398\" src=\"https:\/\/revistavitrineibiuna.com.br\/wp-content\/uploads\/2024\/01\/cego-cai-em-buraco-2.png\" alt=\"\" class=\"wp-image-30476\" srcset=\"https:\/\/revistavitrineibiuna.com.br\/wp-content\/uploads\/2024\/01\/cego-cai-em-buraco-2.png 720w, https:\/\/revistavitrineibiuna.com.br\/wp-content\/uploads\/2024\/01\/cego-cai-em-buraco-2-300x166.png 300w\" sizes=\"(max-width: 720px) 100vw, 720px\" \/><figcaption>Ademir e seu amigo Crist\u00f3v\u00e3o Dias: armadilhas no caminho <\/figcaption><\/figure>\n\n\n\n<p><strong>Ademir disse: \u201cEu passo sempre por aqui. Essa cal\u00e7ada est\u00e1 uma porcaria. Tem muitos obst\u00e1culos. Eu ca\u00ed no buraco e quase quebrei a perna.\u201d<\/strong><\/p>\n\n\n\n<p><strong>Ele e seu amigo se queixaram que j\u00e1 pediram provid\u00eancia para a Guarda Civil Municipal, a fim de que n\u00e3o permita que os carros estacionem na cal\u00e7ada. Eles ocupam tamb\u00e9m a cal\u00e7ada que j\u00e1 estreita, e \u201ca gente tem que passar na rua\u201d.<\/strong><\/p>\n\n\n\n<p><strong>J\u00e1 recomposto seguiram adiante enfrentando logo em seguida dois buracos onde o asfalto est\u00e1 desmanchado. Um carro vermelho tamb\u00e9m se colocava como obst\u00e1culo a sua passagem ocupando a cal\u00e7ada.<\/strong><\/p>\n\n\n\n<figure class=\"wp-block-image size-large\"><img loading=\"lazy\" width=\"1024\" height=\"686\" src=\"https:\/\/revistavitrineibiuna.com.br\/wp-content\/uploads\/2024\/01\/cego-cai-no-buraco-3-1024x686.png\" alt=\"\" class=\"wp-image-30478\" srcset=\"https:\/\/revistavitrineibiuna.com.br\/wp-content\/uploads\/2024\/01\/cego-cai-no-buraco-3-1024x686.png 1024w, https:\/\/revistavitrineibiuna.com.br\/wp-content\/uploads\/2024\/01\/cego-cai-no-buraco-3-300x201.png 300w, https:\/\/revistavitrineibiuna.com.br\/wp-content\/uploads\/2024\/01\/cego-cai-no-buraco-3-768x515.png 768w, https:\/\/revistavitrineibiuna.com.br\/wp-content\/uploads\/2024\/01\/cego-cai-no-buraco-3-1536x1029.png 1536w, https:\/\/revistavitrineibiuna.com.br\/wp-content\/uploads\/2024\/01\/cego-cai-no-buraco-3.png 1598w\" sizes=\"(max-width: 1024px) 100vw, 1024px\" \/><figcaption>Poucos passos depois da queda no buraco: mais obst\u00e1culos a serem enfrentados a caminho do Posto de Sa\u00fade<\/figcaption><\/figure>\n\n\n\n<p><strong>A TVUNA e vitrine online esperam que o prefeito de Ibi\u00fana tome provid\u00eancias urgentes, a fim de se evitarem outros acidentes dessa natureza, sobretudo considerando que por ali passam pessoas com defici\u00eancia visual, cadeirantes e pessoas idosas.<\/strong><\/p>\n\n\n\n<p><strong>Ademir lembrou que tamb\u00e9m corre riscos quando transita pelas estreitas cal\u00e7adas da Avenida Fortunatinho, onde funciona a Secretaria Municipal dos Direitos das Pessoas com Defici\u00eancia, igualmente h\u00e1 buracos e tampas de bueiros quebradas.<\/strong><\/p>\n","protected":false},"excerpt":{"rendered":"<p>O rep\u00f3rter da TVUNA, jornalista Carlos Rossini, estava entrevistando os usu\u00e1rios dos \u00f4nibus na Rua Guarani, para onde foram transferidos<\/p>\n","protected":false},"author":1,"featured_media":30473,"comment_status":"open","ping_status":"open","sticky":false,"template":"","format":"standard","meta":[],"categories":[3],"tags":[],"yoast_head":"<!-- This site is optimized with the Yoast SEO plugin v15.8 - https:\/\/yoast.com\/wordpress\/plugins\/seo\/ -->\n<title>IBI\u00daNA \u2013 CEGO CAI EM BURACO E FERE A PERNA NA RUA GUARANI - Revista Vitrine Online<\/title>\n<meta name=\"robots\" content=\"index, follow, max-snippet:-1, max-image-preview:large, max-video-preview:-1\" \/>\n<link rel=\"canonical\" href=\"http:\/\/revistavitrineibiuna.com.br\/?p=30472\" \/>\n<meta property=\"og:locale\" content=\"pt_BR\" \/>\n<meta property=\"og:type\" content=\"article\" \/>\n<meta property=\"og:title\" content=\"IBI\u00daNA \u2013 CEGO CAI EM BURACO E FERE A PERNA NA RUA GUARANI - Revista Vitrine Online\" \/>\n<meta property=\"og:description\" content=\"O rep\u00f3rter da TVUNA, jornalista Carlos Rossini, estava entrevistando os usu\u00e1rios dos \u00f4nibus na Rua Guarani, para onde foram transferidos\" \/>\n<meta property=\"og:url\" content=\"http:\/\/revistavitrineibiuna.com.br\/?p=30472\" \/>\n<meta property=\"og:site_name\" content=\"Revista Vitrine Online\" \/>\n<meta property=\"article:published_time\" content=\"2024-01-15T19:42:42+00:00\" \/>\n<meta property=\"article:modified_time\" content=\"2024-01-17T17:46:36+00:00\" \/>\n<meta property=\"og:image\" content=\"https:\/\/revistavitrineibiuna.com.br\/wp-content\/uploads\/2024\/01\/cego-cai-em-buraco-1.png\" \/>\n\t<meta property=\"og:image:width\" content=\"718\" \/>\n\t<meta property=\"og:image:height\" content=\"407\" \/>\n<meta name=\"twitter:card\" content=\"summary\" \/>\n<meta name=\"twitter:label1\" content=\"Est. reading time\">\n\t<meta name=\"twitter:data1\" content=\"2 minutos\">\n<script type=\"application\/ld+json\" class=\"yoast-schema-graph\">{\"@context\":\"https:\/\/schema.org\",\"@graph\":[{\"@type\":\"WebSite\",\"@id\":\"https:\/\/revistavitrineibiuna.com.br\/#website\",\"url\":\"https:\/\/revistavitrineibiuna.com.br\/\",\"name\":\"Revista Vitrine Ibi\\u00fana\",\"description\":\"A Revista de Ibi\\u00fana e Regi\\u00e3o\",\"publisher\":{\"@id\":\"https:\/\/revistavitrineibiuna.com.br\/#\/schema\/person\/e51ef49d6d88170ea21ceabff3f73deb\"},\"potentialAction\":[{\"@type\":\"SearchAction\",\"target\":\"https:\/\/revistavitrineibiuna.com.br\/?s={search_term_string}\",\"query-input\":\"required name=search_term_string\"}],\"inLanguage\":\"pt-BR\"},{\"@type\":\"ImageObject\",\"@id\":\"http:\/\/revistavitrineibiuna.com.br\/?p=30472#primaryimage\",\"inLanguage\":\"pt-BR\",\"url\":\"https:\/\/revistavitrineibiuna.com.br\/wp-content\/uploads\/2024\/01\/cego-cai-em-buraco-1.png\",\"width\":718,\"height\":407},{\"@type\":\"WebPage\",\"@id\":\"http:\/\/revistavitrineibiuna.com.br\/?p=30472#webpage\",\"url\":\"http:\/\/revistavitrineibiuna.com.br\/?p=30472\",\"name\":\"IBI\\u00daNA \\u2013 CEGO CAI EM BURACO E FERE A PERNA NA RUA GUARANI - Revista Vitrine Online\",\"isPartOf\":{\"@id\":\"https:\/\/revistavitrineibiuna.com.br\/#website\"},\"primaryImageOfPage\":{\"@id\":\"http:\/\/revistavitrineibiuna.com.br\/?p=30472#primaryimage\"},\"datePublished\":\"2024-01-15T19:42:42+00:00\",\"dateModified\":\"2024-01-17T17:46:36+00:00\",\"breadcrumb\":{\"@id\":\"http:\/\/revistavitrineibiuna.com.br\/?p=30472#breadcrumb\"},\"inLanguage\":\"pt-BR\",\"potentialAction\":[{\"@type\":\"ReadAction\",\"target\":[\"http:\/\/revistavitrineibiuna.com.br\/?p=30472\"]}]},{\"@type\":\"BreadcrumbList\",\"@id\":\"http:\/\/revistavitrineibiuna.com.br\/?p=30472#breadcrumb\",\"itemListElement\":[{\"@type\":\"ListItem\",\"position\":1,\"item\":{\"@type\":\"WebPage\",\"@id\":\"https:\/\/revistavitrineibiuna.com.br\/\",\"url\":\"https:\/\/revistavitrineibiuna.com.br\/\",\"name\":\"In\\u00edcio\"}},{\"@type\":\"ListItem\",\"position\":2,\"item\":{\"@type\":\"WebPage\",\"@id\":\"http:\/\/revistavitrineibiuna.com.br\/?p=30472\",\"url\":\"http:\/\/revistavitrineibiuna.com.br\/?p=30472\",\"name\":\"IBI\\u00daNA \\u2013 CEGO CAI EM BURACO E FERE A PERNA NA RUA GUARANI\"}}]},{\"@type\":\"Article\",\"@id\":\"http:\/\/revistavitrineibiuna.com.br\/?p=30472#article\",\"isPartOf\":{\"@id\":\"http:\/\/revistavitrineibiuna.com.br\/?p=30472#webpage\"},\"author\":{\"@id\":\"https:\/\/revistavitrineibiuna.com.br\/#\/schema\/person\/e51ef49d6d88170ea21ceabff3f73deb\"},\"headline\":\"IBI\\u00daNA \\u2013 CEGO CAI EM BURACO E FERE A PERNA NA RUA GUARANI\",\"datePublished\":\"2024-01-15T19:42:42+00:00\",\"dateModified\":\"2024-01-17T17:46:36+00:00\",\"mainEntityOfPage\":{\"@id\":\"http:\/\/revistavitrineibiuna.com.br\/?p=30472#webpage\"},\"commentCount\":0,\"publisher\":{\"@id\":\"https:\/\/revistavitrineibiuna.com.br\/#\/schema\/person\/e51ef49d6d88170ea21ceabff3f73deb\"},\"image\":{\"@id\":\"http:\/\/revistavitrineibiuna.com.br\/?p=30472#primaryimage\"},\"articleSection\":\"Not\\u00edcias\",\"inLanguage\":\"pt-BR\",\"potentialAction\":[{\"@type\":\"CommentAction\",\"name\":\"Comment\",\"target\":[\"http:\/\/revistavitrineibiuna.com.br\/?p=30472#respond\"]}]},{\"@type\":[\"Person\",\"Organization\"],\"@id\":\"https:\/\/revistavitrineibiuna.com.br\/#\/schema\/person\/e51ef49d6d88170ea21ceabff3f73deb\",\"name\":\"Carlos Rossini\",\"image\":{\"@type\":\"ImageObject\",\"@id\":\"https:\/\/revistavitrineibiuna.com.br\/#personlogo\",\"inLanguage\":\"pt-BR\",\"url\":\"https:\/\/secure.gravatar.com\/avatar\/4f2d0f99fac1f85c7d643f21f5c8d900?s=96&d=mm&r=g\",\"caption\":\"Carlos Rossini\"},\"logo\":{\"@id\":\"https:\/\/revistavitrineibiuna.com.br\/#personlogo\"},\"description\":\"Carlos Rossini \\u00e9 jornalista, soci\\u00f3logo, escritor e professor universit\\u00e1rio, tendo sido professor de jornalismo por vinte anos. Trabalhou em ve\\u00edculos de comunica\\u00e7\\u00e3o nas fun\\u00e7\\u00f5es de rep\\u00f3rter, redator, editor, articulista e colaborador, como Folha de S. Paulo, O Estado de S. Paulo, Di\\u00e1rio Popular, entre outros. Ao transferir a revista vitrine, vers\\u00e3o imprensa, de S\\u00e3o Paulo para Ibi\\u00fana h\\u00e1 alguns anos, iniciou uma nova experi\\u00eancia profissional, dedicando-se ao jornalismo regional, depois de cumprir uma trajet\\u00f3ria bem-sucedida na grande imprensa brasileira. Seu primeiro livro A Coragem de Comunicar foi lan\\u00e7ado na Bienal do Livro em S\\u00e3o Paulo no ano 2000, pela editora Madras.\"}]}<\/script>\n<!-- \/ Yoast SEO plugin. -->","_links":{"self":[{"href":"https:\/\/revistavitrineibiuna.com.br\/index.php?rest_route=\/wp\/v2\/posts\/30472"}],"collection":[{"href":"https:\/\/revistavitrineibiuna.com.br\/index.php?rest_route=\/wp\/v2\/posts"}],"about":[{"href":"https:\/\/revistavitrineibiuna.com.br\/index.php?rest_route=\/wp\/v2\/types\/post"}],"author":[{"embeddable":true,"href":"https:\/\/revistavitrineibiuna.com.br\/index.php?rest_route=\/wp\/v2\/users\/1"}],"replies":[{"embeddable":true,"href":"https:\/\/revistavitrineibiuna.com.br\/index.php?rest_route=%2Fwp%2Fv2%2Fcomments&post=30472"}],"version-history":[{"count":18,"href":"https:\/\/revistavitrineibiuna.com.br\/index.php?rest_route=\/wp\/v2\/posts\/30472\/revisions"}],"predecessor-version":[{"id":30509,"href":"https:\/\/revistavitrineibiuna.com.br\/index.php?rest_route=\/wp\/v2\/posts\/30472\/revisions\/30509"}],"wp:featuredmedia":[{"embeddable":true,"href":"https:\/\/revistavitrineibiuna.com.br\/index.php?rest_route=\/wp\/v2\/media\/30473"}],"wp:attachment":[{"href":"https:\/\/revistavitrineibiuna.com.br\/index.php?rest_route=%2Fwp%2Fv2%2Fmedia&parent=30472"}],"wp:term":[{"taxonomy":"category","embeddable":true,"href":"https:\/\/revistavitrineibiuna.com.br\/index.php?rest_route=%2Fwp%2Fv2%2Fcategories&post=30472"},{"taxonomy":"post_tag","embeddable":true,"href":"https:\/\/revistavitrineibiuna.com.br\/index.php?rest_route=%2Fwp%2Fv2%2Ftags&post=30472"}],"curies":[{"name":"wp","href":"https:\/\/api.w.org\/{rel}","templated":true}]}}