{"id":30498,"date":"2024-01-15T21:21:32","date_gmt":"2024-01-16T00:21:32","guid":{"rendered":"http:\/\/revistavitrineibiuna.com.br\/?p=30498"},"modified":"2024-01-15T21:21:33","modified_gmt":"2024-01-16T00:21:33","slug":"mas-que-cidade-e-esta","status":"publish","type":"post","link":"https:\/\/revistavitrineibiuna.com.br\/?p=30498","title":{"rendered":"MAS, QUE CIDADE \u00c9 ESTA?"},"content":{"rendered":"\n<p class=\"has-drop-cap\"><strong>Confesso que, t\u00e3o logo conclui a grava\u00e7\u00e3o com o Ademir, o cego que na manh\u00e3 de hoje (15) caiu em um buraco na cal\u00e7ada da Rua Guarani, no centro de Ibi\u00fana, n\u00e3o consegui conter um palavr\u00e3o. At\u00e9 cheguei a pensar que teria ficado gravado, mas n\u00e3o, felizmente.<\/strong><\/p>\n\n\n\n<p><strong>Afinal, Ademir sentia dor na perna e achava at\u00e9 mesmo que ela havia se quebrado.<\/strong><\/p>\n\n\n\n<p><strong>Segui andando constrangido com tanta falta de respeito com os cidad\u00e3os portadores de defici\u00eancia.<\/strong><\/p>\n\n\n\n<p><strong>Anotei um fato ir\u00f4nico, ele havia reclamado que havia buracos e tampas de bueiros quebradas na Avenida Fortunatinho por onde teria que passar. Ali fica o gabinete da Secretaria Municipal dos Direitos da Pessoa com Defici\u00eancia.<\/strong><\/p>\n\n\n\n<p><strong>Uma leitora chegou a dizer que foi Deus que colocou o rep\u00f3rter ali no momento do acidente. Curioso \u00e9 que pensei a mesma coisa, sen\u00e3o esse triste fato jamais seria de conhecimento p\u00fablico. A TVUNA publicou o v\u00eddeo e a revista eletr\u00f4nica vitrine online, a not\u00edcia com tr\u00eas fotos.<\/strong><\/p>\n\n\n\n<p><strong>A repercuss\u00e3o est\u00e1 sendo estrondosa e a melhor parte \u00e9 que a indigna\u00e7\u00e3o popular chegue at\u00e9 as autoridades da administra\u00e7\u00e3o p\u00fablica ibiunense e que eles tomem as provid\u00eancias para que tais fatos n\u00e3o se repitam, ao menos no lugar onde o fato se deu.<\/strong><\/p>\n\n\n\n<p><strong>Na profus\u00e3o de coment\u00e1rios, uma leitora perguntou: \u201cAt\u00e9 quando vai ser essa situa\u00e7\u00e3o perigosa? O que mais precisa acontecer para tomarem as provid\u00eancias?\u201d Ela defendeu que se instale na cal\u00e7ada piso t\u00e1til que permita aos deficientes visuais andarem com seguran\u00e7a, e n\u00e3o buracos trai\u00e7oeiros.<\/strong><\/p>\n\n\n\n<p><strong>A esposa do Ademir fez duas confiss\u00f5es comoventes: \u201cAdemir \u00e9 meu marido, infelizmente tem que passar por essa situa\u00e7\u00e3o.\u201d N\u00e3o teria, n\u00e3o, se as autoridades respeitassem os cidad\u00e3os.<\/strong><\/p>\n\n\n\n<p><strong>\u201cToda vez que ele quer sair sozinho fico muito preocupada, com medo desses acidentes. Mas, infelizmente, muitas vezes n\u00e3o posso acompanh\u00e1-lo e ele precisa enfrentar tudo isso sozinho. Obrigada jornalista Carlos Rossini.\u201d<\/strong><\/p>\n\n\n\n<p><strong>Da nossa parte falta dizer que essa situa\u00e7\u00e3o \u00e9 vergonhosa e que as autoridades deveriam fazer de tudo para honrar a confian\u00e7a que lhes foi atribu\u00edda pelos votos da popula\u00e7\u00e3o que, certamente, esperava que eles cumprissem as promessas feitas durante a campanha eleitoral. (C.R.)<\/strong><\/p>\n","protected":false},"excerpt":{"rendered":"<p>Confesso que, t\u00e3o logo conclui a grava\u00e7\u00e3o com o Ademir, o cego que na manh\u00e3 de hoje (15) caiu em<\/p>\n","protected":false},"author":1,"featured_media":30499,"comment_status":"open","ping_status":"open","sticky":false,"template":"","format":"standard","meta":[],"categories":[3],"tags":[],"yoast_head":"<!-- This site is optimized with the Yoast SEO plugin v15.8 - https:\/\/yoast.com\/wordpress\/plugins\/seo\/ -->\n<title>MAS, QUE CIDADE \u00c9 ESTA? - Revista Vitrine Online<\/title>\n<meta name=\"robots\" content=\"index, follow, max-snippet:-1, max-image-preview:large, max-video-preview:-1\" \/>\n<link rel=\"canonical\" href=\"http:\/\/revistavitrineibiuna.com.br\/?p=30498\" \/>\n<meta property=\"og:locale\" content=\"pt_BR\" \/>\n<meta property=\"og:type\" content=\"article\" \/>\n<meta property=\"og:title\" content=\"MAS, QUE CIDADE \u00c9 ESTA? - Revista Vitrine Online\" \/>\n<meta property=\"og:description\" content=\"Confesso que, t\u00e3o logo conclui a grava\u00e7\u00e3o com o Ademir, o cego que na manh\u00e3 de hoje (15) caiu em\" \/>\n<meta property=\"og:url\" content=\"http:\/\/revistavitrineibiuna.com.br\/?p=30498\" \/>\n<meta property=\"og:site_name\" content=\"Revista Vitrine Online\" \/>\n<meta property=\"article:published_time\" content=\"2024-01-16T00:21:32+00:00\" \/>\n<meta property=\"article:modified_time\" content=\"2024-01-16T00:21:33+00:00\" \/>\n<meta property=\"og:image\" content=\"https:\/\/revistavitrineibiuna.com.br\/wp-content\/uploads\/2024\/01\/ademir-caiu-num-buraco.png\" \/>\n\t<meta property=\"og:image:width\" content=\"716\" \/>\n\t<meta property=\"og:image:height\" content=\"405\" \/>\n<meta name=\"twitter:card\" content=\"summary\" \/>\n<meta name=\"twitter:label1\" content=\"Est. reading time\">\n\t<meta name=\"twitter:data1\" content=\"2 minutos\">\n<script type=\"application\/ld+json\" class=\"yoast-schema-graph\">{\"@context\":\"https:\/\/schema.org\",\"@graph\":[{\"@type\":\"WebSite\",\"@id\":\"https:\/\/revistavitrineibiuna.com.br\/#website\",\"url\":\"https:\/\/revistavitrineibiuna.com.br\/\",\"name\":\"Revista Vitrine Ibi\\u00fana\",\"description\":\"A Revista de Ibi\\u00fana e Regi\\u00e3o\",\"publisher\":{\"@id\":\"https:\/\/revistavitrineibiuna.com.br\/#\/schema\/person\/e51ef49d6d88170ea21ceabff3f73deb\"},\"potentialAction\":[{\"@type\":\"SearchAction\",\"target\":\"https:\/\/revistavitrineibiuna.com.br\/?s={search_term_string}\",\"query-input\":\"required name=search_term_string\"}],\"inLanguage\":\"pt-BR\"},{\"@type\":\"ImageObject\",\"@id\":\"http:\/\/revistavitrineibiuna.com.br\/?p=30498#primaryimage\",\"inLanguage\":\"pt-BR\",\"url\":\"https:\/\/revistavitrineibiuna.com.br\/wp-content\/uploads\/2024\/01\/ademir-caiu-num-buraco.png\",\"width\":716,\"height\":405},{\"@type\":\"WebPage\",\"@id\":\"http:\/\/revistavitrineibiuna.com.br\/?p=30498#webpage\",\"url\":\"http:\/\/revistavitrineibiuna.com.br\/?p=30498\",\"name\":\"MAS, QUE CIDADE \\u00c9 ESTA? - Revista Vitrine Online\",\"isPartOf\":{\"@id\":\"https:\/\/revistavitrineibiuna.com.br\/#website\"},\"primaryImageOfPage\":{\"@id\":\"http:\/\/revistavitrineibiuna.com.br\/?p=30498#primaryimage\"},\"datePublished\":\"2024-01-16T00:21:32+00:00\",\"dateModified\":\"2024-01-16T00:21:33+00:00\",\"breadcrumb\":{\"@id\":\"http:\/\/revistavitrineibiuna.com.br\/?p=30498#breadcrumb\"},\"inLanguage\":\"pt-BR\",\"potentialAction\":[{\"@type\":\"ReadAction\",\"target\":[\"http:\/\/revistavitrineibiuna.com.br\/?p=30498\"]}]},{\"@type\":\"BreadcrumbList\",\"@id\":\"http:\/\/revistavitrineibiuna.com.br\/?p=30498#breadcrumb\",\"itemListElement\":[{\"@type\":\"ListItem\",\"position\":1,\"item\":{\"@type\":\"WebPage\",\"@id\":\"https:\/\/revistavitrineibiuna.com.br\/\",\"url\":\"https:\/\/revistavitrineibiuna.com.br\/\",\"name\":\"In\\u00edcio\"}},{\"@type\":\"ListItem\",\"position\":2,\"item\":{\"@type\":\"WebPage\",\"@id\":\"http:\/\/revistavitrineibiuna.com.br\/?p=30498\",\"url\":\"http:\/\/revistavitrineibiuna.com.br\/?p=30498\",\"name\":\"MAS, QUE CIDADE \\u00c9 ESTA?\"}}]},{\"@type\":\"Article\",\"@id\":\"http:\/\/revistavitrineibiuna.com.br\/?p=30498#article\",\"isPartOf\":{\"@id\":\"http:\/\/revistavitrineibiuna.com.br\/?p=30498#webpage\"},\"author\":{\"@id\":\"https:\/\/revistavitrineibiuna.com.br\/#\/schema\/person\/e51ef49d6d88170ea21ceabff3f73deb\"},\"headline\":\"MAS, QUE CIDADE \\u00c9 ESTA?\",\"datePublished\":\"2024-01-16T00:21:32+00:00\",\"dateModified\":\"2024-01-16T00:21:33+00:00\",\"mainEntityOfPage\":{\"@id\":\"http:\/\/revistavitrineibiuna.com.br\/?p=30498#webpage\"},\"commentCount\":0,\"publisher\":{\"@id\":\"https:\/\/revistavitrineibiuna.com.br\/#\/schema\/person\/e51ef49d6d88170ea21ceabff3f73deb\"},\"image\":{\"@id\":\"http:\/\/revistavitrineibiuna.com.br\/?p=30498#primaryimage\"},\"articleSection\":\"Not\\u00edcias\",\"inLanguage\":\"pt-BR\",\"potentialAction\":[{\"@type\":\"CommentAction\",\"name\":\"Comment\",\"target\":[\"http:\/\/revistavitrineibiuna.com.br\/?p=30498#respond\"]}]},{\"@type\":[\"Person\",\"Organization\"],\"@id\":\"https:\/\/revistavitrineibiuna.com.br\/#\/schema\/person\/e51ef49d6d88170ea21ceabff3f73deb\",\"name\":\"Carlos Rossini\",\"image\":{\"@type\":\"ImageObject\",\"@id\":\"https:\/\/revistavitrineibiuna.com.br\/#personlogo\",\"inLanguage\":\"pt-BR\",\"url\":\"https:\/\/secure.gravatar.com\/avatar\/4f2d0f99fac1f85c7d643f21f5c8d900?s=96&d=mm&r=g\",\"caption\":\"Carlos Rossini\"},\"logo\":{\"@id\":\"https:\/\/revistavitrineibiuna.com.br\/#personlogo\"},\"description\":\"Carlos Rossini \\u00e9 jornalista, soci\\u00f3logo, escritor e professor universit\\u00e1rio, tendo sido professor de jornalismo por vinte anos. Trabalhou em ve\\u00edculos de comunica\\u00e7\\u00e3o nas fun\\u00e7\\u00f5es de rep\\u00f3rter, redator, editor, articulista e colaborador, como Folha de S. Paulo, O Estado de S. Paulo, Di\\u00e1rio Popular, entre outros. Ao transferir a revista vitrine, vers\\u00e3o imprensa, de S\\u00e3o Paulo para Ibi\\u00fana h\\u00e1 alguns anos, iniciou uma nova experi\\u00eancia profissional, dedicando-se ao jornalismo regional, depois de cumprir uma trajet\\u00f3ria bem-sucedida na grande imprensa brasileira. Seu primeiro livro A Coragem de Comunicar foi lan\\u00e7ado na Bienal do Livro em S\\u00e3o Paulo no ano 2000, pela editora Madras.\"}]}<\/script>\n<!-- \/ Yoast SEO plugin. -->","_links":{"self":[{"href":"https:\/\/revistavitrineibiuna.com.br\/index.php?rest_route=\/wp\/v2\/posts\/30498"}],"collection":[{"href":"https:\/\/revistavitrineibiuna.com.br\/index.php?rest_route=\/wp\/v2\/posts"}],"about":[{"href":"https:\/\/revistavitrineibiuna.com.br\/index.php?rest_route=\/wp\/v2\/types\/post"}],"author":[{"embeddable":true,"href":"https:\/\/revistavitrineibiuna.com.br\/index.php?rest_route=\/wp\/v2\/users\/1"}],"replies":[{"embeddable":true,"href":"https:\/\/revistavitrineibiuna.com.br\/index.php?rest_route=%2Fwp%2Fv2%2Fcomments&post=30498"}],"version-history":[{"count":1,"href":"https:\/\/revistavitrineibiuna.com.br\/index.php?rest_route=\/wp\/v2\/posts\/30498\/revisions"}],"predecessor-version":[{"id":30500,"href":"https:\/\/revistavitrineibiuna.com.br\/index.php?rest_route=\/wp\/v2\/posts\/30498\/revisions\/30500"}],"wp:featuredmedia":[{"embeddable":true,"href":"https:\/\/revistavitrineibiuna.com.br\/index.php?rest_route=\/wp\/v2\/media\/30499"}],"wp:attachment":[{"href":"https:\/\/revistavitrineibiuna.com.br\/index.php?rest_route=%2Fwp%2Fv2%2Fmedia&parent=30498"}],"wp:term":[{"taxonomy":"category","embeddable":true,"href":"https:\/\/revistavitrineibiuna.com.br\/index.php?rest_route=%2Fwp%2Fv2%2Fcategories&post=30498"},{"taxonomy":"post_tag","embeddable":true,"href":"https:\/\/revistavitrineibiuna.com.br\/index.php?rest_route=%2Fwp%2Fv2%2Ftags&post=30498"}],"curies":[{"name":"wp","href":"https:\/\/api.w.org\/{rel}","templated":true}]}}