{"id":30501,"date":"2024-01-16T12:03:25","date_gmt":"2024-01-16T15:03:25","guid":{"rendered":"http:\/\/revistavitrineibiuna.com.br\/?p=30501"},"modified":"2024-01-16T12:04:59","modified_gmt":"2024-01-16T15:04:59","slug":"ibiuna-precisa-de-um-lider-politico-carismatico","status":"publish","type":"post","link":"https:\/\/revistavitrineibiuna.com.br\/?p=30501","title":{"rendered":"IBI\u00daNA PRECISA DE UM L\u00cdDER POL\u00cdTICO CARISM\u00c1TICO"},"content":{"rendered":"\n<p class=\"has-drop-cap\"><strong>Cresce no cora\u00e7\u00e3o do povo ibiunense um latente desejo de mudan\u00e7a pol\u00edtica, por n\u00e3o suportar mais o mesmo, ran\u00e7oso e repetitivo h\u00e1bito de fazer pol\u00edtica pensando em tirar proveito pr\u00f3prio, em vez atender aos interesses e necessidades da coletividade.<\/strong><\/p>\n\n\n\n<p><strong>Est\u00e3o cansados de hipocrisias, mentiras e das famigeradas compras de votos por ninharias, cestas b\u00e1sicas, materiais de constru\u00e7\u00e3o, promessa de emprego futuro. Parecem estar mais espertos e compreender que o pre\u00e7o que pagam por essa venalidade \u00e9 alto de mais e dura quatro anos de sua vida, quando n\u00e3o mais.<\/strong><\/p>\n\n\n\n<p><strong>Ainda hoje, conversando com um importante empres\u00e1rio, ele me perguntou se h\u00e1 algum candidato a prefeito que mere\u00e7a aten\u00e7\u00e3o e voto. N\u00e3o soube responder, apenas disse que at\u00e9 o momento despontaram seis pr\u00e9-candidatos a esse cargo, incluindo a ambi\u00e7\u00e3o do atual chefe do Executivo de pugnar pela reelei\u00e7\u00e3o, em nosso entender imerecida.<\/strong><\/p>\n\n\n\n<p><strong>Ontem, de modo semelhante, me perguntaram quem poderia ter mais chances eleitorais, no contexto de nossa cultura local. Com a ressalva de descontar a corrup\u00e7\u00e3o pol\u00edtica de compra de votos, em dinheiro ou em bens materiais, fui categ\u00f3rico: se aparecer um l\u00edder carism\u00e1tico, esse ter\u00e1 grande possibilidade contra a m\u00e1quina administrativa atual.<\/strong><\/p>\n\n\n\n<p><strong>Carism\u00e1tico \u00e9 aquele cara que possui a capacidade de atrair, inspirar e influenciar as pessoas ao seu redor: ou seja, os eleitores em seus ambientes naturais, sobretudo nas dezenas de bairros rurais que concentram mais de 60% dos votos.<\/strong><\/p>\n\n\n\n<p><strong>\u00c9 o cara que conquista pessoas com seu jeito de ser e ter\u00e1 que contar sobretudo consigo mesmo, sua intui\u00e7\u00e3o e capacidade de descobrir desejos e interesses ocultos nas pessoas, e transformar suas descobertas em discursos positivos.<\/strong><\/p>\n\n\n\n<p><strong>Estamos falando do potencial de l\u00edderes carism\u00e1ticos que s\u00e3o vistos como agentes de mudan\u00e7a, sempre trazendo novas perspectivas para as discuss\u00f5es e problemas entranhados na mente do povo.<\/strong><\/p>\n\n\n\n<p><strong>Outras de suas caracter\u00edsticas: eles s\u00e3o proativos, identificam as quest\u00f5es que necessitam de melhora e trabalham [deixam claro isso] para que as solu\u00e7\u00f5es aconte\u00e7am.<\/strong><\/p>\n\n\n\n<p><strong>Saber isso \u00e9 mais f\u00e1cil do que fazer na pr\u00e1tica, isto porque todos os pr\u00e9-candidatos est\u00e3o imersos na redoma, uma esp\u00e9cie de pris\u00e3o cultural que limita sua vis\u00e3o e, em conseq\u00fc\u00eancia, sua capacidade de se libertar dos estigmas pol\u00edticos, num ambiente em que imperam a desconfian\u00e7a, a m\u00e1-f\u00e9, o jogo sujo nos bastidores, os compromissos feitos com patrocinadores de campanhas que sempre cobram o dobro pelo \u201cservi\u00e7o\u201d.<\/strong><\/p>\n\n\n\n<p><strong>Bem, como parece ser preciso adotar a ideia de que nem tudo est\u00e1 perdido, ficamos com a esperan\u00e7a de que possa estar em germina\u00e7\u00e3o um l\u00edder pol\u00edtico carism\u00e1tico. Um sujeito capaz de agir com autonomia sem tutela e que seja portador de bom car\u00e1ter, ou seja: um indiv\u00edduo de boa forma\u00e7\u00e3o moral, de boa \u00edndole, que possua for\u00e7a de vontade, princ\u00edpios firmes e que saiba lidar tanto nas situa\u00e7\u00f5es comuns como nas dif\u00edceis.<\/strong><\/p>\n\n\n\n<p><strong>E que assim seja. Ibi\u00fana est\u00e1 a merecer dias melhores h\u00e1 d\u00e9cadas, que parecem uma eternidade. (C.R.)<\/strong><\/p>\n","protected":false},"excerpt":{"rendered":"<p>Cresce no cora\u00e7\u00e3o do povo ibiunense um latente desejo de mudan\u00e7a pol\u00edtica, por n\u00e3o suportar mais o mesmo, ran\u00e7oso e<\/p>\n","protected":false},"author":1,"featured_media":30502,"comment_status":"open","ping_status":"open","sticky":false,"template":"","format":"standard","meta":[],"categories":[3],"tags":[],"yoast_head":"<!-- This site is optimized with the Yoast SEO plugin v15.8 - https:\/\/yoast.com\/wordpress\/plugins\/seo\/ -->\n<title>IBI\u00daNA PRECISA DE UM L\u00cdDER POL\u00cdTICO CARISM\u00c1TICO - Revista Vitrine Online<\/title>\n<meta name=\"robots\" content=\"index, follow, max-snippet:-1, max-image-preview:large, max-video-preview:-1\" \/>\n<link rel=\"canonical\" href=\"http:\/\/revistavitrineibiuna.com.br\/?p=30501\" \/>\n<meta property=\"og:locale\" content=\"pt_BR\" \/>\n<meta property=\"og:type\" content=\"article\" \/>\n<meta property=\"og:title\" content=\"IBI\u00daNA PRECISA DE UM L\u00cdDER POL\u00cdTICO CARISM\u00c1TICO - Revista Vitrine Online\" \/>\n<meta property=\"og:description\" content=\"Cresce no cora\u00e7\u00e3o do povo ibiunense um latente desejo de mudan\u00e7a pol\u00edtica, por n\u00e3o suportar mais o mesmo, ran\u00e7oso e\" \/>\n<meta property=\"og:url\" content=\"http:\/\/revistavitrineibiuna.com.br\/?p=30501\" \/>\n<meta property=\"og:site_name\" content=\"Revista Vitrine Online\" \/>\n<meta property=\"article:published_time\" content=\"2024-01-16T15:03:25+00:00\" \/>\n<meta property=\"article:modified_time\" content=\"2024-01-16T15:04:59+00:00\" \/>\n<meta property=\"og:image\" content=\"https:\/\/revistavitrineibiuna.com.br\/wp-content\/uploads\/2024\/01\/ADIs-indecisao-1.jpg\" \/>\n\t<meta property=\"og:image:width\" content=\"750\" \/>\n\t<meta property=\"og:image:height\" content=\"418\" \/>\n<meta name=\"twitter:card\" content=\"summary\" \/>\n<meta name=\"twitter:label1\" content=\"Est. reading time\">\n\t<meta name=\"twitter:data1\" content=\"3 minutos\">\n<script type=\"application\/ld+json\" class=\"yoast-schema-graph\">{\"@context\":\"https:\/\/schema.org\",\"@graph\":[{\"@type\":\"WebSite\",\"@id\":\"https:\/\/revistavitrineibiuna.com.br\/#website\",\"url\":\"https:\/\/revistavitrineibiuna.com.br\/\",\"name\":\"Revista Vitrine Ibi\\u00fana\",\"description\":\"A Revista de Ibi\\u00fana e Regi\\u00e3o\",\"publisher\":{\"@id\":\"https:\/\/revistavitrineibiuna.com.br\/#\/schema\/person\/e51ef49d6d88170ea21ceabff3f73deb\"},\"potentialAction\":[{\"@type\":\"SearchAction\",\"target\":\"https:\/\/revistavitrineibiuna.com.br\/?s={search_term_string}\",\"query-input\":\"required name=search_term_string\"}],\"inLanguage\":\"pt-BR\"},{\"@type\":\"ImageObject\",\"@id\":\"http:\/\/revistavitrineibiuna.com.br\/?p=30501#primaryimage\",\"inLanguage\":\"pt-BR\",\"url\":\"https:\/\/revistavitrineibiuna.com.br\/wp-content\/uploads\/2024\/01\/ADIs-indecisao-1.jpg\",\"width\":750,\"height\":418},{\"@type\":\"WebPage\",\"@id\":\"http:\/\/revistavitrineibiuna.com.br\/?p=30501#webpage\",\"url\":\"http:\/\/revistavitrineibiuna.com.br\/?p=30501\",\"name\":\"IBI\\u00daNA PRECISA DE UM L\\u00cdDER POL\\u00cdTICO CARISM\\u00c1TICO - Revista Vitrine Online\",\"isPartOf\":{\"@id\":\"https:\/\/revistavitrineibiuna.com.br\/#website\"},\"primaryImageOfPage\":{\"@id\":\"http:\/\/revistavitrineibiuna.com.br\/?p=30501#primaryimage\"},\"datePublished\":\"2024-01-16T15:03:25+00:00\",\"dateModified\":\"2024-01-16T15:04:59+00:00\",\"breadcrumb\":{\"@id\":\"http:\/\/revistavitrineibiuna.com.br\/?p=30501#breadcrumb\"},\"inLanguage\":\"pt-BR\",\"potentialAction\":[{\"@type\":\"ReadAction\",\"target\":[\"http:\/\/revistavitrineibiuna.com.br\/?p=30501\"]}]},{\"@type\":\"BreadcrumbList\",\"@id\":\"http:\/\/revistavitrineibiuna.com.br\/?p=30501#breadcrumb\",\"itemListElement\":[{\"@type\":\"ListItem\",\"position\":1,\"item\":{\"@type\":\"WebPage\",\"@id\":\"https:\/\/revistavitrineibiuna.com.br\/\",\"url\":\"https:\/\/revistavitrineibiuna.com.br\/\",\"name\":\"In\\u00edcio\"}},{\"@type\":\"ListItem\",\"position\":2,\"item\":{\"@type\":\"WebPage\",\"@id\":\"http:\/\/revistavitrineibiuna.com.br\/?p=30501\",\"url\":\"http:\/\/revistavitrineibiuna.com.br\/?p=30501\",\"name\":\"IBI\\u00daNA PRECISA DE UM L\\u00cdDER POL\\u00cdTICO CARISM\\u00c1TICO\"}}]},{\"@type\":\"Article\",\"@id\":\"http:\/\/revistavitrineibiuna.com.br\/?p=30501#article\",\"isPartOf\":{\"@id\":\"http:\/\/revistavitrineibiuna.com.br\/?p=30501#webpage\"},\"author\":{\"@id\":\"https:\/\/revistavitrineibiuna.com.br\/#\/schema\/person\/e51ef49d6d88170ea21ceabff3f73deb\"},\"headline\":\"IBI\\u00daNA PRECISA DE UM L\\u00cdDER POL\\u00cdTICO CARISM\\u00c1TICO\",\"datePublished\":\"2024-01-16T15:03:25+00:00\",\"dateModified\":\"2024-01-16T15:04:59+00:00\",\"mainEntityOfPage\":{\"@id\":\"http:\/\/revistavitrineibiuna.com.br\/?p=30501#webpage\"},\"commentCount\":0,\"publisher\":{\"@id\":\"https:\/\/revistavitrineibiuna.com.br\/#\/schema\/person\/e51ef49d6d88170ea21ceabff3f73deb\"},\"image\":{\"@id\":\"http:\/\/revistavitrineibiuna.com.br\/?p=30501#primaryimage\"},\"articleSection\":\"Not\\u00edcias\",\"inLanguage\":\"pt-BR\",\"potentialAction\":[{\"@type\":\"CommentAction\",\"name\":\"Comment\",\"target\":[\"http:\/\/revistavitrineibiuna.com.br\/?p=30501#respond\"]}]},{\"@type\":[\"Person\",\"Organization\"],\"@id\":\"https:\/\/revistavitrineibiuna.com.br\/#\/schema\/person\/e51ef49d6d88170ea21ceabff3f73deb\",\"name\":\"Carlos Rossini\",\"image\":{\"@type\":\"ImageObject\",\"@id\":\"https:\/\/revistavitrineibiuna.com.br\/#personlogo\",\"inLanguage\":\"pt-BR\",\"url\":\"https:\/\/secure.gravatar.com\/avatar\/4f2d0f99fac1f85c7d643f21f5c8d900?s=96&d=mm&r=g\",\"caption\":\"Carlos Rossini\"},\"logo\":{\"@id\":\"https:\/\/revistavitrineibiuna.com.br\/#personlogo\"},\"description\":\"Carlos Rossini \\u00e9 jornalista, soci\\u00f3logo, escritor e professor universit\\u00e1rio, tendo sido professor de jornalismo por vinte anos. Trabalhou em ve\\u00edculos de comunica\\u00e7\\u00e3o nas fun\\u00e7\\u00f5es de rep\\u00f3rter, redator, editor, articulista e colaborador, como Folha de S. Paulo, O Estado de S. Paulo, Di\\u00e1rio Popular, entre outros. Ao transferir a revista vitrine, vers\\u00e3o imprensa, de S\\u00e3o Paulo para Ibi\\u00fana h\\u00e1 alguns anos, iniciou uma nova experi\\u00eancia profissional, dedicando-se ao jornalismo regional, depois de cumprir uma trajet\\u00f3ria bem-sucedida na grande imprensa brasileira. Seu primeiro livro A Coragem de Comunicar foi lan\\u00e7ado na Bienal do Livro em S\\u00e3o Paulo no ano 2000, pela editora Madras.\"}]}<\/script>\n<!-- \/ Yoast SEO plugin. -->","_links":{"self":[{"href":"https:\/\/revistavitrineibiuna.com.br\/index.php?rest_route=\/wp\/v2\/posts\/30501"}],"collection":[{"href":"https:\/\/revistavitrineibiuna.com.br\/index.php?rest_route=\/wp\/v2\/posts"}],"about":[{"href":"https:\/\/revistavitrineibiuna.com.br\/index.php?rest_route=\/wp\/v2\/types\/post"}],"author":[{"embeddable":true,"href":"https:\/\/revistavitrineibiuna.com.br\/index.php?rest_route=\/wp\/v2\/users\/1"}],"replies":[{"embeddable":true,"href":"https:\/\/revistavitrineibiuna.com.br\/index.php?rest_route=%2Fwp%2Fv2%2Fcomments&post=30501"}],"version-history":[{"count":2,"href":"https:\/\/revistavitrineibiuna.com.br\/index.php?rest_route=\/wp\/v2\/posts\/30501\/revisions"}],"predecessor-version":[{"id":30504,"href":"https:\/\/revistavitrineibiuna.com.br\/index.php?rest_route=\/wp\/v2\/posts\/30501\/revisions\/30504"}],"wp:featuredmedia":[{"embeddable":true,"href":"https:\/\/revistavitrineibiuna.com.br\/index.php?rest_route=\/wp\/v2\/media\/30502"}],"wp:attachment":[{"href":"https:\/\/revistavitrineibiuna.com.br\/index.php?rest_route=%2Fwp%2Fv2%2Fmedia&parent=30501"}],"wp:term":[{"taxonomy":"category","embeddable":true,"href":"https:\/\/revistavitrineibiuna.com.br\/index.php?rest_route=%2Fwp%2Fv2%2Fcategories&post=30501"},{"taxonomy":"post_tag","embeddable":true,"href":"https:\/\/revistavitrineibiuna.com.br\/index.php?rest_route=%2Fwp%2Fv2%2Ftags&post=30501"}],"curies":[{"name":"wp","href":"https:\/\/api.w.org\/{rel}","templated":true}]}}