{"id":30505,"date":"2024-01-17T13:41:40","date_gmt":"2024-01-17T16:41:40","guid":{"rendered":"http:\/\/revistavitrineibiuna.com.br\/?p=30505"},"modified":"2024-01-17T13:53:12","modified_gmt":"2024-01-17T16:53:12","slug":"com-chuvas-abaixo-da-media-itupararanga-teve-leve-recuperacao-em-2024","status":"publish","type":"post","link":"https:\/\/revistavitrineibiuna.com.br\/?p=30505","title":{"rendered":"COM CHUVAS ABAIXO DA M\u00c9DIA, ITUPARARANGA TEVE LEVE RECUPERA\u00c7\u00c3O EM 2024"},"content":{"rendered":"\n<p class=\"has-drop-cap\"><strong>N\u00e3o foi apenas a paisagem que demonstrou. Os n\u00fameros de dezembro e deste in\u00edcio de ano comprovam que as chuvas ficaram abaixo da m\u00e9dia, levando a uma queda do n\u00edvel da represa Itupararanga nesse per\u00edodo. Os dados foram apresentados na primeira reuni\u00e3o do ano do Grupo de Trabalho de Crise H\u00eddrica, que aconteceu na manh\u00e3 de hoje (15).<\/strong><\/p>\n\n\n\n<p><strong>Dezembro foi um m\u00eas at\u00edpico, fechando com apenas 48% das chuvas que eram esperadas. Diante deste cen\u00e1rio, desde o dia 20 de dezembro, a CBA reduziu a vaz\u00e3o defluente (que sai da represa). Janeiro, nestes primeiros 15 dias, chegou a 44% do que se espera para o m\u00eas em rela\u00e7\u00e3o \u00e0 s\u00e9rie hist\u00f3rica de chuvas. Hoje, Itupararanga est\u00e1 com 60,49% de seu volume, na cota 820,59m, e com as chuvas da semana passada (10, 11 e 12 de janeiro), o reservat\u00f3rio apresentou uma pequena eleva\u00e7\u00e3o de seu n\u00edvel.<\/strong><\/p>\n\n\n\n<p><strong>A SOS Itupararanga, que integra o GT, comentou sobre a preocupa\u00e7\u00e3o que atinge novamente a regi\u00e3o, pois \u00e9 not\u00e1vel a redu\u00e7\u00e3o do n\u00edvel da represa nos \u00faltimos meses, apesar de estarmos na \u00e9poca das chuvas.<\/strong><\/p>\n\n\n\n<p><strong>A CBA refor\u00e7ou que est\u00e1 operando a barragem de acordo com a regra operativa que est\u00e1 vigente h\u00e1, exatamente, 1 ano, e que vem sendo acompanhada pelo Grupo de Crise H\u00eddrica. A regra operativa tem como objetivo manter a maior quantidade de \u00e1gua na represa, de acordo com as vaz\u00f5es de entrada de \u00e1gua no reservat\u00f3rio, para compatibilizar os usos m\u00faltiplos, como o abastecimento p\u00fablico, a gera\u00e7\u00e3o de energia, o controle de cheias e os demais usos, como irriga\u00e7\u00e3o e lazer. Conforme as previs\u00f5es de chuvas se confirmam ao longo do tempo, as vaz\u00f5es defluentes se ajustam para atender ao que est\u00e1 definido na regra.<\/strong><\/p>\n\n\n\n<p><strong>Hoje, Itupararanga est\u00e1 na faixa denominada Livre 2 que, pela regra operativa, varia entre as cotas 819,5m e 823m. Neste est\u00e1gio, a vaz\u00e3o m\u00ednima defluente \u00e9 de 4m\u00b3\/s, que est\u00e1 sendo praticada atualmente. Somando-se a vaz\u00e3o de abastecimento de Sorocaba, saem hoje da represa, 6m\u00b3\/s de \u00e1gua.<\/strong><\/p>\n\n\n\n<p><strong>O coordenador do GT, Prof. Andr\u00e9 Cordeiro, relembrou que \u00e9 necess\u00e1rio se garantir que o reservat\u00f3rio tenha capacidade de absorver as chuvas previstas para o per\u00edodo \u00famido, cumprindo, dessa forma, uma das fun\u00e7\u00f5es da represa que \u00e9 o controle de cheias abaixo da barragem.<\/strong><\/p>\n\n\n\n<p><strong>REPRESA PASSAR\u00c1 POR AVALIA\u00c7\u00c3O<\/strong><\/p>\n\n\n\n<p><strong>Conforme deliberado pelo Grupo de Crise H\u00eddrica em 09 de janeiro de 2023, assim que completasse 1 ano de vig\u00eancia, a regra operativa que est\u00e1 sendo praticada em Itupararanga seria objeto de avalia\u00e7\u00e3o.<\/strong><\/p>\n\n\n\n<p><strong>Ter\u00e3o in\u00edcio em mar\u00e7o deste ano as discuss\u00f5es pelo GT para avaliar se a regra foi eficiente, e quais ajustes dever\u00e3o ser efetuados nesta ferramenta. A ONG sugeriu que o Conselho Gestor da \u00c1rea de Prote\u00e7\u00e3o Ambiental de Itupararanga tamb\u00e9m participe destas discuss\u00f5es, j\u00e1 que um parecer t\u00e9cnico do Comit\u00ea de Bacia sobre a regra operativa integrar\u00e1 o processo para emiss\u00e3o da outorga pelo Departamento de \u00c1guas e Energia El\u00e9trica (DAEE) para a CBA. O objetivo do GT \u00e9 que, para a pr\u00f3xima concess\u00e3o de Itupararanga, o futuro operador obede\u00e7a \u00e0 regra e \u00e0s recomenda\u00e7\u00f5es que ser\u00e3o apresentadas pelos \u00f3rg\u00e3os colegiados que realizam a gest\u00e3o da represa. O Prof. Andr\u00e9 tamb\u00e9m sugeriu a realiza\u00e7\u00e3o de um encontro em Ibi\u00fana, para esclarecer \u00e0 sociedade como funciona a regra operativa, seus objetivos e resultados.<\/strong><\/p>\n\n\n\n<p><strong>FUTURA CONCESS\u00c3O<\/strong><\/p>\n\n\n\n<p><strong>O Minist\u00e9rio de Minas e Energia ainda n\u00e3o emitiu um parecer sobre o futuro de Itupararanga, ou seja, ainda n\u00e3o saiu nenhuma decis\u00e3o sobre uma eventual renova\u00e7\u00e3o da concess\u00e3o ou a realiza\u00e7\u00e3o de uma nova licita\u00e7\u00e3o.<\/strong><\/p>\n\n\n\n<p><strong>Fonte: SOS ITUPARARANGA<\/strong><\/p>\n","protected":false},"excerpt":{"rendered":"<p>N\u00e3o foi apenas a paisagem que demonstrou. Os n\u00fameros de dezembro e deste in\u00edcio de ano comprovam que as chuvas<\/p>\n","protected":false},"author":1,"featured_media":30506,"comment_status":"open","ping_status":"open","sticky":false,"template":"","format":"standard","meta":[],"categories":[3],"tags":[],"yoast_head":"<!-- This site is optimized with the Yoast SEO plugin v15.8 - https:\/\/yoast.com\/wordpress\/plugins\/seo\/ -->\n<title>COM CHUVAS ABAIXO DA M\u00c9DIA, ITUPARARANGA TEVE LEVE RECUPERA\u00c7\u00c3O EM 2024 - Revista Vitrine Online<\/title>\n<meta name=\"robots\" content=\"index, follow, max-snippet:-1, max-image-preview:large, max-video-preview:-1\" \/>\n<link rel=\"canonical\" href=\"http:\/\/revistavitrineibiuna.com.br\/?p=30505\" \/>\n<meta property=\"og:locale\" content=\"pt_BR\" \/>\n<meta property=\"og:type\" content=\"article\" \/>\n<meta property=\"og:title\" content=\"COM CHUVAS ABAIXO DA M\u00c9DIA, ITUPARARANGA TEVE LEVE RECUPERA\u00c7\u00c3O EM 2024 - Revista Vitrine Online\" \/>\n<meta property=\"og:description\" content=\"N\u00e3o foi apenas a paisagem que demonstrou. Os n\u00fameros de dezembro e deste in\u00edcio de ano comprovam que as chuvas\" \/>\n<meta property=\"og:url\" content=\"http:\/\/revistavitrineibiuna.com.br\/?p=30505\" \/>\n<meta property=\"og:site_name\" content=\"Revista Vitrine Online\" \/>\n<meta property=\"article:published_time\" content=\"2024-01-17T16:41:40+00:00\" \/>\n<meta property=\"article:modified_time\" content=\"2024-01-17T16:53:12+00:00\" \/>\n<meta property=\"og:image\" content=\"https:\/\/revistavitrineibiuna.com.br\/wp-content\/uploads\/2024\/01\/represa-itupararanga-hoje.png\" \/>\n\t<meta property=\"og:image:width\" content=\"720\" \/>\n\t<meta property=\"og:image:height\" content=\"466\" \/>\n<meta name=\"twitter:card\" content=\"summary\" \/>\n<meta name=\"twitter:label1\" content=\"Est. reading time\">\n\t<meta name=\"twitter:data1\" content=\"3 minutos\">\n<script type=\"application\/ld+json\" class=\"yoast-schema-graph\">{\"@context\":\"https:\/\/schema.org\",\"@graph\":[{\"@type\":\"WebSite\",\"@id\":\"https:\/\/revistavitrineibiuna.com.br\/#website\",\"url\":\"https:\/\/revistavitrineibiuna.com.br\/\",\"name\":\"Revista Vitrine Ibi\\u00fana\",\"description\":\"A Revista de Ibi\\u00fana e Regi\\u00e3o\",\"publisher\":{\"@id\":\"https:\/\/revistavitrineibiuna.com.br\/#\/schema\/person\/e51ef49d6d88170ea21ceabff3f73deb\"},\"potentialAction\":[{\"@type\":\"SearchAction\",\"target\":\"https:\/\/revistavitrineibiuna.com.br\/?s={search_term_string}\",\"query-input\":\"required name=search_term_string\"}],\"inLanguage\":\"pt-BR\"},{\"@type\":\"ImageObject\",\"@id\":\"http:\/\/revistavitrineibiuna.com.br\/?p=30505#primaryimage\",\"inLanguage\":\"pt-BR\",\"url\":\"https:\/\/revistavitrineibiuna.com.br\/wp-content\/uploads\/2024\/01\/represa-itupararanga-hoje.png\",\"width\":720,\"height\":466},{\"@type\":\"WebPage\",\"@id\":\"http:\/\/revistavitrineibiuna.com.br\/?p=30505#webpage\",\"url\":\"http:\/\/revistavitrineibiuna.com.br\/?p=30505\",\"name\":\"COM CHUVAS ABAIXO DA M\\u00c9DIA, ITUPARARANGA TEVE LEVE RECUPERA\\u00c7\\u00c3O EM 2024 - Revista Vitrine Online\",\"isPartOf\":{\"@id\":\"https:\/\/revistavitrineibiuna.com.br\/#website\"},\"primaryImageOfPage\":{\"@id\":\"http:\/\/revistavitrineibiuna.com.br\/?p=30505#primaryimage\"},\"datePublished\":\"2024-01-17T16:41:40+00:00\",\"dateModified\":\"2024-01-17T16:53:12+00:00\",\"breadcrumb\":{\"@id\":\"http:\/\/revistavitrineibiuna.com.br\/?p=30505#breadcrumb\"},\"inLanguage\":\"pt-BR\",\"potentialAction\":[{\"@type\":\"ReadAction\",\"target\":[\"http:\/\/revistavitrineibiuna.com.br\/?p=30505\"]}]},{\"@type\":\"BreadcrumbList\",\"@id\":\"http:\/\/revistavitrineibiuna.com.br\/?p=30505#breadcrumb\",\"itemListElement\":[{\"@type\":\"ListItem\",\"position\":1,\"item\":{\"@type\":\"WebPage\",\"@id\":\"https:\/\/revistavitrineibiuna.com.br\/\",\"url\":\"https:\/\/revistavitrineibiuna.com.br\/\",\"name\":\"In\\u00edcio\"}},{\"@type\":\"ListItem\",\"position\":2,\"item\":{\"@type\":\"WebPage\",\"@id\":\"http:\/\/revistavitrineibiuna.com.br\/?p=30505\",\"url\":\"http:\/\/revistavitrineibiuna.com.br\/?p=30505\",\"name\":\"COM CHUVAS ABAIXO DA M\\u00c9DIA, ITUPARARANGA TEVE LEVE RECUPERA\\u00c7\\u00c3O EM 2024\"}}]},{\"@type\":\"Article\",\"@id\":\"http:\/\/revistavitrineibiuna.com.br\/?p=30505#article\",\"isPartOf\":{\"@id\":\"http:\/\/revistavitrineibiuna.com.br\/?p=30505#webpage\"},\"author\":{\"@id\":\"https:\/\/revistavitrineibiuna.com.br\/#\/schema\/person\/e51ef49d6d88170ea21ceabff3f73deb\"},\"headline\":\"COM CHUVAS ABAIXO DA M\\u00c9DIA, ITUPARARANGA TEVE LEVE RECUPERA\\u00c7\\u00c3O EM 2024\",\"datePublished\":\"2024-01-17T16:41:40+00:00\",\"dateModified\":\"2024-01-17T16:53:12+00:00\",\"mainEntityOfPage\":{\"@id\":\"http:\/\/revistavitrineibiuna.com.br\/?p=30505#webpage\"},\"commentCount\":0,\"publisher\":{\"@id\":\"https:\/\/revistavitrineibiuna.com.br\/#\/schema\/person\/e51ef49d6d88170ea21ceabff3f73deb\"},\"image\":{\"@id\":\"http:\/\/revistavitrineibiuna.com.br\/?p=30505#primaryimage\"},\"articleSection\":\"Not\\u00edcias\",\"inLanguage\":\"pt-BR\",\"potentialAction\":[{\"@type\":\"CommentAction\",\"name\":\"Comment\",\"target\":[\"http:\/\/revistavitrineibiuna.com.br\/?p=30505#respond\"]}]},{\"@type\":[\"Person\",\"Organization\"],\"@id\":\"https:\/\/revistavitrineibiuna.com.br\/#\/schema\/person\/e51ef49d6d88170ea21ceabff3f73deb\",\"name\":\"Carlos Rossini\",\"image\":{\"@type\":\"ImageObject\",\"@id\":\"https:\/\/revistavitrineibiuna.com.br\/#personlogo\",\"inLanguage\":\"pt-BR\",\"url\":\"https:\/\/secure.gravatar.com\/avatar\/4f2d0f99fac1f85c7d643f21f5c8d900?s=96&d=mm&r=g\",\"caption\":\"Carlos Rossini\"},\"logo\":{\"@id\":\"https:\/\/revistavitrineibiuna.com.br\/#personlogo\"},\"description\":\"Carlos Rossini \\u00e9 jornalista, soci\\u00f3logo, escritor e professor universit\\u00e1rio, tendo sido professor de jornalismo por vinte anos. Trabalhou em ve\\u00edculos de comunica\\u00e7\\u00e3o nas fun\\u00e7\\u00f5es de rep\\u00f3rter, redator, editor, articulista e colaborador, como Folha de S. Paulo, O Estado de S. Paulo, Di\\u00e1rio Popular, entre outros. Ao transferir a revista vitrine, vers\\u00e3o imprensa, de S\\u00e3o Paulo para Ibi\\u00fana h\\u00e1 alguns anos, iniciou uma nova experi\\u00eancia profissional, dedicando-se ao jornalismo regional, depois de cumprir uma trajet\\u00f3ria bem-sucedida na grande imprensa brasileira. Seu primeiro livro A Coragem de Comunicar foi lan\\u00e7ado na Bienal do Livro em S\\u00e3o Paulo no ano 2000, pela editora Madras.\"}]}<\/script>\n<!-- \/ Yoast SEO plugin. -->","_links":{"self":[{"href":"https:\/\/revistavitrineibiuna.com.br\/index.php?rest_route=\/wp\/v2\/posts\/30505"}],"collection":[{"href":"https:\/\/revistavitrineibiuna.com.br\/index.php?rest_route=\/wp\/v2\/posts"}],"about":[{"href":"https:\/\/revistavitrineibiuna.com.br\/index.php?rest_route=\/wp\/v2\/types\/post"}],"author":[{"embeddable":true,"href":"https:\/\/revistavitrineibiuna.com.br\/index.php?rest_route=\/wp\/v2\/users\/1"}],"replies":[{"embeddable":true,"href":"https:\/\/revistavitrineibiuna.com.br\/index.php?rest_route=%2Fwp%2Fv2%2Fcomments&post=30505"}],"version-history":[{"count":2,"href":"https:\/\/revistavitrineibiuna.com.br\/index.php?rest_route=\/wp\/v2\/posts\/30505\/revisions"}],"predecessor-version":[{"id":30508,"href":"https:\/\/revistavitrineibiuna.com.br\/index.php?rest_route=\/wp\/v2\/posts\/30505\/revisions\/30508"}],"wp:featuredmedia":[{"embeddable":true,"href":"https:\/\/revistavitrineibiuna.com.br\/index.php?rest_route=\/wp\/v2\/media\/30506"}],"wp:attachment":[{"href":"https:\/\/revistavitrineibiuna.com.br\/index.php?rest_route=%2Fwp%2Fv2%2Fmedia&parent=30505"}],"wp:term":[{"taxonomy":"category","embeddable":true,"href":"https:\/\/revistavitrineibiuna.com.br\/index.php?rest_route=%2Fwp%2Fv2%2Fcategories&post=30505"},{"taxonomy":"post_tag","embeddable":true,"href":"https:\/\/revistavitrineibiuna.com.br\/index.php?rest_route=%2Fwp%2Fv2%2Ftags&post=30505"}],"curies":[{"name":"wp","href":"https:\/\/api.w.org\/{rel}","templated":true}]}}