{"id":30510,"date":"2024-01-17T15:13:23","date_gmt":"2024-01-17T18:13:23","guid":{"rendered":"http:\/\/revistavitrineibiuna.com.br\/?p=30510"},"modified":"2024-01-17T15:13:24","modified_gmt":"2024-01-17T18:13:24","slug":"ibiuna-buraco-onde-caiu-um-deficiente-visual-e-tapado","status":"publish","type":"post","link":"https:\/\/revistavitrineibiuna.com.br\/?p=30510","title":{"rendered":"IBI\u00daNA \u2013 BURACO ONDE CAIU UM DEFICIENTE VISUAL \u00c9 TAPADO"},"content":{"rendered":"\n<p class=\"has-drop-cap\"><strong>Na manh\u00e3 da segunda-feira (15), o rep\u00f3rter da TVUNA fazia uma grava\u00e7\u00e3o na Rua Guarani sobre os problemas relacionados ao transporte p\u00fablico quando Ademir Vila Carmo, um deficiente visual, caiu num buraco existente na cal\u00e7ada e feriu a perna.<\/strong><\/p>\n\n\n\n<p><strong>O v\u00eddeo publicado pela TVUNA teve, como \u00e9 natural, uma estrondosa visualiza\u00e7\u00e3o, n\u00e3o apenas em Ibi\u00fana, mas em toda a regi\u00e3o.<\/strong><\/p>\n\n\n\n<p><strong>Por volta das 20h30 recebemos a informa\u00e7\u00e3o que o buraco havia sido tapado.<\/strong><\/p>\n\n\n\n<p><strong>Logo presumimos que o atual prefeito, sensibilizado com a not\u00edcia, determinara de imediato que seus auxiliares respons\u00e1veis pelo setor de obras tivessem tomado essa provid\u00eancia.<\/strong><\/p>\n\n\n\n<p><strong>Mas, ledo engano, foi uma comerciante local que providenciou o servi\u00e7o.<\/strong><\/p>\n\n\n\n<p><strong>Aparentemente, a Prefeitura n\u00e3o moveu uma palha em rela\u00e7\u00e3o a esse assunto, pois dois buracos decorrentes do esfarelamento do asfalto continuam ali a alguns metros onde houve a queda, representando, como disseram os dois deficientes visuais [o outro, Crist\u00f3v\u00e3o Dias, vinha logo atr\u00e1s do amigo] s\u00e9rios obst\u00e1culos para eles e outros portadores de alguma defici\u00eancia, como os cadeirantes.<\/strong><\/p>\n\n\n\n<p><strong>AGRURAS<\/strong><\/p>\n\n\n\n<p><strong>A TVUNA gravava uma not\u00edcia sobre os problemas que a popula\u00e7\u00e3o vem enfrentando com o transporte p\u00fablico efetuado pela Via\u00e7\u00e3o Raposo Tavares, que reduziu o n\u00famero de ve\u00edculos dispon\u00edveis, e a absurda situa\u00e7\u00e3o dos usu\u00e1rios expostos ao sol, chuva, frio e sujeita, em estreita cal\u00e7ada na Rua Guarani.<\/strong><\/p>\n\n\n\n<p><strong>onde a popula\u00e7\u00e3o passa pelas agruras provocadas tanto pelo not\u00f3rio sofrimento a ela impostos pelos pontos de \u00f4nibus ali improvisados e tamb\u00e9m pela redu\u00e7\u00e3o do n\u00famero de \u00f4nibus em circula\u00e7\u00e3o.<\/strong><\/p>\n","protected":false},"excerpt":{"rendered":"<p>Na manh\u00e3 da segunda-feira (15), o rep\u00f3rter da TVUNA fazia uma grava\u00e7\u00e3o na Rua Guarani sobre os problemas relacionados ao<\/p>\n","protected":false},"author":1,"featured_media":30511,"comment_status":"open","ping_status":"open","sticky":false,"template":"","format":"standard","meta":[],"categories":[3],"tags":[],"yoast_head":"<!-- This site is optimized with the Yoast SEO plugin v15.8 - https:\/\/yoast.com\/wordpress\/plugins\/seo\/ -->\n<title>IBI\u00daNA \u2013 BURACO ONDE CAIU UM DEFICIENTE VISUAL \u00c9 TAPADO - Revista Vitrine Online<\/title>\n<meta name=\"robots\" content=\"index, follow, max-snippet:-1, max-image-preview:large, max-video-preview:-1\" \/>\n<link rel=\"canonical\" href=\"http:\/\/revistavitrineibiuna.com.br\/?p=30510\" \/>\n<meta property=\"og:locale\" content=\"pt_BR\" \/>\n<meta property=\"og:type\" content=\"article\" \/>\n<meta property=\"og:title\" content=\"IBI\u00daNA \u2013 BURACO ONDE CAIU UM DEFICIENTE VISUAL \u00c9 TAPADO - Revista Vitrine Online\" \/>\n<meta property=\"og:description\" content=\"Na manh\u00e3 da segunda-feira (15), o rep\u00f3rter da TVUNA fazia uma grava\u00e7\u00e3o na Rua Guarani sobre os problemas relacionados ao\" \/>\n<meta property=\"og:url\" content=\"http:\/\/revistavitrineibiuna.com.br\/?p=30510\" \/>\n<meta property=\"og:site_name\" content=\"Revista Vitrine Online\" \/>\n<meta property=\"article:published_time\" content=\"2024-01-17T18:13:23+00:00\" \/>\n<meta property=\"article:modified_time\" content=\"2024-01-17T18:13:24+00:00\" \/>\n<meta property=\"og:image\" content=\"https:\/\/revistavitrineibiuna.com.br\/wp-content\/uploads\/2024\/01\/buraco-tapado-1-1024x687.png\" \/>\n\t<meta property=\"og:image:width\" content=\"1024\" \/>\n\t<meta property=\"og:image:height\" content=\"687\" \/>\n<meta name=\"twitter:card\" content=\"summary\" \/>\n<meta name=\"twitter:label1\" content=\"Est. reading time\">\n\t<meta name=\"twitter:data1\" content=\"2 minutos\">\n<script type=\"application\/ld+json\" class=\"yoast-schema-graph\">{\"@context\":\"https:\/\/schema.org\",\"@graph\":[{\"@type\":\"WebSite\",\"@id\":\"https:\/\/revistavitrineibiuna.com.br\/#website\",\"url\":\"https:\/\/revistavitrineibiuna.com.br\/\",\"name\":\"Revista Vitrine Ibi\\u00fana\",\"description\":\"A Revista de Ibi\\u00fana e Regi\\u00e3o\",\"publisher\":{\"@id\":\"https:\/\/revistavitrineibiuna.com.br\/#\/schema\/person\/e51ef49d6d88170ea21ceabff3f73deb\"},\"potentialAction\":[{\"@type\":\"SearchAction\",\"target\":\"https:\/\/revistavitrineibiuna.com.br\/?s={search_term_string}\",\"query-input\":\"required name=search_term_string\"}],\"inLanguage\":\"pt-BR\"},{\"@type\":\"ImageObject\",\"@id\":\"http:\/\/revistavitrineibiuna.com.br\/?p=30510#primaryimage\",\"inLanguage\":\"pt-BR\",\"url\":\"https:\/\/revistavitrineibiuna.com.br\/wp-content\/uploads\/2024\/01\/buraco-tapado-1.png\",\"width\":1597,\"height\":1071},{\"@type\":\"WebPage\",\"@id\":\"http:\/\/revistavitrineibiuna.com.br\/?p=30510#webpage\",\"url\":\"http:\/\/revistavitrineibiuna.com.br\/?p=30510\",\"name\":\"IBI\\u00daNA \\u2013 BURACO ONDE CAIU UM DEFICIENTE VISUAL \\u00c9 TAPADO - Revista Vitrine Online\",\"isPartOf\":{\"@id\":\"https:\/\/revistavitrineibiuna.com.br\/#website\"},\"primaryImageOfPage\":{\"@id\":\"http:\/\/revistavitrineibiuna.com.br\/?p=30510#primaryimage\"},\"datePublished\":\"2024-01-17T18:13:23+00:00\",\"dateModified\":\"2024-01-17T18:13:24+00:00\",\"breadcrumb\":{\"@id\":\"http:\/\/revistavitrineibiuna.com.br\/?p=30510#breadcrumb\"},\"inLanguage\":\"pt-BR\",\"potentialAction\":[{\"@type\":\"ReadAction\",\"target\":[\"http:\/\/revistavitrineibiuna.com.br\/?p=30510\"]}]},{\"@type\":\"BreadcrumbList\",\"@id\":\"http:\/\/revistavitrineibiuna.com.br\/?p=30510#breadcrumb\",\"itemListElement\":[{\"@type\":\"ListItem\",\"position\":1,\"item\":{\"@type\":\"WebPage\",\"@id\":\"https:\/\/revistavitrineibiuna.com.br\/\",\"url\":\"https:\/\/revistavitrineibiuna.com.br\/\",\"name\":\"In\\u00edcio\"}},{\"@type\":\"ListItem\",\"position\":2,\"item\":{\"@type\":\"WebPage\",\"@id\":\"http:\/\/revistavitrineibiuna.com.br\/?p=30510\",\"url\":\"http:\/\/revistavitrineibiuna.com.br\/?p=30510\",\"name\":\"IBI\\u00daNA \\u2013 BURACO ONDE CAIU UM DEFICIENTE VISUAL \\u00c9 TAPADO\"}}]},{\"@type\":\"Article\",\"@id\":\"http:\/\/revistavitrineibiuna.com.br\/?p=30510#article\",\"isPartOf\":{\"@id\":\"http:\/\/revistavitrineibiuna.com.br\/?p=30510#webpage\"},\"author\":{\"@id\":\"https:\/\/revistavitrineibiuna.com.br\/#\/schema\/person\/e51ef49d6d88170ea21ceabff3f73deb\"},\"headline\":\"IBI\\u00daNA \\u2013 BURACO ONDE CAIU UM DEFICIENTE VISUAL \\u00c9 TAPADO\",\"datePublished\":\"2024-01-17T18:13:23+00:00\",\"dateModified\":\"2024-01-17T18:13:24+00:00\",\"mainEntityOfPage\":{\"@id\":\"http:\/\/revistavitrineibiuna.com.br\/?p=30510#webpage\"},\"commentCount\":0,\"publisher\":{\"@id\":\"https:\/\/revistavitrineibiuna.com.br\/#\/schema\/person\/e51ef49d6d88170ea21ceabff3f73deb\"},\"image\":{\"@id\":\"http:\/\/revistavitrineibiuna.com.br\/?p=30510#primaryimage\"},\"articleSection\":\"Not\\u00edcias\",\"inLanguage\":\"pt-BR\",\"potentialAction\":[{\"@type\":\"CommentAction\",\"name\":\"Comment\",\"target\":[\"http:\/\/revistavitrineibiuna.com.br\/?p=30510#respond\"]}]},{\"@type\":[\"Person\",\"Organization\"],\"@id\":\"https:\/\/revistavitrineibiuna.com.br\/#\/schema\/person\/e51ef49d6d88170ea21ceabff3f73deb\",\"name\":\"Carlos Rossini\",\"image\":{\"@type\":\"ImageObject\",\"@id\":\"https:\/\/revistavitrineibiuna.com.br\/#personlogo\",\"inLanguage\":\"pt-BR\",\"url\":\"https:\/\/secure.gravatar.com\/avatar\/4f2d0f99fac1f85c7d643f21f5c8d900?s=96&d=mm&r=g\",\"caption\":\"Carlos Rossini\"},\"logo\":{\"@id\":\"https:\/\/revistavitrineibiuna.com.br\/#personlogo\"},\"description\":\"Carlos Rossini \\u00e9 jornalista, soci\\u00f3logo, escritor e professor universit\\u00e1rio, tendo sido professor de jornalismo por vinte anos. Trabalhou em ve\\u00edculos de comunica\\u00e7\\u00e3o nas fun\\u00e7\\u00f5es de rep\\u00f3rter, redator, editor, articulista e colaborador, como Folha de S. Paulo, O Estado de S. Paulo, Di\\u00e1rio Popular, entre outros. Ao transferir a revista vitrine, vers\\u00e3o imprensa, de S\\u00e3o Paulo para Ibi\\u00fana h\\u00e1 alguns anos, iniciou uma nova experi\\u00eancia profissional, dedicando-se ao jornalismo regional, depois de cumprir uma trajet\\u00f3ria bem-sucedida na grande imprensa brasileira. Seu primeiro livro A Coragem de Comunicar foi lan\\u00e7ado na Bienal do Livro em S\\u00e3o Paulo no ano 2000, pela editora Madras.\"}]}<\/script>\n<!-- \/ Yoast SEO plugin. -->","_links":{"self":[{"href":"https:\/\/revistavitrineibiuna.com.br\/index.php?rest_route=\/wp\/v2\/posts\/30510"}],"collection":[{"href":"https:\/\/revistavitrineibiuna.com.br\/index.php?rest_route=\/wp\/v2\/posts"}],"about":[{"href":"https:\/\/revistavitrineibiuna.com.br\/index.php?rest_route=\/wp\/v2\/types\/post"}],"author":[{"embeddable":true,"href":"https:\/\/revistavitrineibiuna.com.br\/index.php?rest_route=\/wp\/v2\/users\/1"}],"replies":[{"embeddable":true,"href":"https:\/\/revistavitrineibiuna.com.br\/index.php?rest_route=%2Fwp%2Fv2%2Fcomments&post=30510"}],"version-history":[{"count":1,"href":"https:\/\/revistavitrineibiuna.com.br\/index.php?rest_route=\/wp\/v2\/posts\/30510\/revisions"}],"predecessor-version":[{"id":30512,"href":"https:\/\/revistavitrineibiuna.com.br\/index.php?rest_route=\/wp\/v2\/posts\/30510\/revisions\/30512"}],"wp:featuredmedia":[{"embeddable":true,"href":"https:\/\/revistavitrineibiuna.com.br\/index.php?rest_route=\/wp\/v2\/media\/30511"}],"wp:attachment":[{"href":"https:\/\/revistavitrineibiuna.com.br\/index.php?rest_route=%2Fwp%2Fv2%2Fmedia&parent=30510"}],"wp:term":[{"taxonomy":"category","embeddable":true,"href":"https:\/\/revistavitrineibiuna.com.br\/index.php?rest_route=%2Fwp%2Fv2%2Fcategories&post=30510"},{"taxonomy":"post_tag","embeddable":true,"href":"https:\/\/revistavitrineibiuna.com.br\/index.php?rest_route=%2Fwp%2Fv2%2Ftags&post=30510"}],"curies":[{"name":"wp","href":"https:\/\/api.w.org\/{rel}","templated":true}]}}