{"id":30513,"date":"2024-01-17T18:35:01","date_gmt":"2024-01-17T21:35:01","guid":{"rendered":"http:\/\/revistavitrineibiuna.com.br\/?p=30513"},"modified":"2024-01-17T18:48:30","modified_gmt":"2024-01-17T21:48:30","slug":"ibiuna-quem-souber-quando-a-rodoviaria-sera-inaugurada-levante-a-mao","status":"publish","type":"post","link":"https:\/\/revistavitrineibiuna.com.br\/?p=30513","title":{"rendered":"IBI\u00daNA \u2013 QUEM SOUBER QUANDO A RODOVI\u00c1RIA SER\u00c1 INAUGURADA, LEVANTE A M\u00c3O"},"content":{"rendered":"\n<p class=\"has-drop-cap\"><strong>Exatamente hoje, dia 17, vinte e cinco meses e dezessete dias do in\u00edcio da reforma da rodovi\u00e1ria de Ibi\u00fana, quem olhasse as obras retomadas se surpreenderia. Um enorme buraco foi aberto por uma escavadeira bem ao lado do pr\u00e9dio, como se o servi\u00e7o estivesse se iniciando agora.<\/strong><\/p>\n\n\n\n<p><strong>Vitrine online apurou que ali dever\u00e3o ser instaladas duas bocas de lobo e uma cal\u00e7ada que contornar\u00e1 a rodovi\u00e1ria.<\/strong><\/p>\n\n\n\n<p><strong>At\u00e9 agora a caixa d\u2019\u00e1gua ainda nem mesmo foi iniciada.<\/strong><\/p>\n\n\n\n<p><strong>Por isso, ningu\u00e9m da Prefeitura informa qual \u00e9 a previs\u00e3o de sua entrega \u00e0 popula\u00e7\u00e3o, mas se por acaso algu\u00e9m estiver diante de uma bola de cristal e tiver uma resposta, por favor levante a m\u00e3o.<\/strong><\/p>\n\n\n\n<p><strong>S\u00edmbolo de gest\u00e3o ineficiente, a reforma virou objeto de folclore popular e motivo de chacota, por que d\u00e1 impress\u00e3o de ser intermin\u00e1vel.<\/strong><\/p>\n\n\n\n<p><strong>O chefe do Executivo municipal e alguns de seus ac\u00f3litos j\u00e1 fizeram promessas sob o lema \u201ca reforma est\u00e1 a todo vapor\u201d, mas o que se v\u00ea \u00e9 somente o vapor, mas n\u00e3o seu resultado objetivo.<\/strong><\/p>\n\n\n\n<p><strong>Tamb\u00e9m declarou que, depois que a Caixa Econ\u00f4mica Federal cancelou R$ 3 milh\u00f5es da verba destinada pelo Minist\u00e9rio das Cidades e Turismo, a reforma andaria a passos mais r\u00e1pidos porque se empregaria recursos pr\u00f3prios municipais, j\u00e1 que havia um excesso de arrecada\u00e7\u00e3o.<\/strong><\/p>\n\n\n\n<p><strong>Pessoas ouvidas por vitrine online, e n\u00e3o foram poucas, est\u00e3o rindo e certos de que, finalmente, depois de dois invernos, a obra ser\u00e1 conclu\u00edda, por uma raz\u00e3o elementar: no dia 6 de outubro haver\u00e1 elei\u00e7\u00f5es municipais.<\/strong><\/p>\n\n\n\n<p><strong>Pelos dados oficiais proclamados pelo Executivo seu custo total dever\u00e1 ser de R$ 5,6 milh\u00f5es, valor que, de acordo com um experiente engenheiro civil, daria para construir desde a funda\u00e7\u00e3o uma magn\u00edfica e bela obra de arte, que seria um s\u00edmbolo de boas vindas para os turistas e motivo de orgulho para todos os ibiunenses.<\/strong> (C.R.)<\/p>\n","protected":false},"excerpt":{"rendered":"<p>Exatamente hoje, dia 17, vinte e cinco meses e dezessete dias do in\u00edcio da reforma da rodovi\u00e1ria de Ibi\u00fana, quem<\/p>\n","protected":false},"author":1,"featured_media":30514,"comment_status":"open","ping_status":"open","sticky":false,"template":"","format":"standard","meta":[],"categories":[3],"tags":[],"yoast_head":"<!-- This site is optimized with the Yoast SEO plugin v15.8 - https:\/\/yoast.com\/wordpress\/plugins\/seo\/ -->\n<title>IBI\u00daNA \u2013 QUEM SOUBER QUANDO A RODOVI\u00c1RIA SER\u00c1 INAUGURADA, LEVANTE A M\u00c3O - Revista Vitrine Online<\/title>\n<meta name=\"robots\" content=\"index, follow, max-snippet:-1, max-image-preview:large, max-video-preview:-1\" \/>\n<link rel=\"canonical\" href=\"http:\/\/revistavitrineibiuna.com.br\/?p=30513\" \/>\n<meta property=\"og:locale\" content=\"pt_BR\" \/>\n<meta property=\"og:type\" content=\"article\" \/>\n<meta property=\"og:title\" content=\"IBI\u00daNA \u2013 QUEM SOUBER QUANDO A RODOVI\u00c1RIA SER\u00c1 INAUGURADA, LEVANTE A M\u00c3O - Revista Vitrine Online\" \/>\n<meta property=\"og:description\" content=\"Exatamente hoje, dia 17, vinte e cinco meses e dezessete dias do in\u00edcio da reforma da rodovi\u00e1ria de Ibi\u00fana, quem\" \/>\n<meta property=\"og:url\" content=\"http:\/\/revistavitrineibiuna.com.br\/?p=30513\" \/>\n<meta property=\"og:site_name\" content=\"Revista Vitrine Online\" \/>\n<meta property=\"article:published_time\" content=\"2024-01-17T21:35:01+00:00\" \/>\n<meta property=\"article:modified_time\" content=\"2024-01-17T21:48:30+00:00\" \/>\n<meta property=\"og:image\" content=\"https:\/\/revistavitrineibiuna.com.br\/wp-content\/uploads\/2024\/01\/buracao-na-rodoviaria-17.1.2024.png\" \/>\n\t<meta property=\"og:image:width\" content=\"719\" \/>\n\t<meta property=\"og:image:height\" content=\"399\" \/>\n<meta name=\"twitter:card\" content=\"summary\" \/>\n<meta name=\"twitter:label1\" content=\"Est. reading time\">\n\t<meta name=\"twitter:data1\" content=\"2 minutos\">\n<script type=\"application\/ld+json\" class=\"yoast-schema-graph\">{\"@context\":\"https:\/\/schema.org\",\"@graph\":[{\"@type\":\"WebSite\",\"@id\":\"https:\/\/revistavitrineibiuna.com.br\/#website\",\"url\":\"https:\/\/revistavitrineibiuna.com.br\/\",\"name\":\"Revista Vitrine Ibi\\u00fana\",\"description\":\"A Revista de Ibi\\u00fana e Regi\\u00e3o\",\"publisher\":{\"@id\":\"https:\/\/revistavitrineibiuna.com.br\/#\/schema\/person\/e51ef49d6d88170ea21ceabff3f73deb\"},\"potentialAction\":[{\"@type\":\"SearchAction\",\"target\":\"https:\/\/revistavitrineibiuna.com.br\/?s={search_term_string}\",\"query-input\":\"required name=search_term_string\"}],\"inLanguage\":\"pt-BR\"},{\"@type\":\"ImageObject\",\"@id\":\"http:\/\/revistavitrineibiuna.com.br\/?p=30513#primaryimage\",\"inLanguage\":\"pt-BR\",\"url\":\"https:\/\/revistavitrineibiuna.com.br\/wp-content\/uploads\/2024\/01\/buracao-na-rodoviaria-17.1.2024.png\",\"width\":719,\"height\":399},{\"@type\":\"WebPage\",\"@id\":\"http:\/\/revistavitrineibiuna.com.br\/?p=30513#webpage\",\"url\":\"http:\/\/revistavitrineibiuna.com.br\/?p=30513\",\"name\":\"IBI\\u00daNA \\u2013 QUEM SOUBER QUANDO A RODOVI\\u00c1RIA SER\\u00c1 INAUGURADA, LEVANTE A M\\u00c3O - Revista Vitrine Online\",\"isPartOf\":{\"@id\":\"https:\/\/revistavitrineibiuna.com.br\/#website\"},\"primaryImageOfPage\":{\"@id\":\"http:\/\/revistavitrineibiuna.com.br\/?p=30513#primaryimage\"},\"datePublished\":\"2024-01-17T21:35:01+00:00\",\"dateModified\":\"2024-01-17T21:48:30+00:00\",\"breadcrumb\":{\"@id\":\"http:\/\/revistavitrineibiuna.com.br\/?p=30513#breadcrumb\"},\"inLanguage\":\"pt-BR\",\"potentialAction\":[{\"@type\":\"ReadAction\",\"target\":[\"http:\/\/revistavitrineibiuna.com.br\/?p=30513\"]}]},{\"@type\":\"BreadcrumbList\",\"@id\":\"http:\/\/revistavitrineibiuna.com.br\/?p=30513#breadcrumb\",\"itemListElement\":[{\"@type\":\"ListItem\",\"position\":1,\"item\":{\"@type\":\"WebPage\",\"@id\":\"https:\/\/revistavitrineibiuna.com.br\/\",\"url\":\"https:\/\/revistavitrineibiuna.com.br\/\",\"name\":\"In\\u00edcio\"}},{\"@type\":\"ListItem\",\"position\":2,\"item\":{\"@type\":\"WebPage\",\"@id\":\"http:\/\/revistavitrineibiuna.com.br\/?p=30513\",\"url\":\"http:\/\/revistavitrineibiuna.com.br\/?p=30513\",\"name\":\"IBI\\u00daNA \\u2013 QUEM SOUBER QUANDO A RODOVI\\u00c1RIA SER\\u00c1 INAUGURADA, LEVANTE A M\\u00c3O\"}}]},{\"@type\":\"Article\",\"@id\":\"http:\/\/revistavitrineibiuna.com.br\/?p=30513#article\",\"isPartOf\":{\"@id\":\"http:\/\/revistavitrineibiuna.com.br\/?p=30513#webpage\"},\"author\":{\"@id\":\"https:\/\/revistavitrineibiuna.com.br\/#\/schema\/person\/e51ef49d6d88170ea21ceabff3f73deb\"},\"headline\":\"IBI\\u00daNA \\u2013 QUEM SOUBER QUANDO A RODOVI\\u00c1RIA SER\\u00c1 INAUGURADA, LEVANTE A M\\u00c3O\",\"datePublished\":\"2024-01-17T21:35:01+00:00\",\"dateModified\":\"2024-01-17T21:48:30+00:00\",\"mainEntityOfPage\":{\"@id\":\"http:\/\/revistavitrineibiuna.com.br\/?p=30513#webpage\"},\"commentCount\":0,\"publisher\":{\"@id\":\"https:\/\/revistavitrineibiuna.com.br\/#\/schema\/person\/e51ef49d6d88170ea21ceabff3f73deb\"},\"image\":{\"@id\":\"http:\/\/revistavitrineibiuna.com.br\/?p=30513#primaryimage\"},\"articleSection\":\"Not\\u00edcias\",\"inLanguage\":\"pt-BR\",\"potentialAction\":[{\"@type\":\"CommentAction\",\"name\":\"Comment\",\"target\":[\"http:\/\/revistavitrineibiuna.com.br\/?p=30513#respond\"]}]},{\"@type\":[\"Person\",\"Organization\"],\"@id\":\"https:\/\/revistavitrineibiuna.com.br\/#\/schema\/person\/e51ef49d6d88170ea21ceabff3f73deb\",\"name\":\"Carlos Rossini\",\"image\":{\"@type\":\"ImageObject\",\"@id\":\"https:\/\/revistavitrineibiuna.com.br\/#personlogo\",\"inLanguage\":\"pt-BR\",\"url\":\"https:\/\/secure.gravatar.com\/avatar\/4f2d0f99fac1f85c7d643f21f5c8d900?s=96&d=mm&r=g\",\"caption\":\"Carlos Rossini\"},\"logo\":{\"@id\":\"https:\/\/revistavitrineibiuna.com.br\/#personlogo\"},\"description\":\"Carlos Rossini \\u00e9 jornalista, soci\\u00f3logo, escritor e professor universit\\u00e1rio, tendo sido professor de jornalismo por vinte anos. Trabalhou em ve\\u00edculos de comunica\\u00e7\\u00e3o nas fun\\u00e7\\u00f5es de rep\\u00f3rter, redator, editor, articulista e colaborador, como Folha de S. Paulo, O Estado de S. Paulo, Di\\u00e1rio Popular, entre outros. Ao transferir a revista vitrine, vers\\u00e3o imprensa, de S\\u00e3o Paulo para Ibi\\u00fana h\\u00e1 alguns anos, iniciou uma nova experi\\u00eancia profissional, dedicando-se ao jornalismo regional, depois de cumprir uma trajet\\u00f3ria bem-sucedida na grande imprensa brasileira. Seu primeiro livro A Coragem de Comunicar foi lan\\u00e7ado na Bienal do Livro em S\\u00e3o Paulo no ano 2000, pela editora Madras.\"}]}<\/script>\n<!-- \/ Yoast SEO plugin. -->","_links":{"self":[{"href":"https:\/\/revistavitrineibiuna.com.br\/index.php?rest_route=\/wp\/v2\/posts\/30513"}],"collection":[{"href":"https:\/\/revistavitrineibiuna.com.br\/index.php?rest_route=\/wp\/v2\/posts"}],"about":[{"href":"https:\/\/revistavitrineibiuna.com.br\/index.php?rest_route=\/wp\/v2\/types\/post"}],"author":[{"embeddable":true,"href":"https:\/\/revistavitrineibiuna.com.br\/index.php?rest_route=\/wp\/v2\/users\/1"}],"replies":[{"embeddable":true,"href":"https:\/\/revistavitrineibiuna.com.br\/index.php?rest_route=%2Fwp%2Fv2%2Fcomments&post=30513"}],"version-history":[{"count":2,"href":"https:\/\/revistavitrineibiuna.com.br\/index.php?rest_route=\/wp\/v2\/posts\/30513\/revisions"}],"predecessor-version":[{"id":30517,"href":"https:\/\/revistavitrineibiuna.com.br\/index.php?rest_route=\/wp\/v2\/posts\/30513\/revisions\/30517"}],"wp:featuredmedia":[{"embeddable":true,"href":"https:\/\/revistavitrineibiuna.com.br\/index.php?rest_route=\/wp\/v2\/media\/30514"}],"wp:attachment":[{"href":"https:\/\/revistavitrineibiuna.com.br\/index.php?rest_route=%2Fwp%2Fv2%2Fmedia&parent=30513"}],"wp:term":[{"taxonomy":"category","embeddable":true,"href":"https:\/\/revistavitrineibiuna.com.br\/index.php?rest_route=%2Fwp%2Fv2%2Fcategories&post=30513"},{"taxonomy":"post_tag","embeddable":true,"href":"https:\/\/revistavitrineibiuna.com.br\/index.php?rest_route=%2Fwp%2Fv2%2Ftags&post=30513"}],"curies":[{"name":"wp","href":"https:\/\/api.w.org\/{rel}","templated":true}]}}