{"id":30519,"date":"2024-01-19T09:20:46","date_gmt":"2024-01-19T12:20:46","guid":{"rendered":"http:\/\/revistavitrineibiuna.com.br\/?p=30519"},"modified":"2024-01-19T09:20:47","modified_gmt":"2024-01-19T12:20:47","slug":"sera-que-vou-cativar-helena","status":"publish","type":"post","link":"https:\/\/revistavitrineibiuna.com.br\/?p=30519","title":{"rendered":"SER\u00c1 QUE VOU CATIVAR HELENA?"},"content":{"rendered":"\n<p class=\"has-drop-cap\"><strong>Ela mora atr\u00e1s da c\u00f3pia da pintura do c\u00e9lebre pintor renascentista floretino Sandro Boticelli criada entre os anos 1484 e 1486. A tela se chama Nascimento da deusa V\u00eanus, conhecida como Afrodite na mitologia grega.<\/strong><\/p>\n\n\n\n<p><strong>Trata-se de uma obra de arte extremamente ousada para a \u00e9poca. Mostra uma mulher nua saindo de uma concha. Na verdade a c\u00f3pia que tenho em casa mostra apenas o busto da deusa com seus cabelos dourados esvoa\u00e7antes.<\/strong><\/p>\n\n\n\n<p><strong>Com os olhos e o rosto inclinados para a direita sugere, para mim, algu\u00e9m que est\u00e1 nas profundezas da pr\u00f3pria ess\u00eancia.<\/strong><\/p>\n\n\n\n<p><strong>Com a m\u00e3o e o bra\u00e7o direito encobre os seios e a m\u00e3o esquerda cobre a sua genit\u00e1lia.<\/strong><\/p>\n\n\n\n<p><strong>Pois bem! Um dia, quando seguia da sala para a cozinha de casa a vi pela primeira vez, grudada na parede com suas sete patinhas.<\/strong><\/p>\n\n\n\n<p><strong>Resolvi aproximar meu dedo o mais pr\u00f3ximo dela, mas ela rapidamente correu para tr\u00e1s do quadro. Desde ent\u00e3o tenho procurado manter contato com ela, aproximando a ponta do meu dedo cada vez mais perto de sua presa\/cabe\u00e7a. Aparentemente, \u00e0s vezes, parece que ela permite que fique bem perto dela. Outro dia ela me surpreendeu. Quando a ponta do indicador chegou bem perto ela simplesmente deu um salto parecendo querer atacar-me, mas foi para o ch\u00e3o.<\/strong><\/p>\n\n\n\n<p><strong>Tentei encontr\u00e1-la em v\u00e3o. Pensei onde essa criatura ter\u00e1 se escondido? Tempos depois l\u00e1 estava ela subindo na parede do lado oposto. Fiquei aliviado. Ela, afinal, estava bem!<\/strong><\/p>\n\n\n\n<p><strong>Percebi que ela est\u00e1 crescendo e espero que antes que fique demasiada grande ela possa permitir que encoste a ponta do dedo em seu corpo invertebrado. N\u00e3o sei se \u00e9 um esp\u00e9cime venenoso.<\/strong><\/p>\n\n\n\n<p><strong>Quero que ela saiba que n\u00e3o lhe tenho medo e aja da mesma forma comigo. Ser\u00e1 que ela pode ser um petezinho? Ou ser\u00e1 petezinha, n\u00e3o sei tamb\u00e9m se \u00e9 macho ou f\u00eamea.<\/strong><\/p>\n\n\n\n<p><strong>Enquanto escrevo, a olho a dist\u00e2ncia. Ela est\u00e1 l\u00e1 im\u00f3vel na parede. Quando me aproximei, vi outro esp\u00e9cime na mesma parede, uma baita aranha.<\/strong><\/p>\n\n\n\n<p><strong>Na verdade, quem mora no mato acaba se acostumando com esses bichinhos. Desenvolvi uma tecnologia para remov\u00ea-los para fora de casa sem lhes causar dano algum. Algumas s\u00e3o enormes, mas arranjei um jeito de peg\u00e1-las com uma fofa camada de papel higi\u00eanico.<\/strong><\/p>\n\n\n\n<p><strong>Ia fazer isso com a grandona que esperta e rapidamente fugiu em dire\u00e7\u00e3o \u00e0 biblioteca e se refugiou por uma fresta lateral entre um balc\u00e3o e a parede branca. Afinal, ela tem o direito de preservar a pr\u00f3pria vida, como fazem os seres humanos quando se sentem diante do perigo.<\/strong><\/p>\n\n\n\n<p><strong>Sobre a Helena, esse o nome que lhe atribui, estou tentando cativ\u00e1-la com todo o respeito. Na verdade, quero brincar com ela. Ser\u00e1 que vai topar?<\/strong><\/p>\n\n\n\n<p><strong>At\u00e9 lembrei-me o que escreveu Saint-Exup\u00e9ry em 1943, no livro O Pequeno Pr\u00edncipe: \u201cTu te tornas eternamente respons\u00e1vel por aquilo que cativas\u201d. No meu caso, o verbo cativar aqui toma o significado de uma vontade de compreender o jeito de ser do outro, e n\u00e3o de aprisionar ou capturar ou escravizar.<\/strong><\/p>\n\n\n\n<p><strong>Helena \u00e9 um ser muito diferente de mim com suas sete perninhas, uma das quais parece estar presa em seu abd\u00f4men. Ela \u00e9 ela e eu sou eu, mas seria muito legal se f\u00f4ssemos mutuamente simp\u00e1ticos. Ser\u00e1 que ela sabe que podemos ser bons vizinhos? (C.R.)<\/strong><\/p>\n","protected":false},"excerpt":{"rendered":"<p>Ela mora atr\u00e1s da c\u00f3pia da pintura do c\u00e9lebre pintor renascentista floretino Sandro Boticelli criada entre os anos 1484 e<\/p>\n","protected":false},"author":1,"featured_media":30520,"comment_status":"open","ping_status":"open","sticky":false,"template":"","format":"standard","meta":[],"categories":[3],"tags":[],"yoast_head":"<!-- This site is optimized with the Yoast SEO plugin v15.8 - https:\/\/yoast.com\/wordpress\/plugins\/seo\/ -->\n<title>SER\u00c1 QUE VOU CATIVAR HELENA? - Revista Vitrine Online<\/title>\n<meta name=\"robots\" content=\"index, follow, max-snippet:-1, max-image-preview:large, max-video-preview:-1\" \/>\n<link rel=\"canonical\" href=\"http:\/\/revistavitrineibiuna.com.br\/?p=30519\" \/>\n<meta property=\"og:locale\" content=\"pt_BR\" \/>\n<meta property=\"og:type\" content=\"article\" \/>\n<meta property=\"og:title\" content=\"SER\u00c1 QUE VOU CATIVAR HELENA? - Revista Vitrine Online\" \/>\n<meta property=\"og:description\" content=\"Ela mora atr\u00e1s da c\u00f3pia da pintura do c\u00e9lebre pintor renascentista floretino Sandro Boticelli criada entre os anos 1484 e\" \/>\n<meta property=\"og:url\" content=\"http:\/\/revistavitrineibiuna.com.br\/?p=30519\" \/>\n<meta property=\"og:site_name\" content=\"Revista Vitrine Online\" \/>\n<meta property=\"article:published_time\" content=\"2024-01-19T12:20:46+00:00\" \/>\n<meta property=\"article:modified_time\" content=\"2024-01-19T12:20:47+00:00\" \/>\n<meta property=\"og:image\" content=\"https:\/\/revistavitrineibiuna.com.br\/wp-content\/uploads\/2024\/01\/helena-a-aranha.png\" \/>\n\t<meta property=\"og:image:width\" content=\"1349\" \/>\n\t<meta property=\"og:image:height\" content=\"754\" \/>\n<meta name=\"twitter:card\" content=\"summary\" \/>\n<meta name=\"twitter:label1\" content=\"Est. reading time\">\n\t<meta name=\"twitter:data1\" content=\"3 minutos\">\n<script type=\"application\/ld+json\" class=\"yoast-schema-graph\">{\"@context\":\"https:\/\/schema.org\",\"@graph\":[{\"@type\":\"WebSite\",\"@id\":\"https:\/\/revistavitrineibiuna.com.br\/#website\",\"url\":\"https:\/\/revistavitrineibiuna.com.br\/\",\"name\":\"Revista Vitrine Ibi\\u00fana\",\"description\":\"A Revista de Ibi\\u00fana e Regi\\u00e3o\",\"publisher\":{\"@id\":\"https:\/\/revistavitrineibiuna.com.br\/#\/schema\/person\/e51ef49d6d88170ea21ceabff3f73deb\"},\"potentialAction\":[{\"@type\":\"SearchAction\",\"target\":\"https:\/\/revistavitrineibiuna.com.br\/?s={search_term_string}\",\"query-input\":\"required name=search_term_string\"}],\"inLanguage\":\"pt-BR\"},{\"@type\":\"ImageObject\",\"@id\":\"http:\/\/revistavitrineibiuna.com.br\/?p=30519#primaryimage\",\"inLanguage\":\"pt-BR\",\"url\":\"https:\/\/revistavitrineibiuna.com.br\/wp-content\/uploads\/2024\/01\/helena-a-aranha.png\",\"width\":1349,\"height\":754},{\"@type\":\"WebPage\",\"@id\":\"http:\/\/revistavitrineibiuna.com.br\/?p=30519#webpage\",\"url\":\"http:\/\/revistavitrineibiuna.com.br\/?p=30519\",\"name\":\"SER\\u00c1 QUE VOU CATIVAR HELENA? - Revista Vitrine Online\",\"isPartOf\":{\"@id\":\"https:\/\/revistavitrineibiuna.com.br\/#website\"},\"primaryImageOfPage\":{\"@id\":\"http:\/\/revistavitrineibiuna.com.br\/?p=30519#primaryimage\"},\"datePublished\":\"2024-01-19T12:20:46+00:00\",\"dateModified\":\"2024-01-19T12:20:47+00:00\",\"breadcrumb\":{\"@id\":\"http:\/\/revistavitrineibiuna.com.br\/?p=30519#breadcrumb\"},\"inLanguage\":\"pt-BR\",\"potentialAction\":[{\"@type\":\"ReadAction\",\"target\":[\"http:\/\/revistavitrineibiuna.com.br\/?p=30519\"]}]},{\"@type\":\"BreadcrumbList\",\"@id\":\"http:\/\/revistavitrineibiuna.com.br\/?p=30519#breadcrumb\",\"itemListElement\":[{\"@type\":\"ListItem\",\"position\":1,\"item\":{\"@type\":\"WebPage\",\"@id\":\"https:\/\/revistavitrineibiuna.com.br\/\",\"url\":\"https:\/\/revistavitrineibiuna.com.br\/\",\"name\":\"In\\u00edcio\"}},{\"@type\":\"ListItem\",\"position\":2,\"item\":{\"@type\":\"WebPage\",\"@id\":\"http:\/\/revistavitrineibiuna.com.br\/?p=30519\",\"url\":\"http:\/\/revistavitrineibiuna.com.br\/?p=30519\",\"name\":\"SER\\u00c1 QUE VOU CATIVAR HELENA?\"}}]},{\"@type\":\"Article\",\"@id\":\"http:\/\/revistavitrineibiuna.com.br\/?p=30519#article\",\"isPartOf\":{\"@id\":\"http:\/\/revistavitrineibiuna.com.br\/?p=30519#webpage\"},\"author\":{\"@id\":\"https:\/\/revistavitrineibiuna.com.br\/#\/schema\/person\/e51ef49d6d88170ea21ceabff3f73deb\"},\"headline\":\"SER\\u00c1 QUE VOU CATIVAR HELENA?\",\"datePublished\":\"2024-01-19T12:20:46+00:00\",\"dateModified\":\"2024-01-19T12:20:47+00:00\",\"mainEntityOfPage\":{\"@id\":\"http:\/\/revistavitrineibiuna.com.br\/?p=30519#webpage\"},\"commentCount\":0,\"publisher\":{\"@id\":\"https:\/\/revistavitrineibiuna.com.br\/#\/schema\/person\/e51ef49d6d88170ea21ceabff3f73deb\"},\"image\":{\"@id\":\"http:\/\/revistavitrineibiuna.com.br\/?p=30519#primaryimage\"},\"articleSection\":\"Not\\u00edcias\",\"inLanguage\":\"pt-BR\",\"potentialAction\":[{\"@type\":\"CommentAction\",\"name\":\"Comment\",\"target\":[\"http:\/\/revistavitrineibiuna.com.br\/?p=30519#respond\"]}]},{\"@type\":[\"Person\",\"Organization\"],\"@id\":\"https:\/\/revistavitrineibiuna.com.br\/#\/schema\/person\/e51ef49d6d88170ea21ceabff3f73deb\",\"name\":\"Carlos Rossini\",\"image\":{\"@type\":\"ImageObject\",\"@id\":\"https:\/\/revistavitrineibiuna.com.br\/#personlogo\",\"inLanguage\":\"pt-BR\",\"url\":\"https:\/\/secure.gravatar.com\/avatar\/4f2d0f99fac1f85c7d643f21f5c8d900?s=96&d=mm&r=g\",\"caption\":\"Carlos Rossini\"},\"logo\":{\"@id\":\"https:\/\/revistavitrineibiuna.com.br\/#personlogo\"},\"description\":\"Carlos Rossini \\u00e9 jornalista, soci\\u00f3logo, escritor e professor universit\\u00e1rio, tendo sido professor de jornalismo por vinte anos. Trabalhou em ve\\u00edculos de comunica\\u00e7\\u00e3o nas fun\\u00e7\\u00f5es de rep\\u00f3rter, redator, editor, articulista e colaborador, como Folha de S. Paulo, O Estado de S. Paulo, Di\\u00e1rio Popular, entre outros. Ao transferir a revista vitrine, vers\\u00e3o imprensa, de S\\u00e3o Paulo para Ibi\\u00fana h\\u00e1 alguns anos, iniciou uma nova experi\\u00eancia profissional, dedicando-se ao jornalismo regional, depois de cumprir uma trajet\\u00f3ria bem-sucedida na grande imprensa brasileira. Seu primeiro livro A Coragem de Comunicar foi lan\\u00e7ado na Bienal do Livro em S\\u00e3o Paulo no ano 2000, pela editora Madras.\"}]}<\/script>\n<!-- \/ Yoast SEO plugin. -->","_links":{"self":[{"href":"https:\/\/revistavitrineibiuna.com.br\/index.php?rest_route=\/wp\/v2\/posts\/30519"}],"collection":[{"href":"https:\/\/revistavitrineibiuna.com.br\/index.php?rest_route=\/wp\/v2\/posts"}],"about":[{"href":"https:\/\/revistavitrineibiuna.com.br\/index.php?rest_route=\/wp\/v2\/types\/post"}],"author":[{"embeddable":true,"href":"https:\/\/revistavitrineibiuna.com.br\/index.php?rest_route=\/wp\/v2\/users\/1"}],"replies":[{"embeddable":true,"href":"https:\/\/revistavitrineibiuna.com.br\/index.php?rest_route=%2Fwp%2Fv2%2Fcomments&post=30519"}],"version-history":[{"count":1,"href":"https:\/\/revistavitrineibiuna.com.br\/index.php?rest_route=\/wp\/v2\/posts\/30519\/revisions"}],"predecessor-version":[{"id":30521,"href":"https:\/\/revistavitrineibiuna.com.br\/index.php?rest_route=\/wp\/v2\/posts\/30519\/revisions\/30521"}],"wp:featuredmedia":[{"embeddable":true,"href":"https:\/\/revistavitrineibiuna.com.br\/index.php?rest_route=\/wp\/v2\/media\/30520"}],"wp:attachment":[{"href":"https:\/\/revistavitrineibiuna.com.br\/index.php?rest_route=%2Fwp%2Fv2%2Fmedia&parent=30519"}],"wp:term":[{"taxonomy":"category","embeddable":true,"href":"https:\/\/revistavitrineibiuna.com.br\/index.php?rest_route=%2Fwp%2Fv2%2Fcategories&post=30519"},{"taxonomy":"post_tag","embeddable":true,"href":"https:\/\/revistavitrineibiuna.com.br\/index.php?rest_route=%2Fwp%2Fv2%2Ftags&post=30519"}],"curies":[{"name":"wp","href":"https:\/\/api.w.org\/{rel}","templated":true}]}}