{"id":30546,"date":"2024-01-20T18:23:26","date_gmt":"2024-01-20T21:23:26","guid":{"rendered":"http:\/\/revistavitrineibiuna.com.br\/?p=30546"},"modified":"2024-01-20T19:36:35","modified_gmt":"2024-01-20T22:36:35","slug":"ibiuna-cresce-clamor-popular-por-rodoviaria-e-transporte-publico","status":"publish","type":"post","link":"https:\/\/revistavitrineibiuna.com.br\/?p=30546","title":{"rendered":"IBI\u00daNA \u2013 CRESCE CLAMOR POPULAR POR RODOVI\u00c1RIA E TRANSPORTE P\u00daBLICO"},"content":{"rendered":"\n<p class=\"has-drop-cap\"><strong>A Prefeitura de Ibi\u00fana n\u00e3o presta informa\u00e7\u00e3o jornal\u00edstica sobre a esta\u00e7\u00e3o rodovi\u00e1ria, que se encontra em reforma h\u00e1 dois anos e vinte dias, e sobre a situa\u00e7\u00e3o do povo que durante todo esse tempo sofre incr\u00edveis desconfortos \u00e0 espera de \u00f4nibus a c\u00e9u aberto na estreita cal\u00e7ada da Rua Guarani, no centro da cidade.<\/strong> <strong>Coincidentemente, a empresa de \u00f4nibus tamb\u00e9m se comporta de modo &#8220;low profile&#8221;, express\u00e3o inglesa que, em portugu\u00eas, significa &#8220;discreto&#8221;, mas, na realidade, pode ser entendida como &#8220;fechada para a m\u00eddia&#8221;, evitando ao extremo dar informa\u00e7\u00f5es<\/strong> <strong>de interesse p\u00fablico \u00e0 imprensa.<\/strong><\/p>\n\n\n\n<p><strong>A postura da Prefeitura \u00e9 id\u00eantica em rela\u00e7\u00e3o \u00e0 dr\u00e1stica redu\u00e7\u00e3o do n\u00famero de \u00f4nibus da Via\u00e7\u00e3o Raposo Tavares por conta das f\u00e9rias escolares. Imagine-se uma cidade com cerca de noventa bairros rurais depender de 17 \u00f4nibus em circula\u00e7\u00e3o, nos primeiros dias de janeiro. O n\u00famero ter\u00e1 aumentado para 27, por conta das in\u00fameras reclama\u00e7\u00f5es dos usu\u00e1rios que levou a Prefeitura a emitir uma notifica\u00e7\u00e3o \u00e0 empresa prestadora desse servi\u00e7o.<\/strong><\/p>\n\n\n\n<p><strong>Para quem n\u00e3o sabe, durante as f\u00e9rias escolares h\u00e1 uma tradicional diminui\u00e7\u00e3o na oferta de \u00f4nibus por parte da via\u00e7\u00e3o, a fim de evitar preju\u00edzos financeiros, j\u00e1 que ela deixa de receber recursos do governo do estado para transportar estudantes da rede estadual de ensino no munic\u00edpio<\/strong> <strong>no per\u00edodo letivo.<\/strong> <strong>Este ano, no entanto, os primeiros dias de janeiro a redu\u00e7\u00e3o foi bem maior do que o habitual.<\/strong><\/p>\n\n\n\n<p><strong>CLAMOR POPULAR<\/strong><\/p>\n\n\n\n<p><strong>Tr\u00eas fatos [1. a intermin\u00e1vel reforma da esta\u00e7\u00e3o rodovi\u00e1ria; 2. fez com que a popula\u00e7\u00e3o tivesse que esperar \u00f4nibus na Rua Guarani debaixo de sol forte, chuva, frio, e sujeira; 3. a redu\u00e7\u00e3o dos \u00f4nibus dispon\u00edveis.] fizeram com que eclodisse um clamor popular, devido \u00e0s nefastas consequ\u00eancias para a popula\u00e7\u00e3o.<\/strong><\/p>\n\n\n\n<p><strong>Se fosse poss\u00edvel resumir em uma \u00fanica frase as queixas di\u00e1rias feitas pelos usu\u00e1rios, seria esta: \u201cA sociedade ibiunense \u00e9 composta de pessoas que precisam trabalhar, ir ao m\u00e9dico, ao dentista, fazer compras, pagar contas, al\u00e9m, naturalmente, dos estudantes que igualmente dependem de transporte p\u00fablico. Todas essas atividades est\u00e3o sujeitas ao cumprimento de hor\u00e1rio. N\u00e2o se pode chegar atrasado ao trabalho, a um consult\u00f3rio m\u00e9dico ou dent\u00e1rio, para citar alguns casos.\u201d<\/strong><\/p>\n\n\n\n<p><strong>Uma leitora que pediu para n\u00e3o ser identificada disse o seguinte: \u201cPor que o prefeito e o secret\u00e1rio de Desenvolvimento Urbano n\u00e3o tomam uma atitude que atenda aos reclamos da gente? J\u00e1 faz mais de dois anos que estamos sofrendo com isso.\u201d<\/strong><\/p>\n\n\n\n<p><strong>2,5 HORAS DE ESPERA<\/strong><\/p>\n\n\n\n<p><strong>Neste s\u00e1bado (20), a sra. M.C.F. postou a seguinte mensagem nas redes sociais: \u201cDuas horas e meia de p\u00e9 no guarani (sic) esperando o \u00f4nibus nesse calor, \u00e9 pra lascar mesmo.\u201d No fim acrescentou um emoji: uma carinha triste com uma l\u00e1grima escorrendo de um dos olhos.<\/strong><\/p>\n\n\n\n<p><strong>Resultado imediato: trinta e seis coment\u00e1rios e isso acontece por que h\u00e1 uma identifica\u00e7\u00e3o com a queixa inicial feita.<\/strong><\/p>\n\n\n\n<p><strong>Outra mulher J.V. escreveu: \u201cA culpa \u00e9 TODA dos eleitores. N\u00e3o se informam ou se vendem. Sem votos, eles n\u00e3o entram.\u201d<\/strong><\/p>\n\n\n\n<p><strong>Mais uma mulher H.S. grifou: \u201cPor a\u00ed d\u00e1 pra ver que o povo n\u00e3o aprende. E v\u00e3o continuar confiando nesse lixos (sic). Principalmente nos vereadores que na teoria o servi\u00e7o deles seria fiscalizar tudo e dar atendimento nas melhorias. Pois bem. Vamos aguardar outubro [refer\u00eancia indireta \u00e0s elei\u00e7\u00f5es municipais que se realizar\u00e3o no dia 6 de outubro deste ano}.<\/strong><\/p>\n\n\n\n<p><strong>A.C.F. diz: \u201cN\u00e3o somos s\u00f3 n\u00f3s os culpados! O problema maior s\u00e3o esses pol\u00edticos desonestos, corruptos que fazem promessa que sabem que n\u00e3o v\u00e3o cumprir. A culpa tamb\u00e9m \u00e9 de algumas pessoas que se vendem para se dar bem! Quem troca seu t\u00edtulo por favores que seriam obriga\u00e7\u00e3o do governo cumprir, trocam voto por cargo, por facilidades. Tenho muita pena desses coitados que trocam seus t\u00edtulos por esses motivos.\u201d<\/strong><\/p>\n\n\n\n<p><strong>Z.C.F. faz um depoimento comovente: \u201cJ\u00e1 andei da Nissin at\u00e9 Cotia, quando fui ver um \u00f4nibus quando estava chegando no centro de Vargem Grande&#8230;at\u00e9 a\u00ed eu decidi continuar em busca de trabalho com dinheiro apenas para voltar para casa.\u201d<\/strong><\/p>\n\n\n\n<p><strong>M.C.F. faz declara\u00e7\u00e3o sintom\u00e1tica: \u201cSei bem como \u00e9. Eu ando 2 km pra chegar no ponto de \u00f4nibus porque eu moro no s\u00edtio, aqui al\u00e9m de ser ruim de trabalho \u00e9 ruim tamb\u00e9m de \u00f4nibus.\u201d<\/strong><\/p>\n\n\n\n<p><strong>D.O. faz uma declara\u00e7\u00e3o contundente: \u201cFalta concorr\u00eancia pra esse lixo (sic) de empresa de \u00f4nibus que temos em Ibi\u00fana, tarifa cara e refugo de \u00f4nibus dispensados por outras cidades&#8230;a quest\u00e3o \u00e9 que o povo tem que se manifestar e cobrar dos respons\u00e1veis que est\u00e3o na gest\u00e3o atual.\u201d<\/strong><\/p>\n\n\n\n<p><strong>E.F.A.: \u201cEles da Prefeitura n\u00e3o precisam pegar \u00f4nibus, logo est\u00e3o c&#8230;ndo pra popula\u00e7\u00e3o.\u201d<\/strong><\/p>\n\n\n\n<p><strong>R.P. pega carona nessa frase: \u201cDif\u00edcil hem colega! \u00c9 porque os pol\u00edticos n\u00e3o precisam do transporte p\u00fablico. Por isso, n\u00e3o se preocupam, mas as elei\u00e7\u00f5es t\u00e1 (sic) chegando a\u00ed??? Vamos ver as promessas.\u201d<\/strong><\/p>\n\n\n\n<p><strong>Pelo menos tr\u00eas comentaristas manifestaram a vontade de arranjar emprego fora e sair da cidade por essas e outras afli\u00e7\u00f5es.<\/strong><\/p>\n","protected":false},"excerpt":{"rendered":"<p>A Prefeitura de Ibi\u00fana n\u00e3o presta informa\u00e7\u00e3o jornal\u00edstica sobre a esta\u00e7\u00e3o rodovi\u00e1ria, que se encontra em reforma h\u00e1 dois anos<\/p>\n","protected":false},"author":1,"featured_media":30547,"comment_status":"open","ping_status":"open","sticky":false,"template":"","format":"standard","meta":[],"categories":[3],"tags":[],"yoast_head":"<!-- This site is optimized with the Yoast SEO plugin v15.8 - https:\/\/yoast.com\/wordpress\/plugins\/seo\/ -->\n<title>IBI\u00daNA \u2013 CRESCE CLAMOR POPULAR POR RODOVI\u00c1RIA E TRANSPORTE P\u00daBLICO - Revista Vitrine Online<\/title>\n<meta name=\"robots\" content=\"index, follow, max-snippet:-1, max-image-preview:large, max-video-preview:-1\" \/>\n<link rel=\"canonical\" href=\"http:\/\/revistavitrineibiuna.com.br\/?p=30546\" \/>\n<meta property=\"og:locale\" content=\"pt_BR\" \/>\n<meta property=\"og:type\" content=\"article\" \/>\n<meta property=\"og:title\" content=\"IBI\u00daNA \u2013 CRESCE CLAMOR POPULAR POR RODOVI\u00c1RIA E TRANSPORTE P\u00daBLICO - Revista Vitrine Online\" \/>\n<meta property=\"og:description\" content=\"A Prefeitura de Ibi\u00fana n\u00e3o presta informa\u00e7\u00e3o jornal\u00edstica sobre a esta\u00e7\u00e3o rodovi\u00e1ria, que se encontra em reforma h\u00e1 dois anos\" \/>\n<meta property=\"og:url\" content=\"http:\/\/revistavitrineibiuna.com.br\/?p=30546\" \/>\n<meta property=\"og:site_name\" content=\"Revista Vitrine Online\" \/>\n<meta property=\"article:published_time\" content=\"2024-01-20T21:23:26+00:00\" \/>\n<meta property=\"article:modified_time\" content=\"2024-01-20T22:36:35+00:00\" \/>\n<meta property=\"og:image\" content=\"https:\/\/revistavitrineibiuna.com.br\/wp-content\/uploads\/2024\/01\/FOTO-RODOVIARIA-MATERIA-NOVA.png\" \/>\n\t<meta property=\"og:image:width\" content=\"712\" \/>\n\t<meta property=\"og:image:height\" content=\"401\" \/>\n<meta name=\"twitter:card\" content=\"summary\" \/>\n<meta name=\"twitter:label1\" content=\"Est. reading time\">\n\t<meta name=\"twitter:data1\" content=\"4 minutos\">\n<script type=\"application\/ld+json\" class=\"yoast-schema-graph\">{\"@context\":\"https:\/\/schema.org\",\"@graph\":[{\"@type\":\"WebSite\",\"@id\":\"https:\/\/revistavitrineibiuna.com.br\/#website\",\"url\":\"https:\/\/revistavitrineibiuna.com.br\/\",\"name\":\"Revista Vitrine Ibi\\u00fana\",\"description\":\"A Revista de Ibi\\u00fana e Regi\\u00e3o\",\"publisher\":{\"@id\":\"https:\/\/revistavitrineibiuna.com.br\/#\/schema\/person\/e51ef49d6d88170ea21ceabff3f73deb\"},\"potentialAction\":[{\"@type\":\"SearchAction\",\"target\":\"https:\/\/revistavitrineibiuna.com.br\/?s={search_term_string}\",\"query-input\":\"required name=search_term_string\"}],\"inLanguage\":\"pt-BR\"},{\"@type\":\"ImageObject\",\"@id\":\"http:\/\/revistavitrineibiuna.com.br\/?p=30546#primaryimage\",\"inLanguage\":\"pt-BR\",\"url\":\"https:\/\/revistavitrineibiuna.com.br\/wp-content\/uploads\/2024\/01\/FOTO-RODOVIARIA-MATERIA-NOVA.png\",\"width\":712,\"height\":401},{\"@type\":\"WebPage\",\"@id\":\"http:\/\/revistavitrineibiuna.com.br\/?p=30546#webpage\",\"url\":\"http:\/\/revistavitrineibiuna.com.br\/?p=30546\",\"name\":\"IBI\\u00daNA \\u2013 CRESCE CLAMOR POPULAR POR RODOVI\\u00c1RIA E TRANSPORTE P\\u00daBLICO - Revista Vitrine Online\",\"isPartOf\":{\"@id\":\"https:\/\/revistavitrineibiuna.com.br\/#website\"},\"primaryImageOfPage\":{\"@id\":\"http:\/\/revistavitrineibiuna.com.br\/?p=30546#primaryimage\"},\"datePublished\":\"2024-01-20T21:23:26+00:00\",\"dateModified\":\"2024-01-20T22:36:35+00:00\",\"breadcrumb\":{\"@id\":\"http:\/\/revistavitrineibiuna.com.br\/?p=30546#breadcrumb\"},\"inLanguage\":\"pt-BR\",\"potentialAction\":[{\"@type\":\"ReadAction\",\"target\":[\"http:\/\/revistavitrineibiuna.com.br\/?p=30546\"]}]},{\"@type\":\"BreadcrumbList\",\"@id\":\"http:\/\/revistavitrineibiuna.com.br\/?p=30546#breadcrumb\",\"itemListElement\":[{\"@type\":\"ListItem\",\"position\":1,\"item\":{\"@type\":\"WebPage\",\"@id\":\"https:\/\/revistavitrineibiuna.com.br\/\",\"url\":\"https:\/\/revistavitrineibiuna.com.br\/\",\"name\":\"In\\u00edcio\"}},{\"@type\":\"ListItem\",\"position\":2,\"item\":{\"@type\":\"WebPage\",\"@id\":\"http:\/\/revistavitrineibiuna.com.br\/?p=30546\",\"url\":\"http:\/\/revistavitrineibiuna.com.br\/?p=30546\",\"name\":\"IBI\\u00daNA \\u2013 CRESCE CLAMOR POPULAR POR RODOVI\\u00c1RIA E TRANSPORTE P\\u00daBLICO\"}}]},{\"@type\":\"Article\",\"@id\":\"http:\/\/revistavitrineibiuna.com.br\/?p=30546#article\",\"isPartOf\":{\"@id\":\"http:\/\/revistavitrineibiuna.com.br\/?p=30546#webpage\"},\"author\":{\"@id\":\"https:\/\/revistavitrineibiuna.com.br\/#\/schema\/person\/e51ef49d6d88170ea21ceabff3f73deb\"},\"headline\":\"IBI\\u00daNA \\u2013 CRESCE CLAMOR POPULAR POR RODOVI\\u00c1RIA E TRANSPORTE P\\u00daBLICO\",\"datePublished\":\"2024-01-20T21:23:26+00:00\",\"dateModified\":\"2024-01-20T22:36:35+00:00\",\"mainEntityOfPage\":{\"@id\":\"http:\/\/revistavitrineibiuna.com.br\/?p=30546#webpage\"},\"commentCount\":0,\"publisher\":{\"@id\":\"https:\/\/revistavitrineibiuna.com.br\/#\/schema\/person\/e51ef49d6d88170ea21ceabff3f73deb\"},\"image\":{\"@id\":\"http:\/\/revistavitrineibiuna.com.br\/?p=30546#primaryimage\"},\"articleSection\":\"Not\\u00edcias\",\"inLanguage\":\"pt-BR\",\"potentialAction\":[{\"@type\":\"CommentAction\",\"name\":\"Comment\",\"target\":[\"http:\/\/revistavitrineibiuna.com.br\/?p=30546#respond\"]}]},{\"@type\":[\"Person\",\"Organization\"],\"@id\":\"https:\/\/revistavitrineibiuna.com.br\/#\/schema\/person\/e51ef49d6d88170ea21ceabff3f73deb\",\"name\":\"Carlos Rossini\",\"image\":{\"@type\":\"ImageObject\",\"@id\":\"https:\/\/revistavitrineibiuna.com.br\/#personlogo\",\"inLanguage\":\"pt-BR\",\"url\":\"https:\/\/secure.gravatar.com\/avatar\/4f2d0f99fac1f85c7d643f21f5c8d900?s=96&d=mm&r=g\",\"caption\":\"Carlos Rossini\"},\"logo\":{\"@id\":\"https:\/\/revistavitrineibiuna.com.br\/#personlogo\"},\"description\":\"Carlos Rossini \\u00e9 jornalista, soci\\u00f3logo, escritor e professor universit\\u00e1rio, tendo sido professor de jornalismo por vinte anos. Trabalhou em ve\\u00edculos de comunica\\u00e7\\u00e3o nas fun\\u00e7\\u00f5es de rep\\u00f3rter, redator, editor, articulista e colaborador, como Folha de S. Paulo, O Estado de S. Paulo, Di\\u00e1rio Popular, entre outros. Ao transferir a revista vitrine, vers\\u00e3o imprensa, de S\\u00e3o Paulo para Ibi\\u00fana h\\u00e1 alguns anos, iniciou uma nova experi\\u00eancia profissional, dedicando-se ao jornalismo regional, depois de cumprir uma trajet\\u00f3ria bem-sucedida na grande imprensa brasileira. Seu primeiro livro A Coragem de Comunicar foi lan\\u00e7ado na Bienal do Livro em S\\u00e3o Paulo no ano 2000, pela editora Madras.\"}]}<\/script>\n<!-- \/ Yoast SEO plugin. -->","_links":{"self":[{"href":"https:\/\/revistavitrineibiuna.com.br\/index.php?rest_route=\/wp\/v2\/posts\/30546"}],"collection":[{"href":"https:\/\/revistavitrineibiuna.com.br\/index.php?rest_route=\/wp\/v2\/posts"}],"about":[{"href":"https:\/\/revistavitrineibiuna.com.br\/index.php?rest_route=\/wp\/v2\/types\/post"}],"author":[{"embeddable":true,"href":"https:\/\/revistavitrineibiuna.com.br\/index.php?rest_route=\/wp\/v2\/users\/1"}],"replies":[{"embeddable":true,"href":"https:\/\/revistavitrineibiuna.com.br\/index.php?rest_route=%2Fwp%2Fv2%2Fcomments&post=30546"}],"version-history":[{"count":13,"href":"https:\/\/revistavitrineibiuna.com.br\/index.php?rest_route=\/wp\/v2\/posts\/30546\/revisions"}],"predecessor-version":[{"id":30566,"href":"https:\/\/revistavitrineibiuna.com.br\/index.php?rest_route=\/wp\/v2\/posts\/30546\/revisions\/30566"}],"wp:featuredmedia":[{"embeddable":true,"href":"https:\/\/revistavitrineibiuna.com.br\/index.php?rest_route=\/wp\/v2\/media\/30547"}],"wp:attachment":[{"href":"https:\/\/revistavitrineibiuna.com.br\/index.php?rest_route=%2Fwp%2Fv2%2Fmedia&parent=30546"}],"wp:term":[{"taxonomy":"category","embeddable":true,"href":"https:\/\/revistavitrineibiuna.com.br\/index.php?rest_route=%2Fwp%2Fv2%2Fcategories&post=30546"},{"taxonomy":"post_tag","embeddable":true,"href":"https:\/\/revistavitrineibiuna.com.br\/index.php?rest_route=%2Fwp%2Fv2%2Ftags&post=30546"}],"curies":[{"name":"wp","href":"https:\/\/api.w.org\/{rel}","templated":true}]}}