{"id":30567,"date":"2024-01-22T20:14:44","date_gmt":"2024-01-22T23:14:44","guid":{"rendered":"http:\/\/revistavitrineibiuna.com.br\/?p=30567"},"modified":"2024-01-22T20:17:33","modified_gmt":"2024-01-22T23:17:33","slug":"ibiuna-morre-lucia-falci-aos-82-anos","status":"publish","type":"post","link":"https:\/\/revistavitrineibiuna.com.br\/?p=30567","title":{"rendered":"IBI\u00daNA \u2013 MORRE L\u00daCIA FALCI, AOS 82 ANOS"},"content":{"rendered":"\n<p class=\"has-drop-cap\"><strong>Vi\u00fava do ex-prefeito Zezito Falci, d. L\u00facia Ferreira Barroco Falci morreu na tarde de hoje (22) em um hospital em S\u00e3o Paulo, onde estava internada havia cinco dias, v\u00edtima de crise asm\u00e1tica.<\/strong><\/p>\n\n\n\n<p><strong>O vel\u00f3rio ser\u00e1 realizado no Vel\u00f3rio Municipal de Ibi\u00fana nesta ter\u00e7a-feira (23), das 10h \u00e0s 16h30, e seu corpo ser\u00e1 sepultado no t\u00famulo da fam\u00edlia ao lado do marido, no Cemit\u00e9rio da Paz.<\/strong><\/p>\n\n\n\n<p><strong>Zezito Falci, vereador diversas vezes, \u00e9 considerado o prefeito que realizou o maior n\u00famero de obras p\u00fablicas na cidade, incluindo o Terminal Rodovi\u00e1rio e o Pa\u00e7o Municipal.<\/strong><\/p>\n\n\n\n<p><strong>Zezito tinha uma rela\u00e7\u00e3o com a popula\u00e7\u00e3o marcada pela simpatia e carisma incompar\u00e1vel na hist\u00f3rica pol\u00edtica ibiunense. Ele morreu no dia 17 de mar\u00e7o de 2021.<\/strong><\/p>\n\n\n\n<p><strong>PROMO\u00c7\u00c3O SOCIAL<\/strong><\/p>\n\n\n\n<p><strong>Parceira de todas as horas, d. L\u00facia comandou o Fundo Social de Solidariedade durante o governo de Zezito. A Secretaria de Promo\u00e7\u00e3o Social passou a dar assist\u00eancia \u00e0s fam\u00edlias carentes, distribuindo cestas b\u00e1sicas, enxovais aos rec\u00e9m-nascidos, roupas para as fam\u00edlias, distribui\u00e7\u00e3o de medicamentos, encaminhamento m\u00e9dico. Realizou tamb\u00e9m um trabalho socioeducativo, incluindo palestras.<\/strong><\/p>\n\n\n\n<p><strong>Realizou um trabalho de valoriza\u00e7\u00e3o das creches, com profissionais habilitados, alimenta\u00e7\u00e3o adequada e instala\u00e7\u00f5es funcionais.<\/strong><\/p>\n\n\n\n<p><strong>Sob sua orienta\u00e7\u00e3o foram criados o Serpromi \u2013 Servi\u00e7o de Prote\u00e7\u00e3o aos Menores de Ibi\u00fana, que tinha a Guarda Mirim com o uniforme verde e o Clube dos Engraxates Mirins, dando assist\u00eancia \u00e0s crian\u00e7as ap\u00f3s as aulas nas escolas.<\/strong><\/p>\n\n\n\n<p><strong>Visando oferecer moradia digna \u00e0s fam\u00edlias carentes, firmou-se conv\u00eanio com a CDHU \u2013 Companhia de Desenvolvimento Habitacional e Urbano, com a constru\u00e7\u00e3o de casas confort\u00e1veis. Assim, surgiu o Conjunto Habitacional Santa L\u00facia em 1987. Nesse local foi constru\u00edda a capela tendo Santa L\u00facia como padroeira.<\/strong><\/p>\n\n\n\n<p><strong>D. L\u00facia deixa os filhos Jos\u00e9 Vicente Falci Filho e Maria Cristina Falci e os netos Lucas, Stefanie Cristiane e Pietra.<\/strong><\/p>\n","protected":false},"excerpt":{"rendered":"<p>Vi\u00fava do ex-prefeito Zezito Falci, d. L\u00facia Ferreira Barroco Falci morreu na tarde de hoje (22) em um hospital em<\/p>\n","protected":false},"author":1,"featured_media":30568,"comment_status":"open","ping_status":"open","sticky":false,"template":"","format":"standard","meta":[],"categories":[3],"tags":[],"yoast_head":"<!-- This site is optimized with the Yoast SEO plugin v15.8 - https:\/\/yoast.com\/wordpress\/plugins\/seo\/ -->\n<title>IBI\u00daNA \u2013 MORRE L\u00daCIA FALCI, AOS 82 ANOS - Revista Vitrine Online<\/title>\n<meta name=\"robots\" content=\"index, follow, max-snippet:-1, max-image-preview:large, max-video-preview:-1\" \/>\n<link rel=\"canonical\" href=\"http:\/\/revistavitrineibiuna.com.br\/?p=30567\" \/>\n<meta property=\"og:locale\" content=\"pt_BR\" \/>\n<meta property=\"og:type\" content=\"article\" \/>\n<meta property=\"og:title\" content=\"IBI\u00daNA \u2013 MORRE L\u00daCIA FALCI, AOS 82 ANOS - Revista Vitrine Online\" \/>\n<meta property=\"og:description\" content=\"Vi\u00fava do ex-prefeito Zezito Falci, d. L\u00facia Ferreira Barroco Falci morreu na tarde de hoje (22) em um hospital em\" \/>\n<meta property=\"og:url\" content=\"http:\/\/revistavitrineibiuna.com.br\/?p=30567\" \/>\n<meta property=\"og:site_name\" content=\"Revista Vitrine Online\" \/>\n<meta property=\"article:published_time\" content=\"2024-01-22T23:14:44+00:00\" \/>\n<meta property=\"article:modified_time\" content=\"2024-01-22T23:17:33+00:00\" \/>\n<meta property=\"og:image\" content=\"https:\/\/revistavitrineibiuna.com.br\/wp-content\/uploads\/2024\/01\/Morre-Lucia-mulher-de-Zezito-Falci-22.1.2024.png\" \/>\n\t<meta property=\"og:image:width\" content=\"594\" \/>\n\t<meta property=\"og:image:height\" content=\"398\" \/>\n<meta name=\"twitter:card\" content=\"summary\" \/>\n<meta name=\"twitter:label1\" content=\"Est. reading time\">\n\t<meta name=\"twitter:data1\" content=\"2 minutos\">\n<script type=\"application\/ld+json\" class=\"yoast-schema-graph\">{\"@context\":\"https:\/\/schema.org\",\"@graph\":[{\"@type\":\"WebSite\",\"@id\":\"https:\/\/revistavitrineibiuna.com.br\/#website\",\"url\":\"https:\/\/revistavitrineibiuna.com.br\/\",\"name\":\"Revista Vitrine Ibi\\u00fana\",\"description\":\"A Revista de Ibi\\u00fana e Regi\\u00e3o\",\"publisher\":{\"@id\":\"https:\/\/revistavitrineibiuna.com.br\/#\/schema\/person\/e51ef49d6d88170ea21ceabff3f73deb\"},\"potentialAction\":[{\"@type\":\"SearchAction\",\"target\":\"https:\/\/revistavitrineibiuna.com.br\/?s={search_term_string}\",\"query-input\":\"required name=search_term_string\"}],\"inLanguage\":\"pt-BR\"},{\"@type\":\"ImageObject\",\"@id\":\"http:\/\/revistavitrineibiuna.com.br\/?p=30567#primaryimage\",\"inLanguage\":\"pt-BR\",\"url\":\"https:\/\/revistavitrineibiuna.com.br\/wp-content\/uploads\/2024\/01\/Morre-Lucia-mulher-de-Zezito-Falci-22.1.2024.png\",\"width\":594,\"height\":398},{\"@type\":\"WebPage\",\"@id\":\"http:\/\/revistavitrineibiuna.com.br\/?p=30567#webpage\",\"url\":\"http:\/\/revistavitrineibiuna.com.br\/?p=30567\",\"name\":\"IBI\\u00daNA \\u2013 MORRE L\\u00daCIA FALCI, AOS 82 ANOS - Revista Vitrine Online\",\"isPartOf\":{\"@id\":\"https:\/\/revistavitrineibiuna.com.br\/#website\"},\"primaryImageOfPage\":{\"@id\":\"http:\/\/revistavitrineibiuna.com.br\/?p=30567#primaryimage\"},\"datePublished\":\"2024-01-22T23:14:44+00:00\",\"dateModified\":\"2024-01-22T23:17:33+00:00\",\"breadcrumb\":{\"@id\":\"http:\/\/revistavitrineibiuna.com.br\/?p=30567#breadcrumb\"},\"inLanguage\":\"pt-BR\",\"potentialAction\":[{\"@type\":\"ReadAction\",\"target\":[\"http:\/\/revistavitrineibiuna.com.br\/?p=30567\"]}]},{\"@type\":\"BreadcrumbList\",\"@id\":\"http:\/\/revistavitrineibiuna.com.br\/?p=30567#breadcrumb\",\"itemListElement\":[{\"@type\":\"ListItem\",\"position\":1,\"item\":{\"@type\":\"WebPage\",\"@id\":\"https:\/\/revistavitrineibiuna.com.br\/\",\"url\":\"https:\/\/revistavitrineibiuna.com.br\/\",\"name\":\"In\\u00edcio\"}},{\"@type\":\"ListItem\",\"position\":2,\"item\":{\"@type\":\"WebPage\",\"@id\":\"http:\/\/revistavitrineibiuna.com.br\/?p=30567\",\"url\":\"http:\/\/revistavitrineibiuna.com.br\/?p=30567\",\"name\":\"IBI\\u00daNA \\u2013 MORRE L\\u00daCIA FALCI, AOS 82 ANOS\"}}]},{\"@type\":\"Article\",\"@id\":\"http:\/\/revistavitrineibiuna.com.br\/?p=30567#article\",\"isPartOf\":{\"@id\":\"http:\/\/revistavitrineibiuna.com.br\/?p=30567#webpage\"},\"author\":{\"@id\":\"https:\/\/revistavitrineibiuna.com.br\/#\/schema\/person\/e51ef49d6d88170ea21ceabff3f73deb\"},\"headline\":\"IBI\\u00daNA \\u2013 MORRE L\\u00daCIA FALCI, AOS 82 ANOS\",\"datePublished\":\"2024-01-22T23:14:44+00:00\",\"dateModified\":\"2024-01-22T23:17:33+00:00\",\"mainEntityOfPage\":{\"@id\":\"http:\/\/revistavitrineibiuna.com.br\/?p=30567#webpage\"},\"commentCount\":0,\"publisher\":{\"@id\":\"https:\/\/revistavitrineibiuna.com.br\/#\/schema\/person\/e51ef49d6d88170ea21ceabff3f73deb\"},\"image\":{\"@id\":\"http:\/\/revistavitrineibiuna.com.br\/?p=30567#primaryimage\"},\"articleSection\":\"Not\\u00edcias\",\"inLanguage\":\"pt-BR\",\"potentialAction\":[{\"@type\":\"CommentAction\",\"name\":\"Comment\",\"target\":[\"http:\/\/revistavitrineibiuna.com.br\/?p=30567#respond\"]}]},{\"@type\":[\"Person\",\"Organization\"],\"@id\":\"https:\/\/revistavitrineibiuna.com.br\/#\/schema\/person\/e51ef49d6d88170ea21ceabff3f73deb\",\"name\":\"Carlos Rossini\",\"image\":{\"@type\":\"ImageObject\",\"@id\":\"https:\/\/revistavitrineibiuna.com.br\/#personlogo\",\"inLanguage\":\"pt-BR\",\"url\":\"https:\/\/secure.gravatar.com\/avatar\/4f2d0f99fac1f85c7d643f21f5c8d900?s=96&d=mm&r=g\",\"caption\":\"Carlos Rossini\"},\"logo\":{\"@id\":\"https:\/\/revistavitrineibiuna.com.br\/#personlogo\"},\"description\":\"Carlos Rossini \\u00e9 jornalista, soci\\u00f3logo, escritor e professor universit\\u00e1rio, tendo sido professor de jornalismo por vinte anos. Trabalhou em ve\\u00edculos de comunica\\u00e7\\u00e3o nas fun\\u00e7\\u00f5es de rep\\u00f3rter, redator, editor, articulista e colaborador, como Folha de S. Paulo, O Estado de S. Paulo, Di\\u00e1rio Popular, entre outros. Ao transferir a revista vitrine, vers\\u00e3o imprensa, de S\\u00e3o Paulo para Ibi\\u00fana h\\u00e1 alguns anos, iniciou uma nova experi\\u00eancia profissional, dedicando-se ao jornalismo regional, depois de cumprir uma trajet\\u00f3ria bem-sucedida na grande imprensa brasileira. Seu primeiro livro A Coragem de Comunicar foi lan\\u00e7ado na Bienal do Livro em S\\u00e3o Paulo no ano 2000, pela editora Madras.\"}]}<\/script>\n<!-- \/ Yoast SEO plugin. -->","_links":{"self":[{"href":"https:\/\/revistavitrineibiuna.com.br\/index.php?rest_route=\/wp\/v2\/posts\/30567"}],"collection":[{"href":"https:\/\/revistavitrineibiuna.com.br\/index.php?rest_route=\/wp\/v2\/posts"}],"about":[{"href":"https:\/\/revistavitrineibiuna.com.br\/index.php?rest_route=\/wp\/v2\/types\/post"}],"author":[{"embeddable":true,"href":"https:\/\/revistavitrineibiuna.com.br\/index.php?rest_route=\/wp\/v2\/users\/1"}],"replies":[{"embeddable":true,"href":"https:\/\/revistavitrineibiuna.com.br\/index.php?rest_route=%2Fwp%2Fv2%2Fcomments&post=30567"}],"version-history":[{"count":2,"href":"https:\/\/revistavitrineibiuna.com.br\/index.php?rest_route=\/wp\/v2\/posts\/30567\/revisions"}],"predecessor-version":[{"id":30570,"href":"https:\/\/revistavitrineibiuna.com.br\/index.php?rest_route=\/wp\/v2\/posts\/30567\/revisions\/30570"}],"wp:featuredmedia":[{"embeddable":true,"href":"https:\/\/revistavitrineibiuna.com.br\/index.php?rest_route=\/wp\/v2\/media\/30568"}],"wp:attachment":[{"href":"https:\/\/revistavitrineibiuna.com.br\/index.php?rest_route=%2Fwp%2Fv2%2Fmedia&parent=30567"}],"wp:term":[{"taxonomy":"category","embeddable":true,"href":"https:\/\/revistavitrineibiuna.com.br\/index.php?rest_route=%2Fwp%2Fv2%2Fcategories&post=30567"},{"taxonomy":"post_tag","embeddable":true,"href":"https:\/\/revistavitrineibiuna.com.br\/index.php?rest_route=%2Fwp%2Fv2%2Ftags&post=30567"}],"curies":[{"name":"wp","href":"https:\/\/api.w.org\/{rel}","templated":true}]}}