{"id":30571,"date":"2024-01-23T10:02:28","date_gmt":"2024-01-23T13:02:28","guid":{"rendered":"http:\/\/revistavitrineibiuna.com.br\/?p=30571"},"modified":"2024-01-23T10:14:28","modified_gmt":"2024-01-23T13:14:28","slug":"ibiuna-sindicato-consegue-reajuste-de-1283-para-os-trabalhadores-rurais","status":"publish","type":"post","link":"https:\/\/revistavitrineibiuna.com.br\/?p=30571","title":{"rendered":"IBI\u00daNA \u2013 SINDICATO CONSEGUE REAJUSTE DE 12,83% PARA OS TRABALHADORES RURAIS"},"content":{"rendered":"\n<p class=\"has-drop-cap\"><strong>Desde o dia 1\u00ba de janeiro e at\u00e9 31 de dezembro de 2024, nenhum trabalhador rural poder\u00e1 ser admitido e receber menos do que R$ 1.500,00. Este \u00e9 o novo piso salarial da categoria em todo o territ\u00f3rio de Ibi\u00fana, acertado com o Sindicato Rural de Ibi\u00fana [patronal].<\/strong><\/p>\n\n\n\n<p><strong>\u201cO reajuste da categoria foi estipulado em 12,83%, elevando a m\u00e9dia salarial desses trabalhadores a R$ 1.649,01\u201d, segundo informou ontem (22) a vitrine online o presidente do Sindicato dos Trabalhadores e Empregados Rurais de Ibi\u00fana e Regi\u00e3o, Francisco Edivan Pereira.<\/strong><\/p>\n\n\n\n<p><strong>Aos demais trabalhadores que j\u00e1 recebem mais do que o piso dever\u00e1 ser aplicado acr\u00e9scimo de 12,83% aos sal\u00e1rios que j\u00e1 vinham recebendo.<\/strong><\/p>\n\n\n\n<p><strong>O presidente da entidade esclareceu ainda que os trabalhadores que exercem m\u00e3o de obra especializada [operador de m\u00e1quinas agr\u00edcolas, motorista rural, tratorista agr\u00edcola, administrador rural, l\u00edder de campo, supervisor, coordenador , retireiro, inseminador artificial, granjeiro e aplicador de defendisos agr\u00edcolas] devem receber um adicional de 30%, sobre o piso salarial vigente, o que eleva o m\u00ednimo desses trabalhadores para R$ 1.950,00, a partir de 1\u00ba de janeiro.<\/strong><\/p>\n\n\n\n<p><strong>Outra conquista da conven\u00e7\u00e3o coletiva de trabalho estendeu a cobertura de assist\u00eancia m\u00e9dico-ondontol\u00f3gica, prestada pelo sindicato, mas remunerada pelos empregadores que antes, que inclu\u00eda o trabalhador e filhos com idade de at\u00e9 16 anos, agora tamb\u00e9m est\u00e1 assegurada para o c\u00f4njuge do trabalhador ou da trabalhadora.<\/strong><\/p>\n\n\n\n<p><strong>Os valores dos seguros de vida por morte natural [R$ 10 mil] ou acidental dos trabalhadores [R$ 20 mil] ter\u00e3o seus valores corrigidos na nova ap\u00f3lice da seguradora.<\/strong><\/p>\n\n\n\n<p><strong>Os acordo feitos entre as duas entidades somam 25 p\u00e1ginas incluem diversos benef\u00edcios j\u00e1 conquistados para os trabalhadores rurais de Ibi\u00fana.<\/strong><\/p>\n\n\n\n<p><strong>De acordo com Fransisco Edivan Pereira o n\u00famero oficial de trabalhadores rurais \u00e9 cerca de 4.800 pessoas, mas esse n\u00famero deve ser consideravelmente bem maior, uma vez que h\u00e1 muita informalidade no setor [trabalhadores sem carteira assinada atuando como diaristas], o que configura uma irregularidade trabalhista.<\/strong><\/p>\n\n\n\n<p><strong>O Sindicato interv\u00e9m quando os casos de irregularidades chegam ao seu conhecimento.<\/strong><\/p>\n","protected":false},"excerpt":{"rendered":"<p>Desde o dia 1\u00ba de janeiro e at\u00e9 31 de dezembro de 2024, nenhum trabalhador rural poder\u00e1 ser admitido e<\/p>\n","protected":false},"author":1,"featured_media":30572,"comment_status":"open","ping_status":"open","sticky":false,"template":"","format":"standard","meta":[],"categories":[3],"tags":[],"yoast_head":"<!-- This site is optimized with the Yoast SEO plugin v15.8 - https:\/\/yoast.com\/wordpress\/plugins\/seo\/ -->\n<title>IBI\u00daNA \u2013 SINDICATO CONSEGUE REAJUSTE DE 12,83% PARA OS TRABALHADORES RURAIS - Revista Vitrine Online<\/title>\n<meta name=\"robots\" content=\"index, follow, max-snippet:-1, max-image-preview:large, max-video-preview:-1\" \/>\n<link rel=\"canonical\" href=\"http:\/\/revistavitrineibiuna.com.br\/?p=30571\" \/>\n<meta property=\"og:locale\" content=\"pt_BR\" \/>\n<meta property=\"og:type\" content=\"article\" \/>\n<meta property=\"og:title\" content=\"IBI\u00daNA \u2013 SINDICATO CONSEGUE REAJUSTE DE 12,83% PARA OS TRABALHADORES RURAIS - Revista Vitrine Online\" \/>\n<meta property=\"og:description\" content=\"Desde o dia 1\u00ba de janeiro e at\u00e9 31 de dezembro de 2024, nenhum trabalhador rural poder\u00e1 ser admitido e\" \/>\n<meta property=\"og:url\" content=\"http:\/\/revistavitrineibiuna.com.br\/?p=30571\" \/>\n<meta property=\"og:site_name\" content=\"Revista Vitrine Online\" \/>\n<meta property=\"article:published_time\" content=\"2024-01-23T13:02:28+00:00\" \/>\n<meta property=\"article:modified_time\" content=\"2024-01-23T13:14:28+00:00\" \/>\n<meta property=\"og:image\" content=\"https:\/\/revistavitrineibiuna.com.br\/wp-content\/uploads\/2024\/01\/assembleia-geral-convencao-coletiva.png\" \/>\n\t<meta property=\"og:image:width\" content=\"974\" \/>\n\t<meta property=\"og:image:height\" content=\"604\" \/>\n<meta name=\"twitter:card\" content=\"summary\" \/>\n<meta name=\"twitter:label1\" content=\"Est. reading time\">\n\t<meta name=\"twitter:data1\" content=\"2 minutos\">\n<script type=\"application\/ld+json\" class=\"yoast-schema-graph\">{\"@context\":\"https:\/\/schema.org\",\"@graph\":[{\"@type\":\"WebSite\",\"@id\":\"https:\/\/revistavitrineibiuna.com.br\/#website\",\"url\":\"https:\/\/revistavitrineibiuna.com.br\/\",\"name\":\"Revista Vitrine Ibi\\u00fana\",\"description\":\"A Revista de Ibi\\u00fana e Regi\\u00e3o\",\"publisher\":{\"@id\":\"https:\/\/revistavitrineibiuna.com.br\/#\/schema\/person\/e51ef49d6d88170ea21ceabff3f73deb\"},\"potentialAction\":[{\"@type\":\"SearchAction\",\"target\":\"https:\/\/revistavitrineibiuna.com.br\/?s={search_term_string}\",\"query-input\":\"required name=search_term_string\"}],\"inLanguage\":\"pt-BR\"},{\"@type\":\"ImageObject\",\"@id\":\"http:\/\/revistavitrineibiuna.com.br\/?p=30571#primaryimage\",\"inLanguage\":\"pt-BR\",\"url\":\"https:\/\/revistavitrineibiuna.com.br\/wp-content\/uploads\/2024\/01\/assembleia-geral-convencao-coletiva.png\",\"width\":974,\"height\":604},{\"@type\":\"WebPage\",\"@id\":\"http:\/\/revistavitrineibiuna.com.br\/?p=30571#webpage\",\"url\":\"http:\/\/revistavitrineibiuna.com.br\/?p=30571\",\"name\":\"IBI\\u00daNA \\u2013 SINDICATO CONSEGUE REAJUSTE DE 12,83% PARA OS TRABALHADORES RURAIS - Revista Vitrine Online\",\"isPartOf\":{\"@id\":\"https:\/\/revistavitrineibiuna.com.br\/#website\"},\"primaryImageOfPage\":{\"@id\":\"http:\/\/revistavitrineibiuna.com.br\/?p=30571#primaryimage\"},\"datePublished\":\"2024-01-23T13:02:28+00:00\",\"dateModified\":\"2024-01-23T13:14:28+00:00\",\"breadcrumb\":{\"@id\":\"http:\/\/revistavitrineibiuna.com.br\/?p=30571#breadcrumb\"},\"inLanguage\":\"pt-BR\",\"potentialAction\":[{\"@type\":\"ReadAction\",\"target\":[\"http:\/\/revistavitrineibiuna.com.br\/?p=30571\"]}]},{\"@type\":\"BreadcrumbList\",\"@id\":\"http:\/\/revistavitrineibiuna.com.br\/?p=30571#breadcrumb\",\"itemListElement\":[{\"@type\":\"ListItem\",\"position\":1,\"item\":{\"@type\":\"WebPage\",\"@id\":\"https:\/\/revistavitrineibiuna.com.br\/\",\"url\":\"https:\/\/revistavitrineibiuna.com.br\/\",\"name\":\"In\\u00edcio\"}},{\"@type\":\"ListItem\",\"position\":2,\"item\":{\"@type\":\"WebPage\",\"@id\":\"http:\/\/revistavitrineibiuna.com.br\/?p=30571\",\"url\":\"http:\/\/revistavitrineibiuna.com.br\/?p=30571\",\"name\":\"IBI\\u00daNA \\u2013 SINDICATO CONSEGUE REAJUSTE DE 12,83% PARA OS TRABALHADORES RURAIS\"}}]},{\"@type\":\"Article\",\"@id\":\"http:\/\/revistavitrineibiuna.com.br\/?p=30571#article\",\"isPartOf\":{\"@id\":\"http:\/\/revistavitrineibiuna.com.br\/?p=30571#webpage\"},\"author\":{\"@id\":\"https:\/\/revistavitrineibiuna.com.br\/#\/schema\/person\/e51ef49d6d88170ea21ceabff3f73deb\"},\"headline\":\"IBI\\u00daNA \\u2013 SINDICATO CONSEGUE REAJUSTE DE 12,83% PARA OS TRABALHADORES RURAIS\",\"datePublished\":\"2024-01-23T13:02:28+00:00\",\"dateModified\":\"2024-01-23T13:14:28+00:00\",\"mainEntityOfPage\":{\"@id\":\"http:\/\/revistavitrineibiuna.com.br\/?p=30571#webpage\"},\"commentCount\":0,\"publisher\":{\"@id\":\"https:\/\/revistavitrineibiuna.com.br\/#\/schema\/person\/e51ef49d6d88170ea21ceabff3f73deb\"},\"image\":{\"@id\":\"http:\/\/revistavitrineibiuna.com.br\/?p=30571#primaryimage\"},\"articleSection\":\"Not\\u00edcias\",\"inLanguage\":\"pt-BR\",\"potentialAction\":[{\"@type\":\"CommentAction\",\"name\":\"Comment\",\"target\":[\"http:\/\/revistavitrineibiuna.com.br\/?p=30571#respond\"]}]},{\"@type\":[\"Person\",\"Organization\"],\"@id\":\"https:\/\/revistavitrineibiuna.com.br\/#\/schema\/person\/e51ef49d6d88170ea21ceabff3f73deb\",\"name\":\"Carlos Rossini\",\"image\":{\"@type\":\"ImageObject\",\"@id\":\"https:\/\/revistavitrineibiuna.com.br\/#personlogo\",\"inLanguage\":\"pt-BR\",\"url\":\"https:\/\/secure.gravatar.com\/avatar\/4f2d0f99fac1f85c7d643f21f5c8d900?s=96&d=mm&r=g\",\"caption\":\"Carlos Rossini\"},\"logo\":{\"@id\":\"https:\/\/revistavitrineibiuna.com.br\/#personlogo\"},\"description\":\"Carlos Rossini \\u00e9 jornalista, soci\\u00f3logo, escritor e professor universit\\u00e1rio, tendo sido professor de jornalismo por vinte anos. Trabalhou em ve\\u00edculos de comunica\\u00e7\\u00e3o nas fun\\u00e7\\u00f5es de rep\\u00f3rter, redator, editor, articulista e colaborador, como Folha de S. Paulo, O Estado de S. Paulo, Di\\u00e1rio Popular, entre outros. Ao transferir a revista vitrine, vers\\u00e3o imprensa, de S\\u00e3o Paulo para Ibi\\u00fana h\\u00e1 alguns anos, iniciou uma nova experi\\u00eancia profissional, dedicando-se ao jornalismo regional, depois de cumprir uma trajet\\u00f3ria bem-sucedida na grande imprensa brasileira. Seu primeiro livro A Coragem de Comunicar foi lan\\u00e7ado na Bienal do Livro em S\\u00e3o Paulo no ano 2000, pela editora Madras.\"}]}<\/script>\n<!-- \/ Yoast SEO plugin. -->","_links":{"self":[{"href":"https:\/\/revistavitrineibiuna.com.br\/index.php?rest_route=\/wp\/v2\/posts\/30571"}],"collection":[{"href":"https:\/\/revistavitrineibiuna.com.br\/index.php?rest_route=\/wp\/v2\/posts"}],"about":[{"href":"https:\/\/revistavitrineibiuna.com.br\/index.php?rest_route=\/wp\/v2\/types\/post"}],"author":[{"embeddable":true,"href":"https:\/\/revistavitrineibiuna.com.br\/index.php?rest_route=\/wp\/v2\/users\/1"}],"replies":[{"embeddable":true,"href":"https:\/\/revistavitrineibiuna.com.br\/index.php?rest_route=%2Fwp%2Fv2%2Fcomments&post=30571"}],"version-history":[{"count":2,"href":"https:\/\/revistavitrineibiuna.com.br\/index.php?rest_route=\/wp\/v2\/posts\/30571\/revisions"}],"predecessor-version":[{"id":30574,"href":"https:\/\/revistavitrineibiuna.com.br\/index.php?rest_route=\/wp\/v2\/posts\/30571\/revisions\/30574"}],"wp:featuredmedia":[{"embeddable":true,"href":"https:\/\/revistavitrineibiuna.com.br\/index.php?rest_route=\/wp\/v2\/media\/30572"}],"wp:attachment":[{"href":"https:\/\/revistavitrineibiuna.com.br\/index.php?rest_route=%2Fwp%2Fv2%2Fmedia&parent=30571"}],"wp:term":[{"taxonomy":"category","embeddable":true,"href":"https:\/\/revistavitrineibiuna.com.br\/index.php?rest_route=%2Fwp%2Fv2%2Fcategories&post=30571"},{"taxonomy":"post_tag","embeddable":true,"href":"https:\/\/revistavitrineibiuna.com.br\/index.php?rest_route=%2Fwp%2Fv2%2Ftags&post=30571"}],"curies":[{"name":"wp","href":"https:\/\/api.w.org\/{rel}","templated":true}]}}