{"id":30575,"date":"2024-01-23T10:54:25","date_gmt":"2024-01-23T13:54:25","guid":{"rendered":"http:\/\/revistavitrineibiuna.com.br\/?p=30575"},"modified":"2024-01-23T10:54:26","modified_gmt":"2024-01-23T13:54:26","slug":"ibiuna-rua-que-homenageia-medico-ilustre-tem-crateras","status":"publish","type":"post","link":"https:\/\/revistavitrineibiuna.com.br\/?p=30575","title":{"rendered":"IBI\u00daNA \u2013 RUA QUE HOMENAGEIA M\u00c9DICO ILUSTRE TEM CRATERAS"},"content":{"rendered":"\n<p class=\"has-drop-cap\"><strong>No dia 2 de setembro de 1981, o ent\u00e3o governador Paulo Maluf assinou a lei n\u00ba 2977 denominado Dr. Arcy Bandeira o Centro de Sa\u00fade II, o atual Posto de Sa\u00fade Central localizado na avenida S\u00e3o Sebasti\u00e3o que foi reinaugurado h\u00e1 poucos dias. O secret\u00e1rio estadual da Sa\u00fade era ent\u00e3o o Dr. Adib Jatene.<\/strong><\/p>\n\n\n\n<p><strong>O Dr. Arcy Bandeira trabalhava em dois postos de sa\u00fade estaduais, um em S\u00e3o Roque e outro, em Ibi\u00fana, que veio receber seu nome.<\/strong><\/p>\n\n\n\n<p><strong>Ele adorava Ibi\u00fana e uma de seus divertimentos preferidos era pescar nas \u00e1guas do munic\u00edpio.<\/strong><\/p>\n\n\n\n<p><strong>Seu nome inscrito no alto da fachada do Posto Central \u00e9 um reconhecimento e homenagem pelo seu trabalho em Ibi\u00fana.<\/strong><\/p>\n\n\n\n<p><strong>RUA ESBURACADA<\/strong><\/p>\n\n\n\n<p><strong>Fora dos holofotes das c\u00e2meras da Prefeitura, no entanto, ele tamb\u00e9m d\u00e1 seu nome para uma via p\u00fablica situada a cerca de 500 metros do Pa\u00e7o Municipal, portanto no centro da cidade.<\/strong><\/p>\n\n\n\n<p><strong>Trata-se da pacata Travessa Dr. Arcy Bandeira que nem mesmo placa indicativa se encontra na rua.<\/strong><\/p>\n\n\n\n<p><strong>Ali, ao lado de uma pequena pra\u00e7a, em frente ao n\u00famero 268, h\u00e1 tr\u00eas crateras invis\u00edveis, pelo menos at\u00e9 agora, para a equipe do setor de obras p\u00fablicas do Executivo.<\/strong><\/p>\n\n\n\n<p><strong>Em trechos da cal\u00e7ada o mato est\u00e1 alto.<\/strong><\/p>\n\n\n\n<p><strong>Afinal, essa n\u00e3o \u00e9 a melhor forma de homenagear a mem\u00f3ria de um m\u00e9dico que tanto amou a cidade.<\/strong><\/p>\n","protected":false},"excerpt":{"rendered":"<p>No dia 2 de setembro de 1981, o ent\u00e3o governador Paulo Maluf assinou a lei n\u00ba 2977 denominado Dr. Arcy<\/p>\n","protected":false},"author":1,"featured_media":30576,"comment_status":"open","ping_status":"open","sticky":false,"template":"","format":"standard","meta":[],"categories":[70],"tags":[],"yoast_head":"<!-- This site is optimized with the Yoast SEO plugin v15.8 - https:\/\/yoast.com\/wordpress\/plugins\/seo\/ -->\n<title>IBI\u00daNA \u2013 RUA QUE HOMENAGEIA M\u00c9DICO ILUSTRE TEM CRATERAS - Revista Vitrine Online<\/title>\n<meta name=\"robots\" content=\"index, follow, max-snippet:-1, max-image-preview:large, max-video-preview:-1\" \/>\n<link rel=\"canonical\" href=\"http:\/\/revistavitrineibiuna.com.br\/?p=30575\" \/>\n<meta property=\"og:locale\" content=\"pt_BR\" \/>\n<meta property=\"og:type\" content=\"article\" \/>\n<meta property=\"og:title\" content=\"IBI\u00daNA \u2013 RUA QUE HOMENAGEIA M\u00c9DICO ILUSTRE TEM CRATERAS - Revista Vitrine Online\" \/>\n<meta property=\"og:description\" content=\"No dia 2 de setembro de 1981, o ent\u00e3o governador Paulo Maluf assinou a lei n\u00ba 2977 denominado Dr. Arcy\" \/>\n<meta property=\"og:url\" content=\"http:\/\/revistavitrineibiuna.com.br\/?p=30575\" \/>\n<meta property=\"og:site_name\" content=\"Revista Vitrine Online\" \/>\n<meta property=\"article:published_time\" content=\"2024-01-23T13:54:25+00:00\" \/>\n<meta property=\"article:modified_time\" content=\"2024-01-23T13:54:26+00:00\" \/>\n<meta property=\"og:image\" content=\"https:\/\/revistavitrineibiuna.com.br\/wp-content\/uploads\/2024\/01\/CRATERAS-1024x599.png\" \/>\n\t<meta property=\"og:image:width\" content=\"1024\" \/>\n\t<meta property=\"og:image:height\" content=\"599\" \/>\n<meta name=\"twitter:card\" content=\"summary\" \/>\n<meta name=\"twitter:label1\" content=\"Est. reading time\">\n\t<meta name=\"twitter:data1\" content=\"1 minuto\">\n<script type=\"application\/ld+json\" class=\"yoast-schema-graph\">{\"@context\":\"https:\/\/schema.org\",\"@graph\":[{\"@type\":\"WebSite\",\"@id\":\"https:\/\/revistavitrineibiuna.com.br\/#website\",\"url\":\"https:\/\/revistavitrineibiuna.com.br\/\",\"name\":\"Revista Vitrine Ibi\\u00fana\",\"description\":\"A Revista de Ibi\\u00fana e Regi\\u00e3o\",\"publisher\":{\"@id\":\"https:\/\/revistavitrineibiuna.com.br\/#\/schema\/person\/e51ef49d6d88170ea21ceabff3f73deb\"},\"potentialAction\":[{\"@type\":\"SearchAction\",\"target\":\"https:\/\/revistavitrineibiuna.com.br\/?s={search_term_string}\",\"query-input\":\"required name=search_term_string\"}],\"inLanguage\":\"pt-BR\"},{\"@type\":\"ImageObject\",\"@id\":\"http:\/\/revistavitrineibiuna.com.br\/?p=30575#primaryimage\",\"inLanguage\":\"pt-BR\",\"url\":\"https:\/\/revistavitrineibiuna.com.br\/wp-content\/uploads\/2024\/01\/CRATERAS.png\",\"width\":1598,\"height\":935},{\"@type\":\"WebPage\",\"@id\":\"http:\/\/revistavitrineibiuna.com.br\/?p=30575#webpage\",\"url\":\"http:\/\/revistavitrineibiuna.com.br\/?p=30575\",\"name\":\"IBI\\u00daNA \\u2013 RUA QUE HOMENAGEIA M\\u00c9DICO ILUSTRE TEM CRATERAS - Revista Vitrine Online\",\"isPartOf\":{\"@id\":\"https:\/\/revistavitrineibiuna.com.br\/#website\"},\"primaryImageOfPage\":{\"@id\":\"http:\/\/revistavitrineibiuna.com.br\/?p=30575#primaryimage\"},\"datePublished\":\"2024-01-23T13:54:25+00:00\",\"dateModified\":\"2024-01-23T13:54:26+00:00\",\"breadcrumb\":{\"@id\":\"http:\/\/revistavitrineibiuna.com.br\/?p=30575#breadcrumb\"},\"inLanguage\":\"pt-BR\",\"potentialAction\":[{\"@type\":\"ReadAction\",\"target\":[\"http:\/\/revistavitrineibiuna.com.br\/?p=30575\"]}]},{\"@type\":\"BreadcrumbList\",\"@id\":\"http:\/\/revistavitrineibiuna.com.br\/?p=30575#breadcrumb\",\"itemListElement\":[{\"@type\":\"ListItem\",\"position\":1,\"item\":{\"@type\":\"WebPage\",\"@id\":\"https:\/\/revistavitrineibiuna.com.br\/\",\"url\":\"https:\/\/revistavitrineibiuna.com.br\/\",\"name\":\"In\\u00edcio\"}},{\"@type\":\"ListItem\",\"position\":2,\"item\":{\"@type\":\"WebPage\",\"@id\":\"http:\/\/revistavitrineibiuna.com.br\/?p=30575\",\"url\":\"http:\/\/revistavitrineibiuna.com.br\/?p=30575\",\"name\":\"IBI\\u00daNA \\u2013 RUA QUE HOMENAGEIA M\\u00c9DICO ILUSTRE TEM CRATERAS\"}}]},{\"@type\":\"Article\",\"@id\":\"http:\/\/revistavitrineibiuna.com.br\/?p=30575#article\",\"isPartOf\":{\"@id\":\"http:\/\/revistavitrineibiuna.com.br\/?p=30575#webpage\"},\"author\":{\"@id\":\"https:\/\/revistavitrineibiuna.com.br\/#\/schema\/person\/e51ef49d6d88170ea21ceabff3f73deb\"},\"headline\":\"IBI\\u00daNA \\u2013 RUA QUE HOMENAGEIA M\\u00c9DICO ILUSTRE TEM CRATERAS\",\"datePublished\":\"2024-01-23T13:54:25+00:00\",\"dateModified\":\"2024-01-23T13:54:26+00:00\",\"mainEntityOfPage\":{\"@id\":\"http:\/\/revistavitrineibiuna.com.br\/?p=30575#webpage\"},\"commentCount\":0,\"publisher\":{\"@id\":\"https:\/\/revistavitrineibiuna.com.br\/#\/schema\/person\/e51ef49d6d88170ea21ceabff3f73deb\"},\"image\":{\"@id\":\"http:\/\/revistavitrineibiuna.com.br\/?p=30575#primaryimage\"},\"articleSection\":\"Rapidinhas\",\"inLanguage\":\"pt-BR\",\"potentialAction\":[{\"@type\":\"CommentAction\",\"name\":\"Comment\",\"target\":[\"http:\/\/revistavitrineibiuna.com.br\/?p=30575#respond\"]}]},{\"@type\":[\"Person\",\"Organization\"],\"@id\":\"https:\/\/revistavitrineibiuna.com.br\/#\/schema\/person\/e51ef49d6d88170ea21ceabff3f73deb\",\"name\":\"Carlos Rossini\",\"image\":{\"@type\":\"ImageObject\",\"@id\":\"https:\/\/revistavitrineibiuna.com.br\/#personlogo\",\"inLanguage\":\"pt-BR\",\"url\":\"https:\/\/secure.gravatar.com\/avatar\/4f2d0f99fac1f85c7d643f21f5c8d900?s=96&d=mm&r=g\",\"caption\":\"Carlos Rossini\"},\"logo\":{\"@id\":\"https:\/\/revistavitrineibiuna.com.br\/#personlogo\"},\"description\":\"Carlos Rossini \\u00e9 jornalista, soci\\u00f3logo, escritor e professor universit\\u00e1rio, tendo sido professor de jornalismo por vinte anos. Trabalhou em ve\\u00edculos de comunica\\u00e7\\u00e3o nas fun\\u00e7\\u00f5es de rep\\u00f3rter, redator, editor, articulista e colaborador, como Folha de S. Paulo, O Estado de S. Paulo, Di\\u00e1rio Popular, entre outros. Ao transferir a revista vitrine, vers\\u00e3o imprensa, de S\\u00e3o Paulo para Ibi\\u00fana h\\u00e1 alguns anos, iniciou uma nova experi\\u00eancia profissional, dedicando-se ao jornalismo regional, depois de cumprir uma trajet\\u00f3ria bem-sucedida na grande imprensa brasileira. Seu primeiro livro A Coragem de Comunicar foi lan\\u00e7ado na Bienal do Livro em S\\u00e3o Paulo no ano 2000, pela editora Madras.\"}]}<\/script>\n<!-- \/ Yoast SEO plugin. -->","_links":{"self":[{"href":"https:\/\/revistavitrineibiuna.com.br\/index.php?rest_route=\/wp\/v2\/posts\/30575"}],"collection":[{"href":"https:\/\/revistavitrineibiuna.com.br\/index.php?rest_route=\/wp\/v2\/posts"}],"about":[{"href":"https:\/\/revistavitrineibiuna.com.br\/index.php?rest_route=\/wp\/v2\/types\/post"}],"author":[{"embeddable":true,"href":"https:\/\/revistavitrineibiuna.com.br\/index.php?rest_route=\/wp\/v2\/users\/1"}],"replies":[{"embeddable":true,"href":"https:\/\/revistavitrineibiuna.com.br\/index.php?rest_route=%2Fwp%2Fv2%2Fcomments&post=30575"}],"version-history":[{"count":1,"href":"https:\/\/revistavitrineibiuna.com.br\/index.php?rest_route=\/wp\/v2\/posts\/30575\/revisions"}],"predecessor-version":[{"id":30577,"href":"https:\/\/revistavitrineibiuna.com.br\/index.php?rest_route=\/wp\/v2\/posts\/30575\/revisions\/30577"}],"wp:featuredmedia":[{"embeddable":true,"href":"https:\/\/revistavitrineibiuna.com.br\/index.php?rest_route=\/wp\/v2\/media\/30576"}],"wp:attachment":[{"href":"https:\/\/revistavitrineibiuna.com.br\/index.php?rest_route=%2Fwp%2Fv2%2Fmedia&parent=30575"}],"wp:term":[{"taxonomy":"category","embeddable":true,"href":"https:\/\/revistavitrineibiuna.com.br\/index.php?rest_route=%2Fwp%2Fv2%2Fcategories&post=30575"},{"taxonomy":"post_tag","embeddable":true,"href":"https:\/\/revistavitrineibiuna.com.br\/index.php?rest_route=%2Fwp%2Fv2%2Ftags&post=30575"}],"curies":[{"name":"wp","href":"https:\/\/api.w.org\/{rel}","templated":true}]}}