{"id":30578,"date":"2024-01-23T19:46:31","date_gmt":"2024-01-23T22:46:31","guid":{"rendered":"http:\/\/revistavitrineibiuna.com.br\/?p=30578"},"modified":"2024-01-23T22:34:19","modified_gmt":"2024-01-24T01:34:19","slug":"ibiuna-morre-o-advogado-edilson-fernandes-aos-57-anos","status":"publish","type":"post","link":"https:\/\/revistavitrineibiuna.com.br\/?p=30578","title":{"rendered":"IBI\u00daNA \u2013 MORRE O ADVOGADO EDILSON FERNANDES, AOS 57 ANOS"},"content":{"rendered":"\n<p class=\"has-drop-cap\"><strong>O advogado Edilson Fernandes, 57, foi encontrado morto hoje (23), por volta das 13h30, em sua casa no bairro Piratuba. Ele se encontrava sozinho na resid\u00eancia e teve contato com a sua fam\u00edlia por WhatApp at\u00e9 \u00e0s 20h30 do \u00faltimo domingo, depois desse hor\u00e1rio j\u00e1 n\u00e3o mais respondia \u00e0s mensagens.<\/strong><\/p>\n\n\n\n<p><strong>Hoje a fam\u00edlia foi at\u00e9 a resid\u00eancia para verificar o que teria acontecido e o encontrou morto, v\u00edtima de infarto.<\/strong><\/p>\n\n\n\n<p><strong>Na noite da segunda-feira (22), ele era aguardado para uma reuni\u00e3o em um sindicato no centro da cidade. Os convidados compareceram e o aguardaram at\u00e9 \u00e0s 18 horas. O presidente da entidade tentou ligar mas o telefone n\u00e3o atendia.<\/strong><\/p>\n\n\n\n<p><strong>VEL\u00d3RIO<\/strong><\/p>\n\n\n\n<p><strong>Seu corpo ser\u00e1 velado nesta quarta-feira (24), das 8 \u00e0s 10 horas, no Vel\u00f3rio Municipal e ser\u00e1 sepultado no Cemit\u00e9rio Parque da Figueira.<\/strong><\/p>\n\n\n\n<p><strong>Fernandes foi candidato ao cargo de prefeito de Ibi\u00fana, onde morava havia 15 anos com a esposa, a chefe de cozinha Carmem Fernandes, com a qual teve dois filhos: Anthony Andrew e Stephanie Vit\u00f3ria.<\/strong><\/p>\n\n\n\n<p><strong>Ele presidia a Comiss\u00e3o Provis\u00f3ria do PT em Ibi\u00fana e a not\u00edcia de sua morte repentina deixou seus familiares e amigos consternados.<\/strong><\/p>\n\n\n\n<p><strong>O Partido dos Trabalhadores divulgou uma nota em que manifesta \u201cprofundo pesar\u201d por sua morte.<\/strong><\/p>\n","protected":false},"excerpt":{"rendered":"<p>O advogado Edilson Fernandes, 57, foi encontrado morto hoje (23), por volta das 13h30, em sua casa no bairro Piratuba.<\/p>\n","protected":false},"author":1,"featured_media":30581,"comment_status":"open","ping_status":"open","sticky":false,"template":"","format":"standard","meta":[],"categories":[70],"tags":[],"yoast_head":"<!-- This site is optimized with the Yoast SEO plugin v15.8 - https:\/\/yoast.com\/wordpress\/plugins\/seo\/ -->\n<title>IBI\u00daNA \u2013 MORRE O ADVOGADO EDILSON FERNANDES, AOS 57 ANOS - Revista Vitrine Online<\/title>\n<meta name=\"robots\" content=\"index, follow, max-snippet:-1, max-image-preview:large, max-video-preview:-1\" \/>\n<link rel=\"canonical\" href=\"http:\/\/revistavitrineibiuna.com.br\/?p=30578\" \/>\n<meta property=\"og:locale\" content=\"pt_BR\" \/>\n<meta property=\"og:type\" content=\"article\" \/>\n<meta property=\"og:title\" content=\"IBI\u00daNA \u2013 MORRE O ADVOGADO EDILSON FERNANDES, AOS 57 ANOS - Revista Vitrine Online\" \/>\n<meta property=\"og:description\" content=\"O advogado Edilson Fernandes, 57, foi encontrado morto hoje (23), por volta das 13h30, em sua casa no bairro Piratuba.\" \/>\n<meta property=\"og:url\" content=\"http:\/\/revistavitrineibiuna.com.br\/?p=30578\" \/>\n<meta property=\"og:site_name\" content=\"Revista Vitrine Online\" \/>\n<meta property=\"article:published_time\" content=\"2024-01-23T22:46:31+00:00\" \/>\n<meta property=\"article:modified_time\" content=\"2024-01-24T01:34:19+00:00\" \/>\n<meta property=\"og:image\" content=\"https:\/\/revistavitrineibiuna.com.br\/wp-content\/uploads\/2024\/01\/edilsonn.png\" \/>\n\t<meta property=\"og:image:width\" content=\"718\" \/>\n\t<meta property=\"og:image:height\" content=\"625\" \/>\n<meta name=\"twitter:card\" content=\"summary\" \/>\n<meta name=\"twitter:label1\" content=\"Est. reading time\">\n\t<meta name=\"twitter:data1\" content=\"1 minuto\">\n<script type=\"application\/ld+json\" class=\"yoast-schema-graph\">{\"@context\":\"https:\/\/schema.org\",\"@graph\":[{\"@type\":\"WebSite\",\"@id\":\"https:\/\/revistavitrineibiuna.com.br\/#website\",\"url\":\"https:\/\/revistavitrineibiuna.com.br\/\",\"name\":\"Revista Vitrine Ibi\\u00fana\",\"description\":\"A Revista de Ibi\\u00fana e Regi\\u00e3o\",\"publisher\":{\"@id\":\"https:\/\/revistavitrineibiuna.com.br\/#\/schema\/person\/e51ef49d6d88170ea21ceabff3f73deb\"},\"potentialAction\":[{\"@type\":\"SearchAction\",\"target\":\"https:\/\/revistavitrineibiuna.com.br\/?s={search_term_string}\",\"query-input\":\"required name=search_term_string\"}],\"inLanguage\":\"pt-BR\"},{\"@type\":\"ImageObject\",\"@id\":\"http:\/\/revistavitrineibiuna.com.br\/?p=30578#primaryimage\",\"inLanguage\":\"pt-BR\",\"url\":\"https:\/\/revistavitrineibiuna.com.br\/wp-content\/uploads\/2024\/01\/edilsonn.png\",\"width\":718,\"height\":625},{\"@type\":\"WebPage\",\"@id\":\"http:\/\/revistavitrineibiuna.com.br\/?p=30578#webpage\",\"url\":\"http:\/\/revistavitrineibiuna.com.br\/?p=30578\",\"name\":\"IBI\\u00daNA \\u2013 MORRE O ADVOGADO EDILSON FERNANDES, AOS 57 ANOS - Revista Vitrine Online\",\"isPartOf\":{\"@id\":\"https:\/\/revistavitrineibiuna.com.br\/#website\"},\"primaryImageOfPage\":{\"@id\":\"http:\/\/revistavitrineibiuna.com.br\/?p=30578#primaryimage\"},\"datePublished\":\"2024-01-23T22:46:31+00:00\",\"dateModified\":\"2024-01-24T01:34:19+00:00\",\"breadcrumb\":{\"@id\":\"http:\/\/revistavitrineibiuna.com.br\/?p=30578#breadcrumb\"},\"inLanguage\":\"pt-BR\",\"potentialAction\":[{\"@type\":\"ReadAction\",\"target\":[\"http:\/\/revistavitrineibiuna.com.br\/?p=30578\"]}]},{\"@type\":\"BreadcrumbList\",\"@id\":\"http:\/\/revistavitrineibiuna.com.br\/?p=30578#breadcrumb\",\"itemListElement\":[{\"@type\":\"ListItem\",\"position\":1,\"item\":{\"@type\":\"WebPage\",\"@id\":\"https:\/\/revistavitrineibiuna.com.br\/\",\"url\":\"https:\/\/revistavitrineibiuna.com.br\/\",\"name\":\"In\\u00edcio\"}},{\"@type\":\"ListItem\",\"position\":2,\"item\":{\"@type\":\"WebPage\",\"@id\":\"http:\/\/revistavitrineibiuna.com.br\/?p=30578\",\"url\":\"http:\/\/revistavitrineibiuna.com.br\/?p=30578\",\"name\":\"IBI\\u00daNA \\u2013 MORRE O ADVOGADO EDILSON FERNANDES, AOS 57 ANOS\"}}]},{\"@type\":\"Article\",\"@id\":\"http:\/\/revistavitrineibiuna.com.br\/?p=30578#article\",\"isPartOf\":{\"@id\":\"http:\/\/revistavitrineibiuna.com.br\/?p=30578#webpage\"},\"author\":{\"@id\":\"https:\/\/revistavitrineibiuna.com.br\/#\/schema\/person\/e51ef49d6d88170ea21ceabff3f73deb\"},\"headline\":\"IBI\\u00daNA \\u2013 MORRE O ADVOGADO EDILSON FERNANDES, AOS 57 ANOS\",\"datePublished\":\"2024-01-23T22:46:31+00:00\",\"dateModified\":\"2024-01-24T01:34:19+00:00\",\"mainEntityOfPage\":{\"@id\":\"http:\/\/revistavitrineibiuna.com.br\/?p=30578#webpage\"},\"commentCount\":0,\"publisher\":{\"@id\":\"https:\/\/revistavitrineibiuna.com.br\/#\/schema\/person\/e51ef49d6d88170ea21ceabff3f73deb\"},\"image\":{\"@id\":\"http:\/\/revistavitrineibiuna.com.br\/?p=30578#primaryimage\"},\"articleSection\":\"Rapidinhas\",\"inLanguage\":\"pt-BR\",\"potentialAction\":[{\"@type\":\"CommentAction\",\"name\":\"Comment\",\"target\":[\"http:\/\/revistavitrineibiuna.com.br\/?p=30578#respond\"]}]},{\"@type\":[\"Person\",\"Organization\"],\"@id\":\"https:\/\/revistavitrineibiuna.com.br\/#\/schema\/person\/e51ef49d6d88170ea21ceabff3f73deb\",\"name\":\"Carlos Rossini\",\"image\":{\"@type\":\"ImageObject\",\"@id\":\"https:\/\/revistavitrineibiuna.com.br\/#personlogo\",\"inLanguage\":\"pt-BR\",\"url\":\"https:\/\/secure.gravatar.com\/avatar\/4f2d0f99fac1f85c7d643f21f5c8d900?s=96&d=mm&r=g\",\"caption\":\"Carlos Rossini\"},\"logo\":{\"@id\":\"https:\/\/revistavitrineibiuna.com.br\/#personlogo\"},\"description\":\"Carlos Rossini \\u00e9 jornalista, soci\\u00f3logo, escritor e professor universit\\u00e1rio, tendo sido professor de jornalismo por vinte anos. Trabalhou em ve\\u00edculos de comunica\\u00e7\\u00e3o nas fun\\u00e7\\u00f5es de rep\\u00f3rter, redator, editor, articulista e colaborador, como Folha de S. Paulo, O Estado de S. Paulo, Di\\u00e1rio Popular, entre outros. Ao transferir a revista vitrine, vers\\u00e3o imprensa, de S\\u00e3o Paulo para Ibi\\u00fana h\\u00e1 alguns anos, iniciou uma nova experi\\u00eancia profissional, dedicando-se ao jornalismo regional, depois de cumprir uma trajet\\u00f3ria bem-sucedida na grande imprensa brasileira. Seu primeiro livro A Coragem de Comunicar foi lan\\u00e7ado na Bienal do Livro em S\\u00e3o Paulo no ano 2000, pela editora Madras.\"}]}<\/script>\n<!-- \/ Yoast SEO plugin. -->","_links":{"self":[{"href":"https:\/\/revistavitrineibiuna.com.br\/index.php?rest_route=\/wp\/v2\/posts\/30578"}],"collection":[{"href":"https:\/\/revistavitrineibiuna.com.br\/index.php?rest_route=\/wp\/v2\/posts"}],"about":[{"href":"https:\/\/revistavitrineibiuna.com.br\/index.php?rest_route=\/wp\/v2\/types\/post"}],"author":[{"embeddable":true,"href":"https:\/\/revistavitrineibiuna.com.br\/index.php?rest_route=\/wp\/v2\/users\/1"}],"replies":[{"embeddable":true,"href":"https:\/\/revistavitrineibiuna.com.br\/index.php?rest_route=%2Fwp%2Fv2%2Fcomments&post=30578"}],"version-history":[{"count":2,"href":"https:\/\/revistavitrineibiuna.com.br\/index.php?rest_route=\/wp\/v2\/posts\/30578\/revisions"}],"predecessor-version":[{"id":30582,"href":"https:\/\/revistavitrineibiuna.com.br\/index.php?rest_route=\/wp\/v2\/posts\/30578\/revisions\/30582"}],"wp:featuredmedia":[{"embeddable":true,"href":"https:\/\/revistavitrineibiuna.com.br\/index.php?rest_route=\/wp\/v2\/media\/30581"}],"wp:attachment":[{"href":"https:\/\/revistavitrineibiuna.com.br\/index.php?rest_route=%2Fwp%2Fv2%2Fmedia&parent=30578"}],"wp:term":[{"taxonomy":"category","embeddable":true,"href":"https:\/\/revistavitrineibiuna.com.br\/index.php?rest_route=%2Fwp%2Fv2%2Fcategories&post=30578"},{"taxonomy":"post_tag","embeddable":true,"href":"https:\/\/revistavitrineibiuna.com.br\/index.php?rest_route=%2Fwp%2Fv2%2Ftags&post=30578"}],"curies":[{"name":"wp","href":"https:\/\/api.w.org\/{rel}","templated":true}]}}