{"id":30583,"date":"2024-01-24T12:46:57","date_gmt":"2024-01-24T15:46:57","guid":{"rendered":"http:\/\/revistavitrineibiuna.com.br\/?p=30583"},"modified":"2024-01-24T12:53:09","modified_gmt":"2024-01-24T15:53:09","slug":"livro-narra-a-saga-de-zezito-falci-o-mais-ilustre-prefeito-de-ibiuna","status":"publish","type":"post","link":"https:\/\/revistavitrineibiuna.com.br\/?p=30583","title":{"rendered":"LIVRO NARRA A SAGA DE ZEZITO FALCI, O MAIS ILUSTRE PREFEITO DE IBI\u00daNA"},"content":{"rendered":"\n<p class=\"has-drop-cap\"><strong>Eleito tr\u00eas vezes vereador e duas vezes prefeito, cargo que ocupou por dez anos, Jos\u00e9 Vicente Falci &#8211; Zezito Falci, como \u00e9 lembrado at\u00e9 hoje pela popula\u00e7\u00e3o, marcou \u00e9poca na hist\u00f3ria pol\u00edtica do munic\u00edpio como o mais not\u00e1vel, aclamado e realizador prefeito da cidade.<\/strong><\/p>\n\n\n\n<p><strong>O historiador Jos\u00e9 Gomes Linense, que conhece a hist\u00f3ria da cidade como a palma da m\u00e3o e possuidor de uma mem\u00f3ria privilegiada, n\u00e3o titubeia em responder:<\/strong><\/p>\n\n\n\n<p><strong>\u201cZezito Falci foi o melhor prefeito de Ibi\u00fana, o que mais atendeu ao povo, o que mais realizou. Para ele n\u00e3o tinha tempo ruim, estava sempre disposto e perseverante.\u201d<\/strong><\/p>\n\n\n\n<p><strong>A partir de agora a popula\u00e7\u00e3o ibiunense ter\u00e1 a oportunidade de conhecer a saga de um homem que soube, como raramente acontece no mundo da pol\u00edtica, ouvir o povo e estabelecer rela\u00e7\u00f5es com autoridades p\u00fablicas federais e estaduais e obter recursos para melhorar as condi\u00e7\u00f5es de vida dos cidad\u00e3os de sua terra.<\/strong><\/p>\n\n\n\n<p><strong>Na vis\u00e3o de Zezito Falci, a cidade deveria ser bem administrada como uma empresa. Precisa dar lucro para ser transformado em investimento \u00e0 sociedade, gastando menos do que arrecada.<\/strong><\/p>\n\n\n\n<p><strong>\u201cFIRME POR IBI\u00daNA\u201d<\/strong><\/p>\n\n\n\n<figure class=\"wp-block-image size-large\"><img loading=\"lazy\" width=\"679\" height=\"1024\" src=\"https:\/\/revistavitrineibiuna.com.br\/wp-content\/uploads\/2024\/01\/luiz-antonio-novo-679x1024.png\" alt=\"\" class=\"wp-image-30586\" srcset=\"https:\/\/revistavitrineibiuna.com.br\/wp-content\/uploads\/2024\/01\/luiz-antonio-novo-679x1024.png 679w, https:\/\/revistavitrineibiuna.com.br\/wp-content\/uploads\/2024\/01\/luiz-antonio-novo-199x300.png 199w, https:\/\/revistavitrineibiuna.com.br\/wp-content\/uploads\/2024\/01\/luiz-antonio-novo-768x1159.png 768w, https:\/\/revistavitrineibiuna.com.br\/wp-content\/uploads\/2024\/01\/luiz-antonio-novo.png 780w\" sizes=\"(max-width: 679px) 100vw, 679px\" \/><figcaption>Com 172 p\u00e1ginas, o livro \u00e9 escrito com simplicidade  e enriquece a reflex\u00e3o sobre o mundo da pol\u00edtica ibiunense<\/figcaption><\/figure>\n\n\n\n<p><strong>No dia 3 de fevereiro pr\u00f3ximo, \u00e0s 19 horas, no sal\u00e3o de recep\u00e7\u00f5es do Hotel Terra Preta, localizado na Avenida S\u00e3o Sebasti\u00e3o, n\u00ba 90, haver\u00e1 o lan\u00e7amento do livro \u201cFirme por Ibi\u00fana \u2013 Zezito Falci, o Prefeito do Povo\u201d, escrito pelo irm\u00e3o ca\u00e7ula de Zezito, o educador, cidad\u00e3o e escritor Luiz Ant\u00f4nio Falci.<\/strong><\/p>\n\n\n\n<p><strong>Ao descrever a trajet\u00f3ria do irm\u00e3o mais velho, Luiz Antonio na verdade revela a pr\u00f3pria hist\u00f3ria de Ibi\u00fana, porque ambas se confundem na narrativa rica em pormenores desconhecidos pela popula\u00e7\u00e3o.<\/strong><\/p>\n\n\n\n<p><strong>A ideia central do livro parece estar contida na \u00faltima capa. Trata-se da transcri\u00e7\u00e3o do Salmo 72. A fam\u00edlia Falci mant\u00e9m uma tradi\u00e7\u00e3o religiosa marcante:<\/strong><\/p>\n\n\n\n<p><strong>\u201cQue ele governe teu povo com justi\u00e7a e teus pobres conforme o direito. Que seu nome permane\u00e7a para sempre, e sua fama dure como o sol.\u201d<\/strong><\/p>\n\n\n\n<p><strong>O primeiro livro escrito por Luiz Ant\u00f4nio Falci e publicado em 2019, chama-se \u201cSemeando o Bem Viver\u201d, que reflete a sensibilidade de um observador da vida ao seu redor.<\/strong><\/p>\n\n\n\n<p><strong>Agora, a segunda obra, \u201cFirme por Ibi\u00fana\u201d apresenta os principais momentos vividos pelo seu ilustre irm\u00e3o, Zezito Falci, que virou um mito ibiunense, pela excel\u00eancia em administra\u00e7\u00e3o p\u00fablica.<\/strong><\/p>\n\n\n\n<p><strong>A leitura \u00e9 f\u00e1cil e simples. O livro est\u00e1 distribu\u00eddo em cap\u00edtulos curtos, entremeados por acr\u00f3sticos, ilustrado por fotos em preto e branco. Mostra figuras not\u00e1veis da hist\u00f3ria pol\u00edtica nacional, entre eles presidentes da Rep\u00fablica, governadores, deputados estaduais e federais, depoimentos e testemunhos.<\/strong><\/p>\n\n\n\n<p><strong>Os leitores tamb\u00e9m ser\u00e3o brindados com dados hist\u00f3ricos desde a funda\u00e7\u00e3o de Una \u2013 Ibi\u00fana.<\/strong><\/p>\n\n\n\n<p><strong>H\u00e1 os relatos das obras realizadas pelo carism\u00e1tico Zezito Falci que consubstanciam e ratificam o motivo pelo qual pode ser considerado um marco entre modelos arcaicos de administra\u00e7\u00e3o p\u00fablica exercidas por d\u00e9cadas no munic\u00edpio. Sua figura emerge como um divisor de \u00e1guas entre a estagna\u00e7\u00e3o e o progresso, assim aponta o livro.<\/strong><\/p>\n\n\n\n<p><strong>H\u00e1 na obra duas declara\u00e7\u00f5es incisivas de Zezito Falci:<\/strong><\/p>\n\n\n\n<p><strong>\u201cEu fa\u00e7o pol\u00edtica com muito trabalho e o povo de Ibi\u00fana \u00e9 o melhor juiz da minha administra\u00e7\u00e3o.\u201d (P\u00e1g. 67)<\/strong><\/p>\n\n\n\n<p><strong>Em um discurso feito diante do ent\u00e3o governador Franco Montoro e de v\u00e1rias autoridades estaduais, declarou:<\/strong><\/p>\n\n\n\n<p><strong>\u201cSou pol\u00edtico nato e sinto verter em minhas veias o sangue do soldado democrata, que se desespera quando v\u00ea sua p\u00e1tria nas m\u00e3os de corruptos e incompetentes.\u201d (P\u00e1g. 95)<\/strong><\/p>\n\n\n\n<p><strong>H\u00e1 tamb\u00e9m uma jovial met\u00e1fora repetida tr\u00eas vezes no livro. Zezito \u201cvia\u201d Ibi\u00fana como uma menina malcuidada e queria transform\u00e1-la \u201cnuma mo\u00e7a bem cuidada\u201d, junto com o povo, com o qual mantinha um relacionamento pr\u00f3ximo e significativo, n\u00e3o raras vezes tomando um cafezinho na ro\u00e7a passado em coador de pano e recheado de uma boa e agrad\u00e1vel prosa. (C.R.)<\/strong><\/p>\n","protected":false},"excerpt":{"rendered":"<p>Eleito tr\u00eas vezes vereador e duas vezes prefeito, cargo que ocupou por dez anos, Jos\u00e9 Vicente Falci &#8211; Zezito Falci,<\/p>\n","protected":false},"author":1,"featured_media":30584,"comment_status":"open","ping_status":"open","sticky":false,"template":"","format":"standard","meta":[],"categories":[1],"tags":[],"yoast_head":"<!-- This site is optimized with the Yoast SEO plugin v15.8 - https:\/\/yoast.com\/wordpress\/plugins\/seo\/ -->\n<title>LIVRO NARRA A SAGA DE ZEZITO FALCI, O MAIS ILUSTRE PREFEITO DE IBI\u00daNA - Revista Vitrine Online<\/title>\n<meta name=\"robots\" content=\"index, follow, max-snippet:-1, max-image-preview:large, max-video-preview:-1\" \/>\n<link rel=\"canonical\" href=\"http:\/\/revistavitrineibiuna.com.br\/?p=30583\" \/>\n<meta property=\"og:locale\" content=\"pt_BR\" \/>\n<meta property=\"og:type\" content=\"article\" \/>\n<meta property=\"og:title\" content=\"LIVRO NARRA A SAGA DE ZEZITO FALCI, O MAIS ILUSTRE PREFEITO DE IBI\u00daNA - Revista Vitrine Online\" \/>\n<meta property=\"og:description\" content=\"Eleito tr\u00eas vezes vereador e duas vezes prefeito, cargo que ocupou por dez anos, Jos\u00e9 Vicente Falci &#8211; Zezito Falci,\" \/>\n<meta property=\"og:url\" content=\"http:\/\/revistavitrineibiuna.com.br\/?p=30583\" \/>\n<meta property=\"og:site_name\" content=\"Revista Vitrine Online\" \/>\n<meta property=\"article:published_time\" content=\"2024-01-24T15:46:57+00:00\" \/>\n<meta property=\"article:modified_time\" content=\"2024-01-24T15:53:09+00:00\" \/>\n<meta property=\"og:image\" content=\"https:\/\/revistavitrineibiuna.com.br\/wp-content\/uploads\/2024\/01\/Luiz-Antonio-1-1024x604.png\" \/>\n\t<meta property=\"og:image:width\" content=\"1024\" \/>\n\t<meta property=\"og:image:height\" content=\"604\" \/>\n<meta name=\"twitter:card\" content=\"summary\" \/>\n<meta name=\"twitter:label1\" content=\"Est. reading time\">\n\t<meta name=\"twitter:data1\" content=\"3 minutos\">\n<script type=\"application\/ld+json\" class=\"yoast-schema-graph\">{\"@context\":\"https:\/\/schema.org\",\"@graph\":[{\"@type\":\"WebSite\",\"@id\":\"https:\/\/revistavitrineibiuna.com.br\/#website\",\"url\":\"https:\/\/revistavitrineibiuna.com.br\/\",\"name\":\"Revista Vitrine Ibi\\u00fana\",\"description\":\"A Revista de Ibi\\u00fana e Regi\\u00e3o\",\"publisher\":{\"@id\":\"https:\/\/revistavitrineibiuna.com.br\/#\/schema\/person\/e51ef49d6d88170ea21ceabff3f73deb\"},\"potentialAction\":[{\"@type\":\"SearchAction\",\"target\":\"https:\/\/revistavitrineibiuna.com.br\/?s={search_term_string}\",\"query-input\":\"required name=search_term_string\"}],\"inLanguage\":\"pt-BR\"},{\"@type\":\"ImageObject\",\"@id\":\"http:\/\/revistavitrineibiuna.com.br\/?p=30583#primaryimage\",\"inLanguage\":\"pt-BR\",\"url\":\"https:\/\/revistavitrineibiuna.com.br\/wp-content\/uploads\/2024\/01\/Luiz-Antonio-1.png\",\"width\":1581,\"height\":933},{\"@type\":\"WebPage\",\"@id\":\"http:\/\/revistavitrineibiuna.com.br\/?p=30583#webpage\",\"url\":\"http:\/\/revistavitrineibiuna.com.br\/?p=30583\",\"name\":\"LIVRO NARRA A SAGA DE ZEZITO FALCI, O MAIS ILUSTRE PREFEITO DE IBI\\u00daNA - Revista Vitrine Online\",\"isPartOf\":{\"@id\":\"https:\/\/revistavitrineibiuna.com.br\/#website\"},\"primaryImageOfPage\":{\"@id\":\"http:\/\/revistavitrineibiuna.com.br\/?p=30583#primaryimage\"},\"datePublished\":\"2024-01-24T15:46:57+00:00\",\"dateModified\":\"2024-01-24T15:53:09+00:00\",\"breadcrumb\":{\"@id\":\"http:\/\/revistavitrineibiuna.com.br\/?p=30583#breadcrumb\"},\"inLanguage\":\"pt-BR\",\"potentialAction\":[{\"@type\":\"ReadAction\",\"target\":[\"http:\/\/revistavitrineibiuna.com.br\/?p=30583\"]}]},{\"@type\":\"BreadcrumbList\",\"@id\":\"http:\/\/revistavitrineibiuna.com.br\/?p=30583#breadcrumb\",\"itemListElement\":[{\"@type\":\"ListItem\",\"position\":1,\"item\":{\"@type\":\"WebPage\",\"@id\":\"https:\/\/revistavitrineibiuna.com.br\/\",\"url\":\"https:\/\/revistavitrineibiuna.com.br\/\",\"name\":\"In\\u00edcio\"}},{\"@type\":\"ListItem\",\"position\":2,\"item\":{\"@type\":\"WebPage\",\"@id\":\"http:\/\/revistavitrineibiuna.com.br\/?p=30583\",\"url\":\"http:\/\/revistavitrineibiuna.com.br\/?p=30583\",\"name\":\"LIVRO NARRA A SAGA DE ZEZITO FALCI, O MAIS ILUSTRE PREFEITO DE IBI\\u00daNA\"}}]},{\"@type\":\"Article\",\"@id\":\"http:\/\/revistavitrineibiuna.com.br\/?p=30583#article\",\"isPartOf\":{\"@id\":\"http:\/\/revistavitrineibiuna.com.br\/?p=30583#webpage\"},\"author\":{\"@id\":\"https:\/\/revistavitrineibiuna.com.br\/#\/schema\/person\/e51ef49d6d88170ea21ceabff3f73deb\"},\"headline\":\"LIVRO NARRA A SAGA DE ZEZITO FALCI, O MAIS ILUSTRE PREFEITO DE IBI\\u00daNA\",\"datePublished\":\"2024-01-24T15:46:57+00:00\",\"dateModified\":\"2024-01-24T15:53:09+00:00\",\"mainEntityOfPage\":{\"@id\":\"http:\/\/revistavitrineibiuna.com.br\/?p=30583#webpage\"},\"commentCount\":0,\"publisher\":{\"@id\":\"https:\/\/revistavitrineibiuna.com.br\/#\/schema\/person\/e51ef49d6d88170ea21ceabff3f73deb\"},\"image\":{\"@id\":\"http:\/\/revistavitrineibiuna.com.br\/?p=30583#primaryimage\"},\"articleSection\":\"Uncategorized\",\"inLanguage\":\"pt-BR\",\"potentialAction\":[{\"@type\":\"CommentAction\",\"name\":\"Comment\",\"target\":[\"http:\/\/revistavitrineibiuna.com.br\/?p=30583#respond\"]}]},{\"@type\":[\"Person\",\"Organization\"],\"@id\":\"https:\/\/revistavitrineibiuna.com.br\/#\/schema\/person\/e51ef49d6d88170ea21ceabff3f73deb\",\"name\":\"Carlos Rossini\",\"image\":{\"@type\":\"ImageObject\",\"@id\":\"https:\/\/revistavitrineibiuna.com.br\/#personlogo\",\"inLanguage\":\"pt-BR\",\"url\":\"https:\/\/secure.gravatar.com\/avatar\/4f2d0f99fac1f85c7d643f21f5c8d900?s=96&d=mm&r=g\",\"caption\":\"Carlos Rossini\"},\"logo\":{\"@id\":\"https:\/\/revistavitrineibiuna.com.br\/#personlogo\"},\"description\":\"Carlos Rossini \\u00e9 jornalista, soci\\u00f3logo, escritor e professor universit\\u00e1rio, tendo sido professor de jornalismo por vinte anos. Trabalhou em ve\\u00edculos de comunica\\u00e7\\u00e3o nas fun\\u00e7\\u00f5es de rep\\u00f3rter, redator, editor, articulista e colaborador, como Folha de S. Paulo, O Estado de S. Paulo, Di\\u00e1rio Popular, entre outros. Ao transferir a revista vitrine, vers\\u00e3o imprensa, de S\\u00e3o Paulo para Ibi\\u00fana h\\u00e1 alguns anos, iniciou uma nova experi\\u00eancia profissional, dedicando-se ao jornalismo regional, depois de cumprir uma trajet\\u00f3ria bem-sucedida na grande imprensa brasileira. Seu primeiro livro A Coragem de Comunicar foi lan\\u00e7ado na Bienal do Livro em S\\u00e3o Paulo no ano 2000, pela editora Madras.\"}]}<\/script>\n<!-- \/ Yoast SEO plugin. -->","_links":{"self":[{"href":"https:\/\/revistavitrineibiuna.com.br\/index.php?rest_route=\/wp\/v2\/posts\/30583"}],"collection":[{"href":"https:\/\/revistavitrineibiuna.com.br\/index.php?rest_route=\/wp\/v2\/posts"}],"about":[{"href":"https:\/\/revistavitrineibiuna.com.br\/index.php?rest_route=\/wp\/v2\/types\/post"}],"author":[{"embeddable":true,"href":"https:\/\/revistavitrineibiuna.com.br\/index.php?rest_route=\/wp\/v2\/users\/1"}],"replies":[{"embeddable":true,"href":"https:\/\/revistavitrineibiuna.com.br\/index.php?rest_route=%2Fwp%2Fv2%2Fcomments&post=30583"}],"version-history":[{"count":2,"href":"https:\/\/revistavitrineibiuna.com.br\/index.php?rest_route=\/wp\/v2\/posts\/30583\/revisions"}],"predecessor-version":[{"id":30588,"href":"https:\/\/revistavitrineibiuna.com.br\/index.php?rest_route=\/wp\/v2\/posts\/30583\/revisions\/30588"}],"wp:featuredmedia":[{"embeddable":true,"href":"https:\/\/revistavitrineibiuna.com.br\/index.php?rest_route=\/wp\/v2\/media\/30584"}],"wp:attachment":[{"href":"https:\/\/revistavitrineibiuna.com.br\/index.php?rest_route=%2Fwp%2Fv2%2Fmedia&parent=30583"}],"wp:term":[{"taxonomy":"category","embeddable":true,"href":"https:\/\/revistavitrineibiuna.com.br\/index.php?rest_route=%2Fwp%2Fv2%2Fcategories&post=30583"},{"taxonomy":"post_tag","embeddable":true,"href":"https:\/\/revistavitrineibiuna.com.br\/index.php?rest_route=%2Fwp%2Fv2%2Ftags&post=30583"}],"curies":[{"name":"wp","href":"https:\/\/api.w.org\/{rel}","templated":true}]}}