{"id":30589,"date":"2024-01-24T20:20:06","date_gmt":"2024-01-24T23:20:06","guid":{"rendered":"http:\/\/revistavitrineibiuna.com.br\/?p=30589"},"modified":"2024-01-24T20:41:50","modified_gmt":"2024-01-24T23:41:50","slug":"mme-nao-renovara-licenca-para-a-cba-usar-as-aguas-da-itupararanga","status":"publish","type":"post","link":"https:\/\/revistavitrineibiuna.com.br\/?p=30589","title":{"rendered":"MME N\u00c3O RENOVAR\u00c1 LICEN\u00c7A PARA A CBA USAR AS \u00c1GUAS DA ITUPARARANGA"},"content":{"rendered":"\n<p class=\"has-drop-cap\"><strong>No fim do ano passado, houve uma reuni\u00e3o remota entre representantes de entidades ligadas ao meio ambiente na Regi\u00e3o Sorocaba e o Minist\u00e9rio de Minas e Energia. O assunto principal era a renova\u00e7\u00e3o da outorga (licen\u00e7a) para o uso das \u00e1guas da represa Itupararanga para a CBA, atual Votorantim Energia, que vencer\u00e1 em mar\u00e7o pr\u00f3ximo.<\/strong><\/p>\n\n\n\n<p><strong>Naquele momento n\u00e3o havia ainda uma defini\u00e7\u00e3o sobre a licita\u00e7\u00e3o, somente um parecer da ANEEL \u2013 Ag\u00eancia Nacional de Energia El\u00e9trica indicando a n\u00e3o renova\u00e7\u00e3o autom\u00e1tica da licen\u00e7a para a CBA.<\/strong><\/p>\n\n\n\n<p><strong>Nesta semana, entretanto, o Minist\u00e9rio de Minas e Energia \u2013 MME encaminhou um e-mail para o bi\u00f3logo e professor Andr\u00e9 Cordeiro, vice-presidente do Comit\u00ea de Bacias Hidrogr\u00e1ficas Sorocaba \u2013 M\u00e9dio Tiet\u00ea informando que \u201ca decis\u00e3o interna da Pasta \u00e9 fazer um leil\u00e3o com a Itupararanga e outras usinas que tamb\u00e9m t\u00eam suas licen\u00e7as vencidas&#8221;.<\/strong><\/p>\n\n\n\n<p><strong>O pessoal do MME est\u00e1 formando o lote para o leil\u00e3o, mas ainda n\u00e3o h\u00e1 prazo para que essa licita\u00e7\u00e3o seja publicada. &nbsp;<\/strong><\/p>\n\n\n\n<p><strong>USOS M\u00daLTIPLOS<\/strong><\/p>\n\n\n\n<p><strong>Andr\u00e9 Cordeiro considera que o Minist\u00e9rio de Minas e Energia \u201cest\u00e1 dentro de sua pol\u00edtica de tentar aumentar os ganhos para o Estado e aumentar a competiividade no setor de energia.\u201d E ressalva:<\/strong><\/p>\n\n\n\n<p><strong>\u201cO problema \u00e9 que a empresa que pegar, se n\u00e3o for a pr\u00f3pria CBA, pode tentar outra metodologia de opera\u00e7\u00e3o da barragem que n\u00e3o considere os usos m\u00faltiplos, como foi constru\u00eddo a duras penas nestes quase 3 anos de discuss\u00e3o no Grupo de Trabalho de Crise H\u00eddrica.\u201d<\/strong><\/p>\n\n\n\n<p><strong>\u201cPara isso estamos conversando com o DAEE \u2013 Departamento de \u00c1guas e Energia para incluir a regra operativa na outorga da represa, assim qualquer empresa que pegar ter\u00e1 que seguir a mesma regra acordada com a CBA\u201d, conclui.<\/strong><\/p>\n\n\n\n<p><strong>PARTICIPANTES<\/strong><\/p>\n\n\n\n<p><strong>Participaram da reuni\u00e3o remota realizada no fim do ano passado, entre outros integrantes, al\u00e9m do Prof. Andr\u00e9 Cordeiro, que ficou representante do grupo perante o MME, Jody Alonso, do DAEE; Waldnir Gomes, gestor da APA Itupararanga; Jo\u00e3o Rodarte e Viviane Oliveira, respectivamente presidente e diretora executiva da SOS Itupararanga; Carol, secret\u00e1ria executiva do Comit\u00ea; e Nat\u00e1lia, da Funda\u00e7\u00e3o Ag\u00eancia.<\/strong><\/p>\n","protected":false},"excerpt":{"rendered":"<p>No fim do ano passado, houve uma reuni\u00e3o remota entre representantes de entidades ligadas ao meio ambiente na Regi\u00e3o Sorocaba<\/p>\n","protected":false},"author":1,"featured_media":30590,"comment_status":"open","ping_status":"open","sticky":false,"template":"","format":"standard","meta":[],"categories":[3],"tags":[],"yoast_head":"<!-- This site is optimized with the Yoast SEO plugin v15.8 - https:\/\/yoast.com\/wordpress\/plugins\/seo\/ -->\n<title>MME N\u00c3O RENOVAR\u00c1 LICEN\u00c7A PARA A CBA USAR AS \u00c1GUAS DA ITUPARARANGA - Revista Vitrine Online<\/title>\n<meta name=\"robots\" content=\"index, follow, max-snippet:-1, max-image-preview:large, max-video-preview:-1\" \/>\n<link rel=\"canonical\" href=\"http:\/\/revistavitrineibiuna.com.br\/?p=30589\" \/>\n<meta property=\"og:locale\" content=\"pt_BR\" \/>\n<meta property=\"og:type\" content=\"article\" \/>\n<meta property=\"og:title\" content=\"MME N\u00c3O RENOVAR\u00c1 LICEN\u00c7A PARA A CBA USAR AS \u00c1GUAS DA ITUPARARANGA - Revista Vitrine Online\" \/>\n<meta property=\"og:description\" content=\"No fim do ano passado, houve uma reuni\u00e3o remota entre representantes de entidades ligadas ao meio ambiente na Regi\u00e3o Sorocaba\" \/>\n<meta property=\"og:url\" content=\"http:\/\/revistavitrineibiuna.com.br\/?p=30589\" \/>\n<meta property=\"og:site_name\" content=\"Revista Vitrine Online\" \/>\n<meta property=\"article:published_time\" content=\"2024-01-24T23:20:06+00:00\" \/>\n<meta property=\"article:modified_time\" content=\"2024-01-24T23:41:50+00:00\" \/>\n<meta property=\"og:image\" content=\"https:\/\/revistavitrineibiuna.com.br\/wp-content\/uploads\/2024\/01\/represa-itupararanga-1024x694.png\" \/>\n\t<meta property=\"og:image:width\" content=\"1024\" \/>\n\t<meta property=\"og:image:height\" content=\"694\" \/>\n<meta name=\"twitter:card\" content=\"summary\" \/>\n<meta name=\"twitter:label1\" content=\"Est. reading time\">\n\t<meta name=\"twitter:data1\" content=\"2 minutos\">\n<script type=\"application\/ld+json\" class=\"yoast-schema-graph\">{\"@context\":\"https:\/\/schema.org\",\"@graph\":[{\"@type\":\"WebSite\",\"@id\":\"https:\/\/revistavitrineibiuna.com.br\/#website\",\"url\":\"https:\/\/revistavitrineibiuna.com.br\/\",\"name\":\"Revista Vitrine Ibi\\u00fana\",\"description\":\"A Revista de Ibi\\u00fana e Regi\\u00e3o\",\"publisher\":{\"@id\":\"https:\/\/revistavitrineibiuna.com.br\/#\/schema\/person\/e51ef49d6d88170ea21ceabff3f73deb\"},\"potentialAction\":[{\"@type\":\"SearchAction\",\"target\":\"https:\/\/revistavitrineibiuna.com.br\/?s={search_term_string}\",\"query-input\":\"required name=search_term_string\"}],\"inLanguage\":\"pt-BR\"},{\"@type\":\"ImageObject\",\"@id\":\"http:\/\/revistavitrineibiuna.com.br\/?p=30589#primaryimage\",\"inLanguage\":\"pt-BR\",\"url\":\"https:\/\/revistavitrineibiuna.com.br\/wp-content\/uploads\/2024\/01\/represa-itupararanga.png\",\"width\":1587,\"height\":1075},{\"@type\":\"WebPage\",\"@id\":\"http:\/\/revistavitrineibiuna.com.br\/?p=30589#webpage\",\"url\":\"http:\/\/revistavitrineibiuna.com.br\/?p=30589\",\"name\":\"MME N\\u00c3O RENOVAR\\u00c1 LICEN\\u00c7A PARA A CBA USAR AS \\u00c1GUAS DA ITUPARARANGA - Revista Vitrine Online\",\"isPartOf\":{\"@id\":\"https:\/\/revistavitrineibiuna.com.br\/#website\"},\"primaryImageOfPage\":{\"@id\":\"http:\/\/revistavitrineibiuna.com.br\/?p=30589#primaryimage\"},\"datePublished\":\"2024-01-24T23:20:06+00:00\",\"dateModified\":\"2024-01-24T23:41:50+00:00\",\"breadcrumb\":{\"@id\":\"http:\/\/revistavitrineibiuna.com.br\/?p=30589#breadcrumb\"},\"inLanguage\":\"pt-BR\",\"potentialAction\":[{\"@type\":\"ReadAction\",\"target\":[\"http:\/\/revistavitrineibiuna.com.br\/?p=30589\"]}]},{\"@type\":\"BreadcrumbList\",\"@id\":\"http:\/\/revistavitrineibiuna.com.br\/?p=30589#breadcrumb\",\"itemListElement\":[{\"@type\":\"ListItem\",\"position\":1,\"item\":{\"@type\":\"WebPage\",\"@id\":\"https:\/\/revistavitrineibiuna.com.br\/\",\"url\":\"https:\/\/revistavitrineibiuna.com.br\/\",\"name\":\"In\\u00edcio\"}},{\"@type\":\"ListItem\",\"position\":2,\"item\":{\"@type\":\"WebPage\",\"@id\":\"http:\/\/revistavitrineibiuna.com.br\/?p=30589\",\"url\":\"http:\/\/revistavitrineibiuna.com.br\/?p=30589\",\"name\":\"MME N\\u00c3O RENOVAR\\u00c1 LICEN\\u00c7A PARA A CBA USAR AS \\u00c1GUAS DA ITUPARARANGA\"}}]},{\"@type\":\"Article\",\"@id\":\"http:\/\/revistavitrineibiuna.com.br\/?p=30589#article\",\"isPartOf\":{\"@id\":\"http:\/\/revistavitrineibiuna.com.br\/?p=30589#webpage\"},\"author\":{\"@id\":\"https:\/\/revistavitrineibiuna.com.br\/#\/schema\/person\/e51ef49d6d88170ea21ceabff3f73deb\"},\"headline\":\"MME N\\u00c3O RENOVAR\\u00c1 LICEN\\u00c7A PARA A CBA USAR AS \\u00c1GUAS DA ITUPARARANGA\",\"datePublished\":\"2024-01-24T23:20:06+00:00\",\"dateModified\":\"2024-01-24T23:41:50+00:00\",\"mainEntityOfPage\":{\"@id\":\"http:\/\/revistavitrineibiuna.com.br\/?p=30589#webpage\"},\"commentCount\":0,\"publisher\":{\"@id\":\"https:\/\/revistavitrineibiuna.com.br\/#\/schema\/person\/e51ef49d6d88170ea21ceabff3f73deb\"},\"image\":{\"@id\":\"http:\/\/revistavitrineibiuna.com.br\/?p=30589#primaryimage\"},\"articleSection\":\"Not\\u00edcias\",\"inLanguage\":\"pt-BR\",\"potentialAction\":[{\"@type\":\"CommentAction\",\"name\":\"Comment\",\"target\":[\"http:\/\/revistavitrineibiuna.com.br\/?p=30589#respond\"]}]},{\"@type\":[\"Person\",\"Organization\"],\"@id\":\"https:\/\/revistavitrineibiuna.com.br\/#\/schema\/person\/e51ef49d6d88170ea21ceabff3f73deb\",\"name\":\"Carlos Rossini\",\"image\":{\"@type\":\"ImageObject\",\"@id\":\"https:\/\/revistavitrineibiuna.com.br\/#personlogo\",\"inLanguage\":\"pt-BR\",\"url\":\"https:\/\/secure.gravatar.com\/avatar\/4f2d0f99fac1f85c7d643f21f5c8d900?s=96&d=mm&r=g\",\"caption\":\"Carlos Rossini\"},\"logo\":{\"@id\":\"https:\/\/revistavitrineibiuna.com.br\/#personlogo\"},\"description\":\"Carlos Rossini \\u00e9 jornalista, soci\\u00f3logo, escritor e professor universit\\u00e1rio, tendo sido professor de jornalismo por vinte anos. Trabalhou em ve\\u00edculos de comunica\\u00e7\\u00e3o nas fun\\u00e7\\u00f5es de rep\\u00f3rter, redator, editor, articulista e colaborador, como Folha de S. Paulo, O Estado de S. Paulo, Di\\u00e1rio Popular, entre outros. Ao transferir a revista vitrine, vers\\u00e3o imprensa, de S\\u00e3o Paulo para Ibi\\u00fana h\\u00e1 alguns anos, iniciou uma nova experi\\u00eancia profissional, dedicando-se ao jornalismo regional, depois de cumprir uma trajet\\u00f3ria bem-sucedida na grande imprensa brasileira. Seu primeiro livro A Coragem de Comunicar foi lan\\u00e7ado na Bienal do Livro em S\\u00e3o Paulo no ano 2000, pela editora Madras.\"}]}<\/script>\n<!-- \/ Yoast SEO plugin. -->","_links":{"self":[{"href":"https:\/\/revistavitrineibiuna.com.br\/index.php?rest_route=\/wp\/v2\/posts\/30589"}],"collection":[{"href":"https:\/\/revistavitrineibiuna.com.br\/index.php?rest_route=\/wp\/v2\/posts"}],"about":[{"href":"https:\/\/revistavitrineibiuna.com.br\/index.php?rest_route=\/wp\/v2\/types\/post"}],"author":[{"embeddable":true,"href":"https:\/\/revistavitrineibiuna.com.br\/index.php?rest_route=\/wp\/v2\/users\/1"}],"replies":[{"embeddable":true,"href":"https:\/\/revistavitrineibiuna.com.br\/index.php?rest_route=%2Fwp%2Fv2%2Fcomments&post=30589"}],"version-history":[{"count":3,"href":"https:\/\/revistavitrineibiuna.com.br\/index.php?rest_route=\/wp\/v2\/posts\/30589\/revisions"}],"predecessor-version":[{"id":30593,"href":"https:\/\/revistavitrineibiuna.com.br\/index.php?rest_route=\/wp\/v2\/posts\/30589\/revisions\/30593"}],"wp:featuredmedia":[{"embeddable":true,"href":"https:\/\/revistavitrineibiuna.com.br\/index.php?rest_route=\/wp\/v2\/media\/30590"}],"wp:attachment":[{"href":"https:\/\/revistavitrineibiuna.com.br\/index.php?rest_route=%2Fwp%2Fv2%2Fmedia&parent=30589"}],"wp:term":[{"taxonomy":"category","embeddable":true,"href":"https:\/\/revistavitrineibiuna.com.br\/index.php?rest_route=%2Fwp%2Fv2%2Fcategories&post=30589"},{"taxonomy":"post_tag","embeddable":true,"href":"https:\/\/revistavitrineibiuna.com.br\/index.php?rest_route=%2Fwp%2Fv2%2Ftags&post=30589"}],"curies":[{"name":"wp","href":"https:\/\/api.w.org\/{rel}","templated":true}]}}