{"id":30594,"date":"2024-01-25T13:27:06","date_gmt":"2024-01-25T16:27:06","guid":{"rendered":"http:\/\/revistavitrineibiuna.com.br\/?p=30594"},"modified":"2024-01-25T13:36:10","modified_gmt":"2024-01-25T16:36:10","slug":"ibiuna-edis-se-sensibilizam-com-reclamacoes-das-estradas-rurais","status":"publish","type":"post","link":"https:\/\/revistavitrineibiuna.com.br\/?p=30594","title":{"rendered":"IBI\u00daNA \u2013 EDIS SE \u201cSENSIBILIZAM\u201d COM RECLAMA\u00c7\u00d5ES DAS ESTRADAS RURAIS"},"content":{"rendered":"\n<p class=\"has-drop-cap\"><strong>A C\u00e2mara Municipal de Ibi\u00fana vem recebendo uma enxurrada de reclama\u00e7\u00f5es da popula\u00e7\u00e3o aflita com as estradas rurais intransit\u00e1veis no munic\u00edpio, devido \u00e0s chuvas que t\u00eam sido constantes.<\/strong><\/p>\n\n\n\n<p><strong>As pessoas pedem atitude aos nobres vereadores ibiunenses para que a Prefeitura, especificamente a Secretaria de Obras, fa\u00e7a manuten\u00e7\u00e3o \u201cemergencial\u201d nas vias esburacadas e lamacentas que desconfortam os cidad\u00e3os e prejudicam o tr\u00e1fego de produtos agr\u00edcolas, que constitui o ponto forte da economia do munic\u00edpio.<\/strong><\/p>\n\n\n\n<p><strong>\u201cSensibilizados\u201d com a afli\u00e7\u00e3o dos mun\u00edcipes, mesmo n\u00e3o tendo sess\u00f5es no Legislativo, devido ao recesso parlamentar, est\u00e3o reivindicando de modo \u201cen\u00e9rgico\u201d ao Poder Executivo que adote as medidas reclamadas pela popula\u00e7\u00e3o.<\/strong><\/p>\n\n\n\n<p><strong>Vitrine online n\u00e3o conseguiu identificar quantos e quais vereadores se mostraram \u201csensibilizados\u201d e que se dizem solid\u00e1rios com o povo. Mas \u00e9 oportuno lembrar que edis, n\u00e3o todos \u00e9 bom frisar, durante todo o ano passado, fizeram quest\u00e3o de aparecer ao lado do atual chefe do Executivo, em suas visitas exatamente \u00e0s estradas rurais que mereceram a passagem de tratores e receberam em geral finas camadas de pedras<\/strong> ou outros servi\u00e7os.<\/p>\n\n\n\n<p><strong>Se forem coerentes iriam agora aos locais onde o sofrimento popular \u00e9 mais not\u00f3rio e postariam v\u00eddeos apontando precisamente os problemas que est\u00e3o sendo objeto de queixas, e que n\u00e3o s\u00e3o poucos.<\/strong><\/p>\n\n\n\n<p><strong>Aparentemente, nossos parlamentares s\u00e3o h\u00e1beis em se exibir ao p\u00fablico em momentos supostamente favor\u00e1veis e ficar invis\u00edveis quando estrategicamente esse procedimento \u00e9 o mais seguro, diante dos olhos dos eleitores que voltar\u00e3o \u00e0s urnas no dia 6 de outubro deste ano.<\/strong><\/p>\n\n\n\n<p><strong>Seria apreci\u00e1vel que eles acompanhassem concretamente as autoridades do Executivo nas eventuais a\u00e7\u00f5es de repara\u00e7\u00e3o dessas estradas, como resultado de sua iniciativa, enquanto aguardam a volta das sess\u00f5es ordin\u00e1rias. (C.R.)<\/strong><\/p>\n\n\n\n<p>CRATERAS<\/p>\n\n\n\n<figure class=\"wp-block-image size-large\"><img loading=\"lazy\" width=\"1024\" height=\"599\" src=\"https:\/\/revistavitrineibiuna.com.br\/wp-content\/uploads\/2024\/01\/CRATERAS-1-1024x599.png\" alt=\"\" class=\"wp-image-30598\" srcset=\"https:\/\/revistavitrineibiuna.com.br\/wp-content\/uploads\/2024\/01\/CRATERAS-1-1024x599.png 1024w, https:\/\/revistavitrineibiuna.com.br\/wp-content\/uploads\/2024\/01\/CRATERAS-1-300x176.png 300w, https:\/\/revistavitrineibiuna.com.br\/wp-content\/uploads\/2024\/01\/CRATERAS-1-768x449.png 768w, https:\/\/revistavitrineibiuna.com.br\/wp-content\/uploads\/2024\/01\/CRATERAS-1-1536x899.png 1536w, https:\/\/revistavitrineibiuna.com.br\/wp-content\/uploads\/2024\/01\/CRATERAS-1.png 1598w\" sizes=\"(max-width: 1024px) 100vw, 1024px\" \/><figcaption>Na \u00faltima ter\u00e7a-feira (23), vitrine online mostrou as crateras existentes na Travessa Dr. Arcy Bandeira, localizada a menos de 500 metros do Pa\u00e7o Municipal. A revista foi conferir se a Prefeitura se sensibilizou com a not\u00edcia. A \u00fanica novidade \u00e9 que os buracos ficaram ainda mais profundos.<\/figcaption><\/figure>\n","protected":false},"excerpt":{"rendered":"<p>A C\u00e2mara Municipal de Ibi\u00fana vem recebendo uma enxurrada de reclama\u00e7\u00f5es da popula\u00e7\u00e3o aflita com as estradas rurais intransit\u00e1veis no<\/p>\n","protected":false},"author":1,"featured_media":30597,"comment_status":"open","ping_status":"open","sticky":false,"template":"","format":"standard","meta":[],"categories":[3],"tags":[],"yoast_head":"<!-- This site is optimized with the Yoast SEO plugin v15.8 - https:\/\/yoast.com\/wordpress\/plugins\/seo\/ -->\n<title>IBI\u00daNA \u2013 EDIS SE \u201cSENSIBILIZAM\u201d COM RECLAMA\u00c7\u00d5ES DAS ESTRADAS RURAIS - Revista Vitrine Online<\/title>\n<meta name=\"robots\" content=\"index, follow, max-snippet:-1, max-image-preview:large, max-video-preview:-1\" \/>\n<link rel=\"canonical\" href=\"http:\/\/revistavitrineibiuna.com.br\/?p=30594\" \/>\n<meta property=\"og:locale\" content=\"pt_BR\" \/>\n<meta property=\"og:type\" content=\"article\" \/>\n<meta property=\"og:title\" content=\"IBI\u00daNA \u2013 EDIS SE \u201cSENSIBILIZAM\u201d COM RECLAMA\u00c7\u00d5ES DAS ESTRADAS RURAIS - Revista Vitrine Online\" \/>\n<meta property=\"og:description\" content=\"A C\u00e2mara Municipal de Ibi\u00fana vem recebendo uma enxurrada de reclama\u00e7\u00f5es da popula\u00e7\u00e3o aflita com as estradas rurais intransit\u00e1veis no\" \/>\n<meta property=\"og:url\" content=\"http:\/\/revistavitrineibiuna.com.br\/?p=30594\" \/>\n<meta property=\"og:site_name\" content=\"Revista Vitrine Online\" \/>\n<meta property=\"article:published_time\" content=\"2024-01-25T16:27:06+00:00\" \/>\n<meta property=\"article:modified_time\" content=\"2024-01-25T16:36:10+00:00\" \/>\n<meta property=\"og:image\" content=\"https:\/\/revistavitrineibiuna.com.br\/wp-content\/uploads\/2024\/01\/estrada-ruim-2.png\" \/>\n\t<meta property=\"og:image:width\" content=\"603\" \/>\n\t<meta property=\"og:image:height\" content=\"349\" \/>\n<meta name=\"twitter:card\" content=\"summary\" \/>\n<meta name=\"twitter:label1\" content=\"Est. reading time\">\n\t<meta name=\"twitter:data1\" content=\"2 minutos\">\n<script type=\"application\/ld+json\" class=\"yoast-schema-graph\">{\"@context\":\"https:\/\/schema.org\",\"@graph\":[{\"@type\":\"WebSite\",\"@id\":\"https:\/\/revistavitrineibiuna.com.br\/#website\",\"url\":\"https:\/\/revistavitrineibiuna.com.br\/\",\"name\":\"Revista Vitrine Ibi\\u00fana\",\"description\":\"A Revista de Ibi\\u00fana e Regi\\u00e3o\",\"publisher\":{\"@id\":\"https:\/\/revistavitrineibiuna.com.br\/#\/schema\/person\/e51ef49d6d88170ea21ceabff3f73deb\"},\"potentialAction\":[{\"@type\":\"SearchAction\",\"target\":\"https:\/\/revistavitrineibiuna.com.br\/?s={search_term_string}\",\"query-input\":\"required name=search_term_string\"}],\"inLanguage\":\"pt-BR\"},{\"@type\":\"ImageObject\",\"@id\":\"http:\/\/revistavitrineibiuna.com.br\/?p=30594#primaryimage\",\"inLanguage\":\"pt-BR\",\"url\":\"https:\/\/revistavitrineibiuna.com.br\/wp-content\/uploads\/2024\/01\/estrada-ruim-2.png\",\"width\":603,\"height\":349},{\"@type\":\"WebPage\",\"@id\":\"http:\/\/revistavitrineibiuna.com.br\/?p=30594#webpage\",\"url\":\"http:\/\/revistavitrineibiuna.com.br\/?p=30594\",\"name\":\"IBI\\u00daNA \\u2013 EDIS SE \\u201cSENSIBILIZAM\\u201d COM RECLAMA\\u00c7\\u00d5ES DAS ESTRADAS RURAIS - Revista Vitrine Online\",\"isPartOf\":{\"@id\":\"https:\/\/revistavitrineibiuna.com.br\/#website\"},\"primaryImageOfPage\":{\"@id\":\"http:\/\/revistavitrineibiuna.com.br\/?p=30594#primaryimage\"},\"datePublished\":\"2024-01-25T16:27:06+00:00\",\"dateModified\":\"2024-01-25T16:36:10+00:00\",\"breadcrumb\":{\"@id\":\"http:\/\/revistavitrineibiuna.com.br\/?p=30594#breadcrumb\"},\"inLanguage\":\"pt-BR\",\"potentialAction\":[{\"@type\":\"ReadAction\",\"target\":[\"http:\/\/revistavitrineibiuna.com.br\/?p=30594\"]}]},{\"@type\":\"BreadcrumbList\",\"@id\":\"http:\/\/revistavitrineibiuna.com.br\/?p=30594#breadcrumb\",\"itemListElement\":[{\"@type\":\"ListItem\",\"position\":1,\"item\":{\"@type\":\"WebPage\",\"@id\":\"https:\/\/revistavitrineibiuna.com.br\/\",\"url\":\"https:\/\/revistavitrineibiuna.com.br\/\",\"name\":\"In\\u00edcio\"}},{\"@type\":\"ListItem\",\"position\":2,\"item\":{\"@type\":\"WebPage\",\"@id\":\"http:\/\/revistavitrineibiuna.com.br\/?p=30594\",\"url\":\"http:\/\/revistavitrineibiuna.com.br\/?p=30594\",\"name\":\"IBI\\u00daNA \\u2013 EDIS SE \\u201cSENSIBILIZAM\\u201d COM RECLAMA\\u00c7\\u00d5ES DAS ESTRADAS RURAIS\"}}]},{\"@type\":\"Article\",\"@id\":\"http:\/\/revistavitrineibiuna.com.br\/?p=30594#article\",\"isPartOf\":{\"@id\":\"http:\/\/revistavitrineibiuna.com.br\/?p=30594#webpage\"},\"author\":{\"@id\":\"https:\/\/revistavitrineibiuna.com.br\/#\/schema\/person\/e51ef49d6d88170ea21ceabff3f73deb\"},\"headline\":\"IBI\\u00daNA \\u2013 EDIS SE \\u201cSENSIBILIZAM\\u201d COM RECLAMA\\u00c7\\u00d5ES DAS ESTRADAS RURAIS\",\"datePublished\":\"2024-01-25T16:27:06+00:00\",\"dateModified\":\"2024-01-25T16:36:10+00:00\",\"mainEntityOfPage\":{\"@id\":\"http:\/\/revistavitrineibiuna.com.br\/?p=30594#webpage\"},\"commentCount\":0,\"publisher\":{\"@id\":\"https:\/\/revistavitrineibiuna.com.br\/#\/schema\/person\/e51ef49d6d88170ea21ceabff3f73deb\"},\"image\":{\"@id\":\"http:\/\/revistavitrineibiuna.com.br\/?p=30594#primaryimage\"},\"articleSection\":\"Not\\u00edcias\",\"inLanguage\":\"pt-BR\",\"potentialAction\":[{\"@type\":\"CommentAction\",\"name\":\"Comment\",\"target\":[\"http:\/\/revistavitrineibiuna.com.br\/?p=30594#respond\"]}]},{\"@type\":[\"Person\",\"Organization\"],\"@id\":\"https:\/\/revistavitrineibiuna.com.br\/#\/schema\/person\/e51ef49d6d88170ea21ceabff3f73deb\",\"name\":\"Carlos Rossini\",\"image\":{\"@type\":\"ImageObject\",\"@id\":\"https:\/\/revistavitrineibiuna.com.br\/#personlogo\",\"inLanguage\":\"pt-BR\",\"url\":\"https:\/\/secure.gravatar.com\/avatar\/4f2d0f99fac1f85c7d643f21f5c8d900?s=96&d=mm&r=g\",\"caption\":\"Carlos Rossini\"},\"logo\":{\"@id\":\"https:\/\/revistavitrineibiuna.com.br\/#personlogo\"},\"description\":\"Carlos Rossini \\u00e9 jornalista, soci\\u00f3logo, escritor e professor universit\\u00e1rio, tendo sido professor de jornalismo por vinte anos. Trabalhou em ve\\u00edculos de comunica\\u00e7\\u00e3o nas fun\\u00e7\\u00f5es de rep\\u00f3rter, redator, editor, articulista e colaborador, como Folha de S. Paulo, O Estado de S. Paulo, Di\\u00e1rio Popular, entre outros. Ao transferir a revista vitrine, vers\\u00e3o imprensa, de S\\u00e3o Paulo para Ibi\\u00fana h\\u00e1 alguns anos, iniciou uma nova experi\\u00eancia profissional, dedicando-se ao jornalismo regional, depois de cumprir uma trajet\\u00f3ria bem-sucedida na grande imprensa brasileira. Seu primeiro livro A Coragem de Comunicar foi lan\\u00e7ado na Bienal do Livro em S\\u00e3o Paulo no ano 2000, pela editora Madras.\"}]}<\/script>\n<!-- \/ Yoast SEO plugin. -->","_links":{"self":[{"href":"https:\/\/revistavitrineibiuna.com.br\/index.php?rest_route=\/wp\/v2\/posts\/30594"}],"collection":[{"href":"https:\/\/revistavitrineibiuna.com.br\/index.php?rest_route=\/wp\/v2\/posts"}],"about":[{"href":"https:\/\/revistavitrineibiuna.com.br\/index.php?rest_route=\/wp\/v2\/types\/post"}],"author":[{"embeddable":true,"href":"https:\/\/revistavitrineibiuna.com.br\/index.php?rest_route=\/wp\/v2\/users\/1"}],"replies":[{"embeddable":true,"href":"https:\/\/revistavitrineibiuna.com.br\/index.php?rest_route=%2Fwp%2Fv2%2Fcomments&post=30594"}],"version-history":[{"count":2,"href":"https:\/\/revistavitrineibiuna.com.br\/index.php?rest_route=\/wp\/v2\/posts\/30594\/revisions"}],"predecessor-version":[{"id":30600,"href":"https:\/\/revistavitrineibiuna.com.br\/index.php?rest_route=\/wp\/v2\/posts\/30594\/revisions\/30600"}],"wp:featuredmedia":[{"embeddable":true,"href":"https:\/\/revistavitrineibiuna.com.br\/index.php?rest_route=\/wp\/v2\/media\/30597"}],"wp:attachment":[{"href":"https:\/\/revistavitrineibiuna.com.br\/index.php?rest_route=%2Fwp%2Fv2%2Fmedia&parent=30594"}],"wp:term":[{"taxonomy":"category","embeddable":true,"href":"https:\/\/revistavitrineibiuna.com.br\/index.php?rest_route=%2Fwp%2Fv2%2Fcategories&post=30594"},{"taxonomy":"post_tag","embeddable":true,"href":"https:\/\/revistavitrineibiuna.com.br\/index.php?rest_route=%2Fwp%2Fv2%2Ftags&post=30594"}],"curies":[{"name":"wp","href":"https:\/\/api.w.org\/{rel}","templated":true}]}}