{"id":30602,"date":"2024-01-27T17:18:47","date_gmt":"2024-01-27T20:18:47","guid":{"rendered":"http:\/\/revistavitrineibiuna.com.br\/?p=30602"},"modified":"2024-01-27T17:30:40","modified_gmt":"2024-01-27T20:30:40","slug":"como-votarao-os-ibiunenses-este-ano","status":"publish","type":"post","link":"https:\/\/revistavitrineibiuna.com.br\/?p=30602","title":{"rendered":"COMO VOTAR\u00c3O OS IBIUNENSES ESTE ANO?"},"content":{"rendered":"\n<p class=\"has-drop-cap\"><strong>\u00c9 impressionante como os agentes pol\u00edticos de Ibi\u00fana, uma<\/strong><strong> cidade localizada a 70 km de uma das maiores metr\u00f3polis do mundo, continuem praticando uma pol\u00edtica partid\u00e1ria rasa, med\u00edocre e arcaica.<\/strong><\/p>\n\n\n\n<p><strong>Cidad\u00e3os esclarecidos nos informam que essa \u00e9 uma das mais importantes causas que mant\u00e9m o munic\u00edpio estagnado e com um atraso de h\u00e1 d\u00e9cadas em rela\u00e7\u00e3o a cidades vizinhas, como Piedade e S\u00e3o Roque, que tem atra\u00eddo investimentos not\u00e1veis com a cria\u00e7\u00e3o de milhares de empregos diretos.<\/strong><\/p>\n\n\n\n<p><strong>Dizem mais: h\u00e1, entre os pol\u00edticos poderosos e redundantes e alguns empres\u00e1rios conservadores que agiriam discreta, mas deliberadamente, para que a cidade se mantenha como est\u00e1 por muito tempo,&nbsp; a fim de reinarem soberanos.<\/strong><\/p>\n\n\n\n<p><strong>E, como se v\u00ea, a conjuntura desse quadro se arrasta ao longo do tempo, tendo afetado at\u00e9 mesmo a esperan\u00e7a do povo que habitualmente diz: \u201cN\u00e3o adianta, sempre foi assim; n\u00e3o vai mudar.\u201d<\/strong><\/p>\n\n\n\n<p><strong>A popula\u00e7\u00e3o, desse modo, vive sob esse estigma do qual os pol\u00edticos espertalh\u00f5es se valem para revalidarem seus mandatos, o que tamb\u00e9m \u00e9 uma forma de n\u00e3o-mudan\u00e7a. \u201cSempre os mesmos\u201d, gritam alguns.<\/strong><\/p>\n\n\n\n<p><strong>\u201cMas s\u00e3o voc\u00eas que votam nos mesmos\u201d, retrucam outros. E cosi la nave va. E todos acabam pagando a conta na forma de problemas eternos nos setores da sa\u00fade p\u00fablica, das estradas rurais sempre prec\u00e1rias, do vergonhoso transporte p\u00fablico, para ficar em apenas tr\u00eas cita\u00e7\u00f5es.<\/strong><\/p>\n\n\n\n<p><strong>Este ano, n\u00e3o dever\u00e1 ser diferente do que ocorreu nas elei\u00e7\u00f5es municipais de 2020. Na ocasi\u00e3o, houve nada menos do que 9 candidatos. Ainda que estejamos no primeiro m\u00eas do ano, os bastidores da pol\u00edtica ibiunense est\u00e3o fervendo: conquistas de partidos, de candidatos a vereadores, de apoiadores, de financiadores de campanha. Isso de fato \u00e9 uma coisa comum.<\/strong><\/p>\n\n\n\n<p><strong>Aparentemente, j\u00e1 devemos ter algo pr\u00f3ximo de 9 pr\u00e9-candidatos , incluindo o atual prefeito que disputar\u00e1 a reelei\u00e7\u00e3o contando com a m\u00e1quina administrativa na m\u00e3o que j\u00e1 come\u00e7ou a aproveitar todos os eventos para chamar a aten\u00e7\u00e3o para si, como grande realizador e benfeitor.<\/strong><\/p>\n\n\n\n<p><strong>Recentemente, por exemplo, reuniu no maior sal\u00e3o de eventos da cidade todos os personagens envolvidos com a educa\u00e7\u00e3o (professores, diretores, auxiliares, etc.) e fora dela. Foi na realidade um megaevento chamado de \u201cacolhimento\u201d para o in\u00edcio das aulas na rede b\u00e1sica de educa\u00e7\u00e3o e apresentar o material escolar que ser\u00e1 distribu\u00eddo ao alunado.<\/strong><\/p>\n\n\n\n<figure class=\"wp-block-image size-large\"><img loading=\"lazy\" width=\"720\" height=\"462\" src=\"https:\/\/revistavitrineibiuna.com.br\/wp-content\/uploads\/2024\/01\/megaevento-2.png\" alt=\"\" class=\"wp-image-30606\" srcset=\"https:\/\/revistavitrineibiuna.com.br\/wp-content\/uploads\/2024\/01\/megaevento-2.png 720w, https:\/\/revistavitrineibiuna.com.br\/wp-content\/uploads\/2024\/01\/megaevento-2-300x193.png 300w\" sizes=\"(max-width: 720px) 100vw, 720px\" \/><figcaption>Megaevento realizado na ADI, na sexta-feira (26): acolhimento par professores, gestores e demais colaboradores da rede municipal de ensino. Na ocasi\u00e3o foi exibido o kit escolar a ser distribu\u00eddo aos alunos. Mais de 800 pessoas estiveram presentes, segundo da Prefeitura de Ibi\u00fana. Fotos: Divulga\u00e7\u00e3o<\/figcaption><\/figure>\n\n\n\n<p><strong>Eventos dessa natureza n\u00e3o ocorreram nos anos anteriores, segundo nos informa um professor.<\/strong><\/p>\n\n\n\n<p><strong>Entendemos que o maior desafio que se apresenta para os demais pr\u00e9-candidatos \u00e9 o enfrentamento do pr\u00e9-candidato \u00e0 reelei\u00e7\u00e3o que conta como principal aliado e mentor o mais astuto pol\u00edtico ibiunense, que ainda conta com grande prest\u00edgio popular, sobretudo na zona rural do munic\u00edpio, que det\u00e9m maioria dos votos em rela\u00e7\u00e3o ao centro da cidade.<\/strong><\/p>\n\n\n\n<p><strong>N\u00e3o se sabe ainda o n\u00famero de cidad\u00e3os descontentes com a atual administra\u00e7\u00e3o e o que representar\u00e1 na contagem dos votos v\u00e1lidos. Aparentemente, pelos coment\u00e1rios que se verificam nas redes sociais, toda vez que o chefe do Executivo faz alguma postagem, h\u00e1 uma aparente rejei\u00e7\u00e3o crescente. S\u00f3 uma pesquisa de car\u00e1ter cient\u00edfico poder\u00e1 medir com maior precis\u00e3o esse fen\u00f4meno.<\/strong><\/p>\n\n\n\n<p><strong>Em 2020, o ent\u00e3o prefeito que disputava a reelei\u00e7\u00e3o estava nas v\u00e9speras da vota\u00e7\u00e3o com o maior \u00edndice de rejei\u00e7\u00e3o entre os demais candidatos, obtendo um resultado med\u00edocre em rela\u00e7\u00e3o ao eleito.<\/strong><\/p>\n","protected":false},"excerpt":{"rendered":"<p>\u00c9 impressionante como os agentes pol\u00edticos de Ibi\u00fana, uma cidade localizada a 70 km de uma das maiores metr\u00f3polis do<\/p>\n","protected":false},"author":1,"featured_media":30603,"comment_status":"open","ping_status":"open","sticky":false,"template":"","format":"standard","meta":[],"categories":[1],"tags":[],"yoast_head":"<!-- This site is optimized with the Yoast SEO plugin v15.8 - https:\/\/yoast.com\/wordpress\/plugins\/seo\/ -->\n<title>COMO VOTAR\u00c3O OS IBIUNENSES ESTE ANO? - Revista Vitrine Online<\/title>\n<meta name=\"robots\" content=\"index, follow, max-snippet:-1, max-image-preview:large, max-video-preview:-1\" \/>\n<link rel=\"canonical\" href=\"https:\/\/revistavitrineibiuna.com.br\/?p=30602\" \/>\n<meta property=\"og:locale\" content=\"pt_BR\" \/>\n<meta property=\"og:type\" content=\"article\" \/>\n<meta property=\"og:title\" content=\"COMO VOTAR\u00c3O OS IBIUNENSES ESTE ANO? - Revista Vitrine Online\" \/>\n<meta property=\"og:description\" content=\"\u00c9 impressionante como os agentes pol\u00edticos de Ibi\u00fana, uma cidade localizada a 70 km de uma das maiores metr\u00f3polis do\" \/>\n<meta property=\"og:url\" content=\"https:\/\/revistavitrineibiuna.com.br\/?p=30602\" \/>\n<meta property=\"og:site_name\" content=\"Revista Vitrine Online\" \/>\n<meta property=\"article:published_time\" content=\"2024-01-27T20:18:47+00:00\" \/>\n<meta property=\"article:modified_time\" content=\"2024-01-27T20:30:40+00:00\" \/>\n<meta property=\"og:image\" content=\"https:\/\/revistavitrineibiuna.com.br\/wp-content\/uploads\/2024\/01\/mega-evento-volta-as-aulas-1.png\" \/>\n\t<meta property=\"og:image:width\" content=\"717\" \/>\n\t<meta property=\"og:image:height\" content=\"461\" \/>\n<meta name=\"twitter:card\" content=\"summary\" \/>\n<meta name=\"twitter:label1\" content=\"Est. reading time\">\n\t<meta name=\"twitter:data1\" content=\"3 minutos\">\n<script type=\"application\/ld+json\" class=\"yoast-schema-graph\">{\"@context\":\"https:\/\/schema.org\",\"@graph\":[{\"@type\":\"WebSite\",\"@id\":\"https:\/\/revistavitrineibiuna.com.br\/#website\",\"url\":\"https:\/\/revistavitrineibiuna.com.br\/\",\"name\":\"Revista Vitrine Ibi\\u00fana\",\"description\":\"A Revista de Ibi\\u00fana e Regi\\u00e3o\",\"publisher\":{\"@id\":\"https:\/\/revistavitrineibiuna.com.br\/#\/schema\/person\/e51ef49d6d88170ea21ceabff3f73deb\"},\"potentialAction\":[{\"@type\":\"SearchAction\",\"target\":\"https:\/\/revistavitrineibiuna.com.br\/?s={search_term_string}\",\"query-input\":\"required name=search_term_string\"}],\"inLanguage\":\"pt-BR\"},{\"@type\":\"ImageObject\",\"@id\":\"https:\/\/revistavitrineibiuna.com.br\/?p=30602#primaryimage\",\"inLanguage\":\"pt-BR\",\"url\":\"https:\/\/revistavitrineibiuna.com.br\/wp-content\/uploads\/2024\/01\/mega-evento-volta-as-aulas-1.png\",\"width\":717,\"height\":461},{\"@type\":\"WebPage\",\"@id\":\"https:\/\/revistavitrineibiuna.com.br\/?p=30602#webpage\",\"url\":\"https:\/\/revistavitrineibiuna.com.br\/?p=30602\",\"name\":\"COMO VOTAR\\u00c3O OS IBIUNENSES ESTE ANO? - Revista Vitrine Online\",\"isPartOf\":{\"@id\":\"https:\/\/revistavitrineibiuna.com.br\/#website\"},\"primaryImageOfPage\":{\"@id\":\"https:\/\/revistavitrineibiuna.com.br\/?p=30602#primaryimage\"},\"datePublished\":\"2024-01-27T20:18:47+00:00\",\"dateModified\":\"2024-01-27T20:30:40+00:00\",\"breadcrumb\":{\"@id\":\"https:\/\/revistavitrineibiuna.com.br\/?p=30602#breadcrumb\"},\"inLanguage\":\"pt-BR\",\"potentialAction\":[{\"@type\":\"ReadAction\",\"target\":[\"https:\/\/revistavitrineibiuna.com.br\/?p=30602\"]}]},{\"@type\":\"BreadcrumbList\",\"@id\":\"https:\/\/revistavitrineibiuna.com.br\/?p=30602#breadcrumb\",\"itemListElement\":[{\"@type\":\"ListItem\",\"position\":1,\"item\":{\"@type\":\"WebPage\",\"@id\":\"https:\/\/revistavitrineibiuna.com.br\/\",\"url\":\"https:\/\/revistavitrineibiuna.com.br\/\",\"name\":\"In\\u00edcio\"}},{\"@type\":\"ListItem\",\"position\":2,\"item\":{\"@type\":\"WebPage\",\"@id\":\"https:\/\/revistavitrineibiuna.com.br\/?p=30602\",\"url\":\"https:\/\/revistavitrineibiuna.com.br\/?p=30602\",\"name\":\"COMO VOTAR\\u00c3O OS IBIUNENSES ESTE ANO?\"}}]},{\"@type\":\"Article\",\"@id\":\"https:\/\/revistavitrineibiuna.com.br\/?p=30602#article\",\"isPartOf\":{\"@id\":\"https:\/\/revistavitrineibiuna.com.br\/?p=30602#webpage\"},\"author\":{\"@id\":\"https:\/\/revistavitrineibiuna.com.br\/#\/schema\/person\/e51ef49d6d88170ea21ceabff3f73deb\"},\"headline\":\"COMO VOTAR\\u00c3O OS IBIUNENSES ESTE ANO?\",\"datePublished\":\"2024-01-27T20:18:47+00:00\",\"dateModified\":\"2024-01-27T20:30:40+00:00\",\"mainEntityOfPage\":{\"@id\":\"https:\/\/revistavitrineibiuna.com.br\/?p=30602#webpage\"},\"commentCount\":0,\"publisher\":{\"@id\":\"https:\/\/revistavitrineibiuna.com.br\/#\/schema\/person\/e51ef49d6d88170ea21ceabff3f73deb\"},\"image\":{\"@id\":\"https:\/\/revistavitrineibiuna.com.br\/?p=30602#primaryimage\"},\"articleSection\":\"Uncategorized\",\"inLanguage\":\"pt-BR\",\"potentialAction\":[{\"@type\":\"CommentAction\",\"name\":\"Comment\",\"target\":[\"https:\/\/revistavitrineibiuna.com.br\/?p=30602#respond\"]}]},{\"@type\":[\"Person\",\"Organization\"],\"@id\":\"https:\/\/revistavitrineibiuna.com.br\/#\/schema\/person\/e51ef49d6d88170ea21ceabff3f73deb\",\"name\":\"Carlos Rossini\",\"image\":{\"@type\":\"ImageObject\",\"@id\":\"https:\/\/revistavitrineibiuna.com.br\/#personlogo\",\"inLanguage\":\"pt-BR\",\"url\":\"https:\/\/secure.gravatar.com\/avatar\/4f2d0f99fac1f85c7d643f21f5c8d900?s=96&d=mm&r=g\",\"caption\":\"Carlos Rossini\"},\"logo\":{\"@id\":\"https:\/\/revistavitrineibiuna.com.br\/#personlogo\"},\"description\":\"Carlos Rossini \\u00e9 jornalista, soci\\u00f3logo, escritor e professor universit\\u00e1rio, tendo sido professor de jornalismo por vinte anos. Trabalhou em ve\\u00edculos de comunica\\u00e7\\u00e3o nas fun\\u00e7\\u00f5es de rep\\u00f3rter, redator, editor, articulista e colaborador, como Folha de S. Paulo, O Estado de S. Paulo, Di\\u00e1rio Popular, entre outros. Ao transferir a revista vitrine, vers\\u00e3o imprensa, de S\\u00e3o Paulo para Ibi\\u00fana h\\u00e1 alguns anos, iniciou uma nova experi\\u00eancia profissional, dedicando-se ao jornalismo regional, depois de cumprir uma trajet\\u00f3ria bem-sucedida na grande imprensa brasileira. Seu primeiro livro A Coragem de Comunicar foi lan\\u00e7ado na Bienal do Livro em S\\u00e3o Paulo no ano 2000, pela editora Madras.\"}]}<\/script>\n<!-- \/ Yoast SEO plugin. -->","_links":{"self":[{"href":"https:\/\/revistavitrineibiuna.com.br\/index.php?rest_route=\/wp\/v2\/posts\/30602"}],"collection":[{"href":"https:\/\/revistavitrineibiuna.com.br\/index.php?rest_route=\/wp\/v2\/posts"}],"about":[{"href":"https:\/\/revistavitrineibiuna.com.br\/index.php?rest_route=\/wp\/v2\/types\/post"}],"author":[{"embeddable":true,"href":"https:\/\/revistavitrineibiuna.com.br\/index.php?rest_route=\/wp\/v2\/users\/1"}],"replies":[{"embeddable":true,"href":"https:\/\/revistavitrineibiuna.com.br\/index.php?rest_route=%2Fwp%2Fv2%2Fcomments&post=30602"}],"version-history":[{"count":7,"href":"https:\/\/revistavitrineibiuna.com.br\/index.php?rest_route=\/wp\/v2\/posts\/30602\/revisions"}],"predecessor-version":[{"id":30612,"href":"https:\/\/revistavitrineibiuna.com.br\/index.php?rest_route=\/wp\/v2\/posts\/30602\/revisions\/30612"}],"wp:featuredmedia":[{"embeddable":true,"href":"https:\/\/revistavitrineibiuna.com.br\/index.php?rest_route=\/wp\/v2\/media\/30603"}],"wp:attachment":[{"href":"https:\/\/revistavitrineibiuna.com.br\/index.php?rest_route=%2Fwp%2Fv2%2Fmedia&parent=30602"}],"wp:term":[{"taxonomy":"category","embeddable":true,"href":"https:\/\/revistavitrineibiuna.com.br\/index.php?rest_route=%2Fwp%2Fv2%2Fcategories&post=30602"},{"taxonomy":"post_tag","embeddable":true,"href":"https:\/\/revistavitrineibiuna.com.br\/index.php?rest_route=%2Fwp%2Fv2%2Ftags&post=30602"}],"curies":[{"name":"wp","href":"https:\/\/api.w.org\/{rel}","templated":true}]}}