{"id":30613,"date":"2024-01-31T17:50:06","date_gmt":"2024-01-31T20:50:06","guid":{"rendered":"http:\/\/revistavitrineibiuna.com.br\/?p=30613"},"modified":"2024-01-31T18:19:28","modified_gmt":"2024-01-31T21:19:28","slug":"ibiuna-a-corrida-dos-pre-candidatos-ao-cargo-de-prefeito","status":"publish","type":"post","link":"https:\/\/revistavitrineibiuna.com.br\/?p=30613","title":{"rendered":"IBI\u00daNA \u2013 A CORRIDA DOS PR\u00c9-CANDIDATOS AO CARGO DE PREFEITO"},"content":{"rendered":"\n<p class=\"has-drop-cap\"><strong>A corrida por apoio, alian\u00e7as e defini\u00e7\u00e3o de estrat\u00e9gias dos pr\u00e9-candidatos ao cargo de prefeito nas elei\u00e7\u00f5es do dia 6 de outubro deste ano est\u00e1 em curso de modo discreto como conv\u00e9m aos acordos pol\u00edticos.<\/strong><\/p>\n\n\n\n<p><strong>Levantamento feito hoje por vitrine online sinaliza, at\u00e9 o momento, a exist\u00eancia de 6 pr\u00e9-candidatos: (Tenente) Adilson Ribeiro (Uni\u00e3o Brasil); Antonio Carlos de Moraes (Mobiliza); Jos\u00e9 Vicente Falci Filho (ainda sem partido); M\u00e1rio Pires (Republicanos); Odir Bastos (ainda sem partido); Paulo Sasaki (PTB); Renan Godinho (Podemos).<\/strong><\/p>\n\n\n\n<p><strong>O PT tamb\u00e9m dever\u00e1 indicar um nome que poder\u00e1 ser conhecido dentro dos pr\u00f3ximos quinze dias, aumentando assim para 7 pr\u00e9-candidatos. Tamb\u00e9m pode ocorrer o advento de pr\u00e9-candidatos tempor\u00f5es, fruto de uma eventual estrat\u00e9gia, para fragmentar votos em benef\u00edcio pr\u00f3prio.<\/strong><\/p>\n\n\n\n<p><strong>A falta de uma mulher na corrida eleitoral nesse cargo em Ibi\u00fana \u00e9 uma triste constata\u00e7\u00e3o de um tradicional machismo que impera no munic\u00edpio. At\u00e9 os dias de hoje, somente duas mulheres se dispuseram a candidatar-se sem, entretanto, sa\u00edrem vitoriosas. Como seria Ibi\u00fana com uma prefeita?<\/strong><\/p>\n\n\n\n<p><strong>H\u00e1 sinais aparentes, ainda n\u00e3o detectados por uma pesquisa feita com metodologia cient\u00edfica, de um avan\u00e7o no senso cr\u00edtico da popula\u00e7\u00e3o ibiunense com refer\u00eancia aos atuais detentores do poder na cidade, apontando um claro descontentamento.<\/strong><\/p>\n\n\n\n<p><strong>Isso se observa facilmente nos coment\u00e1rios negativos feitos nas redes sociais em rela\u00e7\u00e3o ao servi\u00e7o p\u00fablico de sa\u00fade, ao famigerado transporte p\u00fablico da popula\u00e7\u00e3o, da intermin\u00e1vel rodovi\u00e1ria, por exemplo, em meio ao extraordin\u00e1rio esfor\u00e7o da autoridade p\u00fablica de mostrar \u201cservi\u00e7o\u201d com reinaugura\u00e7\u00f5es de pr\u00e9dios p\u00fablicos pintados com um azul\u00e3o inexplic\u00e1vel. Isso sem contar com mensagens de car\u00e1ter otimista como se fosse poss\u00edvel substituir a dura realidade dos fatos.<\/strong><\/p>\n\n\n\n<p><strong>Algumas sondagens ou enquetes est\u00e3o sendo feitas para tentar descobrir como anda a mente dos eleitores exatamente para orientar condutas, a fim de realizar conquistas decisivas em forma de votos, que ser\u00e3o disputados dentro de uma r\u00e9gua que vai da \u00e9tica elementar a mais deslavada corrup\u00e7\u00e3o de variadas formas de compra de votos.<\/strong><\/p>\n\n\n\n<p><strong>Mas, aparentemente, o foco de aten\u00e7\u00e3o da absoluta maioria da popula\u00e7\u00e3o continua sendo a sobreviv\u00eancia no dia a dia, com os pre\u00e7os dos produtos de primeira necessidade sofrendo aumentos consider\u00e1veis nos \u00faltimos meses. Al\u00e9m disso, a falta de empregos, sobretudo para jovens, continua sendo um s\u00e9rio problema.<\/strong><\/p>\n\n\n\n<p><strong>Como ningu\u00e9m possui uma bola de cristal que possa antecipar quem ser\u00e1 eleito, o que se observa no meio da pr\u00f3pria popula\u00e7\u00e3o \u00e9 um sentimento paradoxal que se resume no seguinte aspecto: se voc\u00eas votarem nos mesmos, novamente, ter\u00e3o os mesmos problemas que n\u00e3o foram resolvidos.<\/strong><\/p>\n\n\n\n<p><strong>Em suma, as pessoas est\u00e3o criticando umas \u00e0s outras por votarem naqueles que em vez de resolver problemas, os criam, at\u00e9 mesmo como modo de governar, partindo do execr\u00e1vel princ\u00edpio de que \u201co povo gosta de ser enganado e de sofrer\u201d. (C.R.)<\/strong><\/p>\n","protected":false},"excerpt":{"rendered":"<p>A corrida por apoio, alian\u00e7as e defini\u00e7\u00e3o de estrat\u00e9gias dos pr\u00e9-candidatos ao cargo de prefeito nas elei\u00e7\u00f5es do dia 6<\/p>\n","protected":false},"author":1,"featured_media":30614,"comment_status":"open","ping_status":"open","sticky":false,"template":"","format":"standard","meta":[],"categories":[3],"tags":[],"yoast_head":"<!-- This site is optimized with the Yoast SEO plugin v15.8 - https:\/\/yoast.com\/wordpress\/plugins\/seo\/ -->\n<title>IBI\u00daNA \u2013 A CORRIDA DOS PR\u00c9-CANDIDATOS AO CARGO DE PREFEITO - Revista Vitrine Online<\/title>\n<meta name=\"robots\" content=\"index, follow, max-snippet:-1, max-image-preview:large, max-video-preview:-1\" \/>\n<link rel=\"canonical\" href=\"http:\/\/revistavitrineibiuna.com.br\/?p=30613\" \/>\n<meta property=\"og:locale\" content=\"pt_BR\" \/>\n<meta property=\"og:type\" content=\"article\" \/>\n<meta property=\"og:title\" content=\"IBI\u00daNA \u2013 A CORRIDA DOS PR\u00c9-CANDIDATOS AO CARGO DE PREFEITO - Revista Vitrine Online\" \/>\n<meta property=\"og:description\" content=\"A corrida por apoio, alian\u00e7as e defini\u00e7\u00e3o de estrat\u00e9gias dos pr\u00e9-candidatos ao cargo de prefeito nas elei\u00e7\u00f5es do dia 6\" \/>\n<meta property=\"og:url\" content=\"http:\/\/revistavitrineibiuna.com.br\/?p=30613\" \/>\n<meta property=\"og:site_name\" content=\"Revista Vitrine Online\" \/>\n<meta property=\"article:published_time\" content=\"2024-01-31T20:50:06+00:00\" \/>\n<meta property=\"article:modified_time\" content=\"2024-01-31T21:19:28+00:00\" \/>\n<meta property=\"og:image\" content=\"https:\/\/revistavitrineibiuna.com.br\/wp-content\/uploads\/2024\/01\/urna-eleitoral-1024x683.png\" \/>\n\t<meta property=\"og:image:width\" content=\"1024\" \/>\n\t<meta property=\"og:image:height\" content=\"683\" \/>\n<meta name=\"twitter:card\" content=\"summary\" \/>\n<meta name=\"twitter:label1\" content=\"Est. reading time\">\n\t<meta name=\"twitter:data1\" content=\"3 minutos\">\n<script type=\"application\/ld+json\" class=\"yoast-schema-graph\">{\"@context\":\"https:\/\/schema.org\",\"@graph\":[{\"@type\":\"WebSite\",\"@id\":\"https:\/\/revistavitrineibiuna.com.br\/#website\",\"url\":\"https:\/\/revistavitrineibiuna.com.br\/\",\"name\":\"Revista Vitrine Ibi\\u00fana\",\"description\":\"A Revista de Ibi\\u00fana e Regi\\u00e3o\",\"publisher\":{\"@id\":\"https:\/\/revistavitrineibiuna.com.br\/#\/schema\/person\/e51ef49d6d88170ea21ceabff3f73deb\"},\"potentialAction\":[{\"@type\":\"SearchAction\",\"target\":\"https:\/\/revistavitrineibiuna.com.br\/?s={search_term_string}\",\"query-input\":\"required name=search_term_string\"}],\"inLanguage\":\"pt-BR\"},{\"@type\":\"ImageObject\",\"@id\":\"http:\/\/revistavitrineibiuna.com.br\/?p=30613#primaryimage\",\"inLanguage\":\"pt-BR\",\"url\":\"https:\/\/revistavitrineibiuna.com.br\/wp-content\/uploads\/2024\/01\/urna-eleitoral.png\",\"width\":1920,\"height\":1280},{\"@type\":\"WebPage\",\"@id\":\"http:\/\/revistavitrineibiuna.com.br\/?p=30613#webpage\",\"url\":\"http:\/\/revistavitrineibiuna.com.br\/?p=30613\",\"name\":\"IBI\\u00daNA \\u2013 A CORRIDA DOS PR\\u00c9-CANDIDATOS AO CARGO DE PREFEITO - Revista Vitrine Online\",\"isPartOf\":{\"@id\":\"https:\/\/revistavitrineibiuna.com.br\/#website\"},\"primaryImageOfPage\":{\"@id\":\"http:\/\/revistavitrineibiuna.com.br\/?p=30613#primaryimage\"},\"datePublished\":\"2024-01-31T20:50:06+00:00\",\"dateModified\":\"2024-01-31T21:19:28+00:00\",\"breadcrumb\":{\"@id\":\"http:\/\/revistavitrineibiuna.com.br\/?p=30613#breadcrumb\"},\"inLanguage\":\"pt-BR\",\"potentialAction\":[{\"@type\":\"ReadAction\",\"target\":[\"http:\/\/revistavitrineibiuna.com.br\/?p=30613\"]}]},{\"@type\":\"BreadcrumbList\",\"@id\":\"http:\/\/revistavitrineibiuna.com.br\/?p=30613#breadcrumb\",\"itemListElement\":[{\"@type\":\"ListItem\",\"position\":1,\"item\":{\"@type\":\"WebPage\",\"@id\":\"https:\/\/revistavitrineibiuna.com.br\/\",\"url\":\"https:\/\/revistavitrineibiuna.com.br\/\",\"name\":\"In\\u00edcio\"}},{\"@type\":\"ListItem\",\"position\":2,\"item\":{\"@type\":\"WebPage\",\"@id\":\"http:\/\/revistavitrineibiuna.com.br\/?p=30613\",\"url\":\"http:\/\/revistavitrineibiuna.com.br\/?p=30613\",\"name\":\"IBI\\u00daNA \\u2013 A CORRIDA DOS PR\\u00c9-CANDIDATOS AO CARGO DE PREFEITO\"}}]},{\"@type\":\"Article\",\"@id\":\"http:\/\/revistavitrineibiuna.com.br\/?p=30613#article\",\"isPartOf\":{\"@id\":\"http:\/\/revistavitrineibiuna.com.br\/?p=30613#webpage\"},\"author\":{\"@id\":\"https:\/\/revistavitrineibiuna.com.br\/#\/schema\/person\/e51ef49d6d88170ea21ceabff3f73deb\"},\"headline\":\"IBI\\u00daNA \\u2013 A CORRIDA DOS PR\\u00c9-CANDIDATOS AO CARGO DE PREFEITO\",\"datePublished\":\"2024-01-31T20:50:06+00:00\",\"dateModified\":\"2024-01-31T21:19:28+00:00\",\"mainEntityOfPage\":{\"@id\":\"http:\/\/revistavitrineibiuna.com.br\/?p=30613#webpage\"},\"commentCount\":0,\"publisher\":{\"@id\":\"https:\/\/revistavitrineibiuna.com.br\/#\/schema\/person\/e51ef49d6d88170ea21ceabff3f73deb\"},\"image\":{\"@id\":\"http:\/\/revistavitrineibiuna.com.br\/?p=30613#primaryimage\"},\"articleSection\":\"Not\\u00edcias\",\"inLanguage\":\"pt-BR\",\"potentialAction\":[{\"@type\":\"CommentAction\",\"name\":\"Comment\",\"target\":[\"http:\/\/revistavitrineibiuna.com.br\/?p=30613#respond\"]}]},{\"@type\":[\"Person\",\"Organization\"],\"@id\":\"https:\/\/revistavitrineibiuna.com.br\/#\/schema\/person\/e51ef49d6d88170ea21ceabff3f73deb\",\"name\":\"Carlos Rossini\",\"image\":{\"@type\":\"ImageObject\",\"@id\":\"https:\/\/revistavitrineibiuna.com.br\/#personlogo\",\"inLanguage\":\"pt-BR\",\"url\":\"https:\/\/secure.gravatar.com\/avatar\/4f2d0f99fac1f85c7d643f21f5c8d900?s=96&d=mm&r=g\",\"caption\":\"Carlos Rossini\"},\"logo\":{\"@id\":\"https:\/\/revistavitrineibiuna.com.br\/#personlogo\"},\"description\":\"Carlos Rossini \\u00e9 jornalista, soci\\u00f3logo, escritor e professor universit\\u00e1rio, tendo sido professor de jornalismo por vinte anos. Trabalhou em ve\\u00edculos de comunica\\u00e7\\u00e3o nas fun\\u00e7\\u00f5es de rep\\u00f3rter, redator, editor, articulista e colaborador, como Folha de S. Paulo, O Estado de S. Paulo, Di\\u00e1rio Popular, entre outros. Ao transferir a revista vitrine, vers\\u00e3o imprensa, de S\\u00e3o Paulo para Ibi\\u00fana h\\u00e1 alguns anos, iniciou uma nova experi\\u00eancia profissional, dedicando-se ao jornalismo regional, depois de cumprir uma trajet\\u00f3ria bem-sucedida na grande imprensa brasileira. Seu primeiro livro A Coragem de Comunicar foi lan\\u00e7ado na Bienal do Livro em S\\u00e3o Paulo no ano 2000, pela editora Madras.\"}]}<\/script>\n<!-- \/ Yoast SEO plugin. -->","_links":{"self":[{"href":"https:\/\/revistavitrineibiuna.com.br\/index.php?rest_route=\/wp\/v2\/posts\/30613"}],"collection":[{"href":"https:\/\/revistavitrineibiuna.com.br\/index.php?rest_route=\/wp\/v2\/posts"}],"about":[{"href":"https:\/\/revistavitrineibiuna.com.br\/index.php?rest_route=\/wp\/v2\/types\/post"}],"author":[{"embeddable":true,"href":"https:\/\/revistavitrineibiuna.com.br\/index.php?rest_route=\/wp\/v2\/users\/1"}],"replies":[{"embeddable":true,"href":"https:\/\/revistavitrineibiuna.com.br\/index.php?rest_route=%2Fwp%2Fv2%2Fcomments&post=30613"}],"version-history":[{"count":2,"href":"https:\/\/revistavitrineibiuna.com.br\/index.php?rest_route=\/wp\/v2\/posts\/30613\/revisions"}],"predecessor-version":[{"id":30616,"href":"https:\/\/revistavitrineibiuna.com.br\/index.php?rest_route=\/wp\/v2\/posts\/30613\/revisions\/30616"}],"wp:featuredmedia":[{"embeddable":true,"href":"https:\/\/revistavitrineibiuna.com.br\/index.php?rest_route=\/wp\/v2\/media\/30614"}],"wp:attachment":[{"href":"https:\/\/revistavitrineibiuna.com.br\/index.php?rest_route=%2Fwp%2Fv2%2Fmedia&parent=30613"}],"wp:term":[{"taxonomy":"category","embeddable":true,"href":"https:\/\/revistavitrineibiuna.com.br\/index.php?rest_route=%2Fwp%2Fv2%2Fcategories&post=30613"},{"taxonomy":"post_tag","embeddable":true,"href":"https:\/\/revistavitrineibiuna.com.br\/index.php?rest_route=%2Fwp%2Fv2%2Ftags&post=30613"}],"curies":[{"name":"wp","href":"https:\/\/api.w.org\/{rel}","templated":true}]}}