{"id":30617,"date":"2024-02-02T20:31:26","date_gmt":"2024-02-02T23:31:26","guid":{"rendered":"http:\/\/revistavitrineibiuna.com.br\/?p=30617"},"modified":"2024-02-02T20:33:43","modified_gmt":"2024-02-02T23:33:43","slug":"ibiuna-trabalhadores-da-viacao-raposo-tavares-podem-entrar-em-greve-neste-sabado","status":"publish","type":"post","link":"https:\/\/revistavitrineibiuna.com.br\/?p=30617","title":{"rendered":"IBI\u00daNA \u2013 TRABALHADORES DA VIA\u00c7\u00c3O RAPOSO TAVARES PODEM ENTRAR EM GREVE NESTE S\u00c1BADO"},"content":{"rendered":"\n<p class=\"has-drop-cap\"><strong>Os trabalhadores da Via\u00e7\u00e3o Raposo Tavares, que opera o transporte p\u00fablico no munic\u00edpio de Ibi\u00fana, poder\u00e3o entrar em greve \u00e0s 11 horas deste s\u00e1bado, segundo notifica\u00e7\u00e3o do Sindicato dos Trabalhadores em Transportes Rodovi\u00e1rios de Sorocaba e Regi\u00e3o, encaminhada \u00e0 empresa e recebida pela diretora administrativa da empresa, Mirian Nascimento, \u00e0s 11 horas do dia 31.<\/strong><\/p>\n\n\n\n<p><strong>O presidente da entidade dos trabalhadores, Paulo Jo\u00e3o Estausia, assinalou que, expirado o prazo de 72 horas, a partir do recebimento da notifica\u00e7\u00e3o, \u201cos trabalhadores empregados dessa empresa deflagrar\u00e3o o movimento paradista, conforme decis\u00e3o em Assembleia com os trabalhadores, tendo em vista as negocia\u00e7\u00f5es infrut\u00edferas referentes ao Reajuste Salarial dos Trabalhadores, cuja data \u00e9 1\u00ba de maio\u201d.<\/strong><\/p>\n\n\n\n<p><strong>SERVI\u00c7O ESSENCIAL<\/strong><\/p>\n\n\n\n<p><strong>A notifica\u00e7\u00e3o esclarece que \u201cna hip\u00f3tese de deflagra\u00e7\u00e3o de greve, os trabalhadores disponibilizar\u00e3o no m\u00ednimo 30% de suas atividades em opera\u00e7\u00e3o, por tratar-se de presta\u00e7\u00e3o de servi\u00e7o essencial\u201d.<\/strong><\/p>\n\n\n\n<p><strong>O sindicato comunicou tanto a Prefeitura quanto a C\u00e2mara Municipal sobre a decis\u00e3o tomada, ressalvando que \u201cn\u00e3o nos restando d\u00favidas que V.Sas. desconhecem os fatos narrados\u201d na notifica\u00e7\u00e3o entregue \u00e0 Via\u00e7\u00e3o Raposo Tavares.<\/strong><\/p>\n","protected":false},"excerpt":{"rendered":"<p>Os trabalhadores da Via\u00e7\u00e3o Raposo Tavares, que opera o transporte p\u00fablico no munic\u00edpio de Ibi\u00fana, poder\u00e3o entrar em greve \u00e0s<\/p>\n","protected":false},"author":1,"featured_media":30618,"comment_status":"open","ping_status":"open","sticky":false,"template":"","format":"standard","meta":[],"categories":[3],"tags":[],"yoast_head":"<!-- This site is optimized with the Yoast SEO plugin v15.8 - https:\/\/yoast.com\/wordpress\/plugins\/seo\/ -->\n<title>IBI\u00daNA \u2013 TRABALHADORES DA VIA\u00c7\u00c3O RAPOSO TAVARES PODEM ENTRAR EM GREVE NESTE S\u00c1BADO - Revista Vitrine Online<\/title>\n<meta name=\"robots\" content=\"index, follow, max-snippet:-1, max-image-preview:large, max-video-preview:-1\" \/>\n<link rel=\"canonical\" href=\"http:\/\/revistavitrineibiuna.com.br\/?p=30617\" \/>\n<meta property=\"og:locale\" content=\"pt_BR\" \/>\n<meta property=\"og:type\" content=\"article\" \/>\n<meta property=\"og:title\" content=\"IBI\u00daNA \u2013 TRABALHADORES DA VIA\u00c7\u00c3O RAPOSO TAVARES PODEM ENTRAR EM GREVE NESTE S\u00c1BADO - Revista Vitrine Online\" \/>\n<meta property=\"og:description\" content=\"Os trabalhadores da Via\u00e7\u00e3o Raposo Tavares, que opera o transporte p\u00fablico no munic\u00edpio de Ibi\u00fana, poder\u00e3o entrar em greve \u00e0s\" \/>\n<meta property=\"og:url\" content=\"http:\/\/revistavitrineibiuna.com.br\/?p=30617\" \/>\n<meta property=\"og:site_name\" content=\"Revista Vitrine Online\" \/>\n<meta property=\"article:published_time\" content=\"2024-02-02T23:31:26+00:00\" \/>\n<meta property=\"article:modified_time\" content=\"2024-02-02T23:33:43+00:00\" \/>\n<meta property=\"og:image\" content=\"https:\/\/revistavitrineibiuna.com.br\/wp-content\/uploads\/2024\/02\/greve-na-raposo-tavares.png\" \/>\n\t<meta property=\"og:image:width\" content=\"636\" \/>\n\t<meta property=\"og:image:height\" content=\"378\" \/>\n<meta name=\"twitter:card\" content=\"summary\" \/>\n<meta name=\"twitter:label1\" content=\"Est. reading time\">\n\t<meta name=\"twitter:data1\" content=\"1 minuto\">\n<script type=\"application\/ld+json\" class=\"yoast-schema-graph\">{\"@context\":\"https:\/\/schema.org\",\"@graph\":[{\"@type\":\"WebSite\",\"@id\":\"https:\/\/revistavitrineibiuna.com.br\/#website\",\"url\":\"https:\/\/revistavitrineibiuna.com.br\/\",\"name\":\"Revista Vitrine Ibi\\u00fana\",\"description\":\"A Revista de Ibi\\u00fana e Regi\\u00e3o\",\"publisher\":{\"@id\":\"https:\/\/revistavitrineibiuna.com.br\/#\/schema\/person\/e51ef49d6d88170ea21ceabff3f73deb\"},\"potentialAction\":[{\"@type\":\"SearchAction\",\"target\":\"https:\/\/revistavitrineibiuna.com.br\/?s={search_term_string}\",\"query-input\":\"required name=search_term_string\"}],\"inLanguage\":\"pt-BR\"},{\"@type\":\"ImageObject\",\"@id\":\"http:\/\/revistavitrineibiuna.com.br\/?p=30617#primaryimage\",\"inLanguage\":\"pt-BR\",\"url\":\"https:\/\/revistavitrineibiuna.com.br\/wp-content\/uploads\/2024\/02\/greve-na-raposo-tavares.png\",\"width\":636,\"height\":378},{\"@type\":\"WebPage\",\"@id\":\"http:\/\/revistavitrineibiuna.com.br\/?p=30617#webpage\",\"url\":\"http:\/\/revistavitrineibiuna.com.br\/?p=30617\",\"name\":\"IBI\\u00daNA \\u2013 TRABALHADORES DA VIA\\u00c7\\u00c3O RAPOSO TAVARES PODEM ENTRAR EM GREVE NESTE S\\u00c1BADO - Revista Vitrine Online\",\"isPartOf\":{\"@id\":\"https:\/\/revistavitrineibiuna.com.br\/#website\"},\"primaryImageOfPage\":{\"@id\":\"http:\/\/revistavitrineibiuna.com.br\/?p=30617#primaryimage\"},\"datePublished\":\"2024-02-02T23:31:26+00:00\",\"dateModified\":\"2024-02-02T23:33:43+00:00\",\"breadcrumb\":{\"@id\":\"http:\/\/revistavitrineibiuna.com.br\/?p=30617#breadcrumb\"},\"inLanguage\":\"pt-BR\",\"potentialAction\":[{\"@type\":\"ReadAction\",\"target\":[\"http:\/\/revistavitrineibiuna.com.br\/?p=30617\"]}]},{\"@type\":\"BreadcrumbList\",\"@id\":\"http:\/\/revistavitrineibiuna.com.br\/?p=30617#breadcrumb\",\"itemListElement\":[{\"@type\":\"ListItem\",\"position\":1,\"item\":{\"@type\":\"WebPage\",\"@id\":\"https:\/\/revistavitrineibiuna.com.br\/\",\"url\":\"https:\/\/revistavitrineibiuna.com.br\/\",\"name\":\"In\\u00edcio\"}},{\"@type\":\"ListItem\",\"position\":2,\"item\":{\"@type\":\"WebPage\",\"@id\":\"http:\/\/revistavitrineibiuna.com.br\/?p=30617\",\"url\":\"http:\/\/revistavitrineibiuna.com.br\/?p=30617\",\"name\":\"IBI\\u00daNA \\u2013 TRABALHADORES DA VIA\\u00c7\\u00c3O RAPOSO TAVARES PODEM ENTRAR EM GREVE NESTE S\\u00c1BADO\"}}]},{\"@type\":\"Article\",\"@id\":\"http:\/\/revistavitrineibiuna.com.br\/?p=30617#article\",\"isPartOf\":{\"@id\":\"http:\/\/revistavitrineibiuna.com.br\/?p=30617#webpage\"},\"author\":{\"@id\":\"https:\/\/revistavitrineibiuna.com.br\/#\/schema\/person\/e51ef49d6d88170ea21ceabff3f73deb\"},\"headline\":\"IBI\\u00daNA \\u2013 TRABALHADORES DA VIA\\u00c7\\u00c3O RAPOSO TAVARES PODEM ENTRAR EM GREVE NESTE S\\u00c1BADO\",\"datePublished\":\"2024-02-02T23:31:26+00:00\",\"dateModified\":\"2024-02-02T23:33:43+00:00\",\"mainEntityOfPage\":{\"@id\":\"http:\/\/revistavitrineibiuna.com.br\/?p=30617#webpage\"},\"commentCount\":0,\"publisher\":{\"@id\":\"https:\/\/revistavitrineibiuna.com.br\/#\/schema\/person\/e51ef49d6d88170ea21ceabff3f73deb\"},\"image\":{\"@id\":\"http:\/\/revistavitrineibiuna.com.br\/?p=30617#primaryimage\"},\"articleSection\":\"Not\\u00edcias\",\"inLanguage\":\"pt-BR\",\"potentialAction\":[{\"@type\":\"CommentAction\",\"name\":\"Comment\",\"target\":[\"http:\/\/revistavitrineibiuna.com.br\/?p=30617#respond\"]}]},{\"@type\":[\"Person\",\"Organization\"],\"@id\":\"https:\/\/revistavitrineibiuna.com.br\/#\/schema\/person\/e51ef49d6d88170ea21ceabff3f73deb\",\"name\":\"Carlos Rossini\",\"image\":{\"@type\":\"ImageObject\",\"@id\":\"https:\/\/revistavitrineibiuna.com.br\/#personlogo\",\"inLanguage\":\"pt-BR\",\"url\":\"https:\/\/secure.gravatar.com\/avatar\/4f2d0f99fac1f85c7d643f21f5c8d900?s=96&d=mm&r=g\",\"caption\":\"Carlos Rossini\"},\"logo\":{\"@id\":\"https:\/\/revistavitrineibiuna.com.br\/#personlogo\"},\"description\":\"Carlos Rossini \\u00e9 jornalista, soci\\u00f3logo, escritor e professor universit\\u00e1rio, tendo sido professor de jornalismo por vinte anos. Trabalhou em ve\\u00edculos de comunica\\u00e7\\u00e3o nas fun\\u00e7\\u00f5es de rep\\u00f3rter, redator, editor, articulista e colaborador, como Folha de S. Paulo, O Estado de S. Paulo, Di\\u00e1rio Popular, entre outros. Ao transferir a revista vitrine, vers\\u00e3o imprensa, de S\\u00e3o Paulo para Ibi\\u00fana h\\u00e1 alguns anos, iniciou uma nova experi\\u00eancia profissional, dedicando-se ao jornalismo regional, depois de cumprir uma trajet\\u00f3ria bem-sucedida na grande imprensa brasileira. Seu primeiro livro A Coragem de Comunicar foi lan\\u00e7ado na Bienal do Livro em S\\u00e3o Paulo no ano 2000, pela editora Madras.\"}]}<\/script>\n<!-- \/ Yoast SEO plugin. -->","_links":{"self":[{"href":"https:\/\/revistavitrineibiuna.com.br\/index.php?rest_route=\/wp\/v2\/posts\/30617"}],"collection":[{"href":"https:\/\/revistavitrineibiuna.com.br\/index.php?rest_route=\/wp\/v2\/posts"}],"about":[{"href":"https:\/\/revistavitrineibiuna.com.br\/index.php?rest_route=\/wp\/v2\/types\/post"}],"author":[{"embeddable":true,"href":"https:\/\/revistavitrineibiuna.com.br\/index.php?rest_route=\/wp\/v2\/users\/1"}],"replies":[{"embeddable":true,"href":"https:\/\/revistavitrineibiuna.com.br\/index.php?rest_route=%2Fwp%2Fv2%2Fcomments&post=30617"}],"version-history":[{"count":1,"href":"https:\/\/revistavitrineibiuna.com.br\/index.php?rest_route=\/wp\/v2\/posts\/30617\/revisions"}],"predecessor-version":[{"id":30619,"href":"https:\/\/revistavitrineibiuna.com.br\/index.php?rest_route=\/wp\/v2\/posts\/30617\/revisions\/30619"}],"wp:featuredmedia":[{"embeddable":true,"href":"https:\/\/revistavitrineibiuna.com.br\/index.php?rest_route=\/wp\/v2\/media\/30618"}],"wp:attachment":[{"href":"https:\/\/revistavitrineibiuna.com.br\/index.php?rest_route=%2Fwp%2Fv2%2Fmedia&parent=30617"}],"wp:term":[{"taxonomy":"category","embeddable":true,"href":"https:\/\/revistavitrineibiuna.com.br\/index.php?rest_route=%2Fwp%2Fv2%2Fcategories&post=30617"},{"taxonomy":"post_tag","embeddable":true,"href":"https:\/\/revistavitrineibiuna.com.br\/index.php?rest_route=%2Fwp%2Fv2%2Ftags&post=30617"}],"curies":[{"name":"wp","href":"https:\/\/api.w.org\/{rel}","templated":true}]}}