{"id":30624,"date":"2024-02-03T16:02:15","date_gmt":"2024-02-03T19:02:15","guid":{"rendered":"http:\/\/revistavitrineibiuna.com.br\/?p=30624"},"modified":"2024-02-03T16:17:25","modified_gmt":"2024-02-03T19:17:25","slug":"ibiuna-greve-dos-onibus-nao-aconteceu-neste-sabado","status":"publish","type":"post","link":"https:\/\/revistavitrineibiuna.com.br\/?p=30624","title":{"rendered":"IBI\u00daNA \u2013 GREVE DOS \u00d4NIBUS DA VRT N\u00c3O ACONTECEU NESTE S\u00c1BADO"},"content":{"rendered":"\n<p class=\"has-drop-cap\"><strong>Vencidas as 72 horas, prazo dado pelo Sindicato dos Trabalhadores em Transportes Rodovi\u00e1rios de Sorocaba para a Via\u00e7\u00e3o Raposo Tavares \u2013 VRT se manifestar sobre reajuste salarial dos trabalhadores, cujas negocia\u00e7\u00f5es foram consideradas \u201cinfrut\u00edferas\u201d pela entidade sindical, n\u00e3o aconteceu o \u201cmovimento paradista\u201d (greve) anunciado na notifica\u00e7\u00e3o entregue \u00e0 empresa \u00e0s 11 horas do \u00faltimo dia 31.<\/strong><\/p>\n\n\n\n<p><strong>Vitrine online e a TVUNA estiveram por volta das 14 horas de hoje (3) na Rua Guarani, para onde foram transferidos os pontos de \u00f4nibus h\u00e1 mais de dois anos, devido \u00e0 reforma da esta\u00e7\u00e3o rodovi\u00e1ria, e apuraram que os trabalhadores nem mesmo estavam sabendo da greve.<\/strong><\/p>\n\n\n\n<p><strong>Hoje estavam operando 15 \u00f4nibus para atender aos usu\u00e1rios de todo o munic\u00edpio com mais de noventa bairros, j\u00e1 habituados com a longa demora na circula\u00e7\u00e3o dos \u00f4nibus.<\/strong><\/p>\n\n\n\n<p><strong>A empresa removeu a tabela de hor\u00e1rios que estava afixada numa parede na entrada do pr\u00e9dio onde funcionava o Mercado Municipal e no lugar afixou duas folhas de papel com o seguinte comunicado:<\/strong><\/p>\n\n\n\n<p><strong>\u201cOs hor\u00e1rios das linhas municipais de Ibi\u00fana est\u00e3o no site da empresa: <a href=\"http:\/\/www.vraposotavares.com.br\">www.vraposotavares.com.br<\/a>.\u201d<\/strong><\/p>\n\n\n\n<p><strong>Esse procedimento ter\u00e1 sido adotado por estar havendo um conflito entre as informa\u00e7\u00f5es da empresa e a de um guia da cidade de Ibi\u00fana.<\/strong><\/p>\n\n\n\n<p><strong>De qualquer forma, no entanto, quem mais uma vez sai prejudicada \u00e9 a popula\u00e7\u00e3o, j\u00e1 que perdeu uma refer\u00eancia que era consultada continuamente e a maioria dos usu\u00e1rios dos \u00f4nibus n\u00e3o terem acesso \u00e0 internet para acessar o site da empresa.<\/strong><\/p>\n\n\n\n<figure class=\"wp-block-image size-large\"><img loading=\"lazy\" width=\"1024\" height=\"745\" src=\"https:\/\/revistavitrineibiuna.com.br\/wp-content\/uploads\/2024\/02\/GREVE-SABADO-2-1024x745.png\" alt=\"\" class=\"wp-image-30630\" srcset=\"https:\/\/revistavitrineibiuna.com.br\/wp-content\/uploads\/2024\/02\/GREVE-SABADO-2-1024x745.png 1024w, https:\/\/revistavitrineibiuna.com.br\/wp-content\/uploads\/2024\/02\/GREVE-SABADO-2-300x218.png 300w, https:\/\/revistavitrineibiuna.com.br\/wp-content\/uploads\/2024\/02\/GREVE-SABADO-2-768x559.png 768w, https:\/\/revistavitrineibiuna.com.br\/wp-content\/uploads\/2024\/02\/GREVE-SABADO-2.png 1340w\" sizes=\"(max-width: 1024px) 100vw, 1024px\" \/><figcaption>A maioria da popula\u00e7\u00e3o n\u00e3o tem acesso \u00e0 Internet e, portanto, ficar\u00e1 sem as informa\u00e7\u00f5es atualizadas ou mudan\u00e7as nos hor\u00e1rios<\/figcaption><\/figure>\n\n\n\n<p><strong>Vitrine online enviou um e-mail para o sindicato com o objetivo de saber a respeito do movimento grevista anunciado e o que poder\u00e1 acontecer a partir de agora, j\u00e1 que a Via\u00e7\u00e3o Raposo Tavares n\u00e3o cumpriu o prazo dado pela entidade. At\u00e9 a finaliza\u00e7\u00e3o desta not\u00edcia n\u00e3o havia recebido nenhum retorno. O telefone da entidade tamb\u00e9m n\u00e3o atendeu \u00e0s liga\u00e7\u00f5es.<\/strong><\/p>\n","protected":false},"excerpt":{"rendered":"<p>Vencidas as 72 horas, prazo dado pelo Sindicato dos Trabalhadores em Transportes Rodovi\u00e1rios de Sorocaba para a Via\u00e7\u00e3o Raposo Tavares<\/p>\n","protected":false},"author":1,"featured_media":30625,"comment_status":"open","ping_status":"open","sticky":false,"template":"","format":"standard","meta":[],"categories":[3],"tags":[],"yoast_head":"<!-- This site is optimized with the Yoast SEO plugin v15.8 - https:\/\/yoast.com\/wordpress\/plugins\/seo\/ -->\n<title>IBI\u00daNA \u2013 GREVE DOS \u00d4NIBUS DA VRT N\u00c3O ACONTECEU NESTE S\u00c1BADO - Revista Vitrine Online<\/title>\n<meta name=\"robots\" content=\"index, follow, max-snippet:-1, max-image-preview:large, max-video-preview:-1\" \/>\n<link rel=\"canonical\" href=\"http:\/\/revistavitrineibiuna.com.br\/?p=30624\" \/>\n<meta property=\"og:locale\" content=\"pt_BR\" \/>\n<meta property=\"og:type\" content=\"article\" \/>\n<meta property=\"og:title\" content=\"IBI\u00daNA \u2013 GREVE DOS \u00d4NIBUS DA VRT N\u00c3O ACONTECEU NESTE S\u00c1BADO - Revista Vitrine Online\" \/>\n<meta property=\"og:description\" content=\"Vencidas as 72 horas, prazo dado pelo Sindicato dos Trabalhadores em Transportes Rodovi\u00e1rios de Sorocaba para a Via\u00e7\u00e3o Raposo Tavares\" \/>\n<meta property=\"og:url\" content=\"http:\/\/revistavitrineibiuna.com.br\/?p=30624\" \/>\n<meta property=\"og:site_name\" content=\"Revista Vitrine Online\" \/>\n<meta property=\"article:published_time\" content=\"2024-02-03T19:02:15+00:00\" \/>\n<meta property=\"article:modified_time\" content=\"2024-02-03T19:17:25+00:00\" \/>\n<meta property=\"og:image\" content=\"https:\/\/revistavitrineibiuna.com.br\/wp-content\/uploads\/2024\/02\/Rua-guarani-sabado-1.png\" \/>\n\t<meta property=\"og:image:width\" content=\"717\" \/>\n\t<meta property=\"og:image:height\" content=\"401\" \/>\n<meta name=\"twitter:card\" content=\"summary\" \/>\n<meta name=\"twitter:label1\" content=\"Est. reading time\">\n\t<meta name=\"twitter:data1\" content=\"2 minutos\">\n<script type=\"application\/ld+json\" class=\"yoast-schema-graph\">{\"@context\":\"https:\/\/schema.org\",\"@graph\":[{\"@type\":\"WebSite\",\"@id\":\"https:\/\/revistavitrineibiuna.com.br\/#website\",\"url\":\"https:\/\/revistavitrineibiuna.com.br\/\",\"name\":\"Revista Vitrine Ibi\\u00fana\",\"description\":\"A Revista de Ibi\\u00fana e Regi\\u00e3o\",\"publisher\":{\"@id\":\"https:\/\/revistavitrineibiuna.com.br\/#\/schema\/person\/e51ef49d6d88170ea21ceabff3f73deb\"},\"potentialAction\":[{\"@type\":\"SearchAction\",\"target\":\"https:\/\/revistavitrineibiuna.com.br\/?s={search_term_string}\",\"query-input\":\"required name=search_term_string\"}],\"inLanguage\":\"pt-BR\"},{\"@type\":\"ImageObject\",\"@id\":\"http:\/\/revistavitrineibiuna.com.br\/?p=30624#primaryimage\",\"inLanguage\":\"pt-BR\",\"url\":\"https:\/\/revistavitrineibiuna.com.br\/wp-content\/uploads\/2024\/02\/Rua-guarani-sabado-1.png\",\"width\":717,\"height\":401},{\"@type\":\"WebPage\",\"@id\":\"http:\/\/revistavitrineibiuna.com.br\/?p=30624#webpage\",\"url\":\"http:\/\/revistavitrineibiuna.com.br\/?p=30624\",\"name\":\"IBI\\u00daNA \\u2013 GREVE DOS \\u00d4NIBUS DA VRT N\\u00c3O ACONTECEU NESTE S\\u00c1BADO - Revista Vitrine Online\",\"isPartOf\":{\"@id\":\"https:\/\/revistavitrineibiuna.com.br\/#website\"},\"primaryImageOfPage\":{\"@id\":\"http:\/\/revistavitrineibiuna.com.br\/?p=30624#primaryimage\"},\"datePublished\":\"2024-02-03T19:02:15+00:00\",\"dateModified\":\"2024-02-03T19:17:25+00:00\",\"breadcrumb\":{\"@id\":\"http:\/\/revistavitrineibiuna.com.br\/?p=30624#breadcrumb\"},\"inLanguage\":\"pt-BR\",\"potentialAction\":[{\"@type\":\"ReadAction\",\"target\":[\"http:\/\/revistavitrineibiuna.com.br\/?p=30624\"]}]},{\"@type\":\"BreadcrumbList\",\"@id\":\"http:\/\/revistavitrineibiuna.com.br\/?p=30624#breadcrumb\",\"itemListElement\":[{\"@type\":\"ListItem\",\"position\":1,\"item\":{\"@type\":\"WebPage\",\"@id\":\"https:\/\/revistavitrineibiuna.com.br\/\",\"url\":\"https:\/\/revistavitrineibiuna.com.br\/\",\"name\":\"In\\u00edcio\"}},{\"@type\":\"ListItem\",\"position\":2,\"item\":{\"@type\":\"WebPage\",\"@id\":\"http:\/\/revistavitrineibiuna.com.br\/?p=30624\",\"url\":\"http:\/\/revistavitrineibiuna.com.br\/?p=30624\",\"name\":\"IBI\\u00daNA \\u2013 GREVE DOS \\u00d4NIBUS DA VRT N\\u00c3O ACONTECEU NESTE S\\u00c1BADO\"}}]},{\"@type\":\"Article\",\"@id\":\"http:\/\/revistavitrineibiuna.com.br\/?p=30624#article\",\"isPartOf\":{\"@id\":\"http:\/\/revistavitrineibiuna.com.br\/?p=30624#webpage\"},\"author\":{\"@id\":\"https:\/\/revistavitrineibiuna.com.br\/#\/schema\/person\/e51ef49d6d88170ea21ceabff3f73deb\"},\"headline\":\"IBI\\u00daNA \\u2013 GREVE DOS \\u00d4NIBUS DA VRT N\\u00c3O ACONTECEU NESTE S\\u00c1BADO\",\"datePublished\":\"2024-02-03T19:02:15+00:00\",\"dateModified\":\"2024-02-03T19:17:25+00:00\",\"mainEntityOfPage\":{\"@id\":\"http:\/\/revistavitrineibiuna.com.br\/?p=30624#webpage\"},\"commentCount\":0,\"publisher\":{\"@id\":\"https:\/\/revistavitrineibiuna.com.br\/#\/schema\/person\/e51ef49d6d88170ea21ceabff3f73deb\"},\"image\":{\"@id\":\"http:\/\/revistavitrineibiuna.com.br\/?p=30624#primaryimage\"},\"articleSection\":\"Not\\u00edcias\",\"inLanguage\":\"pt-BR\",\"potentialAction\":[{\"@type\":\"CommentAction\",\"name\":\"Comment\",\"target\":[\"http:\/\/revistavitrineibiuna.com.br\/?p=30624#respond\"]}]},{\"@type\":[\"Person\",\"Organization\"],\"@id\":\"https:\/\/revistavitrineibiuna.com.br\/#\/schema\/person\/e51ef49d6d88170ea21ceabff3f73deb\",\"name\":\"Carlos Rossini\",\"image\":{\"@type\":\"ImageObject\",\"@id\":\"https:\/\/revistavitrineibiuna.com.br\/#personlogo\",\"inLanguage\":\"pt-BR\",\"url\":\"https:\/\/secure.gravatar.com\/avatar\/4f2d0f99fac1f85c7d643f21f5c8d900?s=96&d=mm&r=g\",\"caption\":\"Carlos Rossini\"},\"logo\":{\"@id\":\"https:\/\/revistavitrineibiuna.com.br\/#personlogo\"},\"description\":\"Carlos Rossini \\u00e9 jornalista, soci\\u00f3logo, escritor e professor universit\\u00e1rio, tendo sido professor de jornalismo por vinte anos. Trabalhou em ve\\u00edculos de comunica\\u00e7\\u00e3o nas fun\\u00e7\\u00f5es de rep\\u00f3rter, redator, editor, articulista e colaborador, como Folha de S. Paulo, O Estado de S. Paulo, Di\\u00e1rio Popular, entre outros. Ao transferir a revista vitrine, vers\\u00e3o imprensa, de S\\u00e3o Paulo para Ibi\\u00fana h\\u00e1 alguns anos, iniciou uma nova experi\\u00eancia profissional, dedicando-se ao jornalismo regional, depois de cumprir uma trajet\\u00f3ria bem-sucedida na grande imprensa brasileira. Seu primeiro livro A Coragem de Comunicar foi lan\\u00e7ado na Bienal do Livro em S\\u00e3o Paulo no ano 2000, pela editora Madras.\"}]}<\/script>\n<!-- \/ Yoast SEO plugin. -->","_links":{"self":[{"href":"https:\/\/revistavitrineibiuna.com.br\/index.php?rest_route=\/wp\/v2\/posts\/30624"}],"collection":[{"href":"https:\/\/revistavitrineibiuna.com.br\/index.php?rest_route=\/wp\/v2\/posts"}],"about":[{"href":"https:\/\/revistavitrineibiuna.com.br\/index.php?rest_route=\/wp\/v2\/types\/post"}],"author":[{"embeddable":true,"href":"https:\/\/revistavitrineibiuna.com.br\/index.php?rest_route=\/wp\/v2\/users\/1"}],"replies":[{"embeddable":true,"href":"https:\/\/revistavitrineibiuna.com.br\/index.php?rest_route=%2Fwp%2Fv2%2Fcomments&post=30624"}],"version-history":[{"count":3,"href":"https:\/\/revistavitrineibiuna.com.br\/index.php?rest_route=\/wp\/v2\/posts\/30624\/revisions"}],"predecessor-version":[{"id":30631,"href":"https:\/\/revistavitrineibiuna.com.br\/index.php?rest_route=\/wp\/v2\/posts\/30624\/revisions\/30631"}],"wp:featuredmedia":[{"embeddable":true,"href":"https:\/\/revistavitrineibiuna.com.br\/index.php?rest_route=\/wp\/v2\/media\/30625"}],"wp:attachment":[{"href":"https:\/\/revistavitrineibiuna.com.br\/index.php?rest_route=%2Fwp%2Fv2%2Fmedia&parent=30624"}],"wp:term":[{"taxonomy":"category","embeddable":true,"href":"https:\/\/revistavitrineibiuna.com.br\/index.php?rest_route=%2Fwp%2Fv2%2Fcategories&post=30624"},{"taxonomy":"post_tag","embeddable":true,"href":"https:\/\/revistavitrineibiuna.com.br\/index.php?rest_route=%2Fwp%2Fv2%2Ftags&post=30624"}],"curies":[{"name":"wp","href":"https:\/\/api.w.org\/{rel}","templated":true}]}}