{"id":30632,"date":"2024-02-04T04:20:52","date_gmt":"2024-02-04T07:20:52","guid":{"rendered":"http:\/\/revistavitrineibiuna.com.br\/?p=30632"},"modified":"2024-02-04T19:16:24","modified_gmt":"2024-02-04T22:16:24","slug":"ibiuna-noite-de-autografos-reune-dezenas-de-pessoas","status":"publish","type":"post","link":"https:\/\/revistavitrineibiuna.com.br\/?p=30632","title":{"rendered":"IBI\u00daNA \u2013 NOITE DE AUT\u00d3GRAFOS RE\u00daNE DEZENAS DE PESSOAS"},"content":{"rendered":"\n<p class=\"has-drop-cap\"><strong>Durante tr\u00eas anos Luiz Ant\u00f4nio Falci escreveu \u00e0 m\u00e3o, de modo intermitente, a biografia do irm\u00e3o mais velho, e mais ilustre prefeito de Ibi\u00fana, Jos\u00e9 Vicente Falci [Zezito Falci].<\/strong><\/p>\n\n\n\n<p><strong>O livro \u201cFirme por Ibi\u00fana \u2013 Zezito Falci, o prefeito do povo\u201d foi lan\u00e7ado neste s\u00e1bado (3) em noite de aut\u00f3grafos, no sal\u00e3o do Hotel Terra Preta [centro da cidade], reunindo dezenas de pessoas, entre amigos, familiares e admiradores, tanto do autor quanto do ex-prefeito, considerado por muitos o melhor prefeito que Ibi\u00fana j\u00e1 teve por suas memor\u00e1veis realiza\u00e7\u00f5es.<\/strong><\/p>\n\n\n\n<p><strong>No dia 24 de janeiro, vitrine online publicou uma resenha da obra sob o t\u00edtulo \u201cLivro narra a saga de Zezito Falci, o mais ilustre prefeito de Ibi\u00fana\u201d, mas o melhor mesmo est\u00e1 nas 172 p\u00e1ginas de uma narrativa simples, de f\u00e1cil leitura, uma inestim\u00e1vel contribui\u00e7\u00e3o para compreens\u00e3o da hist\u00f3ria pol\u00edtica da cidade desde sua funda\u00e7\u00e3o.<\/strong><\/p>\n\n\n\n<p><strong>Foi uma noite de simp\u00e1tico encontro social e cultural, com apertos de m\u00e3os, abra\u00e7os e sorrisos. No exemplar que recebemos Luiz Antonio escreveu: \u201cAo Casal Amigo Carlos e C\u00e9lia. Sob seu nome assinalou: \u201cZezito, sempre amado e reverenciado, jamais ser\u00e1 esquecido pelo seu povo amado.\u201d<\/strong><\/p>\n\n\n\n<p><strong>Tamb\u00e9m estava presente o historiador Jos\u00e9 Gomes Linense, que conhece a hist\u00f3ria da cidade como a palma da m\u00e3o que j\u00e1 havia dito: \u201cZezito Falci foi o melhor prefeito de Ibi\u00fana, o que mais atendeu ao povo, o que mais realizou. Para ele n\u00e3o tinha tempo ruim, estava sempre disposto e perseverante.\u201d<\/strong><\/p>\n\n\n\n<p><strong>Carinhoso e notavelmente feliz, Luiz Ant\u00f4nio recebeu com afetuoso abra\u00e7o cada um que se encontrava na fila para receber o aut\u00f3grafo. Foi uma noite de festa na cidade!<\/strong><\/p>\n\n\n\n<figure class=\"wp-block-image size-large\"><img loading=\"lazy\" width=\"960\" height=\"682\" src=\"https:\/\/revistavitrineibiuna.com.br\/wp-content\/uploads\/2024\/02\/Autografos-2.png\" alt=\"\" class=\"wp-image-30636\" srcset=\"https:\/\/revistavitrineibiuna.com.br\/wp-content\/uploads\/2024\/02\/Autografos-2.png 960w, https:\/\/revistavitrineibiuna.com.br\/wp-content\/uploads\/2024\/02\/Autografos-2-300x213.png 300w, https:\/\/revistavitrineibiuna.com.br\/wp-content\/uploads\/2024\/02\/Autografos-2-768x546.png 768w\" sizes=\"(max-width: 960px) 100vw, 960px\" \/><figcaption>Izilda, Luiz Ant\u00f4nio e Nacib da Luz Camargo<\/figcaption><\/figure>\n\n\n\n<figure class=\"wp-block-image size-large\"><img loading=\"lazy\" width=\"1024\" height=\"766\" src=\"https:\/\/revistavitrineibiuna.com.br\/wp-content\/uploads\/2024\/02\/Autografos-3-1024x766.png\" alt=\"\" class=\"wp-image-30638\" srcset=\"https:\/\/revistavitrineibiuna.com.br\/wp-content\/uploads\/2024\/02\/Autografos-3-1024x766.png 1024w, https:\/\/revistavitrineibiuna.com.br\/wp-content\/uploads\/2024\/02\/Autografos-3-300x224.png 300w, https:\/\/revistavitrineibiuna.com.br\/wp-content\/uploads\/2024\/02\/Autografos-3-768x574.png 768w, https:\/\/revistavitrineibiuna.com.br\/wp-content\/uploads\/2024\/02\/Autografos-3-320x240.png 320w, https:\/\/revistavitrineibiuna.com.br\/wp-content\/uploads\/2024\/02\/Autografos-3.png 1173w\" sizes=\"(max-width: 1024px) 100vw, 1024px\" \/><figcaption>L\u00e1zaro, Luiz Ant\u00f4nio e Maria Cristina<\/figcaption><\/figure>\n\n\n\n<figure class=\"wp-block-image size-large\"><img loading=\"lazy\" width=\"1024\" height=\"662\" src=\"https:\/\/revistavitrineibiuna.com.br\/wp-content\/uploads\/2024\/02\/autografos-4-1024x662.png\" alt=\"\" class=\"wp-image-30642\" srcset=\"https:\/\/revistavitrineibiuna.com.br\/wp-content\/uploads\/2024\/02\/autografos-4-1024x662.png 1024w, https:\/\/revistavitrineibiuna.com.br\/wp-content\/uploads\/2024\/02\/autografos-4-300x194.png 300w, https:\/\/revistavitrineibiuna.com.br\/wp-content\/uploads\/2024\/02\/autografos-4-768x496.png 768w, https:\/\/revistavitrineibiuna.com.br\/wp-content\/uploads\/2024\/02\/autografos-4-1536x993.png 1536w, https:\/\/revistavitrineibiuna.com.br\/wp-content\/uploads\/2024\/02\/autografos-4.png 1600w\" sizes=\"(max-width: 1024px) 100vw, 1024px\" \/><figcaption>Y\u00f3le, Luiz Ant\u00f4nio, Edison e Nice Moraes<\/figcaption><\/figure>\n\n\n\n<figure class=\"wp-block-image size-large\"><img loading=\"lazy\" width=\"700\" height=\"449\" src=\"https:\/\/revistavitrineibiuna.com.br\/wp-content\/uploads\/2024\/02\/autografos-5.png\" alt=\"\" class=\"wp-image-30645\" srcset=\"https:\/\/revistavitrineibiuna.com.br\/wp-content\/uploads\/2024\/02\/autografos-5.png 700w, https:\/\/revistavitrineibiuna.com.br\/wp-content\/uploads\/2024\/02\/autografos-5-300x192.png 300w\" sizes=\"(max-width: 700px) 100vw, 700px\" \/><figcaption>C\u00e9lia, Luiz Ant\u00f4nio, e o jornalista Carlos Rossini<\/figcaption><\/figure>\n\n\n\n<figure class=\"wp-block-image size-large\"><img loading=\"lazy\" width=\"1024\" height=\"724\" src=\"https:\/\/revistavitrineibiuna.com.br\/wp-content\/uploads\/2024\/02\/autografos-6-1024x724.png\" alt=\"\" class=\"wp-image-30647\" srcset=\"https:\/\/revistavitrineibiuna.com.br\/wp-content\/uploads\/2024\/02\/autografos-6-1024x724.png 1024w, https:\/\/revistavitrineibiuna.com.br\/wp-content\/uploads\/2024\/02\/autografos-6-300x212.png 300w, https:\/\/revistavitrineibiuna.com.br\/wp-content\/uploads\/2024\/02\/autografos-6-768x543.png 768w, https:\/\/revistavitrineibiuna.com.br\/wp-content\/uploads\/2024\/02\/autografos-6.png 1031w\" sizes=\"(max-width: 1024px) 100vw, 1024px\" \/><figcaption>Jo\u00e3o, Luiz Ant\u00f4nio e Naiane<\/figcaption><\/figure>\n\n\n\n<figure class=\"wp-block-image size-large\"><img loading=\"lazy\" width=\"1002\" height=\"764\" src=\"https:\/\/revistavitrineibiuna.com.br\/wp-content\/uploads\/2024\/02\/autogrfafos-7.png\" alt=\"\" class=\"wp-image-30650\" srcset=\"https:\/\/revistavitrineibiuna.com.br\/wp-content\/uploads\/2024\/02\/autogrfafos-7.png 1002w, https:\/\/revistavitrineibiuna.com.br\/wp-content\/uploads\/2024\/02\/autogrfafos-7-300x229.png 300w, https:\/\/revistavitrineibiuna.com.br\/wp-content\/uploads\/2024\/02\/autogrfafos-7-768x586.png 768w\" sizes=\"(max-width: 1002px) 100vw, 1002px\" \/><figcaption>Escritor Jos\u00e9 Gomes Linense e Luiz Ant\u00f4nio<\/figcaption><\/figure>\n\n\n\n<figure class=\"wp-block-image size-large\"><img loading=\"lazy\" width=\"1024\" height=\"708\" src=\"https:\/\/revistavitrineibiuna.com.br\/wp-content\/uploads\/2024\/02\/autografos-8-1024x708.png\" alt=\"\" class=\"wp-image-30653\" srcset=\"https:\/\/revistavitrineibiuna.com.br\/wp-content\/uploads\/2024\/02\/autografos-8-1024x708.png 1024w, https:\/\/revistavitrineibiuna.com.br\/wp-content\/uploads\/2024\/02\/autografos-8-300x207.png 300w, https:\/\/revistavitrineibiuna.com.br\/wp-content\/uploads\/2024\/02\/autografos-8-768x531.png 768w, https:\/\/revistavitrineibiuna.com.br\/wp-content\/uploads\/2024\/02\/autografos-8-392x272.png 392w, https:\/\/revistavitrineibiuna.com.br\/wp-content\/uploads\/2024\/02\/autografos-8-130x90.png 130w, https:\/\/revistavitrineibiuna.com.br\/wp-content\/uploads\/2024\/02\/autografos-8.png 1280w\" sizes=\"(max-width: 1024px) 100vw, 1024px\" \/><figcaption>Margarida, Luiz Ant\u00f4nio e Jair Sakoda<\/figcaption><\/figure>\n\n\n\n<figure class=\"wp-block-image size-large\"><img loading=\"lazy\" width=\"1024\" height=\"733\" src=\"https:\/\/revistavitrineibiuna.com.br\/wp-content\/uploads\/2024\/02\/autografos-9-1024x733.png\" alt=\"\" class=\"wp-image-30656\" srcset=\"https:\/\/revistavitrineibiuna.com.br\/wp-content\/uploads\/2024\/02\/autografos-9-1024x733.png 1024w, https:\/\/revistavitrineibiuna.com.br\/wp-content\/uploads\/2024\/02\/autografos-9-300x215.png 300w, https:\/\/revistavitrineibiuna.com.br\/wp-content\/uploads\/2024\/02\/autografos-9-768x550.png 768w, https:\/\/revistavitrineibiuna.com.br\/wp-content\/uploads\/2024\/02\/autografos-9.png 1384w\" sizes=\"(max-width: 1024px) 100vw, 1024px\" \/><figcaption>Jos\u00e9, Luiz Ant\u00f4nio e Neiva Giancoli<\/figcaption><\/figure>\n\n\n\n<figure class=\"wp-block-image size-large\"><img loading=\"lazy\" width=\"938\" height=\"653\" src=\"https:\/\/revistavitrineibiuna.com.br\/wp-content\/uploads\/2024\/02\/autografos-10.png\" alt=\"\" class=\"wp-image-30659\" srcset=\"https:\/\/revistavitrineibiuna.com.br\/wp-content\/uploads\/2024\/02\/autografos-10.png 938w, https:\/\/revistavitrineibiuna.com.br\/wp-content\/uploads\/2024\/02\/autografos-10-300x209.png 300w, https:\/\/revistavitrineibiuna.com.br\/wp-content\/uploads\/2024\/02\/autografos-10-768x535.png 768w, https:\/\/revistavitrineibiuna.com.br\/wp-content\/uploads\/2024\/02\/autografos-10-392x272.png 392w, https:\/\/revistavitrineibiuna.com.br\/wp-content\/uploads\/2024\/02\/autografos-10-130x90.png 130w\" sizes=\"(max-width: 938px) 100vw, 938px\" \/><figcaption>Maria Laura, M\u00e1rcia, Luiz Ant\u00f4nio e Marcela<\/figcaption><\/figure>\n\n\n\n<figure class=\"wp-block-image size-large\"><img loading=\"lazy\" width=\"1024\" height=\"730\" src=\"https:\/\/revistavitrineibiuna.com.br\/wp-content\/uploads\/2024\/02\/autografos-11-1024x730.png\" alt=\"\" class=\"wp-image-30661\" srcset=\"https:\/\/revistavitrineibiuna.com.br\/wp-content\/uploads\/2024\/02\/autografos-11-1024x730.png 1024w, https:\/\/revistavitrineibiuna.com.br\/wp-content\/uploads\/2024\/02\/autografos-11-300x214.png 300w, https:\/\/revistavitrineibiuna.com.br\/wp-content\/uploads\/2024\/02\/autografos-11-768x547.png 768w, https:\/\/revistavitrineibiuna.com.br\/wp-content\/uploads\/2024\/02\/autografos-11.png 1517w\" sizes=\"(max-width: 1024px) 100vw, 1024px\" \/><\/figure>\n\n\n\n<figure class=\"wp-block-image size-large\"><img loading=\"lazy\" width=\"1007\" height=\"757\" src=\"https:\/\/revistavitrineibiuna.com.br\/wp-content\/uploads\/2024\/02\/autografos-12.png\" alt=\"\" class=\"wp-image-30664\" srcset=\"https:\/\/revistavitrineibiuna.com.br\/wp-content\/uploads\/2024\/02\/autografos-12.png 1007w, https:\/\/revistavitrineibiuna.com.br\/wp-content\/uploads\/2024\/02\/autografos-12-300x226.png 300w, https:\/\/revistavitrineibiuna.com.br\/wp-content\/uploads\/2024\/02\/autografos-12-768x577.png 768w, https:\/\/revistavitrineibiuna.com.br\/wp-content\/uploads\/2024\/02\/autografos-12-320x240.png 320w\" sizes=\"(max-width: 1007px) 100vw, 1007px\" \/><figcaption>Linense, Luiz Ant\u00f4nio, e Dra. Ruth<\/figcaption><\/figure>\n\n\n\n<figure class=\"wp-block-image size-large\"><img loading=\"lazy\" width=\"1024\" height=\"768\" src=\"https:\/\/revistavitrineibiuna.com.br\/wp-content\/uploads\/2024\/02\/autografos-13-1024x768.png\" alt=\"\" class=\"wp-image-30669\" srcset=\"https:\/\/revistavitrineibiuna.com.br\/wp-content\/uploads\/2024\/02\/autografos-13-1024x768.png 1024w, https:\/\/revistavitrineibiuna.com.br\/wp-content\/uploads\/2024\/02\/autografos-13-300x225.png 300w, https:\/\/revistavitrineibiuna.com.br\/wp-content\/uploads\/2024\/02\/autografos-13-768x576.png 768w, https:\/\/revistavitrineibiuna.com.br\/wp-content\/uploads\/2024\/02\/autografos-13-320x240.png 320w, https:\/\/revistavitrineibiuna.com.br\/wp-content\/uploads\/2024\/02\/autografos-13.png 1280w\" sizes=\"(max-width: 1024px) 100vw, 1024px\" \/><figcaption>Jos\u00e9 Vicente, Luciana; Luciana e Marcelo<\/figcaption><\/figure>\n","protected":false},"excerpt":{"rendered":"<p>Durante tr\u00eas anos Luiz Ant\u00f4nio Falci escreveu \u00e0 m\u00e3o, de modo intermitente, a biografia do irm\u00e3o mais velho, e mais<\/p>\n","protected":false},"author":1,"featured_media":30633,"comment_status":"open","ping_status":"open","sticky":false,"template":"","format":"standard","meta":[],"categories":[3],"tags":[],"yoast_head":"<!-- This site is optimized with the Yoast SEO plugin v15.8 - https:\/\/yoast.com\/wordpress\/plugins\/seo\/ -->\n<title>IBI\u00daNA \u2013 NOITE DE AUT\u00d3GRAFOS RE\u00daNE DEZENAS DE PESSOAS - Revista Vitrine Online<\/title>\n<meta name=\"robots\" content=\"index, follow, max-snippet:-1, max-image-preview:large, max-video-preview:-1\" \/>\n<link rel=\"canonical\" href=\"https:\/\/revistavitrineibiuna.com.br\/?p=30632\" \/>\n<meta property=\"og:locale\" content=\"pt_BR\" \/>\n<meta property=\"og:type\" content=\"article\" \/>\n<meta property=\"og:title\" content=\"IBI\u00daNA \u2013 NOITE DE AUT\u00d3GRAFOS RE\u00daNE DEZENAS DE PESSOAS - Revista Vitrine Online\" \/>\n<meta property=\"og:description\" content=\"Durante tr\u00eas anos Luiz Ant\u00f4nio Falci escreveu \u00e0 m\u00e3o, de modo intermitente, a biografia do irm\u00e3o mais velho, e mais\" \/>\n<meta property=\"og:url\" content=\"https:\/\/revistavitrineibiuna.com.br\/?p=30632\" \/>\n<meta property=\"og:site_name\" content=\"Revista Vitrine Online\" \/>\n<meta property=\"article:published_time\" content=\"2024-02-04T07:20:52+00:00\" \/>\n<meta property=\"article:modified_time\" content=\"2024-02-04T22:16:24+00:00\" \/>\n<meta property=\"og:image\" content=\"https:\/\/revistavitrineibiuna.com.br\/wp-content\/uploads\/2024\/02\/Autografos-1-1024x686.png\" \/>\n\t<meta property=\"og:image:width\" content=\"1024\" \/>\n\t<meta property=\"og:image:height\" content=\"686\" \/>\n<meta name=\"twitter:card\" content=\"summary\" \/>\n<meta name=\"twitter:label1\" content=\"Est. reading time\">\n\t<meta name=\"twitter:data1\" content=\"4 minutos\">\n<script type=\"application\/ld+json\" class=\"yoast-schema-graph\">{\"@context\":\"https:\/\/schema.org\",\"@graph\":[{\"@type\":\"WebSite\",\"@id\":\"https:\/\/revistavitrineibiuna.com.br\/#website\",\"url\":\"https:\/\/revistavitrineibiuna.com.br\/\",\"name\":\"Revista Vitrine Ibi\\u00fana\",\"description\":\"A Revista de Ibi\\u00fana e Regi\\u00e3o\",\"publisher\":{\"@id\":\"https:\/\/revistavitrineibiuna.com.br\/#\/schema\/person\/e51ef49d6d88170ea21ceabff3f73deb\"},\"potentialAction\":[{\"@type\":\"SearchAction\",\"target\":\"https:\/\/revistavitrineibiuna.com.br\/?s={search_term_string}\",\"query-input\":\"required name=search_term_string\"}],\"inLanguage\":\"pt-BR\"},{\"@type\":\"ImageObject\",\"@id\":\"https:\/\/revistavitrineibiuna.com.br\/?p=30632#primaryimage\",\"inLanguage\":\"pt-BR\",\"url\":\"https:\/\/revistavitrineibiuna.com.br\/wp-content\/uploads\/2024\/02\/Autografos-1.png\",\"width\":1591,\"height\":1066},{\"@type\":\"WebPage\",\"@id\":\"https:\/\/revistavitrineibiuna.com.br\/?p=30632#webpage\",\"url\":\"https:\/\/revistavitrineibiuna.com.br\/?p=30632\",\"name\":\"IBI\\u00daNA \\u2013 NOITE DE AUT\\u00d3GRAFOS RE\\u00daNE DEZENAS DE PESSOAS - Revista Vitrine Online\",\"isPartOf\":{\"@id\":\"https:\/\/revistavitrineibiuna.com.br\/#website\"},\"primaryImageOfPage\":{\"@id\":\"https:\/\/revistavitrineibiuna.com.br\/?p=30632#primaryimage\"},\"datePublished\":\"2024-02-04T07:20:52+00:00\",\"dateModified\":\"2024-02-04T22:16:24+00:00\",\"breadcrumb\":{\"@id\":\"https:\/\/revistavitrineibiuna.com.br\/?p=30632#breadcrumb\"},\"inLanguage\":\"pt-BR\",\"potentialAction\":[{\"@type\":\"ReadAction\",\"target\":[\"https:\/\/revistavitrineibiuna.com.br\/?p=30632\"]}]},{\"@type\":\"BreadcrumbList\",\"@id\":\"https:\/\/revistavitrineibiuna.com.br\/?p=30632#breadcrumb\",\"itemListElement\":[{\"@type\":\"ListItem\",\"position\":1,\"item\":{\"@type\":\"WebPage\",\"@id\":\"https:\/\/revistavitrineibiuna.com.br\/\",\"url\":\"https:\/\/revistavitrineibiuna.com.br\/\",\"name\":\"In\\u00edcio\"}},{\"@type\":\"ListItem\",\"position\":2,\"item\":{\"@type\":\"WebPage\",\"@id\":\"https:\/\/revistavitrineibiuna.com.br\/?p=30632\",\"url\":\"https:\/\/revistavitrineibiuna.com.br\/?p=30632\",\"name\":\"IBI\\u00daNA \\u2013 NOITE DE AUT\\u00d3GRAFOS RE\\u00daNE DEZENAS DE PESSOAS\"}}]},{\"@type\":\"Article\",\"@id\":\"https:\/\/revistavitrineibiuna.com.br\/?p=30632#article\",\"isPartOf\":{\"@id\":\"https:\/\/revistavitrineibiuna.com.br\/?p=30632#webpage\"},\"author\":{\"@id\":\"https:\/\/revistavitrineibiuna.com.br\/#\/schema\/person\/e51ef49d6d88170ea21ceabff3f73deb\"},\"headline\":\"IBI\\u00daNA \\u2013 NOITE DE AUT\\u00d3GRAFOS RE\\u00daNE DEZENAS DE PESSOAS\",\"datePublished\":\"2024-02-04T07:20:52+00:00\",\"dateModified\":\"2024-02-04T22:16:24+00:00\",\"mainEntityOfPage\":{\"@id\":\"https:\/\/revistavitrineibiuna.com.br\/?p=30632#webpage\"},\"commentCount\":0,\"publisher\":{\"@id\":\"https:\/\/revistavitrineibiuna.com.br\/#\/schema\/person\/e51ef49d6d88170ea21ceabff3f73deb\"},\"image\":{\"@id\":\"https:\/\/revistavitrineibiuna.com.br\/?p=30632#primaryimage\"},\"articleSection\":\"Not\\u00edcias\",\"inLanguage\":\"pt-BR\",\"potentialAction\":[{\"@type\":\"CommentAction\",\"name\":\"Comment\",\"target\":[\"https:\/\/revistavitrineibiuna.com.br\/?p=30632#respond\"]}]},{\"@type\":[\"Person\",\"Organization\"],\"@id\":\"https:\/\/revistavitrineibiuna.com.br\/#\/schema\/person\/e51ef49d6d88170ea21ceabff3f73deb\",\"name\":\"Carlos Rossini\",\"image\":{\"@type\":\"ImageObject\",\"@id\":\"https:\/\/revistavitrineibiuna.com.br\/#personlogo\",\"inLanguage\":\"pt-BR\",\"url\":\"https:\/\/secure.gravatar.com\/avatar\/4f2d0f99fac1f85c7d643f21f5c8d900?s=96&d=mm&r=g\",\"caption\":\"Carlos Rossini\"},\"logo\":{\"@id\":\"https:\/\/revistavitrineibiuna.com.br\/#personlogo\"},\"description\":\"Carlos Rossini \\u00e9 jornalista, soci\\u00f3logo, escritor e professor universit\\u00e1rio, tendo sido professor de jornalismo por vinte anos. Trabalhou em ve\\u00edculos de comunica\\u00e7\\u00e3o nas fun\\u00e7\\u00f5es de rep\\u00f3rter, redator, editor, articulista e colaborador, como Folha de S. Paulo, O Estado de S. Paulo, Di\\u00e1rio Popular, entre outros. Ao transferir a revista vitrine, vers\\u00e3o imprensa, de S\\u00e3o Paulo para Ibi\\u00fana h\\u00e1 alguns anos, iniciou uma nova experi\\u00eancia profissional, dedicando-se ao jornalismo regional, depois de cumprir uma trajet\\u00f3ria bem-sucedida na grande imprensa brasileira. Seu primeiro livro A Coragem de Comunicar foi lan\\u00e7ado na Bienal do Livro em S\\u00e3o Paulo no ano 2000, pela editora Madras.\"}]}<\/script>\n<!-- \/ Yoast SEO plugin. -->","_links":{"self":[{"href":"https:\/\/revistavitrineibiuna.com.br\/index.php?rest_route=\/wp\/v2\/posts\/30632"}],"collection":[{"href":"https:\/\/revistavitrineibiuna.com.br\/index.php?rest_route=\/wp\/v2\/posts"}],"about":[{"href":"https:\/\/revistavitrineibiuna.com.br\/index.php?rest_route=\/wp\/v2\/types\/post"}],"author":[{"embeddable":true,"href":"https:\/\/revistavitrineibiuna.com.br\/index.php?rest_route=\/wp\/v2\/users\/1"}],"replies":[{"embeddable":true,"href":"https:\/\/revistavitrineibiuna.com.br\/index.php?rest_route=%2Fwp%2Fv2%2Fcomments&post=30632"}],"version-history":[{"count":16,"href":"https:\/\/revistavitrineibiuna.com.br\/index.php?rest_route=\/wp\/v2\/posts\/30632\/revisions"}],"predecessor-version":[{"id":30672,"href":"https:\/\/revistavitrineibiuna.com.br\/index.php?rest_route=\/wp\/v2\/posts\/30632\/revisions\/30672"}],"wp:featuredmedia":[{"embeddable":true,"href":"https:\/\/revistavitrineibiuna.com.br\/index.php?rest_route=\/wp\/v2\/media\/30633"}],"wp:attachment":[{"href":"https:\/\/revistavitrineibiuna.com.br\/index.php?rest_route=%2Fwp%2Fv2%2Fmedia&parent=30632"}],"wp:term":[{"taxonomy":"category","embeddable":true,"href":"https:\/\/revistavitrineibiuna.com.br\/index.php?rest_route=%2Fwp%2Fv2%2Fcategories&post=30632"},{"taxonomy":"post_tag","embeddable":true,"href":"https:\/\/revistavitrineibiuna.com.br\/index.php?rest_route=%2Fwp%2Fv2%2Ftags&post=30632"}],"curies":[{"name":"wp","href":"https:\/\/api.w.org\/{rel}","templated":true}]}}