{"id":30673,"date":"2024-02-05T11:59:06","date_gmt":"2024-02-05T14:59:06","guid":{"rendered":"http:\/\/revistavitrineibiuna.com.br\/?p=30673"},"modified":"2024-02-05T12:32:39","modified_gmt":"2024-02-05T15:32:39","slug":"ibiuna-camara-decide-amanha-se-abrira-processo-de-cassacao-do-prefeito","status":"publish","type":"post","link":"https:\/\/revistavitrineibiuna.com.br\/?p=30673","title":{"rendered":"IBI\u00daNA \u2013 C\u00c2MARA DECIDE AMANH\u00c3 SE ABRIR\u00c1 PROCESSO DE CASSA\u00c7\u00c3O DO PREFEITO"},"content":{"rendered":"\n<p class=\"has-drop-cap\"><strong>A C\u00e2mara Municipal de Ibi\u00fana apreciar\u00e1 na primeira sess\u00e3o legislativa de 2024 nesta ter\u00e7a-feira (6) a representa\u00e7\u00e3o apresentada pelo advogado M\u00e1rio Pires no dia 11 de dezembro para averigua\u00e7\u00e3o de infra\u00e7\u00e3o pol\u00edtico-administrativa de poss\u00edveis irregularidades observadas na gest\u00e3o do Fundeb (Fundo de Manuten\u00e7\u00e3o e Desenvolvimento da Educa\u00e7\u00e3o B\u00e1sica e Valoriza\u00e7\u00e3o dos Profissionais da Educa\u00e7\u00e3o) no munic\u00edpio.<\/strong><\/p>\n\n\n\n<p><strong>Essa medida, que pode levar a um processo de cassa\u00e7\u00e3o do prefeito Paulo Sasaki, foi tomada tendo em vista a aus\u00eancia de respostas da Prefeitura aos questionamentos feitos pelo CACS \u2013 Conselho de Acompanhamento e Controle Social do Fundeb, do qual M\u00e1rio Pires \u00e9 presidente.<\/strong><\/p>\n\n\n\n<p><strong>A mesma representa\u00e7\u00e3o foi encaminhada para o TCESP \u2013 Tribunal de Contas do Estado de S\u00e3o Paulo e ao Minist\u00e9rio P\u00fablico.<\/strong><\/p>\n\n\n\n<p><strong>De acordo com o parecer jur\u00eddico apresentado ao presidente da C\u00e2mara Municipal, lida a representa\u00e7\u00e3o, os vereadores poder\u00e3o receber a den\u00fancia possibilitando a abertura de um processo investigativo ou decidir pelo seu arquivamento sum\u00e1rio.<\/strong><\/p>\n\n\n\n<p><strong>Com larga maioria de sua base aliada, o documento ser\u00e1 votado por maioria simples [metade dos vereadores + um], o que, em princ\u00edpio, indica uma tend\u00eancia favor\u00e1vel do Executivo.<\/strong><\/p>\n\n\n\n<p><strong>Outro fator relevante \u00e9 o fato de a representa\u00e7\u00e3o n\u00e3o apresentar provas das irregularidades, o que poderia levar os vereadores, considerando a atual conjuntura de um ano eleitoral, a abrir n\u00e3o uma comiss\u00e3o processante de car\u00e1ter punitivo [cassa\u00e7\u00e3o], mas um procedimento de natureza comprobat\u00f3ria.<\/strong><\/p>\n\n\n\n<p><strong>AUS\u00caNCIA DE RESPOSTAS<\/strong><\/p>\n\n\n\n<p><strong>Os apontamentos feitos pelo advogado e presidente do CACS-Fundeb, em resumo, destacam que sistematicamente a aus\u00eancia de respostas transparentes que vem dificultando a an\u00e1lise do fluxo financeiro e aplica\u00e7\u00f5es, assim como da real efetividade da presta\u00e7\u00e3o de servi\u00e7os de pessoas que recebem pelo Fundeb.<\/strong><\/p>\n\n\n\n<p><strong>Aponta ainda a utiliza\u00e7\u00e3o de pr\u00e9dios da Educa\u00e7\u00e3o por outras Secretarias, sem a devida mudan\u00e7a de finalidade; valores exorbitantes de contrata\u00e7\u00f5es sem a aparente presta\u00e7\u00e3o dos servi\u00e7os e\/ou entrega de bens; acr\u00e9scimos exorbitantes na folha de pagamento sem a aparente contrata\u00e7\u00e3o de colaboradores.<\/strong><\/p>\n\n\n\n<p><strong>T\u00d3PICOS DA REPRESENTA\u00c7\u00c3O<\/strong><\/p>\n\n\n\n<p><strong>A representa\u00e7\u00e3o, com 27 p\u00e1ginas, em resumo, apresenta nove t\u00f3picos a serem esclarecidos:<\/strong><\/p>\n\n\n\n<p><strong>. Mudan\u00e7a de finalidade do pr\u00e9dio p\u00fablico sem a devida autoriza\u00e7\u00e3o legal;<\/strong><\/p>\n\n\n\n<p><strong>. Pagamento de loca\u00e7\u00e3o (contrato 12\/2022) em recibo simples;<\/strong><\/p>\n\n\n\n<p><strong>. Explica\u00e7\u00f5es sobre o contrato licitat\u00f3rio 18\/2022 \u2013 contrata\u00e7\u00e3o da empresa Winter Gardem Construtora Ltda.;<\/strong><\/p>\n\n\n\n<p><strong>. Explica\u00e7\u00f5es sobre o processo licitat\u00f3rio 10224\/2021 \u2013 contrata\u00e7\u00e3o da empresa Engez Constru\u00e7\u00f5es e Participa\u00e7\u00f5es Ltda.,<\/strong><\/p>\n\n\n\n<p><strong>. Pagamento integral de obra inacabada \u2013 explica\u00e7\u00f5es sobre licita\u00e7\u00e3o de constru\u00e7\u00e3o de muro na Escola Cl\u00e9lia Carmelo da Silva;<\/strong><\/p>\n\n\n\n<p><strong>. Material de expediente \u2013 contrata\u00e7\u00e3o e entrega n\u00e3o verificada;<\/strong><\/p>\n\n\n\n<p><strong>. Material did\u00e1tico \u2013 PNLD x COMPRA PR\u00d3PRIA&nbsp; \u2013 Decreto 9099, de 18.7.2017;<\/strong><\/p>\n\n\n\n<p><strong>. Aus\u00eancia de dep\u00f3sito do FGTS dos funcion\u00e1rios concursados e comissionados;<\/strong><\/p>\n\n\n\n<p><strong>. Pagamento de servidores de outro setor com verbas da Educa\u00e7\u00e3o \u2013 Fundeb.<\/strong><\/p>\n\n\n\n<p>Ao todo foram anexados ao requerimento 240 p\u00e1ginas de documentos relacionados \u00e0 quest\u00e3o central que resultou na iniciativa do presidente do CACs Fundeb, ou seja, a aus\u00eancia de respostas aos questionamentos feitos pelo conselho.<\/p>\n\n\n\n<p><strong>MINIST\u00c9RIO P\u00daBLICO E TCESP<\/strong><\/p>\n\n\n\n<p><strong>Tanto o Minist\u00e9rio P\u00fablico de S\u00e3o Paulo quanto o Tribunal de Contas do Estado de S\u00e3o Paulo &#8211; TECSP receberam a den\u00fancia. O Minist\u00e9rio P\u00fablico acusou o recebimento no dia 9 de dezembro de 2023 e informou que vai instaurar processo investigativo. O TECSP respondeu no dia 18 de dezembro de 2023 ter tomado conhecimento da den\u00fancia e que j\u00e1 acionou o setor de fiscaliza\u00e7\u00e3o para apurar os fatos <\/strong><\/p>\n","protected":false},"excerpt":{"rendered":"<p>A C\u00e2mara Municipal de Ibi\u00fana apreciar\u00e1 na primeira sess\u00e3o legislativa de 2024 nesta ter\u00e7a-feira (6) a representa\u00e7\u00e3o apresentada pelo advogado<\/p>\n","protected":false},"author":1,"featured_media":30674,"comment_status":"open","ping_status":"open","sticky":false,"template":"","format":"standard","meta":[],"categories":[3],"tags":[],"yoast_head":"<!-- This site is optimized with the Yoast SEO plugin v15.8 - https:\/\/yoast.com\/wordpress\/plugins\/seo\/ -->\n<title>IBI\u00daNA \u2013 C\u00c2MARA DECIDE AMANH\u00c3 SE ABRIR\u00c1 PROCESSO DE CASSA\u00c7\u00c3O DO PREFEITO - Revista Vitrine Online<\/title>\n<meta name=\"robots\" content=\"index, follow, max-snippet:-1, max-image-preview:large, max-video-preview:-1\" \/>\n<link rel=\"canonical\" href=\"http:\/\/revistavitrineibiuna.com.br\/?p=30673\" \/>\n<meta property=\"og:locale\" content=\"pt_BR\" \/>\n<meta property=\"og:type\" content=\"article\" \/>\n<meta property=\"og:title\" content=\"IBI\u00daNA \u2013 C\u00c2MARA DECIDE AMANH\u00c3 SE ABRIR\u00c1 PROCESSO DE CASSA\u00c7\u00c3O DO PREFEITO - Revista Vitrine Online\" \/>\n<meta property=\"og:description\" content=\"A C\u00e2mara Municipal de Ibi\u00fana apreciar\u00e1 na primeira sess\u00e3o legislativa de 2024 nesta ter\u00e7a-feira (6) a representa\u00e7\u00e3o apresentada pelo advogado\" \/>\n<meta property=\"og:url\" content=\"http:\/\/revistavitrineibiuna.com.br\/?p=30673\" \/>\n<meta property=\"og:site_name\" content=\"Revista Vitrine Online\" \/>\n<meta property=\"article:published_time\" content=\"2024-02-05T14:59:06+00:00\" \/>\n<meta property=\"article:modified_time\" content=\"2024-02-05T15:32:39+00:00\" \/>\n<meta property=\"og:image\" content=\"https:\/\/revistavitrineibiuna.com.br\/wp-content\/uploads\/2024\/02\/f2ff8be5-896f-4511-aa42-33d41840ef98-800x445-1.jpg\" \/>\n\t<meta property=\"og:image:width\" content=\"800\" \/>\n\t<meta property=\"og:image:height\" content=\"445\" \/>\n<meta name=\"twitter:card\" content=\"summary\" \/>\n<meta name=\"twitter:label1\" content=\"Est. reading time\">\n\t<meta name=\"twitter:data1\" content=\"3 minutos\">\n<script type=\"application\/ld+json\" class=\"yoast-schema-graph\">{\"@context\":\"https:\/\/schema.org\",\"@graph\":[{\"@type\":\"WebSite\",\"@id\":\"https:\/\/revistavitrineibiuna.com.br\/#website\",\"url\":\"https:\/\/revistavitrineibiuna.com.br\/\",\"name\":\"Revista Vitrine Ibi\\u00fana\",\"description\":\"A Revista de Ibi\\u00fana e Regi\\u00e3o\",\"publisher\":{\"@id\":\"https:\/\/revistavitrineibiuna.com.br\/#\/schema\/person\/e51ef49d6d88170ea21ceabff3f73deb\"},\"potentialAction\":[{\"@type\":\"SearchAction\",\"target\":\"https:\/\/revistavitrineibiuna.com.br\/?s={search_term_string}\",\"query-input\":\"required name=search_term_string\"}],\"inLanguage\":\"pt-BR\"},{\"@type\":\"ImageObject\",\"@id\":\"http:\/\/revistavitrineibiuna.com.br\/?p=30673#primaryimage\",\"inLanguage\":\"pt-BR\",\"url\":\"https:\/\/revistavitrineibiuna.com.br\/wp-content\/uploads\/2024\/02\/f2ff8be5-896f-4511-aa42-33d41840ef98-800x445-1.jpg\",\"width\":800,\"height\":445},{\"@type\":\"WebPage\",\"@id\":\"http:\/\/revistavitrineibiuna.com.br\/?p=30673#webpage\",\"url\":\"http:\/\/revistavitrineibiuna.com.br\/?p=30673\",\"name\":\"IBI\\u00daNA \\u2013 C\\u00c2MARA DECIDE AMANH\\u00c3 SE ABRIR\\u00c1 PROCESSO DE CASSA\\u00c7\\u00c3O DO PREFEITO - Revista Vitrine Online\",\"isPartOf\":{\"@id\":\"https:\/\/revistavitrineibiuna.com.br\/#website\"},\"primaryImageOfPage\":{\"@id\":\"http:\/\/revistavitrineibiuna.com.br\/?p=30673#primaryimage\"},\"datePublished\":\"2024-02-05T14:59:06+00:00\",\"dateModified\":\"2024-02-05T15:32:39+00:00\",\"breadcrumb\":{\"@id\":\"http:\/\/revistavitrineibiuna.com.br\/?p=30673#breadcrumb\"},\"inLanguage\":\"pt-BR\",\"potentialAction\":[{\"@type\":\"ReadAction\",\"target\":[\"http:\/\/revistavitrineibiuna.com.br\/?p=30673\"]}]},{\"@type\":\"BreadcrumbList\",\"@id\":\"http:\/\/revistavitrineibiuna.com.br\/?p=30673#breadcrumb\",\"itemListElement\":[{\"@type\":\"ListItem\",\"position\":1,\"item\":{\"@type\":\"WebPage\",\"@id\":\"https:\/\/revistavitrineibiuna.com.br\/\",\"url\":\"https:\/\/revistavitrineibiuna.com.br\/\",\"name\":\"In\\u00edcio\"}},{\"@type\":\"ListItem\",\"position\":2,\"item\":{\"@type\":\"WebPage\",\"@id\":\"http:\/\/revistavitrineibiuna.com.br\/?p=30673\",\"url\":\"http:\/\/revistavitrineibiuna.com.br\/?p=30673\",\"name\":\"IBI\\u00daNA \\u2013 C\\u00c2MARA DECIDE AMANH\\u00c3 SE ABRIR\\u00c1 PROCESSO DE CASSA\\u00c7\\u00c3O DO PREFEITO\"}}]},{\"@type\":\"Article\",\"@id\":\"http:\/\/revistavitrineibiuna.com.br\/?p=30673#article\",\"isPartOf\":{\"@id\":\"http:\/\/revistavitrineibiuna.com.br\/?p=30673#webpage\"},\"author\":{\"@id\":\"https:\/\/revistavitrineibiuna.com.br\/#\/schema\/person\/e51ef49d6d88170ea21ceabff3f73deb\"},\"headline\":\"IBI\\u00daNA \\u2013 C\\u00c2MARA DECIDE AMANH\\u00c3 SE ABRIR\\u00c1 PROCESSO DE CASSA\\u00c7\\u00c3O DO PREFEITO\",\"datePublished\":\"2024-02-05T14:59:06+00:00\",\"dateModified\":\"2024-02-05T15:32:39+00:00\",\"mainEntityOfPage\":{\"@id\":\"http:\/\/revistavitrineibiuna.com.br\/?p=30673#webpage\"},\"commentCount\":0,\"publisher\":{\"@id\":\"https:\/\/revistavitrineibiuna.com.br\/#\/schema\/person\/e51ef49d6d88170ea21ceabff3f73deb\"},\"image\":{\"@id\":\"http:\/\/revistavitrineibiuna.com.br\/?p=30673#primaryimage\"},\"articleSection\":\"Not\\u00edcias\",\"inLanguage\":\"pt-BR\",\"potentialAction\":[{\"@type\":\"CommentAction\",\"name\":\"Comment\",\"target\":[\"http:\/\/revistavitrineibiuna.com.br\/?p=30673#respond\"]}]},{\"@type\":[\"Person\",\"Organization\"],\"@id\":\"https:\/\/revistavitrineibiuna.com.br\/#\/schema\/person\/e51ef49d6d88170ea21ceabff3f73deb\",\"name\":\"Carlos Rossini\",\"image\":{\"@type\":\"ImageObject\",\"@id\":\"https:\/\/revistavitrineibiuna.com.br\/#personlogo\",\"inLanguage\":\"pt-BR\",\"url\":\"https:\/\/secure.gravatar.com\/avatar\/4f2d0f99fac1f85c7d643f21f5c8d900?s=96&d=mm&r=g\",\"caption\":\"Carlos Rossini\"},\"logo\":{\"@id\":\"https:\/\/revistavitrineibiuna.com.br\/#personlogo\"},\"description\":\"Carlos Rossini \\u00e9 jornalista, soci\\u00f3logo, escritor e professor universit\\u00e1rio, tendo sido professor de jornalismo por vinte anos. Trabalhou em ve\\u00edculos de comunica\\u00e7\\u00e3o nas fun\\u00e7\\u00f5es de rep\\u00f3rter, redator, editor, articulista e colaborador, como Folha de S. Paulo, O Estado de S. Paulo, Di\\u00e1rio Popular, entre outros. Ao transferir a revista vitrine, vers\\u00e3o imprensa, de S\\u00e3o Paulo para Ibi\\u00fana h\\u00e1 alguns anos, iniciou uma nova experi\\u00eancia profissional, dedicando-se ao jornalismo regional, depois de cumprir uma trajet\\u00f3ria bem-sucedida na grande imprensa brasileira. Seu primeiro livro A Coragem de Comunicar foi lan\\u00e7ado na Bienal do Livro em S\\u00e3o Paulo no ano 2000, pela editora Madras.\"}]}<\/script>\n<!-- \/ Yoast SEO plugin. -->","_links":{"self":[{"href":"https:\/\/revistavitrineibiuna.com.br\/index.php?rest_route=\/wp\/v2\/posts\/30673"}],"collection":[{"href":"https:\/\/revistavitrineibiuna.com.br\/index.php?rest_route=\/wp\/v2\/posts"}],"about":[{"href":"https:\/\/revistavitrineibiuna.com.br\/index.php?rest_route=\/wp\/v2\/types\/post"}],"author":[{"embeddable":true,"href":"https:\/\/revistavitrineibiuna.com.br\/index.php?rest_route=\/wp\/v2\/users\/1"}],"replies":[{"embeddable":true,"href":"https:\/\/revistavitrineibiuna.com.br\/index.php?rest_route=%2Fwp%2Fv2%2Fcomments&post=30673"}],"version-history":[{"count":2,"href":"https:\/\/revistavitrineibiuna.com.br\/index.php?rest_route=\/wp\/v2\/posts\/30673\/revisions"}],"predecessor-version":[{"id":30677,"href":"https:\/\/revistavitrineibiuna.com.br\/index.php?rest_route=\/wp\/v2\/posts\/30673\/revisions\/30677"}],"wp:featuredmedia":[{"embeddable":true,"href":"https:\/\/revistavitrineibiuna.com.br\/index.php?rest_route=\/wp\/v2\/media\/30674"}],"wp:attachment":[{"href":"https:\/\/revistavitrineibiuna.com.br\/index.php?rest_route=%2Fwp%2Fv2%2Fmedia&parent=30673"}],"wp:term":[{"taxonomy":"category","embeddable":true,"href":"https:\/\/revistavitrineibiuna.com.br\/index.php?rest_route=%2Fwp%2Fv2%2Fcategories&post=30673"},{"taxonomy":"post_tag","embeddable":true,"href":"https:\/\/revistavitrineibiuna.com.br\/index.php?rest_route=%2Fwp%2Fv2%2Ftags&post=30673"}],"curies":[{"name":"wp","href":"https:\/\/api.w.org\/{rel}","templated":true}]}}