{"id":30678,"date":"2024-02-05T21:32:47","date_gmt":"2024-02-06T00:32:47","guid":{"rendered":"http:\/\/revistavitrineibiuna.com.br\/?p=30678"},"modified":"2024-02-05T22:28:27","modified_gmt":"2024-02-06T01:28:27","slug":"ibiuna-rodoviaria-deve-ser-reinaugurada-no-aniversario-da-cidade","status":"publish","type":"post","link":"https:\/\/revistavitrineibiuna.com.br\/?p=30678","title":{"rendered":"IBI\u00daNA \u2013 RODOVI\u00c1RIA DEVE SER REINAUGURADA NO ANIVERS\u00c1RIO DA CIDADE"},"content":{"rendered":"\n<p class=\"has-drop-cap\"><strong>Quando for reinaugurada no dia 24 de mar\u00e7o pr\u00f3ximo, durante os festejos comemorativos do 166\u00ba anivers\u00e1rio de Ibi\u00fana, como est\u00e1 sendo cogitado, se completar\u00e3o exatos 2 anos 4 meses e 4 dias do in\u00edcio das obras de reforma da rodovi\u00e1ria em 2021.<\/strong><\/p>\n\n\n\n<p><strong>A Prefeitura dever\u00e1 promover uma grande festa popular, com show de m\u00fasicas sertanejas e, assim, espera que a popula\u00e7\u00e3o esque\u00e7a rapidamente do alto pre\u00e7o que pagou em forma de atroz sofrimento, debaixo de sol, chuva e frio, durante todo esse per\u00edodo em que os pontos dos \u00f4nibus foram transferidos para a Rua Guarani, um local notoriamente inadequado para essa fun\u00e7\u00e3o.<\/strong><\/p>\n\n\n\n<p><strong>Como mis\u00e9ria pouca \u00e9 bobagem, diz a sabedoria popular, al\u00e9m dos 854 dias de tormentos \u2013 houve diversas senhoras de cabelos brancos que desmaiaram sob sol escaldante na cal\u00e7ada daquela via p\u00fablica que tiveram que ser levadas pelo servi\u00e7o de resgate ao Hospital Municipal \u2013 as pessoas ainda se veem em desespero com o sistema de transporte demorado operado pela Via\u00e7\u00e3o Raposo Tavares e que n\u00e3o d\u00e1 conta das necessidades de mobilidade dos usu\u00e1rios.<\/strong><\/p>\n\n\n\n<p><strong>Alvo de chacotas e suspei\u00e7\u00f5es, a famigerada reforma se tornou o s\u00edmbolo de gest\u00e3o ineficiente. A obra deveria estar conclu\u00edda no dia 14 de julho de 2022, mas sofreu diversas paralisa\u00e7\u00f5es.<\/strong><\/p>\n\n\n\n<p><strong>Como se n\u00e3o bastasse, a Caixa Econ\u00f4mica Federal cancelou a libera\u00e7\u00e3o de R$ 3 milh\u00f5es no in\u00edcio de 2021 que estavam empenhados, com recursos do Minist\u00e9rio do Turismo<\/strong>. <\/p>\n\n\n\n<figure class=\"wp-block-image size-large\"><img loading=\"lazy\" width=\"1024\" height=\"682\" src=\"https:\/\/revistavitrineibiuna.com.br\/wp-content\/uploads\/2024\/02\/reforma-da-rodoviaria-2-1024x682.png\" alt=\"\" class=\"wp-image-30682\" srcset=\"https:\/\/revistavitrineibiuna.com.br\/wp-content\/uploads\/2024\/02\/reforma-da-rodoviaria-2-1024x682.png 1024w, https:\/\/revistavitrineibiuna.com.br\/wp-content\/uploads\/2024\/02\/reforma-da-rodoviaria-2-300x200.png 300w, https:\/\/revistavitrineibiuna.com.br\/wp-content\/uploads\/2024\/02\/reforma-da-rodoviaria-2-768x511.png 768w, https:\/\/revistavitrineibiuna.com.br\/wp-content\/uploads\/2024\/02\/reforma-da-rodoviaria-2-1536x1022.png 1536w, https:\/\/revistavitrineibiuna.com.br\/wp-content\/uploads\/2024\/02\/reforma-da-rodoviaria-2.png 1600w\" sizes=\"(max-width: 1024px) 100vw, 1024px\" \/><\/figure>\n\n\n\n<p><strong>Logo ap\u00f3s esse fato, o prefeito disse que esperava ainda recuperar esses recursos, o que n\u00e3o aconteceu, e que, por haver excesso de arrecada\u00e7\u00e3o &nbsp;a obra seria retomada \u201ca todo vapor\u201d com recursos pr\u00f3prios e que seria conclu\u00edda de modo mais r\u00e1pido, o que tamb\u00e9m n\u00e3o ocorreu.<\/strong><\/p>\n\n\n\n<p><strong>IRREGULARIDADES<\/strong><\/p>\n\n\n\n<p><strong>O Tribunal de Contas do Estado de S\u00e3o Paulo \u2013 TCESP, em decis\u00e3o publicada no dia 6 de novembro de 2023, reconheceu e declarou irregularidades na concorr\u00eancia, no contrato e nos aditivos relacionados \u00e0s obras da reforma do terminal rodovi\u00e1rio de Ibi\u00fana.&nbsp;Por isso, a empresa que havia sido contratada desde o in\u00edcio &#8211; MCJ &#8211; Ferraro Empreendimentos Ltda, com sede na cidade de Conchas, foi substitu\u00edda pela Winter Garden Construtora.<\/strong><\/p>\n\n\n\n<p><strong>A concorr\u00eancia foi realizada no governo Jo\u00e3o Mello, em outubro de 2018, &nbsp;e os demais atos foram de responsabilidade do atual governo.<\/strong><\/p>\n\n\n\n<p><strong>O relator do TCESP observou que desde a concorr\u00eancia (licita\u00e7\u00e3o) as irregularidades resultaram na obriga\u00e7\u00e3o atual da prefeitura arcar com R$ 5.858.159,25., sendo o valor original da obra R$ 4.511.299,03.<\/strong><\/p>\n\n\n\n<p><strong>\u201cA TODO VAPOR\u201d<\/strong><\/p>\n\n\n\n<figure class=\"wp-block-image size-large\"><img loading=\"lazy\" width=\"1024\" height=\"655\" src=\"https:\/\/revistavitrineibiuna.com.br\/wp-content\/uploads\/2024\/02\/reforma-da-rodoviaria-3-1024x655.png\" alt=\"\" class=\"wp-image-30685\" srcset=\"https:\/\/revistavitrineibiuna.com.br\/wp-content\/uploads\/2024\/02\/reforma-da-rodoviaria-3-1024x655.png 1024w, https:\/\/revistavitrineibiuna.com.br\/wp-content\/uploads\/2024\/02\/reforma-da-rodoviaria-3-300x192.png 300w, https:\/\/revistavitrineibiuna.com.br\/wp-content\/uploads\/2024\/02\/reforma-da-rodoviaria-3-768x492.png 768w, https:\/\/revistavitrineibiuna.com.br\/wp-content\/uploads\/2024\/02\/reforma-da-rodoviaria-3-1536x983.png 1536w, https:\/\/revistavitrineibiuna.com.br\/wp-content\/uploads\/2024\/02\/reforma-da-rodoviaria-3.png 1600w\" sizes=\"(max-width: 1024px) 100vw, 1024px\" \/><figcaption>Quando fotograf\u00e1vamos o local, um homem se aproximou e disse: &#8220;T\u00e1 adiantada a obra, n\u00e9?&#8221;<\/figcaption><\/figure>\n\n\n\n<p><strong>Vitrine online fotografou a situa\u00e7\u00e3o da reforma hoje (5) e ouviu de uma pessoa que trabalha pr\u00f3ximo \u00e0 rodovi\u00e1ria que agora, sim, a obra est\u00e1 sendo tocada \u201ca todo vapor\u201d, provavelmente porque h\u00e1 uma data para sua entrega.<\/strong><\/p>\n\n\n\n<p><strong>Ao contr\u00e1rio de outros momentos, quando mal se viam homens trabalhando, agora h\u00e1 m\u00e1quinas e diversos trabalhadores no local.<\/strong><\/p>\n\n\n\n<p><strong>Tomara que o \u201ca todo vapor\u201d n\u00e3o venha a significar o comprometimento da qualidade do resultado da reforma. Afinal, disse um leitor, a popula\u00e7\u00e3o &#8220;est\u00e1 de saco cheio&#8221; de tamanha demora e tanto sofrimento. (C.R.)<\/strong><\/p>\n","protected":false},"excerpt":{"rendered":"<p>Quando for reinaugurada no dia 24 de mar\u00e7o pr\u00f3ximo, durante os festejos comemorativos do 166\u00ba anivers\u00e1rio de Ibi\u00fana, como est\u00e1<\/p>\n","protected":false},"author":1,"featured_media":30679,"comment_status":"open","ping_status":"open","sticky":false,"template":"","format":"standard","meta":[],"categories":[3],"tags":[],"yoast_head":"<!-- This site is optimized with the Yoast SEO plugin v15.8 - https:\/\/yoast.com\/wordpress\/plugins\/seo\/ -->\n<title>IBI\u00daNA \u2013 RODOVI\u00c1RIA DEVE SER REINAUGURADA NO ANIVERS\u00c1RIO DA CIDADE - Revista Vitrine Online<\/title>\n<meta name=\"robots\" content=\"index, follow, max-snippet:-1, max-image-preview:large, max-video-preview:-1\" \/>\n<link rel=\"canonical\" href=\"https:\/\/revistavitrineibiuna.com.br\/?p=30678\" \/>\n<meta property=\"og:locale\" content=\"pt_BR\" \/>\n<meta property=\"og:type\" content=\"article\" \/>\n<meta property=\"og:title\" content=\"IBI\u00daNA \u2013 RODOVI\u00c1RIA DEVE SER REINAUGURADA NO ANIVERS\u00c1RIO DA CIDADE - Revista Vitrine Online\" \/>\n<meta property=\"og:description\" content=\"Quando for reinaugurada no dia 24 de mar\u00e7o pr\u00f3ximo, durante os festejos comemorativos do 166\u00ba anivers\u00e1rio de Ibi\u00fana, como est\u00e1\" \/>\n<meta property=\"og:url\" content=\"https:\/\/revistavitrineibiuna.com.br\/?p=30678\" \/>\n<meta property=\"og:site_name\" content=\"Revista Vitrine Online\" \/>\n<meta property=\"article:published_time\" content=\"2024-02-06T00:32:47+00:00\" \/>\n<meta property=\"article:modified_time\" content=\"2024-02-06T01:28:27+00:00\" \/>\n<meta property=\"og:image\" content=\"https:\/\/revistavitrineibiuna.com.br\/wp-content\/uploads\/2024\/02\/rodoviaria-5.2.2024-1-1024x638.png\" \/>\n\t<meta property=\"og:image:width\" content=\"1024\" \/>\n\t<meta property=\"og:image:height\" content=\"638\" \/>\n<meta name=\"twitter:card\" content=\"summary\" \/>\n<meta name=\"twitter:label1\" content=\"Est. reading time\">\n\t<meta name=\"twitter:data1\" content=\"3 minutos\">\n<script type=\"application\/ld+json\" class=\"yoast-schema-graph\">{\"@context\":\"https:\/\/schema.org\",\"@graph\":[{\"@type\":\"WebSite\",\"@id\":\"https:\/\/revistavitrineibiuna.com.br\/#website\",\"url\":\"https:\/\/revistavitrineibiuna.com.br\/\",\"name\":\"Revista Vitrine Ibi\\u00fana\",\"description\":\"A Revista de Ibi\\u00fana e Regi\\u00e3o\",\"publisher\":{\"@id\":\"https:\/\/revistavitrineibiuna.com.br\/#\/schema\/person\/e51ef49d6d88170ea21ceabff3f73deb\"},\"potentialAction\":[{\"@type\":\"SearchAction\",\"target\":\"https:\/\/revistavitrineibiuna.com.br\/?s={search_term_string}\",\"query-input\":\"required name=search_term_string\"}],\"inLanguage\":\"pt-BR\"},{\"@type\":\"ImageObject\",\"@id\":\"https:\/\/revistavitrineibiuna.com.br\/?p=30678#primaryimage\",\"inLanguage\":\"pt-BR\",\"url\":\"https:\/\/revistavitrineibiuna.com.br\/wp-content\/uploads\/2024\/02\/rodoviaria-5.2.2024-1.png\",\"width\":1600,\"height\":997},{\"@type\":\"WebPage\",\"@id\":\"https:\/\/revistavitrineibiuna.com.br\/?p=30678#webpage\",\"url\":\"https:\/\/revistavitrineibiuna.com.br\/?p=30678\",\"name\":\"IBI\\u00daNA \\u2013 RODOVI\\u00c1RIA DEVE SER REINAUGURADA NO ANIVERS\\u00c1RIO DA CIDADE - Revista Vitrine Online\",\"isPartOf\":{\"@id\":\"https:\/\/revistavitrineibiuna.com.br\/#website\"},\"primaryImageOfPage\":{\"@id\":\"https:\/\/revistavitrineibiuna.com.br\/?p=30678#primaryimage\"},\"datePublished\":\"2024-02-06T00:32:47+00:00\",\"dateModified\":\"2024-02-06T01:28:27+00:00\",\"breadcrumb\":{\"@id\":\"https:\/\/revistavitrineibiuna.com.br\/?p=30678#breadcrumb\"},\"inLanguage\":\"pt-BR\",\"potentialAction\":[{\"@type\":\"ReadAction\",\"target\":[\"https:\/\/revistavitrineibiuna.com.br\/?p=30678\"]}]},{\"@type\":\"BreadcrumbList\",\"@id\":\"https:\/\/revistavitrineibiuna.com.br\/?p=30678#breadcrumb\",\"itemListElement\":[{\"@type\":\"ListItem\",\"position\":1,\"item\":{\"@type\":\"WebPage\",\"@id\":\"https:\/\/revistavitrineibiuna.com.br\/\",\"url\":\"https:\/\/revistavitrineibiuna.com.br\/\",\"name\":\"In\\u00edcio\"}},{\"@type\":\"ListItem\",\"position\":2,\"item\":{\"@type\":\"WebPage\",\"@id\":\"https:\/\/revistavitrineibiuna.com.br\/?p=30678\",\"url\":\"https:\/\/revistavitrineibiuna.com.br\/?p=30678\",\"name\":\"IBI\\u00daNA \\u2013 RODOVI\\u00c1RIA DEVE SER REINAUGURADA NO ANIVERS\\u00c1RIO DA CIDADE\"}}]},{\"@type\":\"Article\",\"@id\":\"https:\/\/revistavitrineibiuna.com.br\/?p=30678#article\",\"isPartOf\":{\"@id\":\"https:\/\/revistavitrineibiuna.com.br\/?p=30678#webpage\"},\"author\":{\"@id\":\"https:\/\/revistavitrineibiuna.com.br\/#\/schema\/person\/e51ef49d6d88170ea21ceabff3f73deb\"},\"headline\":\"IBI\\u00daNA \\u2013 RODOVI\\u00c1RIA DEVE SER REINAUGURADA NO ANIVERS\\u00c1RIO DA CIDADE\",\"datePublished\":\"2024-02-06T00:32:47+00:00\",\"dateModified\":\"2024-02-06T01:28:27+00:00\",\"mainEntityOfPage\":{\"@id\":\"https:\/\/revistavitrineibiuna.com.br\/?p=30678#webpage\"},\"commentCount\":0,\"publisher\":{\"@id\":\"https:\/\/revistavitrineibiuna.com.br\/#\/schema\/person\/e51ef49d6d88170ea21ceabff3f73deb\"},\"image\":{\"@id\":\"https:\/\/revistavitrineibiuna.com.br\/?p=30678#primaryimage\"},\"articleSection\":\"Not\\u00edcias\",\"inLanguage\":\"pt-BR\",\"potentialAction\":[{\"@type\":\"CommentAction\",\"name\":\"Comment\",\"target\":[\"https:\/\/revistavitrineibiuna.com.br\/?p=30678#respond\"]}]},{\"@type\":[\"Person\",\"Organization\"],\"@id\":\"https:\/\/revistavitrineibiuna.com.br\/#\/schema\/person\/e51ef49d6d88170ea21ceabff3f73deb\",\"name\":\"Carlos Rossini\",\"image\":{\"@type\":\"ImageObject\",\"@id\":\"https:\/\/revistavitrineibiuna.com.br\/#personlogo\",\"inLanguage\":\"pt-BR\",\"url\":\"https:\/\/secure.gravatar.com\/avatar\/4f2d0f99fac1f85c7d643f21f5c8d900?s=96&d=mm&r=g\",\"caption\":\"Carlos Rossini\"},\"logo\":{\"@id\":\"https:\/\/revistavitrineibiuna.com.br\/#personlogo\"},\"description\":\"Carlos Rossini \\u00e9 jornalista, soci\\u00f3logo, escritor e professor universit\\u00e1rio, tendo sido professor de jornalismo por vinte anos. Trabalhou em ve\\u00edculos de comunica\\u00e7\\u00e3o nas fun\\u00e7\\u00f5es de rep\\u00f3rter, redator, editor, articulista e colaborador, como Folha de S. Paulo, O Estado de S. Paulo, Di\\u00e1rio Popular, entre outros. Ao transferir a revista vitrine, vers\\u00e3o imprensa, de S\\u00e3o Paulo para Ibi\\u00fana h\\u00e1 alguns anos, iniciou uma nova experi\\u00eancia profissional, dedicando-se ao jornalismo regional, depois de cumprir uma trajet\\u00f3ria bem-sucedida na grande imprensa brasileira. Seu primeiro livro A Coragem de Comunicar foi lan\\u00e7ado na Bienal do Livro em S\\u00e3o Paulo no ano 2000, pela editora Madras.\"}]}<\/script>\n<!-- \/ Yoast SEO plugin. -->","_links":{"self":[{"href":"https:\/\/revistavitrineibiuna.com.br\/index.php?rest_route=\/wp\/v2\/posts\/30678"}],"collection":[{"href":"https:\/\/revistavitrineibiuna.com.br\/index.php?rest_route=\/wp\/v2\/posts"}],"about":[{"href":"https:\/\/revistavitrineibiuna.com.br\/index.php?rest_route=\/wp\/v2\/types\/post"}],"author":[{"embeddable":true,"href":"https:\/\/revistavitrineibiuna.com.br\/index.php?rest_route=\/wp\/v2\/users\/1"}],"replies":[{"embeddable":true,"href":"https:\/\/revistavitrineibiuna.com.br\/index.php?rest_route=%2Fwp%2Fv2%2Fcomments&post=30678"}],"version-history":[{"count":12,"href":"https:\/\/revistavitrineibiuna.com.br\/index.php?rest_route=\/wp\/v2\/posts\/30678\/revisions"}],"predecessor-version":[{"id":30701,"href":"https:\/\/revistavitrineibiuna.com.br\/index.php?rest_route=\/wp\/v2\/posts\/30678\/revisions\/30701"}],"wp:featuredmedia":[{"embeddable":true,"href":"https:\/\/revistavitrineibiuna.com.br\/index.php?rest_route=\/wp\/v2\/media\/30679"}],"wp:attachment":[{"href":"https:\/\/revistavitrineibiuna.com.br\/index.php?rest_route=%2Fwp%2Fv2%2Fmedia&parent=30678"}],"wp:term":[{"taxonomy":"category","embeddable":true,"href":"https:\/\/revistavitrineibiuna.com.br\/index.php?rest_route=%2Fwp%2Fv2%2Fcategories&post=30678"},{"taxonomy":"post_tag","embeddable":true,"href":"https:\/\/revistavitrineibiuna.com.br\/index.php?rest_route=%2Fwp%2Fv2%2Ftags&post=30678"}],"curies":[{"name":"wp","href":"https:\/\/api.w.org\/{rel}","templated":true}]}}