{"id":30702,"date":"2024-02-06T14:22:08","date_gmt":"2024-02-06T17:22:08","guid":{"rendered":"http:\/\/revistavitrineibiuna.com.br\/?p=30702"},"modified":"2024-02-06T15:04:19","modified_gmt":"2024-02-06T18:04:19","slug":"ibiuna-10-vereadores-da-base-aliada-rejeitam-denuncia-sobre-recursos-do-fundeb","status":"publish","type":"post","link":"https:\/\/revistavitrineibiuna.com.br\/?p=30702","title":{"rendered":"IBI\u00daNA \u2013 10 VEREADORES DA BASE ALIADA REJEITAM DEN\u00daNCIA SOBRE RECURSOS DO FUNDEB"},"content":{"rendered":"\n<p class=\"has-drop-cap\"><strong>Dez vereadores, integrantes da fiel base do governo de Ibi\u00fana, rejeitaram na sess\u00e3o de hoje (6) da C\u00e2mara Municipal, o pedido de averigua\u00e7\u00f5es de den\u00fancia de poss\u00edveis irregularidades pol\u00edtico-administrativas na gest\u00e3o dos recursos do Fundeb (*), resultado do levantamento feito pelo Conselho de Acompanhamento e Controle Social \u2013 CACs do Fundeb, presidido pelo advogado M\u00e1rio Pires.<\/strong><\/p>\n\n\n\n<p><strong>Quatro vereadores \u2013 Dr. Walmir (PSC), Rozi da Farm\u00e1cia (UB) e Naldo Firmino (PP) e Valnei Galv\u00e3o (PRTB) &#8211; votaram a favor do recebimento da den\u00fancia e da apura\u00e7\u00e3o dos fatos apontados. O presidente da C\u00e2mara n\u00e3o votou com base na prerrogativa que lhe cabe quando n\u00e3o h\u00e1 necessidade do voto de minerva.<\/strong><\/p>\n\n\n\n<p><strong>As graves den\u00fancias qualificadas como infra\u00e7\u00e3o pol\u00edtico-administrativa do prefeito municipal, se levadas a efeitos por meio de averigua\u00e7\u00f5es do parlamento municipal, poderia resultar em processo de cassa\u00e7\u00e3o do mandato.<\/strong><\/p>\n\n\n\n<p><strong>MENOS DE UM MINUTO<\/strong><\/p>\n\n\n\n<p><strong>Num ambiente abafado pelo calor, todos ouviram o secret\u00e1rio da Mesa Diretora ler as 27 p\u00e1ginas da den\u00fancia durante 36 minutos, findos os quais o presidente p\u00f4s em vota\u00e7\u00e3o: quem era favor\u00e1vel ao recebimento da den\u00fancia [e, portanto, que uma comiss\u00e3o investigasse os assuntos ali expostos] e quem era contr\u00e1rio [e, portanto, rejeitasse a den\u00fancia].<\/strong><\/p>\n\n\n\n<p><strong>A vota\u00e7\u00e3o, em si, n\u00e3o durou mais do que um minuto, o que significa que a decis\u00e3o entre os seus pares j\u00e1 estava previamente estabelecida. &nbsp;<\/strong><\/p>\n\n\n\n<p><strong>Quando o presidente da Casa indagou quem era contr\u00e1rio [e, portanto, favor\u00e1vel ao Executivo], imediatamente se levantaram: Abel do Cupim (PSD), Aladim (PSDB), Devanil da Ressaca (PSD), Fausto Dourado (MDB), Jair Marmelo (PCdoB), Lucas Borba (MDB), Luiz Fernando Piu (PL), Paulinho Dias (UB), Pururuca (UB), Ronie Von (PP).<\/strong><\/p>\n\n\n\n<p><strong>Essa atitude j\u00e1 era esperada e n\u00e3o surpreendeu ningu\u00e9m que conhece minimamente as rela\u00e7\u00f5es entre os parlamentares e o Poder Executivo de Ibi\u00fana. Mesmo assim, a decis\u00e3o parece ter causado mal-estar e decep\u00e7\u00e3o entre os cidad\u00e3os que se encontravam na plateia.<\/strong><\/p>\n\n\n\n<p><strong>O principal argumento desse grupo era: os vereadores situacionistas nem mesmo permitiram que as den\u00fancias fossem averiguadas, um princ\u00edpio elementar onde impera a democracia e o respeito aos direitos dos cidad\u00e3os de conhecerem a verdade no cen\u00e1rio da administra\u00e7\u00e3o p\u00fablica de Ibi\u00fana.<\/strong><\/p>\n\n\n\n<p><strong>\u201cNEGARAM VOZ A TODOS DA EDUCA\u00c7\u00c3O\u201d<\/strong><\/p>\n\n\n\n<p><strong>Ouvido por vitrine online, o autor da den\u00fancia, Dr. M\u00e1rio Pires, informou que n\u00e3o compareceu \u00e0 sess\u00e3o da C\u00e2mara de hoje por quest\u00e3o de sa\u00fade familiar e compromissos profissionais em S\u00e3o Paulo<\/strong><\/p>\n\n\n\n<p><strong>A respeito dos vereadores que votaram contra o recebimento da den\u00fancia, Pires declarou que \u201celes n\u00e3o est\u00e3o ao lado do povo. Eles negaram voz a todos os envolvidos com a Educa\u00e7\u00e3o, aqueles que clamam por dias melhores e comp\u00f5em um n\u00famero grande de profissionais dedicados\u201d.<\/strong><\/p>\n\n\n\n<p><strong>Afirmou que o CACs do Fundeb prosseguir\u00e1 com as investiga\u00e7\u00f5es, apesar desses vereadores \u201ccumprirem \u00e0 risca a cartilha do Executivo\u201d.<\/strong><\/p>\n\n\n\n<p><strong>Disse se sentir feliz por Rozi da Farm\u00e1cia, Naldo Firmino, Volnei Galv\u00e3o e Dr. Walmir terem votado favoravelmente ao requerimento, pois \u201celes sabem que tomaram uma decis\u00e3o bem fundamentada\u201d.<\/strong><\/p>\n\n\n\n<p><strong>(*) Fundeb \u2013 \u00e9 a sigla do Fundo de Manuten\u00e7\u00e3o e Desenvolvimento da Educa\u00e7\u00e3o B\u00e1sica. A arrecada\u00e7\u00e3o em Ibi\u00fana, para o exerc\u00edcio de 2023, estava estimada em R$ 55 milh\u00f5es.<\/strong><\/p>\n\n\n\n<p><strong>MINIST\u00c9RIO P\u00daBLICO FEDERAL<\/strong><\/p>\n\n\n\n<p><strong>A diretora do Sindicato dos Servidores P\u00fablicos de S\u00e3o Roque, Ibi\u00fana e Regi\u00e3o, Dalva Domingues de Oliveira, que estava acompanhando a sess\u00e3o, afirmou a vitrine online que &#8220;amanh\u00e3 a entidade encaminhar\u00e1 a den\u00fancia ao Minist\u00e9rio P\u00fablico Federal, Procuradoria Geral do Estado e Tribunal de Contas do Estado de S\u00e3o Paulo, porque &#8220;trata-se de den\u00fancias graves e comprovadas&#8221;. <\/strong><\/p>\n\n\n\n<p><strong>Ela havia se manifestado assim que o resultado da rejei\u00e7\u00e3o da den\u00fancia foi anunciado e um vereador a interpelou, e ouviu a seguinte resposta:<\/strong><\/p>\n\n\n\n<p><strong>&#8220;Voc\u00eas s\u00e3o pagos para fiscalizar o Executivo.<\/strong>&#8220;<\/p>\n","protected":false},"excerpt":{"rendered":"<p>Dez vereadores, integrantes da fiel base do governo de Ibi\u00fana, rejeitaram na sess\u00e3o de hoje (6) da C\u00e2mara Municipal, o<\/p>\n","protected":false},"author":1,"featured_media":30703,"comment_status":"open","ping_status":"open","sticky":false,"template":"","format":"standard","meta":[],"categories":[3],"tags":[],"yoast_head":"<!-- This site is optimized with the Yoast SEO plugin v15.8 - https:\/\/yoast.com\/wordpress\/plugins\/seo\/ -->\n<title>IBI\u00daNA \u2013 10 VEREADORES DA BASE ALIADA REJEITAM DEN\u00daNCIA SOBRE RECURSOS DO FUNDEB - Revista Vitrine Online<\/title>\n<meta name=\"robots\" content=\"index, follow, max-snippet:-1, max-image-preview:large, max-video-preview:-1\" \/>\n<link rel=\"canonical\" href=\"http:\/\/revistavitrineibiuna.com.br\/?p=30702\" \/>\n<meta property=\"og:locale\" content=\"pt_BR\" \/>\n<meta property=\"og:type\" content=\"article\" \/>\n<meta property=\"og:title\" content=\"IBI\u00daNA \u2013 10 VEREADORES DA BASE ALIADA REJEITAM DEN\u00daNCIA SOBRE RECURSOS DO FUNDEB - Revista Vitrine Online\" \/>\n<meta property=\"og:description\" content=\"Dez vereadores, integrantes da fiel base do governo de Ibi\u00fana, rejeitaram na sess\u00e3o de hoje (6) da C\u00e2mara Municipal, o\" \/>\n<meta property=\"og:url\" content=\"http:\/\/revistavitrineibiuna.com.br\/?p=30702\" \/>\n<meta property=\"og:site_name\" content=\"Revista Vitrine Online\" \/>\n<meta property=\"article:published_time\" content=\"2024-02-06T17:22:08+00:00\" \/>\n<meta property=\"article:modified_time\" content=\"2024-02-06T18:04:19+00:00\" \/>\n<meta property=\"og:image\" content=\"https:\/\/revistavitrineibiuna.com.br\/wp-content\/uploads\/2024\/02\/camara-agora-ha-pouco.png\" \/>\n\t<meta property=\"og:image:width\" content=\"1349\" \/>\n\t<meta property=\"og:image:height\" content=\"773\" \/>\n<meta name=\"twitter:card\" content=\"summary\" \/>\n<meta name=\"twitter:label1\" content=\"Est. reading time\">\n\t<meta name=\"twitter:data1\" content=\"3 minutos\">\n<script type=\"application\/ld+json\" class=\"yoast-schema-graph\">{\"@context\":\"https:\/\/schema.org\",\"@graph\":[{\"@type\":\"WebSite\",\"@id\":\"https:\/\/revistavitrineibiuna.com.br\/#website\",\"url\":\"https:\/\/revistavitrineibiuna.com.br\/\",\"name\":\"Revista Vitrine Ibi\\u00fana\",\"description\":\"A Revista de Ibi\\u00fana e Regi\\u00e3o\",\"publisher\":{\"@id\":\"https:\/\/revistavitrineibiuna.com.br\/#\/schema\/person\/e51ef49d6d88170ea21ceabff3f73deb\"},\"potentialAction\":[{\"@type\":\"SearchAction\",\"target\":\"https:\/\/revistavitrineibiuna.com.br\/?s={search_term_string}\",\"query-input\":\"required name=search_term_string\"}],\"inLanguage\":\"pt-BR\"},{\"@type\":\"ImageObject\",\"@id\":\"http:\/\/revistavitrineibiuna.com.br\/?p=30702#primaryimage\",\"inLanguage\":\"pt-BR\",\"url\":\"https:\/\/revistavitrineibiuna.com.br\/wp-content\/uploads\/2024\/02\/camara-agora-ha-pouco.png\",\"width\":1349,\"height\":773},{\"@type\":\"WebPage\",\"@id\":\"http:\/\/revistavitrineibiuna.com.br\/?p=30702#webpage\",\"url\":\"http:\/\/revistavitrineibiuna.com.br\/?p=30702\",\"name\":\"IBI\\u00daNA \\u2013 10 VEREADORES DA BASE ALIADA REJEITAM DEN\\u00daNCIA SOBRE RECURSOS DO FUNDEB - Revista Vitrine Online\",\"isPartOf\":{\"@id\":\"https:\/\/revistavitrineibiuna.com.br\/#website\"},\"primaryImageOfPage\":{\"@id\":\"http:\/\/revistavitrineibiuna.com.br\/?p=30702#primaryimage\"},\"datePublished\":\"2024-02-06T17:22:08+00:00\",\"dateModified\":\"2024-02-06T18:04:19+00:00\",\"breadcrumb\":{\"@id\":\"http:\/\/revistavitrineibiuna.com.br\/?p=30702#breadcrumb\"},\"inLanguage\":\"pt-BR\",\"potentialAction\":[{\"@type\":\"ReadAction\",\"target\":[\"http:\/\/revistavitrineibiuna.com.br\/?p=30702\"]}]},{\"@type\":\"BreadcrumbList\",\"@id\":\"http:\/\/revistavitrineibiuna.com.br\/?p=30702#breadcrumb\",\"itemListElement\":[{\"@type\":\"ListItem\",\"position\":1,\"item\":{\"@type\":\"WebPage\",\"@id\":\"https:\/\/revistavitrineibiuna.com.br\/\",\"url\":\"https:\/\/revistavitrineibiuna.com.br\/\",\"name\":\"In\\u00edcio\"}},{\"@type\":\"ListItem\",\"position\":2,\"item\":{\"@type\":\"WebPage\",\"@id\":\"http:\/\/revistavitrineibiuna.com.br\/?p=30702\",\"url\":\"http:\/\/revistavitrineibiuna.com.br\/?p=30702\",\"name\":\"IBI\\u00daNA \\u2013 10 VEREADORES DA BASE ALIADA REJEITAM DEN\\u00daNCIA SOBRE RECURSOS DO FUNDEB\"}}]},{\"@type\":\"Article\",\"@id\":\"http:\/\/revistavitrineibiuna.com.br\/?p=30702#article\",\"isPartOf\":{\"@id\":\"http:\/\/revistavitrineibiuna.com.br\/?p=30702#webpage\"},\"author\":{\"@id\":\"https:\/\/revistavitrineibiuna.com.br\/#\/schema\/person\/e51ef49d6d88170ea21ceabff3f73deb\"},\"headline\":\"IBI\\u00daNA \\u2013 10 VEREADORES DA BASE ALIADA REJEITAM DEN\\u00daNCIA SOBRE RECURSOS DO FUNDEB\",\"datePublished\":\"2024-02-06T17:22:08+00:00\",\"dateModified\":\"2024-02-06T18:04:19+00:00\",\"mainEntityOfPage\":{\"@id\":\"http:\/\/revistavitrineibiuna.com.br\/?p=30702#webpage\"},\"commentCount\":0,\"publisher\":{\"@id\":\"https:\/\/revistavitrineibiuna.com.br\/#\/schema\/person\/e51ef49d6d88170ea21ceabff3f73deb\"},\"image\":{\"@id\":\"http:\/\/revistavitrineibiuna.com.br\/?p=30702#primaryimage\"},\"articleSection\":\"Not\\u00edcias\",\"inLanguage\":\"pt-BR\",\"potentialAction\":[{\"@type\":\"CommentAction\",\"name\":\"Comment\",\"target\":[\"http:\/\/revistavitrineibiuna.com.br\/?p=30702#respond\"]}]},{\"@type\":[\"Person\",\"Organization\"],\"@id\":\"https:\/\/revistavitrineibiuna.com.br\/#\/schema\/person\/e51ef49d6d88170ea21ceabff3f73deb\",\"name\":\"Carlos Rossini\",\"image\":{\"@type\":\"ImageObject\",\"@id\":\"https:\/\/revistavitrineibiuna.com.br\/#personlogo\",\"inLanguage\":\"pt-BR\",\"url\":\"https:\/\/secure.gravatar.com\/avatar\/4f2d0f99fac1f85c7d643f21f5c8d900?s=96&d=mm&r=g\",\"caption\":\"Carlos Rossini\"},\"logo\":{\"@id\":\"https:\/\/revistavitrineibiuna.com.br\/#personlogo\"},\"description\":\"Carlos Rossini \\u00e9 jornalista, soci\\u00f3logo, escritor e professor universit\\u00e1rio, tendo sido professor de jornalismo por vinte anos. Trabalhou em ve\\u00edculos de comunica\\u00e7\\u00e3o nas fun\\u00e7\\u00f5es de rep\\u00f3rter, redator, editor, articulista e colaborador, como Folha de S. Paulo, O Estado de S. Paulo, Di\\u00e1rio Popular, entre outros. Ao transferir a revista vitrine, vers\\u00e3o imprensa, de S\\u00e3o Paulo para Ibi\\u00fana h\\u00e1 alguns anos, iniciou uma nova experi\\u00eancia profissional, dedicando-se ao jornalismo regional, depois de cumprir uma trajet\\u00f3ria bem-sucedida na grande imprensa brasileira. Seu primeiro livro A Coragem de Comunicar foi lan\\u00e7ado na Bienal do Livro em S\\u00e3o Paulo no ano 2000, pela editora Madras.\"}]}<\/script>\n<!-- \/ Yoast SEO plugin. -->","_links":{"self":[{"href":"https:\/\/revistavitrineibiuna.com.br\/index.php?rest_route=\/wp\/v2\/posts\/30702"}],"collection":[{"href":"https:\/\/revistavitrineibiuna.com.br\/index.php?rest_route=\/wp\/v2\/posts"}],"about":[{"href":"https:\/\/revistavitrineibiuna.com.br\/index.php?rest_route=\/wp\/v2\/types\/post"}],"author":[{"embeddable":true,"href":"https:\/\/revistavitrineibiuna.com.br\/index.php?rest_route=\/wp\/v2\/users\/1"}],"replies":[{"embeddable":true,"href":"https:\/\/revistavitrineibiuna.com.br\/index.php?rest_route=%2Fwp%2Fv2%2Fcomments&post=30702"}],"version-history":[{"count":6,"href":"https:\/\/revistavitrineibiuna.com.br\/index.php?rest_route=\/wp\/v2\/posts\/30702\/revisions"}],"predecessor-version":[{"id":30710,"href":"https:\/\/revistavitrineibiuna.com.br\/index.php?rest_route=\/wp\/v2\/posts\/30702\/revisions\/30710"}],"wp:featuredmedia":[{"embeddable":true,"href":"https:\/\/revistavitrineibiuna.com.br\/index.php?rest_route=\/wp\/v2\/media\/30703"}],"wp:attachment":[{"href":"https:\/\/revistavitrineibiuna.com.br\/index.php?rest_route=%2Fwp%2Fv2%2Fmedia&parent=30702"}],"wp:term":[{"taxonomy":"category","embeddable":true,"href":"https:\/\/revistavitrineibiuna.com.br\/index.php?rest_route=%2Fwp%2Fv2%2Fcategories&post=30702"},{"taxonomy":"post_tag","embeddable":true,"href":"https:\/\/revistavitrineibiuna.com.br\/index.php?rest_route=%2Fwp%2Fv2%2Ftags&post=30702"}],"curies":[{"name":"wp","href":"https:\/\/api.w.org\/{rel}","templated":true}]}}