{"id":30711,"date":"2024-02-06T18:29:15","date_gmt":"2024-02-06T21:29:15","guid":{"rendered":"http:\/\/revistavitrineibiuna.com.br\/?p=30711"},"modified":"2024-02-06T20:43:25","modified_gmt":"2024-02-06T23:43:25","slug":"ibiuna-camara-transforma-denuncia-sobre-recursos-do-fundeb-em-pedido-de-esclarecimentos","status":"publish","type":"post","link":"https:\/\/revistavitrineibiuna.com.br\/?p=30711","title":{"rendered":"IBI\u00daNA \u2013 C\u00c2MARA TRANSFORMA DEN\u00daNCIA SOBRE RECURSOS DO FUNDEB EM PEDIDO DE ESCLARECIMENTOS"},"content":{"rendered":"\n<p class=\"has-drop-cap\"><strong>Logo depois de terem rejeitado por 14 votos a 4 a den\u00fancia feita pelo presidente do CACs Fundeb, advogado M\u00e1rio Pires, que poderia resultar na \u00a0abertura de um processo de cassa\u00e7\u00e3o do atual prefeito, vereadores surpreendentemente aprovaram um requerimento similar, mas em forma de pedido esclarecimentos dos 9 t\u00f3picos que constavam da den\u00fancia arquivada.<\/strong><\/p>\n\n\n\n<p><strong>Essa iniciativa foi protagonizada pelo vereador Geraldo (Aladim) Fl\u00e1vio Amaro (PSDB), que prestou o seguinte esclarecimento a vitrine online sobre a sua motiva\u00e7\u00e3o:<\/strong><\/p>\n\n\n\n<p><strong>\u201cO meu [requerimento] n\u00e3o \u00e9 uma den\u00fancia, e sim um [pedido] de esclarecimento.\u201d Em outras, palavras n\u00e3o oferece risco da abertura de um processo de cassa\u00e7\u00e3o do chefe do Executivo.<\/strong><\/p>\n\n\n\n<p><strong>Os vereadores partiram do princ\u00edpio que a den\u00fancia rejeitada n\u00e3o apresentava provas suficientes para tomar uma atitude radical como abrir um processo de cassa\u00e7\u00e3o.<\/strong><\/p>\n\n\n\n<p><strong>No requerimento que recebeu o n\u00ba 004, com data de 6 de fevereiro de 2024, o vereador Aladim explica:<\/strong><\/p>\n\n\n\n<p><strong>\u201cJustifica-se o presente requerimento tendo em vista a den\u00fancia encaminhada pelo presidente do CACs Fundeb \u00e0 C\u00e2mara Municipal, que embora n\u00e3o tenha apresentado provas suficientes para a instaura\u00e7\u00e3o de um procedimento de cassa\u00e7\u00e3o de mandato, demanda a necess\u00e1ria averigua\u00e7\u00e3o acerca de seu conte\u00fado, a fim de que os devidos esclarecimentos possam ser apresentados para posterior apura\u00e7\u00e3o das provid\u00eancias cab\u00edveis.\u201d<\/strong><\/p>\n\n\n\n<figure class=\"wp-block-image size-large\"><img loading=\"lazy\" width=\"690\" height=\"458\" src=\"https:\/\/revistavitrineibiuna.com.br\/wp-content\/uploads\/2024\/02\/vereadores-que-assinaram.png\" alt=\"\" class=\"wp-image-30715\" srcset=\"https:\/\/revistavitrineibiuna.com.br\/wp-content\/uploads\/2024\/02\/vereadores-que-assinaram.png 690w, https:\/\/revistavitrineibiuna.com.br\/wp-content\/uploads\/2024\/02\/vereadores-que-assinaram-300x199.png 300w\" sizes=\"(max-width: 690px) 100vw, 690px\" \/><figcaption>Vereadores que aprovaram o pedido de esclarecimentos ao prefeito: vitrine tentou identificar todos os edis que assinaram com a assessoria do vereador, sem sucesso.<\/figcaption><\/figure>\n","protected":false},"excerpt":{"rendered":"<p>Logo depois de terem rejeitado por 14 votos a 4 a den\u00fancia feita pelo presidente do CACs Fundeb, advogado M\u00e1rio<\/p>\n","protected":false},"author":1,"featured_media":30712,"comment_status":"open","ping_status":"open","sticky":false,"template":"","format":"standard","meta":[],"categories":[3],"tags":[],"yoast_head":"<!-- This site is optimized with the Yoast SEO plugin v15.8 - https:\/\/yoast.com\/wordpress\/plugins\/seo\/ -->\n<title>IBI\u00daNA \u2013 C\u00c2MARA TRANSFORMA DEN\u00daNCIA SOBRE RECURSOS DO FUNDEB EM PEDIDO DE ESCLARECIMENTOS - Revista Vitrine Online<\/title>\n<meta name=\"robots\" content=\"index, follow, max-snippet:-1, max-image-preview:large, max-video-preview:-1\" \/>\n<link rel=\"canonical\" href=\"http:\/\/revistavitrineibiuna.com.br\/?p=30711\" \/>\n<meta property=\"og:locale\" content=\"pt_BR\" \/>\n<meta property=\"og:type\" content=\"article\" \/>\n<meta property=\"og:title\" content=\"IBI\u00daNA \u2013 C\u00c2MARA TRANSFORMA DEN\u00daNCIA SOBRE RECURSOS DO FUNDEB EM PEDIDO DE ESCLARECIMENTOS - Revista Vitrine Online\" \/>\n<meta property=\"og:description\" content=\"Logo depois de terem rejeitado por 14 votos a 4 a den\u00fancia feita pelo presidente do CACs Fundeb, advogado M\u00e1rio\" \/>\n<meta property=\"og:url\" content=\"http:\/\/revistavitrineibiuna.com.br\/?p=30711\" \/>\n<meta property=\"og:site_name\" content=\"Revista Vitrine Online\" \/>\n<meta property=\"article:published_time\" content=\"2024-02-06T21:29:15+00:00\" \/>\n<meta property=\"article:modified_time\" content=\"2024-02-06T23:43:25+00:00\" \/>\n<meta property=\"og:image\" content=\"https:\/\/revistavitrineibiuna.com.br\/wp-content\/uploads\/2024\/02\/camara-nova-foto.png\" \/>\n\t<meta property=\"og:image:width\" content=\"531\" \/>\n\t<meta property=\"og:image:height\" content=\"372\" \/>\n<meta name=\"twitter:card\" content=\"summary\" \/>\n<meta name=\"twitter:label1\" content=\"Est. reading time\">\n\t<meta name=\"twitter:data1\" content=\"2 minutos\">\n<script type=\"application\/ld+json\" class=\"yoast-schema-graph\">{\"@context\":\"https:\/\/schema.org\",\"@graph\":[{\"@type\":\"WebSite\",\"@id\":\"https:\/\/revistavitrineibiuna.com.br\/#website\",\"url\":\"https:\/\/revistavitrineibiuna.com.br\/\",\"name\":\"Revista Vitrine Ibi\\u00fana\",\"description\":\"A Revista de Ibi\\u00fana e Regi\\u00e3o\",\"publisher\":{\"@id\":\"https:\/\/revistavitrineibiuna.com.br\/#\/schema\/person\/e51ef49d6d88170ea21ceabff3f73deb\"},\"potentialAction\":[{\"@type\":\"SearchAction\",\"target\":\"https:\/\/revistavitrineibiuna.com.br\/?s={search_term_string}\",\"query-input\":\"required name=search_term_string\"}],\"inLanguage\":\"pt-BR\"},{\"@type\":\"ImageObject\",\"@id\":\"http:\/\/revistavitrineibiuna.com.br\/?p=30711#primaryimage\",\"inLanguage\":\"pt-BR\",\"url\":\"https:\/\/revistavitrineibiuna.com.br\/wp-content\/uploads\/2024\/02\/camara-nova-foto.png\",\"width\":531,\"height\":372},{\"@type\":\"WebPage\",\"@id\":\"http:\/\/revistavitrineibiuna.com.br\/?p=30711#webpage\",\"url\":\"http:\/\/revistavitrineibiuna.com.br\/?p=30711\",\"name\":\"IBI\\u00daNA \\u2013 C\\u00c2MARA TRANSFORMA DEN\\u00daNCIA SOBRE RECURSOS DO FUNDEB EM PEDIDO DE ESCLARECIMENTOS - Revista Vitrine Online\",\"isPartOf\":{\"@id\":\"https:\/\/revistavitrineibiuna.com.br\/#website\"},\"primaryImageOfPage\":{\"@id\":\"http:\/\/revistavitrineibiuna.com.br\/?p=30711#primaryimage\"},\"datePublished\":\"2024-02-06T21:29:15+00:00\",\"dateModified\":\"2024-02-06T23:43:25+00:00\",\"breadcrumb\":{\"@id\":\"http:\/\/revistavitrineibiuna.com.br\/?p=30711#breadcrumb\"},\"inLanguage\":\"pt-BR\",\"potentialAction\":[{\"@type\":\"ReadAction\",\"target\":[\"http:\/\/revistavitrineibiuna.com.br\/?p=30711\"]}]},{\"@type\":\"BreadcrumbList\",\"@id\":\"http:\/\/revistavitrineibiuna.com.br\/?p=30711#breadcrumb\",\"itemListElement\":[{\"@type\":\"ListItem\",\"position\":1,\"item\":{\"@type\":\"WebPage\",\"@id\":\"https:\/\/revistavitrineibiuna.com.br\/\",\"url\":\"https:\/\/revistavitrineibiuna.com.br\/\",\"name\":\"In\\u00edcio\"}},{\"@type\":\"ListItem\",\"position\":2,\"item\":{\"@type\":\"WebPage\",\"@id\":\"http:\/\/revistavitrineibiuna.com.br\/?p=30711\",\"url\":\"http:\/\/revistavitrineibiuna.com.br\/?p=30711\",\"name\":\"IBI\\u00daNA \\u2013 C\\u00c2MARA TRANSFORMA DEN\\u00daNCIA SOBRE RECURSOS DO FUNDEB EM PEDIDO DE ESCLARECIMENTOS\"}}]},{\"@type\":\"Article\",\"@id\":\"http:\/\/revistavitrineibiuna.com.br\/?p=30711#article\",\"isPartOf\":{\"@id\":\"http:\/\/revistavitrineibiuna.com.br\/?p=30711#webpage\"},\"author\":{\"@id\":\"https:\/\/revistavitrineibiuna.com.br\/#\/schema\/person\/e51ef49d6d88170ea21ceabff3f73deb\"},\"headline\":\"IBI\\u00daNA \\u2013 C\\u00c2MARA TRANSFORMA DEN\\u00daNCIA SOBRE RECURSOS DO FUNDEB EM PEDIDO DE ESCLARECIMENTOS\",\"datePublished\":\"2024-02-06T21:29:15+00:00\",\"dateModified\":\"2024-02-06T23:43:25+00:00\",\"mainEntityOfPage\":{\"@id\":\"http:\/\/revistavitrineibiuna.com.br\/?p=30711#webpage\"},\"commentCount\":0,\"publisher\":{\"@id\":\"https:\/\/revistavitrineibiuna.com.br\/#\/schema\/person\/e51ef49d6d88170ea21ceabff3f73deb\"},\"image\":{\"@id\":\"http:\/\/revistavitrineibiuna.com.br\/?p=30711#primaryimage\"},\"articleSection\":\"Not\\u00edcias\",\"inLanguage\":\"pt-BR\",\"potentialAction\":[{\"@type\":\"CommentAction\",\"name\":\"Comment\",\"target\":[\"http:\/\/revistavitrineibiuna.com.br\/?p=30711#respond\"]}]},{\"@type\":[\"Person\",\"Organization\"],\"@id\":\"https:\/\/revistavitrineibiuna.com.br\/#\/schema\/person\/e51ef49d6d88170ea21ceabff3f73deb\",\"name\":\"Carlos Rossini\",\"image\":{\"@type\":\"ImageObject\",\"@id\":\"https:\/\/revistavitrineibiuna.com.br\/#personlogo\",\"inLanguage\":\"pt-BR\",\"url\":\"https:\/\/secure.gravatar.com\/avatar\/4f2d0f99fac1f85c7d643f21f5c8d900?s=96&d=mm&r=g\",\"caption\":\"Carlos Rossini\"},\"logo\":{\"@id\":\"https:\/\/revistavitrineibiuna.com.br\/#personlogo\"},\"description\":\"Carlos Rossini \\u00e9 jornalista, soci\\u00f3logo, escritor e professor universit\\u00e1rio, tendo sido professor de jornalismo por vinte anos. Trabalhou em ve\\u00edculos de comunica\\u00e7\\u00e3o nas fun\\u00e7\\u00f5es de rep\\u00f3rter, redator, editor, articulista e colaborador, como Folha de S. Paulo, O Estado de S. Paulo, Di\\u00e1rio Popular, entre outros. Ao transferir a revista vitrine, vers\\u00e3o imprensa, de S\\u00e3o Paulo para Ibi\\u00fana h\\u00e1 alguns anos, iniciou uma nova experi\\u00eancia profissional, dedicando-se ao jornalismo regional, depois de cumprir uma trajet\\u00f3ria bem-sucedida na grande imprensa brasileira. Seu primeiro livro A Coragem de Comunicar foi lan\\u00e7ado na Bienal do Livro em S\\u00e3o Paulo no ano 2000, pela editora Madras.\"}]}<\/script>\n<!-- \/ Yoast SEO plugin. -->","_links":{"self":[{"href":"https:\/\/revistavitrineibiuna.com.br\/index.php?rest_route=\/wp\/v2\/posts\/30711"}],"collection":[{"href":"https:\/\/revistavitrineibiuna.com.br\/index.php?rest_route=\/wp\/v2\/posts"}],"about":[{"href":"https:\/\/revistavitrineibiuna.com.br\/index.php?rest_route=\/wp\/v2\/types\/post"}],"author":[{"embeddable":true,"href":"https:\/\/revistavitrineibiuna.com.br\/index.php?rest_route=\/wp\/v2\/users\/1"}],"replies":[{"embeddable":true,"href":"https:\/\/revistavitrineibiuna.com.br\/index.php?rest_route=%2Fwp%2Fv2%2Fcomments&post=30711"}],"version-history":[{"count":4,"href":"https:\/\/revistavitrineibiuna.com.br\/index.php?rest_route=\/wp\/v2\/posts\/30711\/revisions"}],"predecessor-version":[{"id":30718,"href":"https:\/\/revistavitrineibiuna.com.br\/index.php?rest_route=\/wp\/v2\/posts\/30711\/revisions\/30718"}],"wp:featuredmedia":[{"embeddable":true,"href":"https:\/\/revistavitrineibiuna.com.br\/index.php?rest_route=\/wp\/v2\/media\/30712"}],"wp:attachment":[{"href":"https:\/\/revistavitrineibiuna.com.br\/index.php?rest_route=%2Fwp%2Fv2%2Fmedia&parent=30711"}],"wp:term":[{"taxonomy":"category","embeddable":true,"href":"https:\/\/revistavitrineibiuna.com.br\/index.php?rest_route=%2Fwp%2Fv2%2Fcategories&post=30711"},{"taxonomy":"post_tag","embeddable":true,"href":"https:\/\/revistavitrineibiuna.com.br\/index.php?rest_route=%2Fwp%2Fv2%2Ftags&post=30711"}],"curies":[{"name":"wp","href":"https:\/\/api.w.org\/{rel}","templated":true}]}}