{"id":30725,"date":"2024-02-07T16:11:35","date_gmt":"2024-02-07T19:11:35","guid":{"rendered":"http:\/\/revistavitrineibiuna.com.br\/?p=30725"},"modified":"2024-02-07T16:27:27","modified_gmt":"2024-02-07T19:27:27","slug":"ibiuna-ruas-centrais-estao-exalando-forte-mal-cheiro","status":"publish","type":"post","link":"https:\/\/revistavitrineibiuna.com.br\/?p=30725","title":{"rendered":"IBI\u00daNA \u2013 RUAS CENTRAIS EST\u00c3O EXALANDO FORTE MAL CHEIRO"},"content":{"rendered":"\n<p class=\"has-drop-cap\"><strong>Vazamento de esgotos em ruas centrais de Ibi\u00fana, emanando um mal cheiro repugnante, n\u00e3o \u00e9 exatamente um bom atrativo tur\u00edstico e n\u00e3o combina com essa condi\u00e7\u00e3o nominal do munic\u00edpio, uma est\u00e2ncia tur\u00edstica h\u00e1 23 anos.<\/strong><\/p>\n\n\n\n<p><strong>A Avenida Fortunatinho, que come\u00e7a na Pra\u00e7a da Matriz, o esgoto sa\u00eda da boca de um bueiro e escorria pelo meio fio. Na esquina com a Rua Raimundo Santiago um l\u00edquido se espalhava pela rua.<\/strong><\/p>\n\n\n\n<p><strong>Na Rua Guarani, que ganhou uma triste fama por conta de ter sido transformada numa precar\u00edssima \u201cesta\u00e7\u00e3o rodovi\u00e1ria\u201d, a situa\u00e7\u00e3o n\u00e3o era diferente.<\/strong><\/p>\n\n\n\n<p><strong>Na Rua Alcy Bandeira, um m\u00e9dico que tamb\u00e9m d\u00e1 nome ao Posto Central de Sa\u00fade, na Avenida S\u00e3o Sebasti\u00e3o, os moradores chamaram vitrine online pela terceira vez por haver duas enormes crateras, de onde o esgoto corre solto exalando cheiro ruim.<\/strong><\/p>\n\n\n\n<figure class=\"wp-block-image size-large\"><img loading=\"lazy\" width=\"1024\" height=\"637\" src=\"https:\/\/revistavitrineibiuna.com.br\/wp-content\/uploads\/2024\/02\/Mal-cheiro-2-1024x637.png\" alt=\"\" class=\"wp-image-30729\" srcset=\"https:\/\/revistavitrineibiuna.com.br\/wp-content\/uploads\/2024\/02\/Mal-cheiro-2-1024x637.png 1024w, https:\/\/revistavitrineibiuna.com.br\/wp-content\/uploads\/2024\/02\/Mal-cheiro-2-300x187.png 300w, https:\/\/revistavitrineibiuna.com.br\/wp-content\/uploads\/2024\/02\/Mal-cheiro-2-768x478.png 768w, https:\/\/revistavitrineibiuna.com.br\/wp-content\/uploads\/2024\/02\/Mal-cheiro-2-1536x956.png 1536w, https:\/\/revistavitrineibiuna.com.br\/wp-content\/uploads\/2024\/02\/Mal-cheiro-2.png 1597w\" sizes=\"(max-width: 1024px) 100vw, 1024px\" \/><figcaption>Rua Dr. Alcy Bandeira<\/figcaption><\/figure>\n\n\n\n<p><strong>H\u00e1 alguns dias, um carro ao tentar desviar das crateras colidiu com a lateral de um carro que estava saindo da garagem, na altura do n\u00famero 268.<\/strong><\/p>\n\n\n\n<p><strong>No Cal\u00e7ad\u00e3o, por onde transitam diariamente muitas pessoas, com diversos buracos no centro da via, com perigo para os pedestres, o cheiro ruim tamb\u00e9m est\u00e1 presente.<\/strong><\/p>\n\n\n\n<p><strong>AL\u00d4, SABESP!<\/strong><\/p>\n\n\n\n<p><strong>Num primeiro momento, parece \u00f3bvio que a Sabesp precisa realizar uma fiscaliza\u00e7\u00e3o desses pontos que provocam n\u00e1useas em narizes mais sens\u00edveis e corrigir esses problemas o quanto antes.<\/strong><\/p>\n\n\n\n<figure class=\"wp-block-image size-large\"><img loading=\"lazy\" width=\"1024\" height=\"606\" src=\"https:\/\/revistavitrineibiuna.com.br\/wp-content\/uploads\/2024\/02\/mal-cheiro-3-1024x606.png\" alt=\"\" class=\"wp-image-30732\" srcset=\"https:\/\/revistavitrineibiuna.com.br\/wp-content\/uploads\/2024\/02\/mal-cheiro-3-1024x606.png 1024w, https:\/\/revistavitrineibiuna.com.br\/wp-content\/uploads\/2024\/02\/mal-cheiro-3-300x178.png 300w, https:\/\/revistavitrineibiuna.com.br\/wp-content\/uploads\/2024\/02\/mal-cheiro-3-768x455.png 768w, https:\/\/revistavitrineibiuna.com.br\/wp-content\/uploads\/2024\/02\/mal-cheiro-3.png 1536w\" sizes=\"(max-width: 1024px) 100vw, 1024px\" \/><figcaption>Avenida Fortunatinho: esgoto corre dia e noite pelo meio fio: cheiro nauseante<\/figcaption><\/figure>\n\n\n\n<p><strong>Mas quanto aos buracos, compete \u00e0 Prefeitura fazer os reparos, juntamente com a Sabesp porque h\u00e1 redund\u00e2ncia nas causas de um e de outro problema.<\/strong><\/p>\n\n\n\n<p><strong>Os vazamentos de esgoto podem causar buracos, assim como buracos podem provocar vazamento de esgoto.<\/strong><\/p>\n\n\n\n<p><strong>Afinal, somos ou n\u00e3o uma est\u00e2ncia tur\u00edstica. Mas, por enquanto, evite que os visitantes da cidade passem por um desses lugares. V\u00e3o ficar com uma p\u00e9ssima impress\u00e3o dos administradores da cidade.<\/strong><\/p>\n\n\n\n<p><strong>CHEIRO HORR\u00cdVEL<\/strong><\/p>\n\n\n\n<figure class=\"wp-block-image size-large\"><img loading=\"lazy\" width=\"1024\" height=\"694\" src=\"https:\/\/revistavitrineibiuna.com.br\/wp-content\/uploads\/2024\/02\/mal-cheiro-5-1024x694.png\" alt=\"\" class=\"wp-image-30738\" srcset=\"https:\/\/revistavitrineibiuna.com.br\/wp-content\/uploads\/2024\/02\/mal-cheiro-5-1024x694.png 1024w, https:\/\/revistavitrineibiuna.com.br\/wp-content\/uploads\/2024\/02\/mal-cheiro-5-300x203.png 300w, https:\/\/revistavitrineibiuna.com.br\/wp-content\/uploads\/2024\/02\/mal-cheiro-5-768x520.png 768w, https:\/\/revistavitrineibiuna.com.br\/wp-content\/uploads\/2024\/02\/mal-cheiro-5.png 1507w\" sizes=\"(max-width: 1024px) 100vw, 1024px\" \/><figcaption>O saco indicado no c\u00edrculo exalava um cheiro horr\u00edvel hoje (7), em frente a uma escola municipal na Rua XV de Novembro<\/figcaption><\/figure>\n\n\n\n<p><strong>Hoje, por volta das 12h, ao lado de um coletor de lixo instalado pr\u00f3ximo do muro da Escola Municipal Professora Oriane C\u00e2ndida de Paula Silva, na Rua XV de Novembro, havia um saco possivelmente contendo material org\u00e2nico. Sentia-se um cheiro terr\u00edvel de coisa podre. E as m\u00e3es que iam buscar seus filhos na escola passavam placidamente por esse local com as crian\u00e7as.<\/strong><\/p>\n\n\n\n<p><strong>Com a palavra a Sabesp e as Secretarias de Desenvolvimento Urbano e de Obras.<\/strong><\/p>\n\n\n\n<figure class=\"wp-block-image size-large\"><img loading=\"lazy\" width=\"1024\" height=\"637\" src=\"https:\/\/revistavitrineibiuna.com.br\/wp-content\/uploads\/2024\/02\/mal-cheiro-4-1024x637.png\" alt=\"\" class=\"wp-image-30735\" srcset=\"https:\/\/revistavitrineibiuna.com.br\/wp-content\/uploads\/2024\/02\/mal-cheiro-4-1024x637.png 1024w, https:\/\/revistavitrineibiuna.com.br\/wp-content\/uploads\/2024\/02\/mal-cheiro-4-300x187.png 300w, https:\/\/revistavitrineibiuna.com.br\/wp-content\/uploads\/2024\/02\/mal-cheiro-4-768x478.png 768w, https:\/\/revistavitrineibiuna.com.br\/wp-content\/uploads\/2024\/02\/mal-cheiro-4-1536x955.png 1536w, https:\/\/revistavitrineibiuna.com.br\/wp-content\/uploads\/2024\/02\/mal-cheiro-4.png 1595w\" sizes=\"(max-width: 1024px) 100vw, 1024px\" \/><figcaption>Rua Guarani<\/figcaption><\/figure>\n","protected":false},"excerpt":{"rendered":"<p>Vazamento de esgotos em ruas centrais de Ibi\u00fana, emanando um mal cheiro repugnante, n\u00e3o \u00e9 exatamente um bom atrativo tur\u00edstico<\/p>\n","protected":false},"author":1,"featured_media":30726,"comment_status":"open","ping_status":"open","sticky":false,"template":"","format":"standard","meta":[],"categories":[3],"tags":[],"yoast_head":"<!-- This site is optimized with the Yoast SEO plugin v15.8 - https:\/\/yoast.com\/wordpress\/plugins\/seo\/ -->\n<title>IBI\u00daNA \u2013 RUAS CENTRAIS EST\u00c3O EXALANDO FORTE MAL CHEIRO - Revista Vitrine Online<\/title>\n<meta name=\"robots\" content=\"index, follow, max-snippet:-1, max-image-preview:large, max-video-preview:-1\" \/>\n<link rel=\"canonical\" href=\"https:\/\/revistavitrineibiuna.com.br\/?p=30725\" \/>\n<meta property=\"og:locale\" content=\"pt_BR\" \/>\n<meta property=\"og:type\" content=\"article\" \/>\n<meta property=\"og:title\" content=\"IBI\u00daNA \u2013 RUAS CENTRAIS EST\u00c3O EXALANDO FORTE MAL CHEIRO - Revista Vitrine Online\" \/>\n<meta property=\"og:description\" content=\"Vazamento de esgotos em ruas centrais de Ibi\u00fana, emanando um mal cheiro repugnante, n\u00e3o \u00e9 exatamente um bom atrativo tur\u00edstico\" \/>\n<meta property=\"og:url\" content=\"https:\/\/revistavitrineibiuna.com.br\/?p=30725\" \/>\n<meta property=\"og:site_name\" content=\"Revista Vitrine Online\" \/>\n<meta property=\"article:published_time\" content=\"2024-02-07T19:11:35+00:00\" \/>\n<meta property=\"article:modified_time\" content=\"2024-02-07T19:27:27+00:00\" \/>\n<meta property=\"og:image\" content=\"https:\/\/revistavitrineibiuna.com.br\/wp-content\/uploads\/2024\/02\/Mal-cheio-1-1024x632.png\" \/>\n\t<meta property=\"og:image:width\" content=\"1024\" \/>\n\t<meta property=\"og:image:height\" content=\"632\" \/>\n<meta name=\"twitter:card\" content=\"summary\" \/>\n<meta name=\"twitter:label1\" content=\"Est. reading time\">\n\t<meta name=\"twitter:data1\" content=\"3 minutos\">\n<script type=\"application\/ld+json\" class=\"yoast-schema-graph\">{\"@context\":\"https:\/\/schema.org\",\"@graph\":[{\"@type\":\"WebSite\",\"@id\":\"https:\/\/revistavitrineibiuna.com.br\/#website\",\"url\":\"https:\/\/revistavitrineibiuna.com.br\/\",\"name\":\"Revista Vitrine Ibi\\u00fana\",\"description\":\"A Revista de Ibi\\u00fana e Regi\\u00e3o\",\"publisher\":{\"@id\":\"https:\/\/revistavitrineibiuna.com.br\/#\/schema\/person\/e51ef49d6d88170ea21ceabff3f73deb\"},\"potentialAction\":[{\"@type\":\"SearchAction\",\"target\":\"https:\/\/revistavitrineibiuna.com.br\/?s={search_term_string}\",\"query-input\":\"required name=search_term_string\"}],\"inLanguage\":\"pt-BR\"},{\"@type\":\"ImageObject\",\"@id\":\"https:\/\/revistavitrineibiuna.com.br\/?p=30725#primaryimage\",\"inLanguage\":\"pt-BR\",\"url\":\"https:\/\/revistavitrineibiuna.com.br\/wp-content\/uploads\/2024\/02\/Mal-cheio-1.png\",\"width\":1590,\"height\":981},{\"@type\":\"WebPage\",\"@id\":\"https:\/\/revistavitrineibiuna.com.br\/?p=30725#webpage\",\"url\":\"https:\/\/revistavitrineibiuna.com.br\/?p=30725\",\"name\":\"IBI\\u00daNA \\u2013 RUAS CENTRAIS EST\\u00c3O EXALANDO FORTE MAL CHEIRO - Revista Vitrine Online\",\"isPartOf\":{\"@id\":\"https:\/\/revistavitrineibiuna.com.br\/#website\"},\"primaryImageOfPage\":{\"@id\":\"https:\/\/revistavitrineibiuna.com.br\/?p=30725#primaryimage\"},\"datePublished\":\"2024-02-07T19:11:35+00:00\",\"dateModified\":\"2024-02-07T19:27:27+00:00\",\"breadcrumb\":{\"@id\":\"https:\/\/revistavitrineibiuna.com.br\/?p=30725#breadcrumb\"},\"inLanguage\":\"pt-BR\",\"potentialAction\":[{\"@type\":\"ReadAction\",\"target\":[\"https:\/\/revistavitrineibiuna.com.br\/?p=30725\"]}]},{\"@type\":\"BreadcrumbList\",\"@id\":\"https:\/\/revistavitrineibiuna.com.br\/?p=30725#breadcrumb\",\"itemListElement\":[{\"@type\":\"ListItem\",\"position\":1,\"item\":{\"@type\":\"WebPage\",\"@id\":\"https:\/\/revistavitrineibiuna.com.br\/\",\"url\":\"https:\/\/revistavitrineibiuna.com.br\/\",\"name\":\"In\\u00edcio\"}},{\"@type\":\"ListItem\",\"position\":2,\"item\":{\"@type\":\"WebPage\",\"@id\":\"https:\/\/revistavitrineibiuna.com.br\/?p=30725\",\"url\":\"https:\/\/revistavitrineibiuna.com.br\/?p=30725\",\"name\":\"IBI\\u00daNA \\u2013 RUAS CENTRAIS EST\\u00c3O EXALANDO FORTE MAL CHEIRO\"}}]},{\"@type\":\"Article\",\"@id\":\"https:\/\/revistavitrineibiuna.com.br\/?p=30725#article\",\"isPartOf\":{\"@id\":\"https:\/\/revistavitrineibiuna.com.br\/?p=30725#webpage\"},\"author\":{\"@id\":\"https:\/\/revistavitrineibiuna.com.br\/#\/schema\/person\/e51ef49d6d88170ea21ceabff3f73deb\"},\"headline\":\"IBI\\u00daNA \\u2013 RUAS CENTRAIS EST\\u00c3O EXALANDO FORTE MAL CHEIRO\",\"datePublished\":\"2024-02-07T19:11:35+00:00\",\"dateModified\":\"2024-02-07T19:27:27+00:00\",\"mainEntityOfPage\":{\"@id\":\"https:\/\/revistavitrineibiuna.com.br\/?p=30725#webpage\"},\"commentCount\":0,\"publisher\":{\"@id\":\"https:\/\/revistavitrineibiuna.com.br\/#\/schema\/person\/e51ef49d6d88170ea21ceabff3f73deb\"},\"image\":{\"@id\":\"https:\/\/revistavitrineibiuna.com.br\/?p=30725#primaryimage\"},\"articleSection\":\"Not\\u00edcias\",\"inLanguage\":\"pt-BR\",\"potentialAction\":[{\"@type\":\"CommentAction\",\"name\":\"Comment\",\"target\":[\"https:\/\/revistavitrineibiuna.com.br\/?p=30725#respond\"]}]},{\"@type\":[\"Person\",\"Organization\"],\"@id\":\"https:\/\/revistavitrineibiuna.com.br\/#\/schema\/person\/e51ef49d6d88170ea21ceabff3f73deb\",\"name\":\"Carlos Rossini\",\"image\":{\"@type\":\"ImageObject\",\"@id\":\"https:\/\/revistavitrineibiuna.com.br\/#personlogo\",\"inLanguage\":\"pt-BR\",\"url\":\"https:\/\/secure.gravatar.com\/avatar\/4f2d0f99fac1f85c7d643f21f5c8d900?s=96&d=mm&r=g\",\"caption\":\"Carlos Rossini\"},\"logo\":{\"@id\":\"https:\/\/revistavitrineibiuna.com.br\/#personlogo\"},\"description\":\"Carlos Rossini \\u00e9 jornalista, soci\\u00f3logo, escritor e professor universit\\u00e1rio, tendo sido professor de jornalismo por vinte anos. Trabalhou em ve\\u00edculos de comunica\\u00e7\\u00e3o nas fun\\u00e7\\u00f5es de rep\\u00f3rter, redator, editor, articulista e colaborador, como Folha de S. Paulo, O Estado de S. Paulo, Di\\u00e1rio Popular, entre outros. Ao transferir a revista vitrine, vers\\u00e3o imprensa, de S\\u00e3o Paulo para Ibi\\u00fana h\\u00e1 alguns anos, iniciou uma nova experi\\u00eancia profissional, dedicando-se ao jornalismo regional, depois de cumprir uma trajet\\u00f3ria bem-sucedida na grande imprensa brasileira. Seu primeiro livro A Coragem de Comunicar foi lan\\u00e7ado na Bienal do Livro em S\\u00e3o Paulo no ano 2000, pela editora Madras.\"}]}<\/script>\n<!-- \/ Yoast SEO plugin. -->","_links":{"self":[{"href":"https:\/\/revistavitrineibiuna.com.br\/index.php?rest_route=\/wp\/v2\/posts\/30725"}],"collection":[{"href":"https:\/\/revistavitrineibiuna.com.br\/index.php?rest_route=\/wp\/v2\/posts"}],"about":[{"href":"https:\/\/revistavitrineibiuna.com.br\/index.php?rest_route=\/wp\/v2\/types\/post"}],"author":[{"embeddable":true,"href":"https:\/\/revistavitrineibiuna.com.br\/index.php?rest_route=\/wp\/v2\/users\/1"}],"replies":[{"embeddable":true,"href":"https:\/\/revistavitrineibiuna.com.br\/index.php?rest_route=%2Fwp%2Fv2%2Fcomments&post=30725"}],"version-history":[{"count":5,"href":"https:\/\/revistavitrineibiuna.com.br\/index.php?rest_route=\/wp\/v2\/posts\/30725\/revisions"}],"predecessor-version":[{"id":30739,"href":"https:\/\/revistavitrineibiuna.com.br\/index.php?rest_route=\/wp\/v2\/posts\/30725\/revisions\/30739"}],"wp:featuredmedia":[{"embeddable":true,"href":"https:\/\/revistavitrineibiuna.com.br\/index.php?rest_route=\/wp\/v2\/media\/30726"}],"wp:attachment":[{"href":"https:\/\/revistavitrineibiuna.com.br\/index.php?rest_route=%2Fwp%2Fv2%2Fmedia&parent=30725"}],"wp:term":[{"taxonomy":"category","embeddable":true,"href":"https:\/\/revistavitrineibiuna.com.br\/index.php?rest_route=%2Fwp%2Fv2%2Fcategories&post=30725"},{"taxonomy":"post_tag","embeddable":true,"href":"https:\/\/revistavitrineibiuna.com.br\/index.php?rest_route=%2Fwp%2Fv2%2Ftags&post=30725"}],"curies":[{"name":"wp","href":"https:\/\/api.w.org\/{rel}","templated":true}]}}