{"id":30740,"date":"2024-02-08T19:15:42","date_gmt":"2024-02-08T22:15:42","guid":{"rendered":"http:\/\/revistavitrineibiuna.com.br\/?p=30740"},"modified":"2024-02-08T19:15:43","modified_gmt":"2024-02-08T22:15:43","slug":"ibiuna-gestao-da-saude-precisa-melhorar-a-qualidade-dos-servicos","status":"publish","type":"post","link":"https:\/\/revistavitrineibiuna.com.br\/?p=30740","title":{"rendered":"IBI\u00daNA \u2013 GEST\u00c3O DA SA\u00daDE PRECISA MELHORAR A QUALIDADE DOS SERVI\u00c7OS"},"content":{"rendered":"\n<p class=\"has-drop-cap\"><strong>Com cirurgia marcada para este m\u00eas, decidi acreditar no sistema de Sa\u00fade de Ibi\u00fana e realizar aqui mesmo os exames requeridos pelo hospital de Sorocaba.<\/strong><\/p>\n\n\n\n<p><strong>Fiz a coleta de sangue h\u00e1 12 dias, e avisei que a cirurgia j\u00e1 estava marcada e que precisava dos resultados para apresentar para o cardiologista, com outro exame j\u00e1 feito no Centro de Especialidades, sem o que a interven\u00e7\u00e3o n\u00e3o poder\u00e1 ser realizada.<\/strong><\/p>\n\n\n\n<p><strong>Resultado: a empresa contratada pela Prefeitura com laborat\u00f3rios em Itapetininga e S\u00e3o Roque enviou o resultado do exame de coagulograma, mas n\u00e3o o de hemograma completo.<\/strong><\/p>\n\n\n\n<p><strong>O cardiologista estava marcado para esta sexta-feira, dia 9.2. Ent\u00e3o, precisava do resultado no m\u00ednimo at\u00e9 a manh\u00e3 desse dia. Fui buscar o resultado hoje (8.2) no Posto Central, mas ainda n\u00e3o estava pronto.<\/strong><\/p>\n\n\n\n<p><strong>Fui avisado que o resultado demora de 15 a 20 dias, mesmo tendo chamado a aten\u00e7\u00e3o porque a cirurgia j\u00e1 est\u00e1 marcada.<\/strong><\/p>\n\n\n\n<p><strong>Aviso, para que n\u00e3o me entendam mal, que a coleta foi feita dentro dos padr\u00f5es aos muitos exames que j\u00e1 fiz anteriormente.<\/strong><\/p>\n\n\n\n<p><strong>Como o resultado n\u00e3o saiu, fui ao Centro de Especialidades e pedi para remarcarem a consulta com o cardiologista e isso foi feito. A atendente passou a minha vaga para outra pessoa, o que foi uma atitude muito positiva.<\/strong><\/p>\n\n\n\n<p><strong>Quando estava l\u00e1 recebi uma liga\u00e7\u00e3o que teria que fazer uma recoleta de sangue. A recoleta de sangue \u00e9 relativamente comum no universo dos laborat\u00f3rios de an\u00e1lises. Mas, como o resultado de um exame dura de 15 a 20 dias, j\u00e1 n\u00e3o daria mais tempo para ser utilizado.<\/strong><\/p>\n\n\n\n<p><strong>Resumindo, o laborat\u00f3rio demorou 12 dias para avisar que precisava de uma recoleta. Por isso, irei fazer exame, um hemograma completo, em laborat\u00f3rio particular, que deve ficar pronto em dois dias ou tr\u00eas no m\u00e1ximo.<\/strong><\/p>\n\n\n\n<p><strong>Mas apurei que n\u00e3o \u00e9 somente o meu caso em que a recoleta foi pedida, isso acontece com diversas pessoas e os gestores desse servi\u00e7o deveriam buscar a causa dessa reincid\u00eancia, que se traduz em desconforto para os pacientes, bem como pode prejudicar um procedimento m\u00e9dico pelo sistema SUS no Estado de S\u00e3o Paulo que \u00e9 extremamente demorado.<\/strong><\/p>\n\n\n\n<p><strong>Quem acompanha o funcionamento do sistema de sa\u00fade p\u00fablico de Ibi\u00fana j\u00e1 perdeu a conta do n\u00famero de laborat\u00f3rios que j\u00e1 foram contratados em v\u00e1rios governos municipais, alguns dos quais apontaram falta de pagamento pelos servi\u00e7os prestados e deixaram de dar atendimento.<\/strong><\/p>\n\n\n\n<p><strong>O que parece estar em jogo \u00e9 a qualidade dos servi\u00e7os prestados sobretudo a uma popula\u00e7\u00e3o carente. E isso depende, mais uma vez, de uma gest\u00e3o eficiente!<\/strong><\/p>\n\n\n\n<p><strong>PROBLEMA EST\u00c1 NA GEST\u00c3O<\/strong><\/p>\n\n\n\n<p><strong>O sistema p\u00fablico de sa\u00fade de Ibi\u00fana continua lament\u00e1vel, ainda que possa ter melhorado em alguns aspectos, em compara\u00e7\u00e3o com a gest\u00e3o feita no governo anterior, talvez a mais criticada de todos os tempos.<\/strong><\/p>\n\n\n\n<p><strong>Ressalvo com veem\u00eancia que isso n\u00e3o ocorre por causa dos servidores e funcion\u00e1rios que atuam no Hospital Municipal, no Centro de Especialidades, no Posto Central ou na rede b\u00e1sica do munic\u00edpio. Em geral, t\u00eam sido dedicados, atenciosos e procuram dar o melhor atendimento que podem, a despeito dos recursos que lhe s\u00e3o dispon\u00edveis.<\/strong><\/p>\n\n\n\n<p><strong>A raiz dos problemas observados est\u00e1, portanto, na gest\u00e3o que compete ao Executivo resolver.<\/strong><\/p>\n\n\n\n<p><strong>Recentemente, o Posto de Sa\u00fade Dr. Alcy Bandeira, tamb\u00e9m conhecido como Posto Central, na Avenida S\u00e3o Sebasti\u00e3o, foi reinaugurado com pompa e circunst\u00e2ncia, como sempre com a presen\u00e7a de funcion\u00e1rios p\u00fablicos e comissionados de todos os escal\u00f5es, convidados ad hoc.<\/strong><\/p>\n\n\n\n<p><strong>E ali estava tamb\u00e9m o secret\u00e1rio de Desenvolvimento Urbano que iniciou as obras de amplia\u00e7\u00e3o do posto quando era prefeito e a obra ficou paralisada por v\u00e1rios anos. \u00c9 verdade que abriram um espa\u00e7o maior para abrigar a farm\u00e1cia, mas os pacientes vivem reclamando de falta de medicamentos, sobretudo aqueles de alto custo.<\/strong><\/p>\n\n\n\n<p><strong>\u00c9 bom que os pr\u00e9dios p\u00fablicos sejam reformados, ampliados ou mesmo refeitos, mas melhor do que isso \u00e9 dot\u00e1-los efetivamente de uma funcionalidade qualitativa. O povo merece tanto respeito quanto conforto. (C.R.)<\/strong><\/p>\n","protected":false},"excerpt":{"rendered":"<p>Com cirurgia marcada para este m\u00eas, decidi acreditar no sistema de Sa\u00fade de Ibi\u00fana e realizar aqui mesmo os exames<\/p>\n","protected":false},"author":1,"featured_media":30741,"comment_status":"open","ping_status":"open","sticky":false,"template":"","format":"standard","meta":[],"categories":[3],"tags":[],"yoast_head":"<!-- This site is optimized with the Yoast SEO plugin v15.8 - https:\/\/yoast.com\/wordpress\/plugins\/seo\/ -->\n<title>IBI\u00daNA \u2013 GEST\u00c3O DA SA\u00daDE PRECISA MELHORAR A QUALIDADE DOS SERVI\u00c7OS - Revista Vitrine Online<\/title>\n<meta name=\"robots\" content=\"index, follow, max-snippet:-1, max-image-preview:large, max-video-preview:-1\" \/>\n<link rel=\"canonical\" href=\"http:\/\/revistavitrineibiuna.com.br\/?p=30740\" \/>\n<meta property=\"og:locale\" content=\"pt_BR\" \/>\n<meta property=\"og:type\" content=\"article\" \/>\n<meta property=\"og:title\" content=\"IBI\u00daNA \u2013 GEST\u00c3O DA SA\u00daDE PRECISA MELHORAR A QUALIDADE DOS SERVI\u00c7OS - Revista Vitrine Online\" \/>\n<meta property=\"og:description\" content=\"Com cirurgia marcada para este m\u00eas, decidi acreditar no sistema de Sa\u00fade de Ibi\u00fana e realizar aqui mesmo os exames\" \/>\n<meta property=\"og:url\" content=\"http:\/\/revistavitrineibiuna.com.br\/?p=30740\" \/>\n<meta property=\"og:site_name\" content=\"Revista Vitrine Online\" \/>\n<meta property=\"article:published_time\" content=\"2024-02-08T22:15:42+00:00\" \/>\n<meta property=\"article:modified_time\" content=\"2024-02-08T22:15:43+00:00\" \/>\n<meta property=\"og:image\" content=\"https:\/\/revistavitrineibiuna.com.br\/wp-content\/uploads\/2024\/02\/coleta-de-sangue.png\" \/>\n\t<meta property=\"og:image:width\" content=\"750\" \/>\n\t<meta property=\"og:image:height\" content=\"440\" \/>\n<meta name=\"twitter:card\" content=\"summary\" \/>\n<meta name=\"twitter:label1\" content=\"Est. reading time\">\n\t<meta name=\"twitter:data1\" content=\"3 minutos\">\n<script type=\"application\/ld+json\" class=\"yoast-schema-graph\">{\"@context\":\"https:\/\/schema.org\",\"@graph\":[{\"@type\":\"WebSite\",\"@id\":\"https:\/\/revistavitrineibiuna.com.br\/#website\",\"url\":\"https:\/\/revistavitrineibiuna.com.br\/\",\"name\":\"Revista Vitrine Ibi\\u00fana\",\"description\":\"A Revista de Ibi\\u00fana e Regi\\u00e3o\",\"publisher\":{\"@id\":\"https:\/\/revistavitrineibiuna.com.br\/#\/schema\/person\/e51ef49d6d88170ea21ceabff3f73deb\"},\"potentialAction\":[{\"@type\":\"SearchAction\",\"target\":\"https:\/\/revistavitrineibiuna.com.br\/?s={search_term_string}\",\"query-input\":\"required name=search_term_string\"}],\"inLanguage\":\"pt-BR\"},{\"@type\":\"ImageObject\",\"@id\":\"http:\/\/revistavitrineibiuna.com.br\/?p=30740#primaryimage\",\"inLanguage\":\"pt-BR\",\"url\":\"https:\/\/revistavitrineibiuna.com.br\/wp-content\/uploads\/2024\/02\/coleta-de-sangue.png\",\"width\":750,\"height\":440},{\"@type\":\"WebPage\",\"@id\":\"http:\/\/revistavitrineibiuna.com.br\/?p=30740#webpage\",\"url\":\"http:\/\/revistavitrineibiuna.com.br\/?p=30740\",\"name\":\"IBI\\u00daNA \\u2013 GEST\\u00c3O DA SA\\u00daDE PRECISA MELHORAR A QUALIDADE DOS SERVI\\u00c7OS - Revista Vitrine Online\",\"isPartOf\":{\"@id\":\"https:\/\/revistavitrineibiuna.com.br\/#website\"},\"primaryImageOfPage\":{\"@id\":\"http:\/\/revistavitrineibiuna.com.br\/?p=30740#primaryimage\"},\"datePublished\":\"2024-02-08T22:15:42+00:00\",\"dateModified\":\"2024-02-08T22:15:43+00:00\",\"breadcrumb\":{\"@id\":\"http:\/\/revistavitrineibiuna.com.br\/?p=30740#breadcrumb\"},\"inLanguage\":\"pt-BR\",\"potentialAction\":[{\"@type\":\"ReadAction\",\"target\":[\"http:\/\/revistavitrineibiuna.com.br\/?p=30740\"]}]},{\"@type\":\"BreadcrumbList\",\"@id\":\"http:\/\/revistavitrineibiuna.com.br\/?p=30740#breadcrumb\",\"itemListElement\":[{\"@type\":\"ListItem\",\"position\":1,\"item\":{\"@type\":\"WebPage\",\"@id\":\"https:\/\/revistavitrineibiuna.com.br\/\",\"url\":\"https:\/\/revistavitrineibiuna.com.br\/\",\"name\":\"In\\u00edcio\"}},{\"@type\":\"ListItem\",\"position\":2,\"item\":{\"@type\":\"WebPage\",\"@id\":\"http:\/\/revistavitrineibiuna.com.br\/?p=30740\",\"url\":\"http:\/\/revistavitrineibiuna.com.br\/?p=30740\",\"name\":\"IBI\\u00daNA \\u2013 GEST\\u00c3O DA SA\\u00daDE PRECISA MELHORAR A QUALIDADE DOS SERVI\\u00c7OS\"}}]},{\"@type\":\"Article\",\"@id\":\"http:\/\/revistavitrineibiuna.com.br\/?p=30740#article\",\"isPartOf\":{\"@id\":\"http:\/\/revistavitrineibiuna.com.br\/?p=30740#webpage\"},\"author\":{\"@id\":\"https:\/\/revistavitrineibiuna.com.br\/#\/schema\/person\/e51ef49d6d88170ea21ceabff3f73deb\"},\"headline\":\"IBI\\u00daNA \\u2013 GEST\\u00c3O DA SA\\u00daDE PRECISA MELHORAR A QUALIDADE DOS SERVI\\u00c7OS\",\"datePublished\":\"2024-02-08T22:15:42+00:00\",\"dateModified\":\"2024-02-08T22:15:43+00:00\",\"mainEntityOfPage\":{\"@id\":\"http:\/\/revistavitrineibiuna.com.br\/?p=30740#webpage\"},\"commentCount\":0,\"publisher\":{\"@id\":\"https:\/\/revistavitrineibiuna.com.br\/#\/schema\/person\/e51ef49d6d88170ea21ceabff3f73deb\"},\"image\":{\"@id\":\"http:\/\/revistavitrineibiuna.com.br\/?p=30740#primaryimage\"},\"articleSection\":\"Not\\u00edcias\",\"inLanguage\":\"pt-BR\",\"potentialAction\":[{\"@type\":\"CommentAction\",\"name\":\"Comment\",\"target\":[\"http:\/\/revistavitrineibiuna.com.br\/?p=30740#respond\"]}]},{\"@type\":[\"Person\",\"Organization\"],\"@id\":\"https:\/\/revistavitrineibiuna.com.br\/#\/schema\/person\/e51ef49d6d88170ea21ceabff3f73deb\",\"name\":\"Carlos Rossini\",\"image\":{\"@type\":\"ImageObject\",\"@id\":\"https:\/\/revistavitrineibiuna.com.br\/#personlogo\",\"inLanguage\":\"pt-BR\",\"url\":\"https:\/\/secure.gravatar.com\/avatar\/4f2d0f99fac1f85c7d643f21f5c8d900?s=96&d=mm&r=g\",\"caption\":\"Carlos Rossini\"},\"logo\":{\"@id\":\"https:\/\/revistavitrineibiuna.com.br\/#personlogo\"},\"description\":\"Carlos Rossini \\u00e9 jornalista, soci\\u00f3logo, escritor e professor universit\\u00e1rio, tendo sido professor de jornalismo por vinte anos. Trabalhou em ve\\u00edculos de comunica\\u00e7\\u00e3o nas fun\\u00e7\\u00f5es de rep\\u00f3rter, redator, editor, articulista e colaborador, como Folha de S. Paulo, O Estado de S. Paulo, Di\\u00e1rio Popular, entre outros. Ao transferir a revista vitrine, vers\\u00e3o imprensa, de S\\u00e3o Paulo para Ibi\\u00fana h\\u00e1 alguns anos, iniciou uma nova experi\\u00eancia profissional, dedicando-se ao jornalismo regional, depois de cumprir uma trajet\\u00f3ria bem-sucedida na grande imprensa brasileira. Seu primeiro livro A Coragem de Comunicar foi lan\\u00e7ado na Bienal do Livro em S\\u00e3o Paulo no ano 2000, pela editora Madras.\"}]}<\/script>\n<!-- \/ Yoast SEO plugin. -->","_links":{"self":[{"href":"https:\/\/revistavitrineibiuna.com.br\/index.php?rest_route=\/wp\/v2\/posts\/30740"}],"collection":[{"href":"https:\/\/revistavitrineibiuna.com.br\/index.php?rest_route=\/wp\/v2\/posts"}],"about":[{"href":"https:\/\/revistavitrineibiuna.com.br\/index.php?rest_route=\/wp\/v2\/types\/post"}],"author":[{"embeddable":true,"href":"https:\/\/revistavitrineibiuna.com.br\/index.php?rest_route=\/wp\/v2\/users\/1"}],"replies":[{"embeddable":true,"href":"https:\/\/revistavitrineibiuna.com.br\/index.php?rest_route=%2Fwp%2Fv2%2Fcomments&post=30740"}],"version-history":[{"count":1,"href":"https:\/\/revistavitrineibiuna.com.br\/index.php?rest_route=\/wp\/v2\/posts\/30740\/revisions"}],"predecessor-version":[{"id":30742,"href":"https:\/\/revistavitrineibiuna.com.br\/index.php?rest_route=\/wp\/v2\/posts\/30740\/revisions\/30742"}],"wp:featuredmedia":[{"embeddable":true,"href":"https:\/\/revistavitrineibiuna.com.br\/index.php?rest_route=\/wp\/v2\/media\/30741"}],"wp:attachment":[{"href":"https:\/\/revistavitrineibiuna.com.br\/index.php?rest_route=%2Fwp%2Fv2%2Fmedia&parent=30740"}],"wp:term":[{"taxonomy":"category","embeddable":true,"href":"https:\/\/revistavitrineibiuna.com.br\/index.php?rest_route=%2Fwp%2Fv2%2Fcategories&post=30740"},{"taxonomy":"post_tag","embeddable":true,"href":"https:\/\/revistavitrineibiuna.com.br\/index.php?rest_route=%2Fwp%2Fv2%2Ftags&post=30740"}],"curies":[{"name":"wp","href":"https:\/\/api.w.org\/{rel}","templated":true}]}}