{"id":30743,"date":"2024-02-09T09:54:22","date_gmt":"2024-02-09T12:54:22","guid":{"rendered":"http:\/\/revistavitrineibiuna.com.br\/?p=30743"},"modified":"2024-02-09T10:04:00","modified_gmt":"2024-02-09T13:04:00","slug":"ibiuna-repercussao-de-storie-reflete-desejo-de-mudanca-na-politica-do-municipio","status":"publish","type":"post","link":"https:\/\/revistavitrineibiuna.com.br\/?p=30743","title":{"rendered":"IBI\u00daNA \u2013 REPERCUSS\u00c3O DE STORIE REFLETE DESEJO DE MUDAN\u00c7A NA POL\u00cdTICA DO MUNIC\u00cdPIO"},"content":{"rendered":"\n<p class=\"has-drop-cap\"><strong>A 241 dias das elei\u00e7\u00f5es municipais no munic\u00edpio de Ibi\u00fana [elas se realizar\u00e3o no dia 6 de outubro], quando ser\u00e3o sufragados os candidatos a prefeito, vice e vereadores, \u00e9 not\u00e1vel o desejo da popula\u00e7\u00e3o de eleger novos candidatos, n\u00e3o \u201cviciados\u201d na repetitiva pol\u00edtica do toma l\u00e1, d\u00e1 c\u00e1.<\/strong><\/p>\n\n\n\n<p><strong>Uma das evid\u00eancias dessa realidade \u00e9 o resultado da postagem feita pelo editor de vitrine online, jornalista Carlos Rossini, no storie.<\/strong><\/p>\n\n\n\n<p><strong>Em menos de 24 horas, mais de 400 pessoas parecem ter se identificado com o significado simb\u00f3lico do texto, animado com o fundo musical \u201cViva La Vida\u201d (Acustic Guitar Revival):<\/strong><\/p>\n\n\n\n<p><strong>\u201cAten\u00e7\u00e3o pol\u00edticos de Ibi\u00fana! O povo est\u00e1 despertando e n\u00e3o querer\u00e1 mais dos mesmos no dia 6 de outubro.\u201d<\/strong><\/p>\n\n\n\n<p><strong>A dedu\u00e7\u00e3o l\u00f3gica \u00e9 que o povo est\u00e1 cansado, ou \u201cde saco cheio\u201d, como comentou um leitor em outra circunst\u00e2ncia, de eleger os mesmos candidatos [para o Executivo e o Legislativo] que, em suma, fazem muito jogo de cena exibit\u00f3ria, mas n\u00e3o governam ou legislam para o povo, e sim de acordo com seus pr\u00f3prios interesses.<\/strong><\/p>\n\n\n\n<figure class=\"wp-block-image size-large\"><img loading=\"lazy\" width=\"648\" height=\"1024\" src=\"https:\/\/revistavitrineibiuna.com.br\/wp-content\/uploads\/2024\/02\/storie-novo-648x1024.png\" alt=\"\" class=\"wp-image-30748\" srcset=\"https:\/\/revistavitrineibiuna.com.br\/wp-content\/uploads\/2024\/02\/storie-novo-648x1024.png 648w, https:\/\/revistavitrineibiuna.com.br\/wp-content\/uploads\/2024\/02\/storie-novo-190x300.png 190w, https:\/\/revistavitrineibiuna.com.br\/wp-content\/uploads\/2024\/02\/storie-novo.png 711w\" sizes=\"(max-width: 648px) 100vw, 648px\" \/><\/figure>\n\n\n\n<p><strong>Para n\u00e3o cansar os olhos dos leitores com uma vasta lista de casos, exibimos aqui tr\u00eas situa\u00e7\u00f5es exemplares que est\u00e3o provocando rea\u00e7\u00e3o cr\u00edtica na opini\u00e3o p\u00fablica ibiunense.<\/strong><\/p>\n\n\n\n<p><strong>A rejei\u00e7\u00e3o de um pedido de averigua\u00e7\u00e3o de poss\u00edveis irregularidades na aplica\u00e7\u00e3o dos recursos do Fundeb por 10 vereadores da base aliada do governo, na sess\u00e3o da C\u00e2mara Municipal do dia 6, provocou indigna\u00e7\u00e3o de larga parcela da popula\u00e7\u00e3o que teve acesso a essa not\u00edcia.<\/strong><\/p>\n\n\n\n<p><strong>Um caso que repercutiu mal ocorreu na sess\u00e3o do dia 31 de junho de 2023, quando 12 fi\u00e9is edis da base aliada simplesmente desengavetaram uma decis\u00e3o que havia sido tomada por seus colegas de outra gest\u00e3o, que haviam rejeitado as contas de 2013 e 2017 do ent\u00e3o prefeito e atual secret\u00e1rio de Desenvolvimento Urbano, F\u00e1bio Bello.<\/strong><\/p>\n\n\n\n<p><strong>Eles simplesmente as reapresentaram no plen\u00e1rio e votaram pela aprova\u00e7\u00e3o, fato que dever\u00e1 ficar nos anais do Legislativo ibiunense como um mau exemplo de conduta.<\/strong><\/p>\n\n\n\n<p><strong>Quem presta aten\u00e7\u00e3o nos reclamos feitos nas redes sociais pela popula\u00e7\u00e3o nota a exist\u00eancia de problemas s\u00e9rios nos setores da sa\u00fade, campe\u00e3o de queixas, juntamente com a situa\u00e7\u00e3o prec\u00e1ria das estradas e transporte p\u00fablico, que est\u00e1 na berlinda porque n\u00e3o est\u00e1 atendendo aos usu\u00e1rios a contento e tem provocado muito sofrimento na popula\u00e7\u00e3o.<\/strong><\/p>\n\n\n\n<p><strong>A reforma da rodovi\u00e1ria que parece intermin\u00e1vel, por incompet\u00eancia de gest\u00e3o, fez o povo ser submetido a desconfortos extremos em uma cal\u00e7ada estreita na Rua Guarani por quase 2,5 anos, onde v\u00e1rias pessoas de idade desmaiaram sob sol forte, chuva, frio, pessoas carentes, com limita\u00e7\u00f5es de mobilidade.<\/strong><\/p>\n\n\n\n<p><strong>S\u00e3o apenas alguns dos muitos motivos que est\u00e3o despertando a popula\u00e7\u00e3o para a necessidade de mudan\u00e7a que dever\u00e1 se manifestar no dia 6 de outubro, quando depositarem seus votos nas urnas.<\/strong><\/p>\n","protected":false},"excerpt":{"rendered":"<p>A 241 dias das elei\u00e7\u00f5es municipais no munic\u00edpio de Ibi\u00fana [elas se realizar\u00e3o no dia 6 de outubro], quando ser\u00e3o<\/p>\n","protected":false},"author":1,"featured_media":30744,"comment_status":"open","ping_status":"open","sticky":false,"template":"","format":"standard","meta":[],"categories":[3],"tags":[],"yoast_head":"<!-- This site is optimized with the Yoast SEO plugin v15.8 - https:\/\/yoast.com\/wordpress\/plugins\/seo\/ -->\n<title>IBI\u00daNA \u2013 REPERCUSS\u00c3O DE STORIE REFLETE DESEJO DE MUDAN\u00c7A NA POL\u00cdTICA DO MUNIC\u00cdPIO - Revista Vitrine Online<\/title>\n<meta name=\"robots\" content=\"index, follow, max-snippet:-1, max-image-preview:large, max-video-preview:-1\" \/>\n<link rel=\"canonical\" href=\"http:\/\/revistavitrineibiuna.com.br\/?p=30743\" \/>\n<meta property=\"og:locale\" content=\"pt_BR\" \/>\n<meta property=\"og:type\" content=\"article\" \/>\n<meta property=\"og:title\" content=\"IBI\u00daNA \u2013 REPERCUSS\u00c3O DE STORIE REFLETE DESEJO DE MUDAN\u00c7A NA POL\u00cdTICA DO MUNIC\u00cdPIO - Revista Vitrine Online\" \/>\n<meta property=\"og:description\" content=\"A 241 dias das elei\u00e7\u00f5es municipais no munic\u00edpio de Ibi\u00fana [elas se realizar\u00e3o no dia 6 de outubro], quando ser\u00e3o\" \/>\n<meta property=\"og:url\" content=\"http:\/\/revistavitrineibiuna.com.br\/?p=30743\" \/>\n<meta property=\"og:site_name\" content=\"Revista Vitrine Online\" \/>\n<meta property=\"article:published_time\" content=\"2024-02-09T12:54:22+00:00\" \/>\n<meta property=\"article:modified_time\" content=\"2024-02-09T13:04:00+00:00\" \/>\n<meta property=\"og:image\" content=\"https:\/\/revistavitrineibiuna.com.br\/wp-content\/uploads\/2024\/02\/dc22f6cc-0f7d-4f46-9aba-3cb9d4cb4379.jpg\" \/>\n\t<meta property=\"og:image:width\" content=\"1600\" \/>\n\t<meta property=\"og:image:height\" content=\"1131\" \/>\n<meta name=\"twitter:card\" content=\"summary\" \/>\n<meta name=\"twitter:label1\" content=\"Est. reading time\">\n\t<meta name=\"twitter:data1\" content=\"3 minutos\">\n<script type=\"application\/ld+json\" class=\"yoast-schema-graph\">{\"@context\":\"https:\/\/schema.org\",\"@graph\":[{\"@type\":\"WebSite\",\"@id\":\"https:\/\/revistavitrineibiuna.com.br\/#website\",\"url\":\"https:\/\/revistavitrineibiuna.com.br\/\",\"name\":\"Revista Vitrine Ibi\\u00fana\",\"description\":\"A Revista de Ibi\\u00fana e Regi\\u00e3o\",\"publisher\":{\"@id\":\"https:\/\/revistavitrineibiuna.com.br\/#\/schema\/person\/e51ef49d6d88170ea21ceabff3f73deb\"},\"potentialAction\":[{\"@type\":\"SearchAction\",\"target\":\"https:\/\/revistavitrineibiuna.com.br\/?s={search_term_string}\",\"query-input\":\"required name=search_term_string\"}],\"inLanguage\":\"pt-BR\"},{\"@type\":\"ImageObject\",\"@id\":\"http:\/\/revistavitrineibiuna.com.br\/?p=30743#primaryimage\",\"inLanguage\":\"pt-BR\",\"url\":\"https:\/\/revistavitrineibiuna.com.br\/wp-content\/uploads\/2024\/02\/dc22f6cc-0f7d-4f46-9aba-3cb9d4cb4379.jpg\",\"width\":1600,\"height\":1131},{\"@type\":\"WebPage\",\"@id\":\"http:\/\/revistavitrineibiuna.com.br\/?p=30743#webpage\",\"url\":\"http:\/\/revistavitrineibiuna.com.br\/?p=30743\",\"name\":\"IBI\\u00daNA \\u2013 REPERCUSS\\u00c3O DE STORIE REFLETE DESEJO DE MUDAN\\u00c7A NA POL\\u00cdTICA DO MUNIC\\u00cdPIO - Revista Vitrine Online\",\"isPartOf\":{\"@id\":\"https:\/\/revistavitrineibiuna.com.br\/#website\"},\"primaryImageOfPage\":{\"@id\":\"http:\/\/revistavitrineibiuna.com.br\/?p=30743#primaryimage\"},\"datePublished\":\"2024-02-09T12:54:22+00:00\",\"dateModified\":\"2024-02-09T13:04:00+00:00\",\"breadcrumb\":{\"@id\":\"http:\/\/revistavitrineibiuna.com.br\/?p=30743#breadcrumb\"},\"inLanguage\":\"pt-BR\",\"potentialAction\":[{\"@type\":\"ReadAction\",\"target\":[\"http:\/\/revistavitrineibiuna.com.br\/?p=30743\"]}]},{\"@type\":\"BreadcrumbList\",\"@id\":\"http:\/\/revistavitrineibiuna.com.br\/?p=30743#breadcrumb\",\"itemListElement\":[{\"@type\":\"ListItem\",\"position\":1,\"item\":{\"@type\":\"WebPage\",\"@id\":\"https:\/\/revistavitrineibiuna.com.br\/\",\"url\":\"https:\/\/revistavitrineibiuna.com.br\/\",\"name\":\"In\\u00edcio\"}},{\"@type\":\"ListItem\",\"position\":2,\"item\":{\"@type\":\"WebPage\",\"@id\":\"http:\/\/revistavitrineibiuna.com.br\/?p=30743\",\"url\":\"http:\/\/revistavitrineibiuna.com.br\/?p=30743\",\"name\":\"IBI\\u00daNA \\u2013 REPERCUSS\\u00c3O DE STORIE REFLETE DESEJO DE MUDAN\\u00c7A NA POL\\u00cdTICA DO MUNIC\\u00cdPIO\"}}]},{\"@type\":\"Article\",\"@id\":\"http:\/\/revistavitrineibiuna.com.br\/?p=30743#article\",\"isPartOf\":{\"@id\":\"http:\/\/revistavitrineibiuna.com.br\/?p=30743#webpage\"},\"author\":{\"@id\":\"https:\/\/revistavitrineibiuna.com.br\/#\/schema\/person\/e51ef49d6d88170ea21ceabff3f73deb\"},\"headline\":\"IBI\\u00daNA \\u2013 REPERCUSS\\u00c3O DE STORIE REFLETE DESEJO DE MUDAN\\u00c7A NA POL\\u00cdTICA DO MUNIC\\u00cdPIO\",\"datePublished\":\"2024-02-09T12:54:22+00:00\",\"dateModified\":\"2024-02-09T13:04:00+00:00\",\"mainEntityOfPage\":{\"@id\":\"http:\/\/revistavitrineibiuna.com.br\/?p=30743#webpage\"},\"commentCount\":0,\"publisher\":{\"@id\":\"https:\/\/revistavitrineibiuna.com.br\/#\/schema\/person\/e51ef49d6d88170ea21ceabff3f73deb\"},\"image\":{\"@id\":\"http:\/\/revistavitrineibiuna.com.br\/?p=30743#primaryimage\"},\"articleSection\":\"Not\\u00edcias\",\"inLanguage\":\"pt-BR\",\"potentialAction\":[{\"@type\":\"CommentAction\",\"name\":\"Comment\",\"target\":[\"http:\/\/revistavitrineibiuna.com.br\/?p=30743#respond\"]}]},{\"@type\":[\"Person\",\"Organization\"],\"@id\":\"https:\/\/revistavitrineibiuna.com.br\/#\/schema\/person\/e51ef49d6d88170ea21ceabff3f73deb\",\"name\":\"Carlos Rossini\",\"image\":{\"@type\":\"ImageObject\",\"@id\":\"https:\/\/revistavitrineibiuna.com.br\/#personlogo\",\"inLanguage\":\"pt-BR\",\"url\":\"https:\/\/secure.gravatar.com\/avatar\/4f2d0f99fac1f85c7d643f21f5c8d900?s=96&d=mm&r=g\",\"caption\":\"Carlos Rossini\"},\"logo\":{\"@id\":\"https:\/\/revistavitrineibiuna.com.br\/#personlogo\"},\"description\":\"Carlos Rossini \\u00e9 jornalista, soci\\u00f3logo, escritor e professor universit\\u00e1rio, tendo sido professor de jornalismo por vinte anos. Trabalhou em ve\\u00edculos de comunica\\u00e7\\u00e3o nas fun\\u00e7\\u00f5es de rep\\u00f3rter, redator, editor, articulista e colaborador, como Folha de S. Paulo, O Estado de S. Paulo, Di\\u00e1rio Popular, entre outros. Ao transferir a revista vitrine, vers\\u00e3o imprensa, de S\\u00e3o Paulo para Ibi\\u00fana h\\u00e1 alguns anos, iniciou uma nova experi\\u00eancia profissional, dedicando-se ao jornalismo regional, depois de cumprir uma trajet\\u00f3ria bem-sucedida na grande imprensa brasileira. Seu primeiro livro A Coragem de Comunicar foi lan\\u00e7ado na Bienal do Livro em S\\u00e3o Paulo no ano 2000, pela editora Madras.\"}]}<\/script>\n<!-- \/ Yoast SEO plugin. -->","_links":{"self":[{"href":"https:\/\/revistavitrineibiuna.com.br\/index.php?rest_route=\/wp\/v2\/posts\/30743"}],"collection":[{"href":"https:\/\/revistavitrineibiuna.com.br\/index.php?rest_route=\/wp\/v2\/posts"}],"about":[{"href":"https:\/\/revistavitrineibiuna.com.br\/index.php?rest_route=\/wp\/v2\/types\/post"}],"author":[{"embeddable":true,"href":"https:\/\/revistavitrineibiuna.com.br\/index.php?rest_route=\/wp\/v2\/users\/1"}],"replies":[{"embeddable":true,"href":"https:\/\/revistavitrineibiuna.com.br\/index.php?rest_route=%2Fwp%2Fv2%2Fcomments&post=30743"}],"version-history":[{"count":2,"href":"https:\/\/revistavitrineibiuna.com.br\/index.php?rest_route=\/wp\/v2\/posts\/30743\/revisions"}],"predecessor-version":[{"id":30749,"href":"https:\/\/revistavitrineibiuna.com.br\/index.php?rest_route=\/wp\/v2\/posts\/30743\/revisions\/30749"}],"wp:featuredmedia":[{"embeddable":true,"href":"https:\/\/revistavitrineibiuna.com.br\/index.php?rest_route=\/wp\/v2\/media\/30744"}],"wp:attachment":[{"href":"https:\/\/revistavitrineibiuna.com.br\/index.php?rest_route=%2Fwp%2Fv2%2Fmedia&parent=30743"}],"wp:term":[{"taxonomy":"category","embeddable":true,"href":"https:\/\/revistavitrineibiuna.com.br\/index.php?rest_route=%2Fwp%2Fv2%2Fcategories&post=30743"},{"taxonomy":"post_tag","embeddable":true,"href":"https:\/\/revistavitrineibiuna.com.br\/index.php?rest_route=%2Fwp%2Fv2%2Ftags&post=30743"}],"curies":[{"name":"wp","href":"https:\/\/api.w.org\/{rel}","templated":true}]}}