{"id":30750,"date":"2024-02-09T17:22:21","date_gmt":"2024-02-09T20:22:21","guid":{"rendered":"http:\/\/revistavitrineibiuna.com.br\/?p=30750"},"modified":"2024-02-10T00:24:42","modified_gmt":"2024-02-10T03:24:42","slug":"ibiuna-prefeito-fala-de-perseguicao-politica-e-em-processar-pre-candidato","status":"publish","type":"post","link":"https:\/\/revistavitrineibiuna.com.br\/?p=30750","title":{"rendered":"IBI\u00daNA \u2013 PREFEITO FALA DE \u201cPERSEGUI\u00c7\u00c3O POL\u00cdTICA\u201d E EM PROCESSAR PR\u00c9-CANDIDATO"},"content":{"rendered":"\n<p class=\"has-drop-cap\"><strong>O prefeito de Ibi\u00fana, Paulo Sasaki, e o secret\u00e1rio de Desenvolvimento Urbano, F\u00e1bio Bello, postaram hoje (9) um v\u00eddeo nas redes sociais declarando que um pr\u00e9-candidato a prefeito nas elei\u00e7\u00f5es deste ano estaria \u201cdifamando e caluniando\u201d a atual administra\u00e7\u00e3o municipal, por meio de \u201cmilhares de fake news\u201d.<\/strong><\/p>\n\n\n\n<p><strong>O prefeito chegou a dizer que se trata de uma \u201cpersegui\u00e7\u00e3o pol\u00edtica\u201d em um ano eleitoral para \u201cdifamar uma gest\u00e3o s\u00e9ria que estamos fazendo no munic\u00edpio\u201d.<\/strong><\/p>\n\n\n\n<p><strong>Ambos se referiram \u00e0 den\u00fancia apresentada pelo pr\u00e9-candidato solicitando averigua\u00e7\u00e3o de poss\u00edveis irregularidades no uso dos recursos do Fundeb no munic\u00edpio.<\/strong><\/p>\n\n\n\n<p><strong>O requerimento foi apreciado na sess\u00e3o da C\u00e2mara Municipal do dia 6, tendo sido rejeitado por 10 votos de vereadores da base do governo municipal contra 4 de edis que reconheceram a legitimidade de se realizar um processo investigat\u00f3rio.<\/strong><\/p>\n\n\n\n<p><strong>A den\u00fancia foi elaborada pelo Conselho de Acompanhamento e Controle Social \u2013 CACs Fundeb e encaminhada pelo seu presidente, o advogado M\u00e1rio Pires.<\/strong><\/p>\n\n\n\n<p><strong>A repercuss\u00e3o dessa not\u00edcia no meio da popula\u00e7\u00e3o foi imediata e abrangente, a ponto de as duas autoridades municipais virem a p\u00fablico hoje em forma de \u201crep\u00fadio\u201d a \u201cmentiras\u201d que teriam sido transmitidas por meio de fake news.<\/strong><\/p>\n\n\n\n<p><strong>\u201cN\u00e3o acredite em fake news\u201d, disse o prefeito. Est\u00e3o usando de conselhos legitimamente constitu\u00eddos [na Educa\u00e7\u00e3o e na Sa\u00fade] para fazer persegui\u00e7\u00e3o pol\u00edtica e enganar a popula\u00e7\u00e3o\u201d<\/strong><\/p>\n\n\n\n<p><strong>Sasaki, nesta altura, frisou: \u201cEstou entrando com processo de cal\u00fania e difama\u00e7\u00e3o contra um pr\u00e9-candidato a prefeito que entrou com uma representa\u00e7\u00e3o sem qualquer fundamento e agora quer atingir a mim e aos vereadores.\u201d E acrescentou: \u201cElei\u00e7\u00e3o se ganha na urna e n\u00e3o no tapet\u00e3o.<\/strong><\/p>\n\n\n\n<p><strong>F\u00e1bio Bello, por seu turno, enumerou coisas que est\u00e3o sendo feitas, como \u201cmaterial escolar, uniformes, estradas, reformas de escolas\u201d e aproveitou para elogiar os vereadores que rejeitaram a den\u00fancia, impedindo que fosse apurada.<\/strong><\/p>\n\n\n\n<p><strong>\u201cESTOU TRANQUILO\u201d<\/strong><\/p>\n\n\n\n<figure class=\"wp-block-image size-large\"><img loading=\"lazy\" width=\"712\" height=\"669\" src=\"https:\/\/revistavitrineibiuna.com.br\/wp-content\/uploads\/2024\/02\/mario-pires.png\" alt=\"\" class=\"wp-image-30753\" srcset=\"https:\/\/revistavitrineibiuna.com.br\/wp-content\/uploads\/2024\/02\/mario-pires.png 712w, https:\/\/revistavitrineibiuna.com.br\/wp-content\/uploads\/2024\/02\/mario-pires-300x282.png 300w\" sizes=\"(max-width: 712px) 100vw, 712px\" \/><figcaption>M\u00e1rio Pires se diz &#8220;tranquilo&#8221; e que apenas cumpriu a fun\u00e7\u00e3o que \u00e9 determinada pelo Conselho que preside<\/figcaption><\/figure>\n\n\n\n<p><strong>Ouvido na tarde de hoje por vitrine online, o advogado M\u00e1rio Pires disse estar tranquilo, uma vez que apenas cumpriu, como \u00e9 de sua fun\u00e7\u00e3o, o papel de encaminhar um \u201crobusto documento\u201d de poss\u00edveis irregularidades no uso das verbas do Fundeb elaborado pelo Conselho que preside.<\/strong><\/p>\n\n\n\n<p><strong>O objetivo que acabou n\u00e3o seguindo em frente era que o Legislativo, na sua miss\u00e3o de fiscalizar o Executivo, \u201capurasse pura e simplesmente os fundamentos dos nove t\u00f3picos apontados no na representa\u00e7\u00e3o encaminhada \u00e0 C\u00e2mara Municipal\u201d.<\/strong><\/p>\n\n\n\n<p><strong>Pires reiterou que o Conselho ir\u00e1 prosseguir em seu trabalho de acompanhar a gest\u00e3o dos recursos do Fundeb em Ibi\u00fana, para que haja lisura na destina\u00e7\u00e3o de verbas destinadas pelo Governo Federal para pagamento dos professores que trabalham nas escolas da rede municipal e no desenvolvimento do ensino no munic\u00edpio.<\/strong><\/p>\n","protected":false},"excerpt":{"rendered":"<p>O prefeito de Ibi\u00fana, Paulo Sasaki, e o secret\u00e1rio de Desenvolvimento Urbano, F\u00e1bio Bello, postaram hoje (9) um v\u00eddeo nas<\/p>\n","protected":false},"author":1,"featured_media":30751,"comment_status":"open","ping_status":"open","sticky":false,"template":"","format":"standard","meta":[],"categories":[3],"tags":[],"yoast_head":"<!-- This site is optimized with the Yoast SEO plugin v15.8 - https:\/\/yoast.com\/wordpress\/plugins\/seo\/ -->\n<title>IBI\u00daNA \u2013 PREFEITO FALA DE \u201cPERSEGUI\u00c7\u00c3O POL\u00cdTICA\u201d E EM PROCESSAR PR\u00c9-CANDIDATO - Revista Vitrine Online<\/title>\n<meta name=\"robots\" content=\"index, follow, max-snippet:-1, max-image-preview:large, max-video-preview:-1\" \/>\n<link rel=\"canonical\" href=\"http:\/\/revistavitrineibiuna.com.br\/?p=30750\" \/>\n<meta property=\"og:locale\" content=\"pt_BR\" \/>\n<meta property=\"og:type\" content=\"article\" \/>\n<meta property=\"og:title\" content=\"IBI\u00daNA \u2013 PREFEITO FALA DE \u201cPERSEGUI\u00c7\u00c3O POL\u00cdTICA\u201d E EM PROCESSAR PR\u00c9-CANDIDATO - Revista Vitrine Online\" \/>\n<meta property=\"og:description\" content=\"O prefeito de Ibi\u00fana, Paulo Sasaki, e o secret\u00e1rio de Desenvolvimento Urbano, F\u00e1bio Bello, postaram hoje (9) um v\u00eddeo nas\" \/>\n<meta property=\"og:url\" content=\"http:\/\/revistavitrineibiuna.com.br\/?p=30750\" \/>\n<meta property=\"og:site_name\" content=\"Revista Vitrine Online\" \/>\n<meta property=\"article:published_time\" content=\"2024-02-09T20:22:21+00:00\" \/>\n<meta property=\"article:modified_time\" content=\"2024-02-10T03:24:42+00:00\" \/>\n<meta property=\"og:image\" content=\"https:\/\/revistavitrineibiuna.com.br\/wp-content\/uploads\/2024\/02\/fabio-e-o-japa.png\" \/>\n\t<meta property=\"og:image:width\" content=\"713\" \/>\n\t<meta property=\"og:image:height\" content=\"462\" \/>\n<meta name=\"twitter:card\" content=\"summary\" \/>\n<meta name=\"twitter:label1\" content=\"Est. reading time\">\n\t<meta name=\"twitter:data1\" content=\"3 minutos\">\n<script type=\"application\/ld+json\" class=\"yoast-schema-graph\">{\"@context\":\"https:\/\/schema.org\",\"@graph\":[{\"@type\":\"WebSite\",\"@id\":\"https:\/\/revistavitrineibiuna.com.br\/#website\",\"url\":\"https:\/\/revistavitrineibiuna.com.br\/\",\"name\":\"Revista Vitrine Ibi\\u00fana\",\"description\":\"A Revista de Ibi\\u00fana e Regi\\u00e3o\",\"publisher\":{\"@id\":\"https:\/\/revistavitrineibiuna.com.br\/#\/schema\/person\/e51ef49d6d88170ea21ceabff3f73deb\"},\"potentialAction\":[{\"@type\":\"SearchAction\",\"target\":\"https:\/\/revistavitrineibiuna.com.br\/?s={search_term_string}\",\"query-input\":\"required name=search_term_string\"}],\"inLanguage\":\"pt-BR\"},{\"@type\":\"ImageObject\",\"@id\":\"http:\/\/revistavitrineibiuna.com.br\/?p=30750#primaryimage\",\"inLanguage\":\"pt-BR\",\"url\":\"https:\/\/revistavitrineibiuna.com.br\/wp-content\/uploads\/2024\/02\/fabio-e-o-japa.png\",\"width\":713,\"height\":462},{\"@type\":\"WebPage\",\"@id\":\"http:\/\/revistavitrineibiuna.com.br\/?p=30750#webpage\",\"url\":\"http:\/\/revistavitrineibiuna.com.br\/?p=30750\",\"name\":\"IBI\\u00daNA \\u2013 PREFEITO FALA DE \\u201cPERSEGUI\\u00c7\\u00c3O POL\\u00cdTICA\\u201d E EM PROCESSAR PR\\u00c9-CANDIDATO - Revista Vitrine Online\",\"isPartOf\":{\"@id\":\"https:\/\/revistavitrineibiuna.com.br\/#website\"},\"primaryImageOfPage\":{\"@id\":\"http:\/\/revistavitrineibiuna.com.br\/?p=30750#primaryimage\"},\"datePublished\":\"2024-02-09T20:22:21+00:00\",\"dateModified\":\"2024-02-10T03:24:42+00:00\",\"breadcrumb\":{\"@id\":\"http:\/\/revistavitrineibiuna.com.br\/?p=30750#breadcrumb\"},\"inLanguage\":\"pt-BR\",\"potentialAction\":[{\"@type\":\"ReadAction\",\"target\":[\"http:\/\/revistavitrineibiuna.com.br\/?p=30750\"]}]},{\"@type\":\"BreadcrumbList\",\"@id\":\"http:\/\/revistavitrineibiuna.com.br\/?p=30750#breadcrumb\",\"itemListElement\":[{\"@type\":\"ListItem\",\"position\":1,\"item\":{\"@type\":\"WebPage\",\"@id\":\"https:\/\/revistavitrineibiuna.com.br\/\",\"url\":\"https:\/\/revistavitrineibiuna.com.br\/\",\"name\":\"In\\u00edcio\"}},{\"@type\":\"ListItem\",\"position\":2,\"item\":{\"@type\":\"WebPage\",\"@id\":\"http:\/\/revistavitrineibiuna.com.br\/?p=30750\",\"url\":\"http:\/\/revistavitrineibiuna.com.br\/?p=30750\",\"name\":\"IBI\\u00daNA \\u2013 PREFEITO FALA DE \\u201cPERSEGUI\\u00c7\\u00c3O POL\\u00cdTICA\\u201d E EM PROCESSAR PR\\u00c9-CANDIDATO\"}}]},{\"@type\":\"Article\",\"@id\":\"http:\/\/revistavitrineibiuna.com.br\/?p=30750#article\",\"isPartOf\":{\"@id\":\"http:\/\/revistavitrineibiuna.com.br\/?p=30750#webpage\"},\"author\":{\"@id\":\"https:\/\/revistavitrineibiuna.com.br\/#\/schema\/person\/e51ef49d6d88170ea21ceabff3f73deb\"},\"headline\":\"IBI\\u00daNA \\u2013 PREFEITO FALA DE \\u201cPERSEGUI\\u00c7\\u00c3O POL\\u00cdTICA\\u201d E EM PROCESSAR PR\\u00c9-CANDIDATO\",\"datePublished\":\"2024-02-09T20:22:21+00:00\",\"dateModified\":\"2024-02-10T03:24:42+00:00\",\"mainEntityOfPage\":{\"@id\":\"http:\/\/revistavitrineibiuna.com.br\/?p=30750#webpage\"},\"commentCount\":0,\"publisher\":{\"@id\":\"https:\/\/revistavitrineibiuna.com.br\/#\/schema\/person\/e51ef49d6d88170ea21ceabff3f73deb\"},\"image\":{\"@id\":\"http:\/\/revistavitrineibiuna.com.br\/?p=30750#primaryimage\"},\"articleSection\":\"Not\\u00edcias\",\"inLanguage\":\"pt-BR\",\"potentialAction\":[{\"@type\":\"CommentAction\",\"name\":\"Comment\",\"target\":[\"http:\/\/revistavitrineibiuna.com.br\/?p=30750#respond\"]}]},{\"@type\":[\"Person\",\"Organization\"],\"@id\":\"https:\/\/revistavitrineibiuna.com.br\/#\/schema\/person\/e51ef49d6d88170ea21ceabff3f73deb\",\"name\":\"Carlos Rossini\",\"image\":{\"@type\":\"ImageObject\",\"@id\":\"https:\/\/revistavitrineibiuna.com.br\/#personlogo\",\"inLanguage\":\"pt-BR\",\"url\":\"https:\/\/secure.gravatar.com\/avatar\/4f2d0f99fac1f85c7d643f21f5c8d900?s=96&d=mm&r=g\",\"caption\":\"Carlos Rossini\"},\"logo\":{\"@id\":\"https:\/\/revistavitrineibiuna.com.br\/#personlogo\"},\"description\":\"Carlos Rossini \\u00e9 jornalista, soci\\u00f3logo, escritor e professor universit\\u00e1rio, tendo sido professor de jornalismo por vinte anos. Trabalhou em ve\\u00edculos de comunica\\u00e7\\u00e3o nas fun\\u00e7\\u00f5es de rep\\u00f3rter, redator, editor, articulista e colaborador, como Folha de S. Paulo, O Estado de S. Paulo, Di\\u00e1rio Popular, entre outros. Ao transferir a revista vitrine, vers\\u00e3o imprensa, de S\\u00e3o Paulo para Ibi\\u00fana h\\u00e1 alguns anos, iniciou uma nova experi\\u00eancia profissional, dedicando-se ao jornalismo regional, depois de cumprir uma trajet\\u00f3ria bem-sucedida na grande imprensa brasileira. Seu primeiro livro A Coragem de Comunicar foi lan\\u00e7ado na Bienal do Livro em S\\u00e3o Paulo no ano 2000, pela editora Madras.\"}]}<\/script>\n<!-- \/ Yoast SEO plugin. -->","_links":{"self":[{"href":"https:\/\/revistavitrineibiuna.com.br\/index.php?rest_route=\/wp\/v2\/posts\/30750"}],"collection":[{"href":"https:\/\/revistavitrineibiuna.com.br\/index.php?rest_route=\/wp\/v2\/posts"}],"about":[{"href":"https:\/\/revistavitrineibiuna.com.br\/index.php?rest_route=\/wp\/v2\/types\/post"}],"author":[{"embeddable":true,"href":"https:\/\/revistavitrineibiuna.com.br\/index.php?rest_route=\/wp\/v2\/users\/1"}],"replies":[{"embeddable":true,"href":"https:\/\/revistavitrineibiuna.com.br\/index.php?rest_route=%2Fwp%2Fv2%2Fcomments&post=30750"}],"version-history":[{"count":8,"href":"https:\/\/revistavitrineibiuna.com.br\/index.php?rest_route=\/wp\/v2\/posts\/30750\/revisions"}],"predecessor-version":[{"id":30761,"href":"https:\/\/revistavitrineibiuna.com.br\/index.php?rest_route=\/wp\/v2\/posts\/30750\/revisions\/30761"}],"wp:featuredmedia":[{"embeddable":true,"href":"https:\/\/revistavitrineibiuna.com.br\/index.php?rest_route=\/wp\/v2\/media\/30751"}],"wp:attachment":[{"href":"https:\/\/revistavitrineibiuna.com.br\/index.php?rest_route=%2Fwp%2Fv2%2Fmedia&parent=30750"}],"wp:term":[{"taxonomy":"category","embeddable":true,"href":"https:\/\/revistavitrineibiuna.com.br\/index.php?rest_route=%2Fwp%2Fv2%2Fcategories&post=30750"},{"taxonomy":"post_tag","embeddable":true,"href":"https:\/\/revistavitrineibiuna.com.br\/index.php?rest_route=%2Fwp%2Fv2%2Ftags&post=30750"}],"curies":[{"name":"wp","href":"https:\/\/api.w.org\/{rel}","templated":true}]}}