{"id":30763,"date":"2024-02-12T15:31:48","date_gmt":"2024-02-12T18:31:48","guid":{"rendered":"http:\/\/revistavitrineibiuna.com.br\/?p=30763"},"modified":"2024-02-13T02:23:18","modified_gmt":"2024-02-13T05:23:18","slug":"aluminio-grave-acidente-com-jet-sky-fere-gravemente-um-homem","status":"publish","type":"post","link":"https:\/\/revistavitrineibiuna.com.br\/?p=30763","title":{"rendered":"ALUM\u00cdNIO \u2013 ACIDENTE COM JET SKY FERE UM HOMEM GRAVEMENTE"},"content":{"rendered":"\n<p class=\"has-drop-cap\"><strong>Ao fazer uma manobra perigosa pr\u00f3xima a um p\u00eder na Marina do Santino, na represa Itupararanga [no munic\u00edpio de Alum\u00ednio], nesta segunda-feira (12), um Jet sky colidiu violentamente com outro que estava em movimento reduzido, lan\u00e7ando ao ar seu ocupante.<\/strong><\/p>\n\n\n\n<p><strong>O forte impacto feriu gravemente o homem que se encontrava no jet sky atingido que aparentemente sofreu um desmaio e ficou boiando na \u00e1gua gra\u00e7as ao colete salva vidas.<\/strong> <strong>Segundo informa\u00e7\u00e3o publicada pelo Correio do Interior, a v\u00edtima \u00e9 um empres\u00e1rio de S\u00e3o Roque, que reside em Mairinque.<\/strong><\/p>\n\n\n\n<p><strong>A v\u00edtima foi levada para o Hospital Regional de Sorocaba e se encontrava na UTI, at\u00e9 o momento em que essa not\u00edcia era escrita. O autor do acidente fugiu do local<\/strong>, <strong>e dever\u00e1 ser identificado pela Pol\u00edcia Civil daquele munic\u00edpio.<\/strong><\/p>\n\n\n\n<p><strong>\u201cIRRESPONSABILIDADE\u201d<\/strong><\/p>\n\n\n\n<p><strong>O engenheiro Marcelo Zambardino, um ferrenho defensor da represa e praticante de stand up padle, que promove nas \u00e1guas da represa em Ibi\u00fana as Remadas pela Vida de Ituparaganga, disse que \u201ca situa\u00e7\u00e3o da represa Itupararanga nos finais de semana apresenta total irresponsabilidade\u201d.<\/strong><\/p>\n\n\n\n<p><strong>\u201cMuitos condutores de embarca\u00e7\u00f5es e Jet sky sem preparo algum para pilotar, misturam bebidas alco\u00f3licas com navega\u00e7\u00e3o, pilotam sem qualquer crit\u00e9rio&nbsp; t\u00e9cnico. Eles colocam pessoas de remo em graves riscos por n\u00e3o respeitarem a dist\u00e2ncia de seguran\u00e7a, quando n\u00e3o avan\u00e7am para tentar derrub\u00e1-los. Acidentes como esse ainda teremos de monte, caso a Marinha do Brasil n\u00e3o intensifique uma fiscaliza\u00e7\u00e3o efetiva muito s\u00e9ria.\u201d<\/strong><\/p>\n\n\n\n<figure class=\"wp-block-image size-large\"><img loading=\"lazy\" width=\"714\" height=\"402\" src=\"https:\/\/revistavitrineibiuna.com.br\/wp-content\/uploads\/2024\/02\/acidente-de-jet-sky-2.png\" alt=\"\" class=\"wp-image-30766\" srcset=\"https:\/\/revistavitrineibiuna.com.br\/wp-content\/uploads\/2024\/02\/acidente-de-jet-sky-2.png 714w, https:\/\/revistavitrineibiuna.com.br\/wp-content\/uploads\/2024\/02\/acidente-de-jet-sky-2-300x169.png 300w\" sizes=\"(max-width: 714px) 100vw, 714px\" \/><figcaption>O piloto do jet sky preto e branco faz uma curva em alta velocidade e colide com o jet sky azul<\/figcaption><\/figure>\n\n\n\n<p><strong>\u201cBAGUN\u00c7A GENERALIZADA\u201d<\/strong><\/p>\n\n\n\n<p><strong>Carl\u00e3o da N\u00e1utica, morador no bairro da Ressaca h\u00e1 25 anos e mec\u00e2nico de embarca\u00e7\u00f5es, e profundo conhecedor de navega\u00e7\u00e3o na represa, afirmou que \u201ch\u00e1 uma bagun\u00e7a generalizada\u201d em toda a represa, ressalvando, por\u00e9m, que Ibi\u00fana, por meio da Patrulha N\u00e1utica, realiza um bom trabalho para evitar abusos e acidentes, mas n\u00e3o pode agir em toda a larga extens\u00e3o da Itupararanga.<\/strong><\/p>\n\n\n\n<p><strong>Ele pr\u00f3prio, que navega frequentemente com uma lancha, disse ter presenciado in\u00fameros \u201cacidentes desnecess\u00e1rios\u201d, como consequ\u00eancia de pessoas que \u201cfazem gracinha\u201d com Jet skys, e, cometem acontecimentos graves como esse.<\/strong><\/p>\n\n\n\n<p><strong>Segundo ele, falta fiscaliza\u00e7\u00e3o eficiente e uma integra\u00e7\u00e3o entre todos os munic\u00edpios que fazem margem com a represa, com aplica\u00e7\u00e3o de multas e medidas preventivas. \u201cA cada ano acontecem mais acidentes\u201d, avaliou.<\/strong><\/p>\n\n\n\n<p><strong>Para pilotar um Jet sky, que \u00e9 um ve\u00edculo, \u00e9 preciso ter habilita\u00e7\u00e3o como acontece no tr\u00e2nsito veicular. Ao fugir do local onde cometeu grave acidente, seu autor fica sujeito a responder criminalmente pelo ocorrido.<\/strong><\/p>\n","protected":false},"excerpt":{"rendered":"<p>Ao fazer uma manobra perigosa pr\u00f3xima a um p\u00eder na Marina do Santino, na represa Itupararanga [no munic\u00edpio de Alum\u00ednio],<\/p>\n","protected":false},"author":1,"featured_media":30764,"comment_status":"open","ping_status":"open","sticky":false,"template":"","format":"standard","meta":[],"categories":[3],"tags":[],"yoast_head":"<!-- This site is optimized with the Yoast SEO plugin v15.8 - https:\/\/yoast.com\/wordpress\/plugins\/seo\/ -->\n<title>ALUM\u00cdNIO \u2013 ACIDENTE COM JET SKY FERE UM HOMEM GRAVEMENTE - Revista Vitrine Online<\/title>\n<meta name=\"robots\" content=\"index, follow, max-snippet:-1, max-image-preview:large, max-video-preview:-1\" \/>\n<link rel=\"canonical\" href=\"http:\/\/revistavitrineibiuna.com.br\/?p=30763\" \/>\n<meta property=\"og:locale\" content=\"pt_BR\" \/>\n<meta property=\"og:type\" content=\"article\" \/>\n<meta property=\"og:title\" content=\"ALUM\u00cdNIO \u2013 ACIDENTE COM JET SKY FERE UM HOMEM GRAVEMENTE - Revista Vitrine Online\" \/>\n<meta property=\"og:description\" content=\"Ao fazer uma manobra perigosa pr\u00f3xima a um p\u00eder na Marina do Santino, na represa Itupararanga [no munic\u00edpio de Alum\u00ednio],\" \/>\n<meta property=\"og:url\" content=\"http:\/\/revistavitrineibiuna.com.br\/?p=30763\" \/>\n<meta property=\"og:site_name\" content=\"Revista Vitrine Online\" \/>\n<meta property=\"article:published_time\" content=\"2024-02-12T18:31:48+00:00\" \/>\n<meta property=\"article:modified_time\" content=\"2024-02-13T05:23:18+00:00\" \/>\n<meta property=\"og:image\" content=\"https:\/\/revistavitrineibiuna.com.br\/wp-content\/uploads\/2024\/02\/acidente-de-jet-sky-1.png\" \/>\n\t<meta property=\"og:image:width\" content=\"625\" \/>\n\t<meta property=\"og:image:height\" content=\"346\" \/>\n<meta name=\"twitter:card\" content=\"summary\" \/>\n<meta name=\"twitter:label1\" content=\"Est. reading time\">\n\t<meta name=\"twitter:data1\" content=\"3 minutos\">\n<script type=\"application\/ld+json\" class=\"yoast-schema-graph\">{\"@context\":\"https:\/\/schema.org\",\"@graph\":[{\"@type\":\"WebSite\",\"@id\":\"https:\/\/revistavitrineibiuna.com.br\/#website\",\"url\":\"https:\/\/revistavitrineibiuna.com.br\/\",\"name\":\"Revista Vitrine Ibi\\u00fana\",\"description\":\"A Revista de Ibi\\u00fana e Regi\\u00e3o\",\"publisher\":{\"@id\":\"https:\/\/revistavitrineibiuna.com.br\/#\/schema\/person\/e51ef49d6d88170ea21ceabff3f73deb\"},\"potentialAction\":[{\"@type\":\"SearchAction\",\"target\":\"https:\/\/revistavitrineibiuna.com.br\/?s={search_term_string}\",\"query-input\":\"required name=search_term_string\"}],\"inLanguage\":\"pt-BR\"},{\"@type\":\"ImageObject\",\"@id\":\"http:\/\/revistavitrineibiuna.com.br\/?p=30763#primaryimage\",\"inLanguage\":\"pt-BR\",\"url\":\"https:\/\/revistavitrineibiuna.com.br\/wp-content\/uploads\/2024\/02\/acidente-de-jet-sky-1.png\",\"width\":625,\"height\":346},{\"@type\":\"WebPage\",\"@id\":\"http:\/\/revistavitrineibiuna.com.br\/?p=30763#webpage\",\"url\":\"http:\/\/revistavitrineibiuna.com.br\/?p=30763\",\"name\":\"ALUM\\u00cdNIO \\u2013 ACIDENTE COM JET SKY FERE UM HOMEM GRAVEMENTE - Revista Vitrine Online\",\"isPartOf\":{\"@id\":\"https:\/\/revistavitrineibiuna.com.br\/#website\"},\"primaryImageOfPage\":{\"@id\":\"http:\/\/revistavitrineibiuna.com.br\/?p=30763#primaryimage\"},\"datePublished\":\"2024-02-12T18:31:48+00:00\",\"dateModified\":\"2024-02-13T05:23:18+00:00\",\"breadcrumb\":{\"@id\":\"http:\/\/revistavitrineibiuna.com.br\/?p=30763#breadcrumb\"},\"inLanguage\":\"pt-BR\",\"potentialAction\":[{\"@type\":\"ReadAction\",\"target\":[\"http:\/\/revistavitrineibiuna.com.br\/?p=30763\"]}]},{\"@type\":\"BreadcrumbList\",\"@id\":\"http:\/\/revistavitrineibiuna.com.br\/?p=30763#breadcrumb\",\"itemListElement\":[{\"@type\":\"ListItem\",\"position\":1,\"item\":{\"@type\":\"WebPage\",\"@id\":\"https:\/\/revistavitrineibiuna.com.br\/\",\"url\":\"https:\/\/revistavitrineibiuna.com.br\/\",\"name\":\"In\\u00edcio\"}},{\"@type\":\"ListItem\",\"position\":2,\"item\":{\"@type\":\"WebPage\",\"@id\":\"http:\/\/revistavitrineibiuna.com.br\/?p=30763\",\"url\":\"http:\/\/revistavitrineibiuna.com.br\/?p=30763\",\"name\":\"ALUM\\u00cdNIO \\u2013 ACIDENTE COM JET SKY FERE UM HOMEM GRAVEMENTE\"}}]},{\"@type\":\"Article\",\"@id\":\"http:\/\/revistavitrineibiuna.com.br\/?p=30763#article\",\"isPartOf\":{\"@id\":\"http:\/\/revistavitrineibiuna.com.br\/?p=30763#webpage\"},\"author\":{\"@id\":\"https:\/\/revistavitrineibiuna.com.br\/#\/schema\/person\/e51ef49d6d88170ea21ceabff3f73deb\"},\"headline\":\"ALUM\\u00cdNIO \\u2013 ACIDENTE COM JET SKY FERE UM HOMEM GRAVEMENTE\",\"datePublished\":\"2024-02-12T18:31:48+00:00\",\"dateModified\":\"2024-02-13T05:23:18+00:00\",\"mainEntityOfPage\":{\"@id\":\"http:\/\/revistavitrineibiuna.com.br\/?p=30763#webpage\"},\"commentCount\":0,\"publisher\":{\"@id\":\"https:\/\/revistavitrineibiuna.com.br\/#\/schema\/person\/e51ef49d6d88170ea21ceabff3f73deb\"},\"image\":{\"@id\":\"http:\/\/revistavitrineibiuna.com.br\/?p=30763#primaryimage\"},\"articleSection\":\"Not\\u00edcias\",\"inLanguage\":\"pt-BR\",\"potentialAction\":[{\"@type\":\"CommentAction\",\"name\":\"Comment\",\"target\":[\"http:\/\/revistavitrineibiuna.com.br\/?p=30763#respond\"]}]},{\"@type\":[\"Person\",\"Organization\"],\"@id\":\"https:\/\/revistavitrineibiuna.com.br\/#\/schema\/person\/e51ef49d6d88170ea21ceabff3f73deb\",\"name\":\"Carlos Rossini\",\"image\":{\"@type\":\"ImageObject\",\"@id\":\"https:\/\/revistavitrineibiuna.com.br\/#personlogo\",\"inLanguage\":\"pt-BR\",\"url\":\"https:\/\/secure.gravatar.com\/avatar\/4f2d0f99fac1f85c7d643f21f5c8d900?s=96&d=mm&r=g\",\"caption\":\"Carlos Rossini\"},\"logo\":{\"@id\":\"https:\/\/revistavitrineibiuna.com.br\/#personlogo\"},\"description\":\"Carlos Rossini \\u00e9 jornalista, soci\\u00f3logo, escritor e professor universit\\u00e1rio, tendo sido professor de jornalismo por vinte anos. Trabalhou em ve\\u00edculos de comunica\\u00e7\\u00e3o nas fun\\u00e7\\u00f5es de rep\\u00f3rter, redator, editor, articulista e colaborador, como Folha de S. Paulo, O Estado de S. Paulo, Di\\u00e1rio Popular, entre outros. Ao transferir a revista vitrine, vers\\u00e3o imprensa, de S\\u00e3o Paulo para Ibi\\u00fana h\\u00e1 alguns anos, iniciou uma nova experi\\u00eancia profissional, dedicando-se ao jornalismo regional, depois de cumprir uma trajet\\u00f3ria bem-sucedida na grande imprensa brasileira. Seu primeiro livro A Coragem de Comunicar foi lan\\u00e7ado na Bienal do Livro em S\\u00e3o Paulo no ano 2000, pela editora Madras.\"}]}<\/script>\n<!-- \/ Yoast SEO plugin. -->","_links":{"self":[{"href":"https:\/\/revistavitrineibiuna.com.br\/index.php?rest_route=\/wp\/v2\/posts\/30763"}],"collection":[{"href":"https:\/\/revistavitrineibiuna.com.br\/index.php?rest_route=\/wp\/v2\/posts"}],"about":[{"href":"https:\/\/revistavitrineibiuna.com.br\/index.php?rest_route=\/wp\/v2\/types\/post"}],"author":[{"embeddable":true,"href":"https:\/\/revistavitrineibiuna.com.br\/index.php?rest_route=\/wp\/v2\/users\/1"}],"replies":[{"embeddable":true,"href":"https:\/\/revistavitrineibiuna.com.br\/index.php?rest_route=%2Fwp%2Fv2%2Fcomments&post=30763"}],"version-history":[{"count":11,"href":"https:\/\/revistavitrineibiuna.com.br\/index.php?rest_route=\/wp\/v2\/posts\/30763\/revisions"}],"predecessor-version":[{"id":30782,"href":"https:\/\/revistavitrineibiuna.com.br\/index.php?rest_route=\/wp\/v2\/posts\/30763\/revisions\/30782"}],"wp:featuredmedia":[{"embeddable":true,"href":"https:\/\/revistavitrineibiuna.com.br\/index.php?rest_route=\/wp\/v2\/media\/30764"}],"wp:attachment":[{"href":"https:\/\/revistavitrineibiuna.com.br\/index.php?rest_route=%2Fwp%2Fv2%2Fmedia&parent=30763"}],"wp:term":[{"taxonomy":"category","embeddable":true,"href":"https:\/\/revistavitrineibiuna.com.br\/index.php?rest_route=%2Fwp%2Fv2%2Fcategories&post=30763"},{"taxonomy":"post_tag","embeddable":true,"href":"https:\/\/revistavitrineibiuna.com.br\/index.php?rest_route=%2Fwp%2Fv2%2Ftags&post=30763"}],"curies":[{"name":"wp","href":"https:\/\/api.w.org\/{rel}","templated":true}]}}