{"id":30783,"date":"2024-02-14T12:15:56","date_gmt":"2024-02-14T15:15:56","guid":{"rendered":"http:\/\/revistavitrineibiuna.com.br\/?p=30783"},"modified":"2024-02-14T13:07:11","modified_gmt":"2024-02-14T16:07:11","slug":"ibiuna-edis-questionam-sasaki-depois-da-rejeicao-da-denuncia-sobre-verbas-do-fundeb","status":"publish","type":"post","link":"https:\/\/revistavitrineibiuna.com.br\/?p=30783","title":{"rendered":"IBI\u00daNA \u2013 EDIS QUESTIONAM SASAKI, DEPOIS DA REJEI\u00c7\u00c3O DA DEN\u00daNCIA SOBRE VERBAS DO FUNDEB"},"content":{"rendered":"\n<p class=\"has-drop-cap\"><strong>Depois que o prefeito Paulo Sasaki (PTB) e o secret\u00e1rio do Desenvolvimento Urbano, F\u00e1bio Bello, postaram um v\u00eddeo no dia 9 \u2013 falando de \u201cpersegui\u00e7\u00e3o pol\u00edtica\u201d e em processar um pr\u00e9-candidato a prefeito por conta da repercuss\u00e3o da rejei\u00e7\u00e3o de um pedido de investiga\u00e7\u00e3o sobre poss\u00edveis irregularidades no uso dos recursos do Fundeb \u2013 quatro vereadores que votaram pela abertura de um processo de investiga\u00e7\u00e3o postaram v\u00eddeos questionando o prefeito.<\/strong><\/p>\n\n\n\n<p><strong>PELA INVESTIGA\u00c7\u00c3O<\/strong><\/p>\n\n\n\n<p><strong>Argumentando que toda den\u00fancia de irregularidades deve ser apurada, como um direito do povo de saber a verdade dos fatos, votaram favor\u00e1veis \u00e0 medida os vereadores: Dr. Walmir Jr. (PSC), Rozi da Farm\u00e1cia (UB), Naldo Firmino (PP) e Volney Galv\u00e3o (PRTB).<\/strong><\/p>\n\n\n\n<p><strong>CONTRA A INVESTIGA\u00c7\u00c3O<\/strong><\/p>\n\n\n\n<p><strong>Votaram a favor do prefeito e, portanto, rejeitaram a den\u00fancia os vereadores:<\/strong><\/p>\n\n\n\n<p><strong>Abel do Cupim (PSD), Aladim (PSDB), Devanil da Ressaca (PSD), Fausto Dourado (MDB), Jair Marmelo (PCdoB), Lucas Borba (MDB), Luiz Fernando Piu (PL), Paulinho Dias (UB), Pururuca (UB), Ronie Von (PP).<\/strong><strong><\/strong><\/p>\n\n\n\n<p><strong>Como se recorda, no dia 6, foi lida em plen\u00e1rio a den\u00fancia elaborada pelo Conselho de Acompanhamento e Controle Social \u2013 CACs Fundeb, protocolada em dezembro pelo presidente da entidade, advogado M\u00e1rio Pires.<\/strong><\/p>\n\n\n\n<p><strong>Em resumo, a den\u00fancia solicitava averigua\u00e7\u00e3o de poss\u00edveis irregularidades no uso dos recursos do Fundeb em Ibi\u00fana [em 2023 o montante do repasse do governo federal para o munic\u00edpio foi da ordem de R$ 55 milh\u00f5es] destinados para pagamento dos professores da rede municipal de ensino e para o desenvolvimento da educa\u00e7\u00e3o.<\/strong><\/p>\n\n\n\n<p><strong>O documento elaborado pelo CACs Fundeb, com 27 p\u00e1ginas recheadas de notas e comprovantes de despesas, depois de ser lido pelo secret\u00e1rio da Mesa da C\u00e2mara por 36 minutos foi votado em menos de 1 minuto por dez vereadores da base aliada que, de imediato, rejeitaram a abertura de um processo de investiga\u00e7\u00e3o que, dependendo da comprova\u00e7\u00e3o das provas, poderia resultar num pedido de cassa\u00e7\u00e3o de Sasaki.<\/strong><\/p>\n\n\n\n<p><strong>PEDIDO DE ESCLARECIMENTOS<\/strong><\/p>\n\n\n\n<p><strong>Na mesma sess\u00e3o, o vereador Aladim Fl\u00e1vio Amaro (PSDB) apresentou um requerimento solicitando esclarecimentos ao Prefeito sobre a den\u00fancia que foi aprovada pelos seus colegas da base aliada.<\/strong><\/p>\n\n\n\n<p><strong>Ele relacionou os 9 t\u00f3picos que constavam na den\u00fancia arquivada.<\/strong><\/p>\n\n\n\n<p><strong>Em suma, o parlamentar ibiunense mudou, na pr\u00e1tica, o foco da abordagem. Em vez da abertura de um procedimento que poderia, ou n\u00e3o, se transformar num pedido de abertura de processo de cassa\u00e7\u00e3o do atual prefeito, a C\u00e2mara transformou a den\u00fancia arquivada em um pedido de esclarecimento. Em termos pr\u00e1ticos, essa modalidade n\u00e3o oferece risco algum de abertura de um processo de cassa\u00e7\u00e3o do chefe do Executivo.<\/strong><\/p>\n\n\n\n<p><strong>QUESTIONAMENTOS<\/strong><\/p>\n\n\n\n<p><strong>Com exce\u00e7\u00e3o da vereadora Rozi da Farm\u00e1cia (UB) que dever\u00e1 gravar um v\u00eddeo nas pr\u00f3ximas horas, com id\u00eantico prop\u00f3sito, segundo afirmou a vitrine online, os demais edis postaram v\u00eddeos questionando o atual prefeito.<\/strong><\/p>\n\n\n\n<p><strong>NALDO FIRMINO (PP), ex-presidente da C\u00e2mara, pediu explica\u00e7\u00f5es ao prefeito Paulo Sasaki sobre o destino das verbas do Fundeb no munic\u00edpio. Igualmente, anunciou que os profissionais da educa\u00e7\u00e3o est\u00e3o se queixando de descontos em seus pagamentos, sem saber o motivo desse procedimento.<\/strong><\/p>\n\n\n\n<p><strong>Segundo ele, a popula\u00e7\u00e3o tem o direito de saber qual \u00e9 efetivamente a realidade dessa situa\u00e7\u00e3o que tem provocado grande desgaste na categoria. \u00c9 fundamental que haja transpar\u00eancia no uso dos recursos do Fundeb.<\/strong><\/p>\n\n\n\n<p><strong>DR. WALMIR JR. (PSC), tamb\u00e9m por meio de v\u00eddeo postado nas redes sociais, depois de mencionar a manifesta\u00e7\u00e3o do prefeito de que \u201cmilhares de fake news\u201d estavam procurando difamar a atual administra\u00e7\u00e3o, fez uma indaga\u00e7\u00e3o igualmente relacionada ao setor de Educa\u00e7\u00e3o.<\/strong><\/p>\n\n\n\n<p><strong>O parlamentar pediu esclarecimento sobre o porqu\u00ea do pagamento do aluguel do pr\u00e9dio da Secretaria da Educa\u00e7\u00e3o na Rua XV de Novembro estava sendo pago a um \u201cterceiro e n\u00e3o ao locador\u201d.<\/strong><\/p>\n\n\n\n<p><strong>[<em>Estima-se que o valor do aluguel desse pr\u00e9dio gira em torno de R$ 18 mil<\/em>]<\/strong><\/p>\n\n\n\n<p><strong>\u201cA popula\u00e7\u00e3o quer ouvir a resposta\u201d, instigou o vereador.<\/strong><\/p>\n\n\n\n<p><strong>VOLNEI GALV\u00c3O (PRTB) questionou o prefeito para saber o motivo pelo qual a Prefeitura n\u00e3o atende aos seus pedidos apresentados em nome da popula\u00e7\u00e3o dos bairros do munic\u00edpio. O edil declarou que j\u00e1 apresentou mais de 300 pedidos e indica\u00e7\u00f5es e que se sente prejudicado pelo n\u00e3o atendimento aos seus requerimentos.<\/strong><\/p>\n\n\n\n<p><strong>Mencionou, sobretudo o grave problema das condi\u00e7\u00f5es das estradas. Foi informado que n\u00e3o tem pedra para recuperar as estradas ou que a m\u00e1quina n\u00e3o tem l\u00e2mina.<\/strong><\/p>\n\n\n\n<p><strong>Citou que a Prefeitura fez um desfile de m\u00e1quinas pelas ruas da cidade e quer saber por que as estradas n\u00e3o est\u00e3o sendo cuidadas, o que faz com que certos bairros fiquem sem \u00f4nibus devido \u00e0s p\u00e9ssimas condi\u00e7\u00f5es da vias p\u00fablicas rurais.<\/strong><\/p>\n\n\n\n<p><strong>Galv\u00e3o disse que talvez n\u00e3o esteja sendo atendido, ao contr\u00e1rio dos vereadores que apoiam o governo, porque n\u00e3o \u00e9 \u201cpau mandado\u201d do Executivo. Afirmou que o que est\u00e1 sendo negado n\u00e3o \u00e9 a ele, e sim \u00e0 popula\u00e7\u00e3o.<\/strong><\/p>\n\n\n\n<p><strong>Referindo-se \u00e0s autoridades acrescentou que \u201cvoc\u00eas t\u00eam asfalto em suas casas\u201d, enquanto o povo fica \u00e0 merc\u00ea das estradas prec\u00e1rias.<\/strong><\/p>\n\n\n\n<p><strong>\u201c\u00c9 mais f\u00e1cil ir para o Jap\u00e3o do que visitar os bairros de Ibi\u00fana\u201d, concluiu o vereador que tamb\u00e9m criticou a ilumina\u00e7\u00e3o p\u00fablica, pois \u201cestamos no escuro\u201d.<\/strong><\/p>\n","protected":false},"excerpt":{"rendered":"<p>Depois que o prefeito Paulo Sasaki (PTB) e o secret\u00e1rio do Desenvolvimento Urbano, F\u00e1bio Bello, postaram um v\u00eddeo no dia<\/p>\n","protected":false},"author":1,"featured_media":30786,"comment_status":"open","ping_status":"open","sticky":false,"template":"","format":"standard","meta":[],"categories":[3],"tags":[],"yoast_head":"<!-- This site is optimized with the Yoast SEO plugin v15.8 - https:\/\/yoast.com\/wordpress\/plugins\/seo\/ -->\n<title>IBI\u00daNA \u2013 EDIS QUESTIONAM SASAKI, DEPOIS DA REJEI\u00c7\u00c3O DA DEN\u00daNCIA SOBRE VERBAS DO FUNDEB - Revista Vitrine Online<\/title>\n<meta name=\"robots\" content=\"index, follow, max-snippet:-1, max-image-preview:large, max-video-preview:-1\" \/>\n<link rel=\"canonical\" href=\"http:\/\/revistavitrineibiuna.com.br\/?p=30783\" \/>\n<meta property=\"og:locale\" content=\"pt_BR\" \/>\n<meta property=\"og:type\" content=\"article\" \/>\n<meta property=\"og:title\" content=\"IBI\u00daNA \u2013 EDIS QUESTIONAM SASAKI, DEPOIS DA REJEI\u00c7\u00c3O DA DEN\u00daNCIA SOBRE VERBAS DO FUNDEB - Revista Vitrine Online\" \/>\n<meta property=\"og:description\" content=\"Depois que o prefeito Paulo Sasaki (PTB) e o secret\u00e1rio do Desenvolvimento Urbano, F\u00e1bio Bello, postaram um v\u00eddeo no dia\" \/>\n<meta property=\"og:url\" content=\"http:\/\/revistavitrineibiuna.com.br\/?p=30783\" \/>\n<meta property=\"og:site_name\" content=\"Revista Vitrine Online\" \/>\n<meta property=\"article:published_time\" content=\"2024-02-14T15:15:56+00:00\" \/>\n<meta property=\"article:modified_time\" content=\"2024-02-14T16:07:11+00:00\" \/>\n<meta property=\"og:image\" content=\"https:\/\/revistavitrineibiuna.com.br\/wp-content\/uploads\/2024\/02\/quatro-vereadores-novo-1024x724.png\" \/>\n\t<meta property=\"og:image:width\" content=\"1024\" \/>\n\t<meta property=\"og:image:height\" content=\"724\" \/>\n<meta name=\"twitter:card\" content=\"summary\" \/>\n<meta name=\"twitter:label1\" content=\"Est. reading time\">\n\t<meta name=\"twitter:data1\" content=\"4 minutos\">\n<script type=\"application\/ld+json\" class=\"yoast-schema-graph\">{\"@context\":\"https:\/\/schema.org\",\"@graph\":[{\"@type\":\"WebSite\",\"@id\":\"https:\/\/revistavitrineibiuna.com.br\/#website\",\"url\":\"https:\/\/revistavitrineibiuna.com.br\/\",\"name\":\"Revista Vitrine Ibi\\u00fana\",\"description\":\"A Revista de Ibi\\u00fana e Regi\\u00e3o\",\"publisher\":{\"@id\":\"https:\/\/revistavitrineibiuna.com.br\/#\/schema\/person\/e51ef49d6d88170ea21ceabff3f73deb\"},\"potentialAction\":[{\"@type\":\"SearchAction\",\"target\":\"https:\/\/revistavitrineibiuna.com.br\/?s={search_term_string}\",\"query-input\":\"required name=search_term_string\"}],\"inLanguage\":\"pt-BR\"},{\"@type\":\"ImageObject\",\"@id\":\"http:\/\/revistavitrineibiuna.com.br\/?p=30783#primaryimage\",\"inLanguage\":\"pt-BR\",\"url\":\"https:\/\/revistavitrineibiuna.com.br\/wp-content\/uploads\/2024\/02\/quatro-vereadores-novo.png\",\"width\":1600,\"height\":1131},{\"@type\":\"WebPage\",\"@id\":\"http:\/\/revistavitrineibiuna.com.br\/?p=30783#webpage\",\"url\":\"http:\/\/revistavitrineibiuna.com.br\/?p=30783\",\"name\":\"IBI\\u00daNA \\u2013 EDIS QUESTIONAM SASAKI, DEPOIS DA REJEI\\u00c7\\u00c3O DA DEN\\u00daNCIA SOBRE VERBAS DO FUNDEB - Revista Vitrine Online\",\"isPartOf\":{\"@id\":\"https:\/\/revistavitrineibiuna.com.br\/#website\"},\"primaryImageOfPage\":{\"@id\":\"http:\/\/revistavitrineibiuna.com.br\/?p=30783#primaryimage\"},\"datePublished\":\"2024-02-14T15:15:56+00:00\",\"dateModified\":\"2024-02-14T16:07:11+00:00\",\"breadcrumb\":{\"@id\":\"http:\/\/revistavitrineibiuna.com.br\/?p=30783#breadcrumb\"},\"inLanguage\":\"pt-BR\",\"potentialAction\":[{\"@type\":\"ReadAction\",\"target\":[\"http:\/\/revistavitrineibiuna.com.br\/?p=30783\"]}]},{\"@type\":\"BreadcrumbList\",\"@id\":\"http:\/\/revistavitrineibiuna.com.br\/?p=30783#breadcrumb\",\"itemListElement\":[{\"@type\":\"ListItem\",\"position\":1,\"item\":{\"@type\":\"WebPage\",\"@id\":\"https:\/\/revistavitrineibiuna.com.br\/\",\"url\":\"https:\/\/revistavitrineibiuna.com.br\/\",\"name\":\"In\\u00edcio\"}},{\"@type\":\"ListItem\",\"position\":2,\"item\":{\"@type\":\"WebPage\",\"@id\":\"http:\/\/revistavitrineibiuna.com.br\/?p=30783\",\"url\":\"http:\/\/revistavitrineibiuna.com.br\/?p=30783\",\"name\":\"IBI\\u00daNA \\u2013 EDIS QUESTIONAM SASAKI, DEPOIS DA REJEI\\u00c7\\u00c3O DA DEN\\u00daNCIA SOBRE VERBAS DO FUNDEB\"}}]},{\"@type\":\"Article\",\"@id\":\"http:\/\/revistavitrineibiuna.com.br\/?p=30783#article\",\"isPartOf\":{\"@id\":\"http:\/\/revistavitrineibiuna.com.br\/?p=30783#webpage\"},\"author\":{\"@id\":\"https:\/\/revistavitrineibiuna.com.br\/#\/schema\/person\/e51ef49d6d88170ea21ceabff3f73deb\"},\"headline\":\"IBI\\u00daNA \\u2013 EDIS QUESTIONAM SASAKI, DEPOIS DA REJEI\\u00c7\\u00c3O DA DEN\\u00daNCIA SOBRE VERBAS DO FUNDEB\",\"datePublished\":\"2024-02-14T15:15:56+00:00\",\"dateModified\":\"2024-02-14T16:07:11+00:00\",\"mainEntityOfPage\":{\"@id\":\"http:\/\/revistavitrineibiuna.com.br\/?p=30783#webpage\"},\"commentCount\":0,\"publisher\":{\"@id\":\"https:\/\/revistavitrineibiuna.com.br\/#\/schema\/person\/e51ef49d6d88170ea21ceabff3f73deb\"},\"image\":{\"@id\":\"http:\/\/revistavitrineibiuna.com.br\/?p=30783#primaryimage\"},\"articleSection\":\"Not\\u00edcias\",\"inLanguage\":\"pt-BR\",\"potentialAction\":[{\"@type\":\"CommentAction\",\"name\":\"Comment\",\"target\":[\"http:\/\/revistavitrineibiuna.com.br\/?p=30783#respond\"]}]},{\"@type\":[\"Person\",\"Organization\"],\"@id\":\"https:\/\/revistavitrineibiuna.com.br\/#\/schema\/person\/e51ef49d6d88170ea21ceabff3f73deb\",\"name\":\"Carlos Rossini\",\"image\":{\"@type\":\"ImageObject\",\"@id\":\"https:\/\/revistavitrineibiuna.com.br\/#personlogo\",\"inLanguage\":\"pt-BR\",\"url\":\"https:\/\/secure.gravatar.com\/avatar\/4f2d0f99fac1f85c7d643f21f5c8d900?s=96&d=mm&r=g\",\"caption\":\"Carlos Rossini\"},\"logo\":{\"@id\":\"https:\/\/revistavitrineibiuna.com.br\/#personlogo\"},\"description\":\"Carlos Rossini \\u00e9 jornalista, soci\\u00f3logo, escritor e professor universit\\u00e1rio, tendo sido professor de jornalismo por vinte anos. Trabalhou em ve\\u00edculos de comunica\\u00e7\\u00e3o nas fun\\u00e7\\u00f5es de rep\\u00f3rter, redator, editor, articulista e colaborador, como Folha de S. Paulo, O Estado de S. Paulo, Di\\u00e1rio Popular, entre outros. Ao transferir a revista vitrine, vers\\u00e3o imprensa, de S\\u00e3o Paulo para Ibi\\u00fana h\\u00e1 alguns anos, iniciou uma nova experi\\u00eancia profissional, dedicando-se ao jornalismo regional, depois de cumprir uma trajet\\u00f3ria bem-sucedida na grande imprensa brasileira. Seu primeiro livro A Coragem de Comunicar foi lan\\u00e7ado na Bienal do Livro em S\\u00e3o Paulo no ano 2000, pela editora Madras.\"}]}<\/script>\n<!-- \/ Yoast SEO plugin. -->","_links":{"self":[{"href":"https:\/\/revistavitrineibiuna.com.br\/index.php?rest_route=\/wp\/v2\/posts\/30783"}],"collection":[{"href":"https:\/\/revistavitrineibiuna.com.br\/index.php?rest_route=\/wp\/v2\/posts"}],"about":[{"href":"https:\/\/revistavitrineibiuna.com.br\/index.php?rest_route=\/wp\/v2\/types\/post"}],"author":[{"embeddable":true,"href":"https:\/\/revistavitrineibiuna.com.br\/index.php?rest_route=\/wp\/v2\/users\/1"}],"replies":[{"embeddable":true,"href":"https:\/\/revistavitrineibiuna.com.br\/index.php?rest_route=%2Fwp%2Fv2%2Fcomments&post=30783"}],"version-history":[{"count":2,"href":"https:\/\/revistavitrineibiuna.com.br\/index.php?rest_route=\/wp\/v2\/posts\/30783\/revisions"}],"predecessor-version":[{"id":30787,"href":"https:\/\/revistavitrineibiuna.com.br\/index.php?rest_route=\/wp\/v2\/posts\/30783\/revisions\/30787"}],"wp:featuredmedia":[{"embeddable":true,"href":"https:\/\/revistavitrineibiuna.com.br\/index.php?rest_route=\/wp\/v2\/media\/30786"}],"wp:attachment":[{"href":"https:\/\/revistavitrineibiuna.com.br\/index.php?rest_route=%2Fwp%2Fv2%2Fmedia&parent=30783"}],"wp:term":[{"taxonomy":"category","embeddable":true,"href":"https:\/\/revistavitrineibiuna.com.br\/index.php?rest_route=%2Fwp%2Fv2%2Fcategories&post=30783"},{"taxonomy":"post_tag","embeddable":true,"href":"https:\/\/revistavitrineibiuna.com.br\/index.php?rest_route=%2Fwp%2Fv2%2Ftags&post=30783"}],"curies":[{"name":"wp","href":"https:\/\/api.w.org\/{rel}","templated":true}]}}