{"id":30788,"date":"2024-02-16T20:36:26","date_gmt":"2024-02-16T23:36:26","guid":{"rendered":"http:\/\/revistavitrineibiuna.com.br\/?p=30788"},"modified":"2024-02-16T21:18:52","modified_gmt":"2024-02-17T00:18:52","slug":"ibiuna-saude-publica-opinioes-e-fatos-reais","status":"publish","type":"post","link":"https:\/\/revistavitrineibiuna.com.br\/?p=30788","title":{"rendered":"IBI\u00daNA \u2013 SA\u00daDE P\u00daBLICA, OPINI\u00d5ES E FATOS REAIS"},"content":{"rendered":"\n<p class=\"has-drop-cap\"><strong>H\u00e1 uma grande e not\u00e1vel diferen\u00e7a entre fato e opini\u00e3o. Fatos s\u00e3o informa\u00e7\u00f5es verdadeiras, comprov\u00e1veis por meio de provas concretas e objetivas. Opini\u00e3o \u00e9 apenas uma ideia de uma pessoa sobre alguma coisa ou algu\u00e9m.<\/strong><\/p>\n\n\n\n<p><strong>Isto posto, vamos a fatos relacionados ao prec\u00e1rio sistema de sa\u00fade p\u00fablica de Ibi\u00fana, sobre o qual as autoridades municipais evitam falar, a menos que seja para opinar, sempre de forma elogiosa, frases vazias como \u201csa\u00fade com dignidade e respeito \u00e0 popula\u00e7\u00e3o\u201d.<\/strong><\/p>\n\n\n\n<p><strong>Se o caro leitor assimilou a advert\u00eancia inicial \u201csa\u00fade com dignidade e respeito \u00e0 popula\u00e7\u00e3o\u201d \u00e9 mera opini\u00e3o da autoridade, pois n\u00e3o diz respeito aos fatos que acontecem verdadeiramente. Vamos aos fatos.<\/strong><\/p>\n\n\n\n<p><strong>CASO 1 &#8211; IRRITABILIDADE<\/strong><\/p>\n\n\n\n<p><strong>Hoje, dia 16.2, fui atendido por um especialista. Profissional de respeito, equilibrado, experiente. Precisava que escrevesse um laudo pr\u00e9-cir\u00fargico.<\/strong><\/p>\n\n\n\n<p><strong>Depois de esperar pelo atendimento pelo menos tr\u00eas horas, quando entrei na sala e me sentei na cadeira, esperei que ele mostrasse disposi\u00e7\u00e3o de me ouvir.<\/strong><\/p>\n\n\n\n<p><strong>\u201cDr. Trouxe os exames para o senhor emitir um laudo pr\u00e9-operat\u00f3rio.\u201d<\/strong><\/p>\n\n\n\n<p><strong>Para minha surpresa imediata ele disse: \u201cAgora n\u00e3o vamos falar do laudo, voc\u00ea tem a receita dos rem\u00e9dios que est\u00e1 tomando?\u201d<\/strong><\/p>\n\n\n\n<p><strong>Eu n\u00e3o tinha, embora todos estejam no prontu\u00e1rio m\u00e9dico. Rapidamente entendi que ele estava me recebendo para uma consulta e n\u00e3o para liberar uma cirurgia, como estava dentro de minha expectativa.<\/strong><\/p>\n\n\n\n<p><strong>Como j\u00e1 o conhecia, e o respeitava, fiquei estupefato com a rea\u00e7\u00e3o notoriamente irritada dele, como se eu fosse um tolo que n\u00e3o tivesse levado a receita dos rem\u00e9dios que estava tomando.<\/strong><\/p>\n\n\n\n<p><strong>Procurei lembrar-me de cabe\u00e7a, citei alguns nomes e acabamos chegando a um denominador comum.<\/strong><\/p>\n\n\n\n<p><strong>A certa altura, e constrangido, perguntei a ele:<\/strong><\/p>\n\n\n\n<p><strong>\u201cDoutor, por que o senhor est\u00e1 me tratando desse jeito?\u201d<\/strong><\/p>\n\n\n\n<p><strong>Da\u00ed pra frente ele deu uma melhorada no comportamento.<\/strong><\/p>\n\n\n\n<p><strong>Depois disso, procurei ouvir outras pessoas que atuam no setor de sa\u00fade p\u00fablica em Ibi\u00fana.<\/strong><\/p>\n\n\n\n<p><strong>O panorama que me pintaram n\u00e3o foi nada tranquilizador tanto no Hospital, como no Posto Central, assim como no Centro de Especialidades e na rede b\u00e1sica. Talvez haja um clima de insatisfa\u00e7\u00e3o generalizada com o ambiente. De modo simples, supostamente o sistema de sa\u00fade do munic\u00edpio estar\u00e1 doente latu senso.<\/strong><\/p>\n\n\n\n<p><strong>O clima psicol\u00f3gico reinante n\u00e3o parece nenhum pouco favor\u00e1vel at\u00e9 mesmo para fazer com que m\u00e9dicos cumpram o juramento da categoria de acolher os pacientes como bons escutadores dos seres humanos singulares com suas necessidades sanit\u00e1rias<\/strong> <strong>em sua total realidade mental, f\u00edsica e emocional.<\/strong><\/p>\n\n\n\n<p><strong>CASO 2 \u2013 EXAME DE SANGUE<\/strong><\/p>\n\n\n\n<p><strong>Para receber o laudo pr\u00e9-cir\u00fargico tinha que fazer exames de sangue e um eletrocardiograma. Como decidi viver em Ibi\u00fana como os ibiunenses, levei os pedidos para o Posto de Sa\u00fade Central, na avenida S\u00e3o Sebasti\u00e3o. Coube a um enfermeiro preencher as requisi\u00e7\u00f5es e foi o que ele fez. A coleta foi realizada no dia 23 de janeiro de 2023. Avisaram-me que o resultado demoraria de 15 a 20 dias. Avisei a data da cirurgia e se seria poss\u00edvel obter os resultados a tempo. Recebi o resultado do coagulograma e da glicose em jejum, mas n\u00e3o hemograma.<\/strong><\/p>\n\n\n\n<p><strong>Quem faz as an\u00e1lises \u00e9 uma empresa de diagn\u00f3sticos laboratoriais terceirizada, situada em duas localidades: S\u00e3o Roque e Itapetininga.<\/strong><\/p>\n\n\n\n<p><strong>A avalia\u00e7\u00e3o m\u00e9dica estava marcada para o dia 9 de fevereiro e tive que remarcar a data porque quando compareci ao Posto, no dia 8, o exame n\u00e3o estava pronto. Corri para remarcar a data da avalia\u00e7\u00e3o m\u00e9dica. Quando estava sentado diante da atendente do Centro de Especialidades recebi um telefonema do Posto Central. Avisavam-me que o laborat\u00f3rio precisava de uma recoleta. Pronto!<\/strong><\/p>\n\n\n\n<p><strong>Tive que tomar a atitude de buscar um laborat\u00f3rio particular para fazer os exames que duraram 4 dias para ficarem prontos.<\/strong><\/p>\n\n\n\n<p><strong>S\u00f3 de passagem: a coletora do servi\u00e7o particular estranhou que n\u00e3o tivesse tirado uma amostra de sangue da orelha para a prova de coagulograma. Resumindo: ao comparar os dois resultados verifiquei que havia uma not\u00e1vel diferen\u00e7a nos dados obtidos.<\/strong><\/p>\n\n\n\n<p><strong>Simplesmente, perdi a confian\u00e7a nesse servi\u00e7o prestado pela prefeitura aos cidad\u00e3os ibiunenses.<\/strong><\/p>\n\n\n\n<p><strong>CASO 3 \u2013 SANGUE NO PEITO<\/strong><\/p>\n\n\n\n<p><strong>No dia 28 de julho de 2023 precisei fazer um eletrocardiograma e fui ao Hospital Municipal. Passei por um m\u00e9dico. Fui para perto de uma porta onde havia um aparelho que foi retirado e depois devolvido ao mesmo local.<\/strong><\/p>\n\n\n\n<p><strong>Uma senhora veio me atender. Pegou um aparelho de pl\u00e1stico e come\u00e7ou a raspar os pelos do peito. Devia estar com a press\u00e3o alta e desconfort\u00e1vel que nem percebi claramente o trabalho da mulher. Ela grudou v\u00e1rios eletrodos no meu peito e em seguida tentou enfiar v\u00e1rias \u201cchupetinhas\u201d conectadas a cabos ligados ao aparelho de eletrocardiografia.<\/strong><\/p>\n\n\n\n<p><strong>Tentou fazer isso v\u00e1rias vezes. Toda hora a fia\u00e7\u00e3o caia<\/strong>, <strong>at\u00e9 mesmo no simples movimento de sobe e desce da respira\u00e7\u00e3o.<\/strong><\/p>\n\n\n\n<figure class=\"wp-block-image size-large\"><img loading=\"lazy\" width=\"768\" height=\"1024\" src=\"https:\/\/revistavitrineibiuna.com.br\/wp-content\/uploads\/2024\/02\/peito-do-jornalisa-sangrando-768x1024.png\" alt=\"\" class=\"wp-image-30792\" srcset=\"https:\/\/revistavitrineibiuna.com.br\/wp-content\/uploads\/2024\/02\/peito-do-jornalisa-sangrando-768x1024.png 768w, https:\/\/revistavitrineibiuna.com.br\/wp-content\/uploads\/2024\/02\/peito-do-jornalisa-sangrando-225x300.png 225w, https:\/\/revistavitrineibiuna.com.br\/wp-content\/uploads\/2024\/02\/peito-do-jornalisa-sangrando-1152x1536.png 1152w, https:\/\/revistavitrineibiuna.com.br\/wp-content\/uploads\/2024\/02\/peito-do-jornalisa-sangrando.png 1200w\" sizes=\"(max-width: 768px) 100vw, 768px\" \/><figcaption>Demorei para postar essa foto e s\u00f3 o fa\u00e7o em respeito \u00e0 popula\u00e7\u00e3o ibiunense<\/figcaption><\/figure>\n\n\n\n<p><strong>Bem, enfim, levei o resultado para o m\u00e9dico que me atendia. Quando estava esperando minha vez, olhei meu peito estava todo molhado. Imaginei que fosse aquele gel que se costuma usar nesse exame, mas n\u00e3o! Era sangue mesmo, uma mancha enorme. Quando o m\u00e9dico me chamou mostrei para ele o sangue e ele, imediatamente, me disse para ir \u00e0 enfermaria para fazer um curativo.<\/strong><\/p>\n\n\n\n<p><strong>Como impera a lei do sil\u00eancio em todo esse ambiente, n\u00e3o fiquei sabendo sobre a qualidade t\u00e9cnica do exame, mas acredito que n\u00e3o tenha sido boa. Os cabos estavam mal conectados com os eletrodos.<\/strong><\/p>\n\n\n\n<p><strong>MUITO BEM&#8230;<\/strong><\/p>\n\n\n\n<p><strong>Se fosse fazer aqui um relato de casos que chegam ao meu conhecimento, alguns extremamente terr\u00edveis e profundamente doloridos para muitas fam\u00edlias, seria um ros\u00e1rio de muitas contas. Basta ouvir ou ler os depoimentos das pessoas que foram atendidas ou tiveram parentes seus atendidos no sistema.<\/strong> <strong>\u00c9 preciso acrescentar que a maioria das pessoas t\u00eam uma tend\u00eancia a deixar pra l\u00e1, para n\u00e3o chamar aten\u00e7\u00e3o para si e, at\u00e9 mesmo, n\u00e3o se tornarem alvos de algum tipo de retalia\u00e7\u00e3o contra si ou algum parente. Lament\u00e1vel realidade!<\/strong><\/p>\n\n\n\n<p><strong>Em vez de apontar esse ou aquele profissional, sobretudo m\u00e9dicos, opto para tentar descrever o clima que impera num setor que precisa de toda a aten\u00e7\u00e3o, respeito e valoriza\u00e7\u00e3o dos profissionais, e n\u00e3o o medo que se verifica em todo esse cen\u00e1rio, muitas vezes desolador e deprimente.<\/strong><\/p>\n\n\n\n<p><strong>Quando a autoridade mor afirma que seu objetivo \u00e9 humanizar o atendimento m\u00e9dico no munic\u00edpio, algu\u00e9m precisa lhe dizer o que significa esse verbo t\u00e3o caro e t\u00e3o menosprezado na vida real. Os dois primeiros princ\u00edpios do humanismo s\u00e3o amor e respeito ao pr\u00f3ximo.<\/strong><\/p>\n\n\n\n<p><strong>Decidi fazer essa exposi\u00e7\u00e3o com o objetivo de informar a popula\u00e7\u00e3o que ela tem direitos e que deve lutar por eles, e n\u00e3o se intimidar por qualquer raz\u00e3o, j\u00e1 que a vida humana deveria estar em primeiro lugar na lista de prioridades absolutas dos homens p\u00fablicos desta cidade. (C.R.)<\/strong><\/p>\n","protected":false},"excerpt":{"rendered":"<p>H\u00e1 uma grande e not\u00e1vel diferen\u00e7a entre fato e opini\u00e3o. Fatos s\u00e3o informa\u00e7\u00f5es verdadeiras, comprov\u00e1veis por meio de provas concretas<\/p>\n","protected":false},"author":1,"featured_media":30789,"comment_status":"open","ping_status":"open","sticky":false,"template":"","format":"standard","meta":[],"categories":[1],"tags":[],"yoast_head":"<!-- This site is optimized with the Yoast SEO plugin v15.8 - https:\/\/yoast.com\/wordpress\/plugins\/seo\/ -->\n<title>IBI\u00daNA \u2013 SA\u00daDE P\u00daBLICA, OPINI\u00d5ES E FATOS REAIS - Revista Vitrine Online<\/title>\n<meta name=\"robots\" content=\"index, follow, max-snippet:-1, max-image-preview:large, max-video-preview:-1\" \/>\n<link rel=\"canonical\" href=\"https:\/\/revistavitrineibiuna.com.br\/?p=30788\" \/>\n<meta property=\"og:locale\" content=\"pt_BR\" \/>\n<meta property=\"og:type\" content=\"article\" \/>\n<meta property=\"og:title\" content=\"IBI\u00daNA \u2013 SA\u00daDE P\u00daBLICA, OPINI\u00d5ES E FATOS REAIS - Revista Vitrine Online\" \/>\n<meta property=\"og:description\" content=\"H\u00e1 uma grande e not\u00e1vel diferen\u00e7a entre fato e opini\u00e3o. Fatos s\u00e3o informa\u00e7\u00f5es verdadeiras, comprov\u00e1veis por meio de provas concretas\" \/>\n<meta property=\"og:url\" content=\"https:\/\/revistavitrineibiuna.com.br\/?p=30788\" \/>\n<meta property=\"og:site_name\" content=\"Revista Vitrine Online\" \/>\n<meta property=\"article:published_time\" content=\"2024-02-16T23:36:26+00:00\" \/>\n<meta property=\"article:modified_time\" content=\"2024-02-17T00:18:52+00:00\" \/>\n<meta property=\"og:image\" content=\"https:\/\/revistavitrineibiuna.com.br\/wp-content\/uploads\/2024\/02\/BOs.jpg\" \/>\n\t<meta property=\"og:image:width\" content=\"640\" \/>\n\t<meta property=\"og:image:height\" content=\"360\" \/>\n<meta name=\"twitter:card\" content=\"summary\" \/>\n<meta name=\"twitter:label1\" content=\"Est. reading time\">\n\t<meta name=\"twitter:data1\" content=\"6 minutos\">\n<script type=\"application\/ld+json\" class=\"yoast-schema-graph\">{\"@context\":\"https:\/\/schema.org\",\"@graph\":[{\"@type\":\"WebSite\",\"@id\":\"https:\/\/revistavitrineibiuna.com.br\/#website\",\"url\":\"https:\/\/revistavitrineibiuna.com.br\/\",\"name\":\"Revista Vitrine Ibi\\u00fana\",\"description\":\"A Revista de Ibi\\u00fana e Regi\\u00e3o\",\"publisher\":{\"@id\":\"https:\/\/revistavitrineibiuna.com.br\/#\/schema\/person\/e51ef49d6d88170ea21ceabff3f73deb\"},\"potentialAction\":[{\"@type\":\"SearchAction\",\"target\":\"https:\/\/revistavitrineibiuna.com.br\/?s={search_term_string}\",\"query-input\":\"required name=search_term_string\"}],\"inLanguage\":\"pt-BR\"},{\"@type\":\"ImageObject\",\"@id\":\"https:\/\/revistavitrineibiuna.com.br\/?p=30788#primaryimage\",\"inLanguage\":\"pt-BR\",\"url\":\"https:\/\/revistavitrineibiuna.com.br\/wp-content\/uploads\/2024\/02\/BOs.jpg\",\"width\":640,\"height\":360},{\"@type\":\"WebPage\",\"@id\":\"https:\/\/revistavitrineibiuna.com.br\/?p=30788#webpage\",\"url\":\"https:\/\/revistavitrineibiuna.com.br\/?p=30788\",\"name\":\"IBI\\u00daNA \\u2013 SA\\u00daDE P\\u00daBLICA, OPINI\\u00d5ES E FATOS REAIS - Revista Vitrine Online\",\"isPartOf\":{\"@id\":\"https:\/\/revistavitrineibiuna.com.br\/#website\"},\"primaryImageOfPage\":{\"@id\":\"https:\/\/revistavitrineibiuna.com.br\/?p=30788#primaryimage\"},\"datePublished\":\"2024-02-16T23:36:26+00:00\",\"dateModified\":\"2024-02-17T00:18:52+00:00\",\"breadcrumb\":{\"@id\":\"https:\/\/revistavitrineibiuna.com.br\/?p=30788#breadcrumb\"},\"inLanguage\":\"pt-BR\",\"potentialAction\":[{\"@type\":\"ReadAction\",\"target\":[\"https:\/\/revistavitrineibiuna.com.br\/?p=30788\"]}]},{\"@type\":\"BreadcrumbList\",\"@id\":\"https:\/\/revistavitrineibiuna.com.br\/?p=30788#breadcrumb\",\"itemListElement\":[{\"@type\":\"ListItem\",\"position\":1,\"item\":{\"@type\":\"WebPage\",\"@id\":\"https:\/\/revistavitrineibiuna.com.br\/\",\"url\":\"https:\/\/revistavitrineibiuna.com.br\/\",\"name\":\"In\\u00edcio\"}},{\"@type\":\"ListItem\",\"position\":2,\"item\":{\"@type\":\"WebPage\",\"@id\":\"https:\/\/revistavitrineibiuna.com.br\/?p=30788\",\"url\":\"https:\/\/revistavitrineibiuna.com.br\/?p=30788\",\"name\":\"IBI\\u00daNA \\u2013 SA\\u00daDE P\\u00daBLICA, OPINI\\u00d5ES E FATOS REAIS\"}}]},{\"@type\":\"Article\",\"@id\":\"https:\/\/revistavitrineibiuna.com.br\/?p=30788#article\",\"isPartOf\":{\"@id\":\"https:\/\/revistavitrineibiuna.com.br\/?p=30788#webpage\"},\"author\":{\"@id\":\"https:\/\/revistavitrineibiuna.com.br\/#\/schema\/person\/e51ef49d6d88170ea21ceabff3f73deb\"},\"headline\":\"IBI\\u00daNA \\u2013 SA\\u00daDE P\\u00daBLICA, OPINI\\u00d5ES E FATOS REAIS\",\"datePublished\":\"2024-02-16T23:36:26+00:00\",\"dateModified\":\"2024-02-17T00:18:52+00:00\",\"mainEntityOfPage\":{\"@id\":\"https:\/\/revistavitrineibiuna.com.br\/?p=30788#webpage\"},\"commentCount\":0,\"publisher\":{\"@id\":\"https:\/\/revistavitrineibiuna.com.br\/#\/schema\/person\/e51ef49d6d88170ea21ceabff3f73deb\"},\"image\":{\"@id\":\"https:\/\/revistavitrineibiuna.com.br\/?p=30788#primaryimage\"},\"articleSection\":\"Uncategorized\",\"inLanguage\":\"pt-BR\",\"potentialAction\":[{\"@type\":\"CommentAction\",\"name\":\"Comment\",\"target\":[\"https:\/\/revistavitrineibiuna.com.br\/?p=30788#respond\"]}]},{\"@type\":[\"Person\",\"Organization\"],\"@id\":\"https:\/\/revistavitrineibiuna.com.br\/#\/schema\/person\/e51ef49d6d88170ea21ceabff3f73deb\",\"name\":\"Carlos Rossini\",\"image\":{\"@type\":\"ImageObject\",\"@id\":\"https:\/\/revistavitrineibiuna.com.br\/#personlogo\",\"inLanguage\":\"pt-BR\",\"url\":\"https:\/\/secure.gravatar.com\/avatar\/4f2d0f99fac1f85c7d643f21f5c8d900?s=96&d=mm&r=g\",\"caption\":\"Carlos Rossini\"},\"logo\":{\"@id\":\"https:\/\/revistavitrineibiuna.com.br\/#personlogo\"},\"description\":\"Carlos Rossini \\u00e9 jornalista, soci\\u00f3logo, escritor e professor universit\\u00e1rio, tendo sido professor de jornalismo por vinte anos. Trabalhou em ve\\u00edculos de comunica\\u00e7\\u00e3o nas fun\\u00e7\\u00f5es de rep\\u00f3rter, redator, editor, articulista e colaborador, como Folha de S. Paulo, O Estado de S. Paulo, Di\\u00e1rio Popular, entre outros. Ao transferir a revista vitrine, vers\\u00e3o imprensa, de S\\u00e3o Paulo para Ibi\\u00fana h\\u00e1 alguns anos, iniciou uma nova experi\\u00eancia profissional, dedicando-se ao jornalismo regional, depois de cumprir uma trajet\\u00f3ria bem-sucedida na grande imprensa brasileira. Seu primeiro livro A Coragem de Comunicar foi lan\\u00e7ado na Bienal do Livro em S\\u00e3o Paulo no ano 2000, pela editora Madras.\"}]}<\/script>\n<!-- \/ Yoast SEO plugin. -->","_links":{"self":[{"href":"https:\/\/revistavitrineibiuna.com.br\/index.php?rest_route=\/wp\/v2\/posts\/30788"}],"collection":[{"href":"https:\/\/revistavitrineibiuna.com.br\/index.php?rest_route=\/wp\/v2\/posts"}],"about":[{"href":"https:\/\/revistavitrineibiuna.com.br\/index.php?rest_route=\/wp\/v2\/types\/post"}],"author":[{"embeddable":true,"href":"https:\/\/revistavitrineibiuna.com.br\/index.php?rest_route=\/wp\/v2\/users\/1"}],"replies":[{"embeddable":true,"href":"https:\/\/revistavitrineibiuna.com.br\/index.php?rest_route=%2Fwp%2Fv2%2Fcomments&post=30788"}],"version-history":[{"count":14,"href":"https:\/\/revistavitrineibiuna.com.br\/index.php?rest_route=\/wp\/v2\/posts\/30788\/revisions"}],"predecessor-version":[{"id":30813,"href":"https:\/\/revistavitrineibiuna.com.br\/index.php?rest_route=\/wp\/v2\/posts\/30788\/revisions\/30813"}],"wp:featuredmedia":[{"embeddable":true,"href":"https:\/\/revistavitrineibiuna.com.br\/index.php?rest_route=\/wp\/v2\/media\/30789"}],"wp:attachment":[{"href":"https:\/\/revistavitrineibiuna.com.br\/index.php?rest_route=%2Fwp%2Fv2%2Fmedia&parent=30788"}],"wp:term":[{"taxonomy":"category","embeddable":true,"href":"https:\/\/revistavitrineibiuna.com.br\/index.php?rest_route=%2Fwp%2Fv2%2Fcategories&post=30788"},{"taxonomy":"post_tag","embeddable":true,"href":"https:\/\/revistavitrineibiuna.com.br\/index.php?rest_route=%2Fwp%2Fv2%2Ftags&post=30788"}],"curies":[{"name":"wp","href":"https:\/\/api.w.org\/{rel}","templated":true}]}}