{"id":30814,"date":"2024-02-19T13:54:56","date_gmt":"2024-02-19T16:54:56","guid":{"rendered":"http:\/\/revistavitrineibiuna.com.br\/?p=30814"},"modified":"2024-02-19T19:37:57","modified_gmt":"2024-02-19T22:37:57","slug":"ibiuna-eleicoes-2024-rivalidades-politicas-cegas-travam-progresso-da-cidade","status":"publish","type":"post","link":"https:\/\/revistavitrineibiuna.com.br\/?p=30814","title":{"rendered":"IBI\u00daNA ELEI\u00c7\u00d5ES 2024 \u2013 RIVALIDADES POL\u00cdTICAS \u201cCEGAS\u201d TRAVAM PROGRESSO DA CIDADE"},"content":{"rendered":"\n<p class=\"has-drop-cap\"><strong><u>Vitrine online, visando a contribuir jornalisticamente com o processo eleitoral deste ano no munic\u00edpio de Ibi\u00fana, inicia hoje (19) uma s\u00e9rie de publica\u00e7\u00f5es em prol do voto popular livre e consciente.<\/u><\/strong><\/p>\n\n\n\n<p><strong>FALTAM exatos 230 dias para a defini\u00e7\u00e3o eleitoral de quem ser\u00e3o os ocupantes desses dois pr\u00e9dios: sedes dos poderes Executivo e Legislativo [foto acima], a partir de 1\u00ba de janeiro de 2025.<\/strong><\/p>\n\n\n\n<p><strong>Nunca cheiraram bem, em Ibi\u00fana, os modos como as rivalidades pol\u00edtico-partid\u00e1rias se manifestaram no \u00e2mbito dos bastidores, especialmente nos per\u00edodos que antecedem a corrida eleitoral.<\/strong><\/p>\n\n\n\n<p><strong>T\u00e1 bom, os mais apressados logo dir\u00e3o: \u201cMas isso n\u00e3o acontece s\u00f3 aqui em nossa cidade!\u201d<\/strong><\/p>\n\n\n\n<p><strong>Est\u00e3o certos. N\u00f3s fazemos parte de uma cultura nacional que, invariavelmente, inclui o jogo sujo tanto para os protagonistas conquistarem o poder, quanto para nele se manterem.<\/strong><\/p>\n\n\n\n<p><strong>Este ano, \u00e9 prov\u00e1vel, n\u00e3o dever\u00e1 ser diferente. Talvez nos falte a eleg\u00e2ncia de sociedades mais evolu\u00eddas como a Noruega ou a Su\u00e9cia, onde ministros precisam pegar o metr\u00f4 para chegarem em seus gabinetes, por n\u00e3o contarem com a mordomia tupiniquim.<\/strong><\/p>\n\n\n\n<p><strong>Aqui mesmo, em nossa querida cidade, onde muitas vezes se nota a escassez do polimento verbal entre advers\u00e1rios, certos personagens porejam maledic\u00eancias, tomando o devido cuidado em rela\u00e7\u00e3o aos ouvidos que se encontram pr\u00f3ximos.<\/strong><\/p>\n\n\n\n<p><strong>A ind\u00fastria da fofoca produz n\u00e3o apenas abundantemente, mas n\u00e3o tem controle sobre a forma r\u00e1pida como o dito acaba chegando ao conhecimento do alvo que, por sua vez, se estiver no mesmo plano de baixaria, faz uso do seu tacape verbal, como devolutiva para o que qualifica de uma injustificada m\u00e1-f\u00e9.<\/strong><\/p>\n\n\n\n<p><strong>Se esse fen\u00f4meno fosse um acontecimento de valor secund\u00e1rio, at\u00e9 mesmo desprez\u00edvel do ponto de vista da moral p\u00fablica, v\u00e1 l\u00e1 que poderia n\u00e3o passar de uma forma de demonstrar uma cultura intelectual diminuta.<\/strong><\/p>\n\n\n\n<p><strong>Mas, n\u00e3o! Se em vez de perder tempo com essas impropriedades e inconveni\u00eancias os candidatos se preparassem para realizar um bom governo, tecendo, com sua equipe, planos adequados para solucionar problemas muitas vezes cr\u00f4nicos na cidade, a sociedade teria raz\u00f5es de sobra para ter esperan\u00e7a. O candidato que est\u00e1 maduro para vencer uma elei\u00e7\u00e3o \u00e9 o cara que est\u00e1 pelo menos uma oitava acima de comportamentos vulgares e med\u00edocres.<\/strong><\/p>\n\n\n\n<p><strong>Ibi\u00fana, gente, est\u00e1 a merecer um destino melhor faz d\u00e9cadas. Se voc\u00ea encostar o ouvido com sensibilidade no peito de um ibiunense ouvir\u00e1 dele queixas acumuladas h\u00e1 muito tempo na garganta.<\/strong><\/p>\n\n\n\n<p><strong>Entra ano sai ano, assistimos a repeti\u00e7\u00e3o e ocorr\u00eancia dos mesmos problemas nas \u00e1reas da sa\u00fade, da educa\u00e7\u00e3o, das estradas, da coleta e destina\u00e7\u00e3o do lixo, do transporte p\u00fablico, da falta de empregos, especialmente para os jovens.<\/strong><\/p>\n\n\n\n<p><strong>At\u00e9 agora, passados 23 anos de sua institui\u00e7\u00e3o como est\u00e2ncia tur\u00edstica, continuamos na estaca zero do ponto de vista da constru\u00e7\u00e3o de estruturas de acolhimento de visitantes que se destinam, em cada fim de semana, a munic\u00edpios cong\u00eaneres, gerando milhares de empregos diretos e indiretos. Em suma: progresso.<\/strong><\/p>\n\n\n\n<p><strong>O exemplo mais cl\u00e1ssico desse cen\u00e1rio \u00e9 o terminal rodovi\u00e1rio que entrou em reforma no dia 21 de novembro de 2021 e que somente agora, e com imenso atraso, que criou toda sorte de sofrimento para os usu\u00e1rios do sistema de transporte no munic\u00edpio, dever\u00e1 conclu\u00edda e inaugurada em mar\u00e7o de 2024, num ano eleitoral&#8230;<\/strong><\/p>\n\n\n\n<p><strong>Nunca se viu na hist\u00f3ria recente do munic\u00edpio de Ibi\u00fana uma converg\u00eancia t\u00e3o not\u00f3ria de rep\u00fadio da popula\u00e7\u00e3o a uma obra da maior import\u00e2ncia para a mobilidade p\u00fablica. Afinal, uma rodovi\u00e1ria tem tudo que ver com a movimenta\u00e7\u00e3o tur\u00edstica.<\/strong><\/p>\n","protected":false},"excerpt":{"rendered":"<p>Vitrine online, visando a contribuir jornalisticamente com o processo eleitoral deste ano no munic\u00edpio de Ibi\u00fana, inicia hoje (19) uma<\/p>\n","protected":false},"author":1,"featured_media":30815,"comment_status":"open","ping_status":"open","sticky":false,"template":"","format":"standard","meta":[],"categories":[3],"tags":[],"yoast_head":"<!-- This site is optimized with the Yoast SEO plugin v15.8 - https:\/\/yoast.com\/wordpress\/plugins\/seo\/ -->\n<title>IBI\u00daNA ELEI\u00c7\u00d5ES 2024 \u2013 RIVALIDADES POL\u00cdTICAS \u201cCEGAS\u201d TRAVAM PROGRESSO DA CIDADE - Revista Vitrine Online<\/title>\n<meta name=\"robots\" content=\"index, follow, max-snippet:-1, max-image-preview:large, max-video-preview:-1\" \/>\n<link rel=\"canonical\" href=\"http:\/\/revistavitrineibiuna.com.br\/?p=30814\" \/>\n<meta property=\"og:locale\" content=\"pt_BR\" \/>\n<meta property=\"og:type\" content=\"article\" \/>\n<meta property=\"og:title\" content=\"IBI\u00daNA ELEI\u00c7\u00d5ES 2024 \u2013 RIVALIDADES POL\u00cdTICAS \u201cCEGAS\u201d TRAVAM PROGRESSO DA CIDADE - Revista Vitrine Online\" \/>\n<meta property=\"og:description\" content=\"Vitrine online, visando a contribuir jornalisticamente com o processo eleitoral deste ano no munic\u00edpio de Ibi\u00fana, inicia hoje (19) uma\" \/>\n<meta property=\"og:url\" content=\"http:\/\/revistavitrineibiuna.com.br\/?p=30814\" \/>\n<meta property=\"og:site_name\" content=\"Revista Vitrine Online\" \/>\n<meta property=\"article:published_time\" content=\"2024-02-19T16:54:56+00:00\" \/>\n<meta property=\"article:modified_time\" content=\"2024-02-19T22:37:57+00:00\" \/>\n<meta property=\"og:image\" content=\"https:\/\/revistavitrineibiuna.com.br\/wp-content\/uploads\/2024\/02\/paco-e-camara-fachadas.png\" \/>\n\t<meta property=\"og:image:width\" content=\"1264\" \/>\n\t<meta property=\"og:image:height\" content=\"723\" \/>\n<meta name=\"twitter:card\" content=\"summary\" \/>\n<meta name=\"twitter:label1\" content=\"Est. reading time\">\n\t<meta name=\"twitter:data1\" content=\"3 minutos\">\n<script type=\"application\/ld+json\" class=\"yoast-schema-graph\">{\"@context\":\"https:\/\/schema.org\",\"@graph\":[{\"@type\":\"WebSite\",\"@id\":\"https:\/\/revistavitrineibiuna.com.br\/#website\",\"url\":\"https:\/\/revistavitrineibiuna.com.br\/\",\"name\":\"Revista Vitrine Ibi\\u00fana\",\"description\":\"A Revista de Ibi\\u00fana e Regi\\u00e3o\",\"publisher\":{\"@id\":\"https:\/\/revistavitrineibiuna.com.br\/#\/schema\/person\/e51ef49d6d88170ea21ceabff3f73deb\"},\"potentialAction\":[{\"@type\":\"SearchAction\",\"target\":\"https:\/\/revistavitrineibiuna.com.br\/?s={search_term_string}\",\"query-input\":\"required name=search_term_string\"}],\"inLanguage\":\"pt-BR\"},{\"@type\":\"ImageObject\",\"@id\":\"http:\/\/revistavitrineibiuna.com.br\/?p=30814#primaryimage\",\"inLanguage\":\"pt-BR\",\"url\":\"https:\/\/revistavitrineibiuna.com.br\/wp-content\/uploads\/2024\/02\/paco-e-camara-fachadas.png\",\"width\":1264,\"height\":723},{\"@type\":\"WebPage\",\"@id\":\"http:\/\/revistavitrineibiuna.com.br\/?p=30814#webpage\",\"url\":\"http:\/\/revistavitrineibiuna.com.br\/?p=30814\",\"name\":\"IBI\\u00daNA ELEI\\u00c7\\u00d5ES 2024 \\u2013 RIVALIDADES POL\\u00cdTICAS \\u201cCEGAS\\u201d TRAVAM PROGRESSO DA CIDADE - Revista Vitrine Online\",\"isPartOf\":{\"@id\":\"https:\/\/revistavitrineibiuna.com.br\/#website\"},\"primaryImageOfPage\":{\"@id\":\"http:\/\/revistavitrineibiuna.com.br\/?p=30814#primaryimage\"},\"datePublished\":\"2024-02-19T16:54:56+00:00\",\"dateModified\":\"2024-02-19T22:37:57+00:00\",\"breadcrumb\":{\"@id\":\"http:\/\/revistavitrineibiuna.com.br\/?p=30814#breadcrumb\"},\"inLanguage\":\"pt-BR\",\"potentialAction\":[{\"@type\":\"ReadAction\",\"target\":[\"http:\/\/revistavitrineibiuna.com.br\/?p=30814\"]}]},{\"@type\":\"BreadcrumbList\",\"@id\":\"http:\/\/revistavitrineibiuna.com.br\/?p=30814#breadcrumb\",\"itemListElement\":[{\"@type\":\"ListItem\",\"position\":1,\"item\":{\"@type\":\"WebPage\",\"@id\":\"https:\/\/revistavitrineibiuna.com.br\/\",\"url\":\"https:\/\/revistavitrineibiuna.com.br\/\",\"name\":\"In\\u00edcio\"}},{\"@type\":\"ListItem\",\"position\":2,\"item\":{\"@type\":\"WebPage\",\"@id\":\"http:\/\/revistavitrineibiuna.com.br\/?p=30814\",\"url\":\"http:\/\/revistavitrineibiuna.com.br\/?p=30814\",\"name\":\"IBI\\u00daNA ELEI\\u00c7\\u00d5ES 2024 \\u2013 RIVALIDADES POL\\u00cdTICAS \\u201cCEGAS\\u201d TRAVAM PROGRESSO DA CIDADE\"}}]},{\"@type\":\"Article\",\"@id\":\"http:\/\/revistavitrineibiuna.com.br\/?p=30814#article\",\"isPartOf\":{\"@id\":\"http:\/\/revistavitrineibiuna.com.br\/?p=30814#webpage\"},\"author\":{\"@id\":\"https:\/\/revistavitrineibiuna.com.br\/#\/schema\/person\/e51ef49d6d88170ea21ceabff3f73deb\"},\"headline\":\"IBI\\u00daNA ELEI\\u00c7\\u00d5ES 2024 \\u2013 RIVALIDADES POL\\u00cdTICAS \\u201cCEGAS\\u201d TRAVAM PROGRESSO DA CIDADE\",\"datePublished\":\"2024-02-19T16:54:56+00:00\",\"dateModified\":\"2024-02-19T22:37:57+00:00\",\"mainEntityOfPage\":{\"@id\":\"http:\/\/revistavitrineibiuna.com.br\/?p=30814#webpage\"},\"commentCount\":0,\"publisher\":{\"@id\":\"https:\/\/revistavitrineibiuna.com.br\/#\/schema\/person\/e51ef49d6d88170ea21ceabff3f73deb\"},\"image\":{\"@id\":\"http:\/\/revistavitrineibiuna.com.br\/?p=30814#primaryimage\"},\"articleSection\":\"Not\\u00edcias\",\"inLanguage\":\"pt-BR\",\"potentialAction\":[{\"@type\":\"CommentAction\",\"name\":\"Comment\",\"target\":[\"http:\/\/revistavitrineibiuna.com.br\/?p=30814#respond\"]}]},{\"@type\":[\"Person\",\"Organization\"],\"@id\":\"https:\/\/revistavitrineibiuna.com.br\/#\/schema\/person\/e51ef49d6d88170ea21ceabff3f73deb\",\"name\":\"Carlos Rossini\",\"image\":{\"@type\":\"ImageObject\",\"@id\":\"https:\/\/revistavitrineibiuna.com.br\/#personlogo\",\"inLanguage\":\"pt-BR\",\"url\":\"https:\/\/secure.gravatar.com\/avatar\/4f2d0f99fac1f85c7d643f21f5c8d900?s=96&d=mm&r=g\",\"caption\":\"Carlos Rossini\"},\"logo\":{\"@id\":\"https:\/\/revistavitrineibiuna.com.br\/#personlogo\"},\"description\":\"Carlos Rossini \\u00e9 jornalista, soci\\u00f3logo, escritor e professor universit\\u00e1rio, tendo sido professor de jornalismo por vinte anos. Trabalhou em ve\\u00edculos de comunica\\u00e7\\u00e3o nas fun\\u00e7\\u00f5es de rep\\u00f3rter, redator, editor, articulista e colaborador, como Folha de S. Paulo, O Estado de S. Paulo, Di\\u00e1rio Popular, entre outros. Ao transferir a revista vitrine, vers\\u00e3o imprensa, de S\\u00e3o Paulo para Ibi\\u00fana h\\u00e1 alguns anos, iniciou uma nova experi\\u00eancia profissional, dedicando-se ao jornalismo regional, depois de cumprir uma trajet\\u00f3ria bem-sucedida na grande imprensa brasileira. Seu primeiro livro A Coragem de Comunicar foi lan\\u00e7ado na Bienal do Livro em S\\u00e3o Paulo no ano 2000, pela editora Madras.\"}]}<\/script>\n<!-- \/ Yoast SEO plugin. -->","_links":{"self":[{"href":"https:\/\/revistavitrineibiuna.com.br\/index.php?rest_route=\/wp\/v2\/posts\/30814"}],"collection":[{"href":"https:\/\/revistavitrineibiuna.com.br\/index.php?rest_route=\/wp\/v2\/posts"}],"about":[{"href":"https:\/\/revistavitrineibiuna.com.br\/index.php?rest_route=\/wp\/v2\/types\/post"}],"author":[{"embeddable":true,"href":"https:\/\/revistavitrineibiuna.com.br\/index.php?rest_route=\/wp\/v2\/users\/1"}],"replies":[{"embeddable":true,"href":"https:\/\/revistavitrineibiuna.com.br\/index.php?rest_route=%2Fwp%2Fv2%2Fcomments&post=30814"}],"version-history":[{"count":1,"href":"https:\/\/revistavitrineibiuna.com.br\/index.php?rest_route=\/wp\/v2\/posts\/30814\/revisions"}],"predecessor-version":[{"id":30816,"href":"https:\/\/revistavitrineibiuna.com.br\/index.php?rest_route=\/wp\/v2\/posts\/30814\/revisions\/30816"}],"wp:featuredmedia":[{"embeddable":true,"href":"https:\/\/revistavitrineibiuna.com.br\/index.php?rest_route=\/wp\/v2\/media\/30815"}],"wp:attachment":[{"href":"https:\/\/revistavitrineibiuna.com.br\/index.php?rest_route=%2Fwp%2Fv2%2Fmedia&parent=30814"}],"wp:term":[{"taxonomy":"category","embeddable":true,"href":"https:\/\/revistavitrineibiuna.com.br\/index.php?rest_route=%2Fwp%2Fv2%2Fcategories&post=30814"},{"taxonomy":"post_tag","embeddable":true,"href":"https:\/\/revistavitrineibiuna.com.br\/index.php?rest_route=%2Fwp%2Fv2%2Ftags&post=30814"}],"curies":[{"name":"wp","href":"https:\/\/api.w.org\/{rel}","templated":true}]}}