{"id":30818,"date":"2024-02-21T11:00:00","date_gmt":"2024-02-21T14:00:00","guid":{"rendered":"http:\/\/revistavitrineibiuna.com.br\/?p=30818"},"modified":"2024-02-21T11:05:51","modified_gmt":"2024-02-21T14:05:51","slug":"ibiuna-servico-de-postagem-do-correio-esta-paralisado","status":"publish","type":"post","link":"https:\/\/revistavitrineibiuna.com.br\/?p=30818","title":{"rendered":"IBI\u00daNA \u2013 SERVI\u00c7O DE POSTAGEM DO CORREIO EST\u00c1 PARALISADO"},"content":{"rendered":"\n<p class=\"has-drop-cap\"><strong>As pessoas que procuraram a ag\u00eancia dos Correios no munic\u00edpio de Ibi\u00fana, localizado na Rua Oswaldo Cruz, na manh\u00e3 de hoje (21) n\u00e3o conseguiram realizar servi\u00e7os de postagens de suas mercadorias, por falta de sistema.<\/strong><\/p>\n\n\n\n<p><strong>Um usu\u00e1rio desse servi\u00e7o se queixou que ficou mais de tr\u00eas horas na fila, sem conseguir despachar um produto.<\/strong><\/p>\n\n\n\n<p><strong>Um funcion\u00e1rio da ag\u00eancia orientou os clientes a retornarem mais tarde ou procurarem ag\u00eancias em cidades vizinhas, como S\u00e3o Roque ou Piedade.<\/strong><\/p>\n\n\n\n<p><strong>O \u00fanico servi\u00e7o que est\u00e1 funcionando hoje, pelo menos at\u00e9 o momento, \u00e9 a retirada de mercadorias e correspond\u00eancias.<\/strong><\/p>\n\n\n\n<p><strong>SINAL DA VIVO<\/strong><\/p>\n\n\n\n<p><strong>Vitrine online entrou em contato com a ag\u00eancia e foi informada que esse problema j\u00e1 ocorreu antes, chegando a ficar fora do ar durante todo o dia numa quinta e numa sexta-feira.<\/strong><\/p>\n\n\n\n<p><strong>A causa apontada \u00e9 o sinal fornecido pela Vivo que tem ca\u00eddo ou oscilado a ponto de n\u00e3o permitir o fluxo normal do servi\u00e7o.<\/strong><\/p>\n\n\n\n<p><strong>\u201cN\u00f3s tamb\u00e9m estamos sendo prejudicados porque n\u00e3o estamos podendo atender satisfatoriamente \u00e0 popula\u00e7\u00e3o\u201d, disse um funcion\u00e1rio.<\/strong><\/p>\n\n\n\n<p><strong>Um banc\u00e1rio que igualmente n\u00e3o conseguiu realizar o envio de uma mercadoria disse ter ouvido muitas queixas no local, mas que as pessoas tiveram mesmo \u00e9 que deixar a ag\u00eancia frustradas.<\/strong><\/p>\n\n\n\n<p><strong>At\u00e9 a reda\u00e7\u00e3o desta not\u00edcia, n\u00e3o havia previs\u00e3o de volta do sistema.<\/strong><\/p>\n","protected":false},"excerpt":{"rendered":"<p>As pessoas que procuraram a ag\u00eancia dos Correios no munic\u00edpio de Ibi\u00fana, localizado na Rua Oswaldo Cruz, na manh\u00e3 de<\/p>\n","protected":false},"author":1,"featured_media":30819,"comment_status":"open","ping_status":"open","sticky":false,"template":"","format":"standard","meta":[],"categories":[3],"tags":[],"yoast_head":"<!-- This site is optimized with the Yoast SEO plugin v15.8 - https:\/\/yoast.com\/wordpress\/plugins\/seo\/ -->\n<title>IBI\u00daNA \u2013 SERVI\u00c7O DE POSTAGEM DO CORREIO EST\u00c1 PARALISADO - Revista Vitrine Online<\/title>\n<meta name=\"robots\" content=\"index, follow, max-snippet:-1, max-image-preview:large, max-video-preview:-1\" \/>\n<link rel=\"canonical\" href=\"http:\/\/revistavitrineibiuna.com.br\/?p=30818\" \/>\n<meta property=\"og:locale\" content=\"pt_BR\" \/>\n<meta property=\"og:type\" content=\"article\" \/>\n<meta property=\"og:title\" content=\"IBI\u00daNA \u2013 SERVI\u00c7O DE POSTAGEM DO CORREIO EST\u00c1 PARALISADO - Revista Vitrine Online\" \/>\n<meta property=\"og:description\" content=\"As pessoas que procuraram a ag\u00eancia dos Correios no munic\u00edpio de Ibi\u00fana, localizado na Rua Oswaldo Cruz, na manh\u00e3 de\" \/>\n<meta property=\"og:url\" content=\"http:\/\/revistavitrineibiuna.com.br\/?p=30818\" \/>\n<meta property=\"og:site_name\" content=\"Revista Vitrine Online\" \/>\n<meta property=\"article:published_time\" content=\"2024-02-21T14:00:00+00:00\" \/>\n<meta property=\"article:modified_time\" content=\"2024-02-21T14:05:51+00:00\" \/>\n<meta property=\"og:image\" content=\"https:\/\/revistavitrineibiuna.com.br\/wp-content\/uploads\/2024\/02\/correio-ibiuna.png\" \/>\n\t<meta property=\"og:image:width\" content=\"717\" \/>\n\t<meta property=\"og:image:height\" content=\"413\" \/>\n<meta name=\"twitter:card\" content=\"summary\" \/>\n<meta name=\"twitter:label1\" content=\"Est. reading time\">\n\t<meta name=\"twitter:data1\" content=\"1 minuto\">\n<script type=\"application\/ld+json\" class=\"yoast-schema-graph\">{\"@context\":\"https:\/\/schema.org\",\"@graph\":[{\"@type\":\"WebSite\",\"@id\":\"https:\/\/revistavitrineibiuna.com.br\/#website\",\"url\":\"https:\/\/revistavitrineibiuna.com.br\/\",\"name\":\"Revista Vitrine Ibi\\u00fana\",\"description\":\"A Revista de Ibi\\u00fana e Regi\\u00e3o\",\"publisher\":{\"@id\":\"https:\/\/revistavitrineibiuna.com.br\/#\/schema\/person\/e51ef49d6d88170ea21ceabff3f73deb\"},\"potentialAction\":[{\"@type\":\"SearchAction\",\"target\":\"https:\/\/revistavitrineibiuna.com.br\/?s={search_term_string}\",\"query-input\":\"required name=search_term_string\"}],\"inLanguage\":\"pt-BR\"},{\"@type\":\"ImageObject\",\"@id\":\"http:\/\/revistavitrineibiuna.com.br\/?p=30818#primaryimage\",\"inLanguage\":\"pt-BR\",\"url\":\"https:\/\/revistavitrineibiuna.com.br\/wp-content\/uploads\/2024\/02\/correio-ibiuna.png\",\"width\":717,\"height\":413},{\"@type\":\"WebPage\",\"@id\":\"http:\/\/revistavitrineibiuna.com.br\/?p=30818#webpage\",\"url\":\"http:\/\/revistavitrineibiuna.com.br\/?p=30818\",\"name\":\"IBI\\u00daNA \\u2013 SERVI\\u00c7O DE POSTAGEM DO CORREIO EST\\u00c1 PARALISADO - Revista Vitrine Online\",\"isPartOf\":{\"@id\":\"https:\/\/revistavitrineibiuna.com.br\/#website\"},\"primaryImageOfPage\":{\"@id\":\"http:\/\/revistavitrineibiuna.com.br\/?p=30818#primaryimage\"},\"datePublished\":\"2024-02-21T14:00:00+00:00\",\"dateModified\":\"2024-02-21T14:05:51+00:00\",\"breadcrumb\":{\"@id\":\"http:\/\/revistavitrineibiuna.com.br\/?p=30818#breadcrumb\"},\"inLanguage\":\"pt-BR\",\"potentialAction\":[{\"@type\":\"ReadAction\",\"target\":[\"http:\/\/revistavitrineibiuna.com.br\/?p=30818\"]}]},{\"@type\":\"BreadcrumbList\",\"@id\":\"http:\/\/revistavitrineibiuna.com.br\/?p=30818#breadcrumb\",\"itemListElement\":[{\"@type\":\"ListItem\",\"position\":1,\"item\":{\"@type\":\"WebPage\",\"@id\":\"https:\/\/revistavitrineibiuna.com.br\/\",\"url\":\"https:\/\/revistavitrineibiuna.com.br\/\",\"name\":\"In\\u00edcio\"}},{\"@type\":\"ListItem\",\"position\":2,\"item\":{\"@type\":\"WebPage\",\"@id\":\"http:\/\/revistavitrineibiuna.com.br\/?p=30818\",\"url\":\"http:\/\/revistavitrineibiuna.com.br\/?p=30818\",\"name\":\"IBI\\u00daNA \\u2013 SERVI\\u00c7O DE POSTAGEM DO CORREIO EST\\u00c1 PARALISADO\"}}]},{\"@type\":\"Article\",\"@id\":\"http:\/\/revistavitrineibiuna.com.br\/?p=30818#article\",\"isPartOf\":{\"@id\":\"http:\/\/revistavitrineibiuna.com.br\/?p=30818#webpage\"},\"author\":{\"@id\":\"https:\/\/revistavitrineibiuna.com.br\/#\/schema\/person\/e51ef49d6d88170ea21ceabff3f73deb\"},\"headline\":\"IBI\\u00daNA \\u2013 SERVI\\u00c7O DE POSTAGEM DO CORREIO EST\\u00c1 PARALISADO\",\"datePublished\":\"2024-02-21T14:00:00+00:00\",\"dateModified\":\"2024-02-21T14:05:51+00:00\",\"mainEntityOfPage\":{\"@id\":\"http:\/\/revistavitrineibiuna.com.br\/?p=30818#webpage\"},\"commentCount\":0,\"publisher\":{\"@id\":\"https:\/\/revistavitrineibiuna.com.br\/#\/schema\/person\/e51ef49d6d88170ea21ceabff3f73deb\"},\"image\":{\"@id\":\"http:\/\/revistavitrineibiuna.com.br\/?p=30818#primaryimage\"},\"articleSection\":\"Not\\u00edcias\",\"inLanguage\":\"pt-BR\",\"potentialAction\":[{\"@type\":\"CommentAction\",\"name\":\"Comment\",\"target\":[\"http:\/\/revistavitrineibiuna.com.br\/?p=30818#respond\"]}]},{\"@type\":[\"Person\",\"Organization\"],\"@id\":\"https:\/\/revistavitrineibiuna.com.br\/#\/schema\/person\/e51ef49d6d88170ea21ceabff3f73deb\",\"name\":\"Carlos Rossini\",\"image\":{\"@type\":\"ImageObject\",\"@id\":\"https:\/\/revistavitrineibiuna.com.br\/#personlogo\",\"inLanguage\":\"pt-BR\",\"url\":\"https:\/\/secure.gravatar.com\/avatar\/4f2d0f99fac1f85c7d643f21f5c8d900?s=96&d=mm&r=g\",\"caption\":\"Carlos Rossini\"},\"logo\":{\"@id\":\"https:\/\/revistavitrineibiuna.com.br\/#personlogo\"},\"description\":\"Carlos Rossini \\u00e9 jornalista, soci\\u00f3logo, escritor e professor universit\\u00e1rio, tendo sido professor de jornalismo por vinte anos. Trabalhou em ve\\u00edculos de comunica\\u00e7\\u00e3o nas fun\\u00e7\\u00f5es de rep\\u00f3rter, redator, editor, articulista e colaborador, como Folha de S. Paulo, O Estado de S. Paulo, Di\\u00e1rio Popular, entre outros. Ao transferir a revista vitrine, vers\\u00e3o imprensa, de S\\u00e3o Paulo para Ibi\\u00fana h\\u00e1 alguns anos, iniciou uma nova experi\\u00eancia profissional, dedicando-se ao jornalismo regional, depois de cumprir uma trajet\\u00f3ria bem-sucedida na grande imprensa brasileira. Seu primeiro livro A Coragem de Comunicar foi lan\\u00e7ado na Bienal do Livro em S\\u00e3o Paulo no ano 2000, pela editora Madras.\"}]}<\/script>\n<!-- \/ Yoast SEO plugin. -->","_links":{"self":[{"href":"https:\/\/revistavitrineibiuna.com.br\/index.php?rest_route=\/wp\/v2\/posts\/30818"}],"collection":[{"href":"https:\/\/revistavitrineibiuna.com.br\/index.php?rest_route=\/wp\/v2\/posts"}],"about":[{"href":"https:\/\/revistavitrineibiuna.com.br\/index.php?rest_route=\/wp\/v2\/types\/post"}],"author":[{"embeddable":true,"href":"https:\/\/revistavitrineibiuna.com.br\/index.php?rest_route=\/wp\/v2\/users\/1"}],"replies":[{"embeddable":true,"href":"https:\/\/revistavitrineibiuna.com.br\/index.php?rest_route=%2Fwp%2Fv2%2Fcomments&post=30818"}],"version-history":[{"count":2,"href":"https:\/\/revistavitrineibiuna.com.br\/index.php?rest_route=\/wp\/v2\/posts\/30818\/revisions"}],"predecessor-version":[{"id":30821,"href":"https:\/\/revistavitrineibiuna.com.br\/index.php?rest_route=\/wp\/v2\/posts\/30818\/revisions\/30821"}],"wp:featuredmedia":[{"embeddable":true,"href":"https:\/\/revistavitrineibiuna.com.br\/index.php?rest_route=\/wp\/v2\/media\/30819"}],"wp:attachment":[{"href":"https:\/\/revistavitrineibiuna.com.br\/index.php?rest_route=%2Fwp%2Fv2%2Fmedia&parent=30818"}],"wp:term":[{"taxonomy":"category","embeddable":true,"href":"https:\/\/revistavitrineibiuna.com.br\/index.php?rest_route=%2Fwp%2Fv2%2Fcategories&post=30818"},{"taxonomy":"post_tag","embeddable":true,"href":"https:\/\/revistavitrineibiuna.com.br\/index.php?rest_route=%2Fwp%2Fv2%2Ftags&post=30818"}],"curies":[{"name":"wp","href":"https:\/\/api.w.org\/{rel}","templated":true}]}}