{"id":30822,"date":"2024-02-21T13:30:45","date_gmt":"2024-02-21T16:30:45","guid":{"rendered":"http:\/\/revistavitrineibiuna.com.br\/?p=30822"},"modified":"2024-02-21T13:30:46","modified_gmt":"2024-02-21T16:30:46","slug":"ibiuna-eleicoes-2024-voce-e-politicamente-responsavel-pelo-governo-que-elege","status":"publish","type":"post","link":"https:\/\/revistavitrineibiuna.com.br\/?p=30822","title":{"rendered":"IBI\u00daNA ELEI\u00c7\u00d5ES 2024 \u2013 VOC\u00ca \u00c9 POLITICAMENTE RESPONS\u00c1VEL PELO GOVERNO QUE ELEGE"},"content":{"rendered":"\n<p class=\"has-drop-cap\"><strong><u>Vitrine online, visando a contribuir jornalisticamente com o processo eleitoral deste ano no munic\u00edpio de Ibi\u00fana, iniciou a publica\u00e7\u00e3o de uma s\u00e9rie de mat\u00e9rias em prol do voto popular livre e consciente.<\/u><\/strong><\/p>\n\n\n\n<p><strong>Com not\u00e1vel frequ\u00eancia, muitos cidad\u00e3os ibiunenses evitam se manifestar sobre quest\u00f5es relacionadas \u00e0 pol\u00edtica. Uma das raz\u00f5es \u00e9 a m\u00e1 fama que essa atividade desperta na popula\u00e7\u00e3o devido ao comportamento muitas vezes nefasto dos seus protagonistas, tanto no Poder Executivo quanto Legislativo.<\/strong><\/p>\n\n\n\n<p><strong>Da\u00ed para um desinteresse generalizado pelo assunto, al\u00e9m de not\u00f3rias frustra\u00e7\u00f5es e at\u00e9 mesmo revolta quando surgem not\u00edcias, n\u00e3o raras, de v\u00e1rias modalidades de corrup\u00e7\u00e3o e apropria\u00e7\u00e3o de dinheiro p\u00fablico.<\/strong><\/p>\n\n\n\n<p><strong>Essa imagem da pol\u00edtica diz respeito \u00e0 pol\u00edtica partid\u00e1ria recheada de esc\u00e2ndalos e falta de vergonha de seus agentes descarados.<\/strong><\/p>\n\n\n\n<p><strong>Mas essa pol\u00edtica que se tornou objeto de esc\u00e1rnio da sociedade civil n\u00e3o tem nada a ver com a pol\u00edtica em seu sentido excelente e original. Pol\u00edtica [do grego polis = cidade + tica = atividade] \u00e9, na verdade a organiza\u00e7\u00e3o, dire\u00e7\u00e3o e administra\u00e7\u00e3o de uma cidade, ou de uma na\u00e7\u00e3o.<\/strong><\/p>\n\n\n\n<p><strong>Pol\u00edtica, em suma, lida com os assuntos p\u00fablicos, em nome dos cidad\u00e3os. Diz respeito ao bem p\u00fablico, \u00e0 vida em comum, \u00e0s regras, leis e normas de conduta da vida e, sobretudo, dos atos de decis\u00e3o que afetar\u00e3o todas essas quest\u00f5es.<\/strong><\/p>\n\n\n\n<p><strong>Essa perspectiva abrange as pol\u00edticas p\u00fablicas, decis\u00f5es, projetos, ideias, medidas, planos; enfim, ferramentas governamentais ou n\u00e3o que limitam, direcionam, e podem melhorar ou piorar o dia a dia da sociedade.<\/strong><\/p>\n\n\n\n<p><strong>Voc\u00ea, leitor ou leitora, a partir dessas refer\u00eancias pode enxergar com clareza se um governo cumpriu bem ou n\u00e3o suas responsabilidades, se \u00e9 merecedor de confian\u00e7a ou n\u00e3o.<\/strong><\/p>\n\n\n\n<p><strong>Pode ainda mais: desenvolver um senso cr\u00edtico aut\u00f4nomo e livre das influ\u00eancias e manipula\u00e7\u00f5es que os governantes de modo geral procuram exercer sobre os cidad\u00e3os.<\/strong><\/p>\n\n\n\n<p><strong>Dizer que os pol\u00edticos precisam da mentira para se manterem no poder \u00e9 chover no molhado, ainda que nem todos os pol\u00edticos sejam necessariamente mentirosos.<\/strong><\/p>\n\n\n\n<p><strong>Pois \u00e9! Gra\u00e7as a esse preconceito gerado pela famigerada pol\u00edtica partid\u00e1ria em nosso pa\u00eds, nos n\u00edveis federal, estadual e municipal e o consequente desinteresse e distanciamento da popula\u00e7\u00e3o, as raposas pol\u00edticas tiram todo o proveito e procuram se perpetuar no poder.<\/strong><\/p>\n\n\n\n<p><strong>Mas, agora que j\u00e1 sabe tudo isso, pense e n\u00e3o se deixe enganar nas pr\u00f3ximas elei\u00e7\u00f5es. Exer\u00e7a seu voto com liberdade e de modo consciente. Voc\u00ea, sua fam\u00edlia, seus vizinhos, sua cidade s\u00f3 ter\u00e3o a ganhar com isso.<\/strong><\/p>\n\n\n\n<p><strong>O QUE \u00c9 VOTO CONSCIENTE<\/strong><\/p>\n\n\n\n<p><strong>Voto consciente, entre outras peculiaridades, \u00e9 aquele baseado em informa\u00e7\u00f5es confi\u00e1veis dos candidatos. Essas informa\u00e7\u00f5es devem apontar quem est\u00e1 mais apto a atender \u00e0s necessidades da popula\u00e7\u00e3o. De seu lado, o eleitor deve usar a raz\u00e3o e o desapego: antes de pensar em vantagens pessoais, deve pensar na coletividade para definir seu voto. Quando voc\u00ea estiver pronto, poder\u00e1 eleger o mais apto a administrar o patrim\u00f4nio e o interesse p\u00fablico.<\/strong><\/p>\n\n\n\n<p><strong>\u00c9 oportuno lembrar que exercer um voto consciente depende da capacidade de pensar, de conhecer e de perceber a realidade.<\/strong><\/p>\n","protected":false},"excerpt":{"rendered":"<p>Vitrine online, visando a contribuir jornalisticamente com o processo eleitoral deste ano no munic\u00edpio de Ibi\u00fana, iniciou a publica\u00e7\u00e3o de<\/p>\n","protected":false},"author":1,"featured_media":30815,"comment_status":"open","ping_status":"open","sticky":false,"template":"","format":"standard","meta":[],"categories":[3],"tags":[],"yoast_head":"<!-- This site is optimized with the Yoast SEO plugin v15.8 - https:\/\/yoast.com\/wordpress\/plugins\/seo\/ -->\n<title>IBI\u00daNA ELEI\u00c7\u00d5ES 2024 \u2013 VOC\u00ca \u00c9 POLITICAMENTE RESPONS\u00c1VEL PELO GOVERNO QUE ELEGE - Revista Vitrine Online<\/title>\n<meta name=\"robots\" content=\"index, follow, max-snippet:-1, max-image-preview:large, max-video-preview:-1\" \/>\n<link rel=\"canonical\" href=\"http:\/\/revistavitrineibiuna.com.br\/?p=30822\" \/>\n<meta property=\"og:locale\" content=\"pt_BR\" \/>\n<meta property=\"og:type\" content=\"article\" \/>\n<meta property=\"og:title\" content=\"IBI\u00daNA ELEI\u00c7\u00d5ES 2024 \u2013 VOC\u00ca \u00c9 POLITICAMENTE RESPONS\u00c1VEL PELO GOVERNO QUE ELEGE - Revista Vitrine Online\" \/>\n<meta property=\"og:description\" content=\"Vitrine online, visando a contribuir jornalisticamente com o processo eleitoral deste ano no munic\u00edpio de Ibi\u00fana, iniciou a publica\u00e7\u00e3o de\" \/>\n<meta property=\"og:url\" content=\"http:\/\/revistavitrineibiuna.com.br\/?p=30822\" \/>\n<meta property=\"og:site_name\" content=\"Revista Vitrine Online\" \/>\n<meta property=\"article:published_time\" content=\"2024-02-21T16:30:45+00:00\" \/>\n<meta property=\"article:modified_time\" content=\"2024-02-21T16:30:46+00:00\" \/>\n<meta property=\"og:image\" content=\"https:\/\/revistavitrineibiuna.com.br\/wp-content\/uploads\/2024\/02\/paco-e-camara-fachadas.png\" \/>\n\t<meta property=\"og:image:width\" content=\"1264\" \/>\n\t<meta property=\"og:image:height\" content=\"723\" \/>\n<meta name=\"twitter:card\" content=\"summary\" \/>\n<meta name=\"twitter:label1\" content=\"Est. reading time\">\n\t<meta name=\"twitter:data1\" content=\"3 minutos\">\n<script type=\"application\/ld+json\" class=\"yoast-schema-graph\">{\"@context\":\"https:\/\/schema.org\",\"@graph\":[{\"@type\":\"WebSite\",\"@id\":\"https:\/\/revistavitrineibiuna.com.br\/#website\",\"url\":\"https:\/\/revistavitrineibiuna.com.br\/\",\"name\":\"Revista Vitrine Ibi\\u00fana\",\"description\":\"A Revista de Ibi\\u00fana e Regi\\u00e3o\",\"publisher\":{\"@id\":\"https:\/\/revistavitrineibiuna.com.br\/#\/schema\/person\/e51ef49d6d88170ea21ceabff3f73deb\"},\"potentialAction\":[{\"@type\":\"SearchAction\",\"target\":\"https:\/\/revistavitrineibiuna.com.br\/?s={search_term_string}\",\"query-input\":\"required name=search_term_string\"}],\"inLanguage\":\"pt-BR\"},{\"@type\":\"ImageObject\",\"@id\":\"http:\/\/revistavitrineibiuna.com.br\/?p=30822#primaryimage\",\"inLanguage\":\"pt-BR\",\"url\":\"https:\/\/revistavitrineibiuna.com.br\/wp-content\/uploads\/2024\/02\/paco-e-camara-fachadas.png\",\"width\":1264,\"height\":723},{\"@type\":\"WebPage\",\"@id\":\"http:\/\/revistavitrineibiuna.com.br\/?p=30822#webpage\",\"url\":\"http:\/\/revistavitrineibiuna.com.br\/?p=30822\",\"name\":\"IBI\\u00daNA ELEI\\u00c7\\u00d5ES 2024 \\u2013 VOC\\u00ca \\u00c9 POLITICAMENTE RESPONS\\u00c1VEL PELO GOVERNO QUE ELEGE - Revista Vitrine Online\",\"isPartOf\":{\"@id\":\"https:\/\/revistavitrineibiuna.com.br\/#website\"},\"primaryImageOfPage\":{\"@id\":\"http:\/\/revistavitrineibiuna.com.br\/?p=30822#primaryimage\"},\"datePublished\":\"2024-02-21T16:30:45+00:00\",\"dateModified\":\"2024-02-21T16:30:46+00:00\",\"breadcrumb\":{\"@id\":\"http:\/\/revistavitrineibiuna.com.br\/?p=30822#breadcrumb\"},\"inLanguage\":\"pt-BR\",\"potentialAction\":[{\"@type\":\"ReadAction\",\"target\":[\"http:\/\/revistavitrineibiuna.com.br\/?p=30822\"]}]},{\"@type\":\"BreadcrumbList\",\"@id\":\"http:\/\/revistavitrineibiuna.com.br\/?p=30822#breadcrumb\",\"itemListElement\":[{\"@type\":\"ListItem\",\"position\":1,\"item\":{\"@type\":\"WebPage\",\"@id\":\"https:\/\/revistavitrineibiuna.com.br\/\",\"url\":\"https:\/\/revistavitrineibiuna.com.br\/\",\"name\":\"In\\u00edcio\"}},{\"@type\":\"ListItem\",\"position\":2,\"item\":{\"@type\":\"WebPage\",\"@id\":\"http:\/\/revistavitrineibiuna.com.br\/?p=30822\",\"url\":\"http:\/\/revistavitrineibiuna.com.br\/?p=30822\",\"name\":\"IBI\\u00daNA ELEI\\u00c7\\u00d5ES 2024 \\u2013 VOC\\u00ca \\u00c9 POLITICAMENTE RESPONS\\u00c1VEL PELO GOVERNO QUE ELEGE\"}}]},{\"@type\":\"Article\",\"@id\":\"http:\/\/revistavitrineibiuna.com.br\/?p=30822#article\",\"isPartOf\":{\"@id\":\"http:\/\/revistavitrineibiuna.com.br\/?p=30822#webpage\"},\"author\":{\"@id\":\"https:\/\/revistavitrineibiuna.com.br\/#\/schema\/person\/e51ef49d6d88170ea21ceabff3f73deb\"},\"headline\":\"IBI\\u00daNA ELEI\\u00c7\\u00d5ES 2024 \\u2013 VOC\\u00ca \\u00c9 POLITICAMENTE RESPONS\\u00c1VEL PELO GOVERNO QUE ELEGE\",\"datePublished\":\"2024-02-21T16:30:45+00:00\",\"dateModified\":\"2024-02-21T16:30:46+00:00\",\"mainEntityOfPage\":{\"@id\":\"http:\/\/revistavitrineibiuna.com.br\/?p=30822#webpage\"},\"commentCount\":0,\"publisher\":{\"@id\":\"https:\/\/revistavitrineibiuna.com.br\/#\/schema\/person\/e51ef49d6d88170ea21ceabff3f73deb\"},\"image\":{\"@id\":\"http:\/\/revistavitrineibiuna.com.br\/?p=30822#primaryimage\"},\"articleSection\":\"Not\\u00edcias\",\"inLanguage\":\"pt-BR\",\"potentialAction\":[{\"@type\":\"CommentAction\",\"name\":\"Comment\",\"target\":[\"http:\/\/revistavitrineibiuna.com.br\/?p=30822#respond\"]}]},{\"@type\":[\"Person\",\"Organization\"],\"@id\":\"https:\/\/revistavitrineibiuna.com.br\/#\/schema\/person\/e51ef49d6d88170ea21ceabff3f73deb\",\"name\":\"Carlos Rossini\",\"image\":{\"@type\":\"ImageObject\",\"@id\":\"https:\/\/revistavitrineibiuna.com.br\/#personlogo\",\"inLanguage\":\"pt-BR\",\"url\":\"https:\/\/secure.gravatar.com\/avatar\/4f2d0f99fac1f85c7d643f21f5c8d900?s=96&d=mm&r=g\",\"caption\":\"Carlos Rossini\"},\"logo\":{\"@id\":\"https:\/\/revistavitrineibiuna.com.br\/#personlogo\"},\"description\":\"Carlos Rossini \\u00e9 jornalista, soci\\u00f3logo, escritor e professor universit\\u00e1rio, tendo sido professor de jornalismo por vinte anos. Trabalhou em ve\\u00edculos de comunica\\u00e7\\u00e3o nas fun\\u00e7\\u00f5es de rep\\u00f3rter, redator, editor, articulista e colaborador, como Folha de S. Paulo, O Estado de S. Paulo, Di\\u00e1rio Popular, entre outros. Ao transferir a revista vitrine, vers\\u00e3o imprensa, de S\\u00e3o Paulo para Ibi\\u00fana h\\u00e1 alguns anos, iniciou uma nova experi\\u00eancia profissional, dedicando-se ao jornalismo regional, depois de cumprir uma trajet\\u00f3ria bem-sucedida na grande imprensa brasileira. Seu primeiro livro A Coragem de Comunicar foi lan\\u00e7ado na Bienal do Livro em S\\u00e3o Paulo no ano 2000, pela editora Madras.\"}]}<\/script>\n<!-- \/ Yoast SEO plugin. -->","_links":{"self":[{"href":"https:\/\/revistavitrineibiuna.com.br\/index.php?rest_route=\/wp\/v2\/posts\/30822"}],"collection":[{"href":"https:\/\/revistavitrineibiuna.com.br\/index.php?rest_route=\/wp\/v2\/posts"}],"about":[{"href":"https:\/\/revistavitrineibiuna.com.br\/index.php?rest_route=\/wp\/v2\/types\/post"}],"author":[{"embeddable":true,"href":"https:\/\/revistavitrineibiuna.com.br\/index.php?rest_route=\/wp\/v2\/users\/1"}],"replies":[{"embeddable":true,"href":"https:\/\/revistavitrineibiuna.com.br\/index.php?rest_route=%2Fwp%2Fv2%2Fcomments&post=30822"}],"version-history":[{"count":1,"href":"https:\/\/revistavitrineibiuna.com.br\/index.php?rest_route=\/wp\/v2\/posts\/30822\/revisions"}],"predecessor-version":[{"id":30823,"href":"https:\/\/revistavitrineibiuna.com.br\/index.php?rest_route=\/wp\/v2\/posts\/30822\/revisions\/30823"}],"wp:featuredmedia":[{"embeddable":true,"href":"https:\/\/revistavitrineibiuna.com.br\/index.php?rest_route=\/wp\/v2\/media\/30815"}],"wp:attachment":[{"href":"https:\/\/revistavitrineibiuna.com.br\/index.php?rest_route=%2Fwp%2Fv2%2Fmedia&parent=30822"}],"wp:term":[{"taxonomy":"category","embeddable":true,"href":"https:\/\/revistavitrineibiuna.com.br\/index.php?rest_route=%2Fwp%2Fv2%2Fcategories&post=30822"},{"taxonomy":"post_tag","embeddable":true,"href":"https:\/\/revistavitrineibiuna.com.br\/index.php?rest_route=%2Fwp%2Fv2%2Ftags&post=30822"}],"curies":[{"name":"wp","href":"https:\/\/api.w.org\/{rel}","templated":true}]}}