{"id":30824,"date":"2024-02-23T18:12:07","date_gmt":"2024-02-23T21:12:07","guid":{"rendered":"http:\/\/revistavitrineibiuna.com.br\/?p=30824"},"modified":"2024-02-23T20:15:56","modified_gmt":"2024-02-23T23:15:56","slug":"ibiuna-assembleia-aprova-contas-da-cetril-por-unanimidade","status":"publish","type":"post","link":"https:\/\/revistavitrineibiuna.com.br\/?p=30824","title":{"rendered":"IBI\u00daNA \u2013 ASSEMBLEIA APROVA CONTAS DA CETRIL POR UNANIMIDADE"},"content":{"rendered":"\n<p class=\"has-drop-cap\"><strong>A Cooperativa de Eletrifica\u00e7\u00e3o de Ibi\u00fana e Regi\u00e3o \u2013 Cetril promoveu na manh\u00e3 de hoje (23) duas assembleias anuais [uma ordin\u00e1ria e outra, extraordin\u00e1ria], em que foram aprovadas, por unanimidade, tanto as contas relativas ao exerc\u00edcio de 2023 quanto algumas mudan\u00e7as estatut\u00e1rias exigidas pela ANEEL \u2013 Ag\u00eancia Nacional de Energia.<\/strong><\/p>\n\n\n\n<p><strong>Ambos os eventos, com duas horas de dura\u00e7\u00e3o, foram realizados na sede do CCEI \u2013 Centro Cultural Esportivo de Ibi\u00fana e contaram com a participa\u00e7\u00e3o de cerca de trezentas pessoas, entre autoridades do Poder Executivo e do Legislativo, do setor el\u00e9trico e cooperados.<\/strong><\/p>\n\n\n\n<p><strong>\u201cCom essas assembleias, n\u00f3s cumprimos a miss\u00e3o de informar com transpar\u00eancia os direitos dos cooperados, assim como a popula\u00e7\u00e3o em geral de Ibi\u00fana, e reiteramos nossa miss\u00e3o de levar energia de qualidade a todos os consumidores\u201d, afirmou o presidente da entidade, N\u00e9lio Leite, em entrevista \u00e0 TVUNA.<\/strong><\/p>\n\n\n\n<figure class=\"wp-block-image size-large\"><img loading=\"lazy\" width=\"1024\" height=\"661\" src=\"https:\/\/revistavitrineibiuna.com.br\/wp-content\/uploads\/2024\/02\/assembleia-cetril-2-1024x661.png\" alt=\"\" class=\"wp-image-30828\" srcset=\"https:\/\/revistavitrineibiuna.com.br\/wp-content\/uploads\/2024\/02\/assembleia-cetril-2-1024x661.png 1024w, https:\/\/revistavitrineibiuna.com.br\/wp-content\/uploads\/2024\/02\/assembleia-cetril-2-300x194.png 300w, https:\/\/revistavitrineibiuna.com.br\/wp-content\/uploads\/2024\/02\/assembleia-cetril-2-768x495.png 768w, https:\/\/revistavitrineibiuna.com.br\/wp-content\/uploads\/2024\/02\/assembleia-cetril-2.png 1510w\" sizes=\"(max-width: 1024px) 100vw, 1024px\" \/><figcaption>Componentes da mesa diretora das Assembleias<\/figcaption><\/figure>\n\n\n\n<p><strong>\u201cGEST\u00c3O EXEMPLAR\u201d<\/strong><\/p>\n\n\n\n<p><strong>Al\u00e9m dos pareceres favor\u00e1veis \u00e0 aprova\u00e7\u00e3o das contas do contador e do Conselho Fiscal, chamou a aten\u00e7\u00e3o a an\u00e1lise do auditor independente Hermenegildo Vanoni, da AuditConsult, que qualificou a gest\u00e3o da Cooperativa como \u201cmodelo exemplar\u201d.<\/strong><\/p>\n\n\n\n<p><strong>Vale assinalar ainda que a Cetril recebeu duas importantes premia\u00e7\u00f5es em 2023. O \u201cPr\u00eamio Abraconee\u201d \u2013 Associa\u00e7\u00e3o Brasileira dos Contadores de Energia El\u00e9trica [cuja placa foi entregue hoje ao presidente]. A Cetril se qualificou em segundo lugar entre as 48 cooperativas do Brasil, \u201cem reconhecimento \u00e0 transpar\u00eancia demonstrada nas informa\u00e7\u00f5es cont\u00e1beis no exerc\u00edcio de 2022\u201d. Este ano, a entidade volta a concorrer.<\/strong><\/p>\n\n\n\n<figure class=\"wp-block-image size-large\"><img loading=\"lazy\" width=\"1024\" height=\"775\" src=\"https:\/\/revistavitrineibiuna.com.br\/wp-content\/uploads\/2024\/02\/assembleia-cetril-4-1024x775.png\" alt=\"\" class=\"wp-image-30846\" srcset=\"https:\/\/revistavitrineibiuna.com.br\/wp-content\/uploads\/2024\/02\/assembleia-cetril-4-1024x775.png 1024w, https:\/\/revistavitrineibiuna.com.br\/wp-content\/uploads\/2024\/02\/assembleia-cetril-4-300x227.png 300w, https:\/\/revistavitrineibiuna.com.br\/wp-content\/uploads\/2024\/02\/assembleia-cetril-4-768x581.png 768w, https:\/\/revistavitrineibiuna.com.br\/wp-content\/uploads\/2024\/02\/assembleia-cetril-4.png 1515w\" sizes=\"(max-width: 1024px) 100vw, 1024px\" \/><figcaption>Este pr\u00eamio distinguiu a Cetril entre 48 cooperativas que operam no Brasil<\/figcaption><\/figure>\n\n\n\n<p><strong>JOVEM APRENDIZ<\/strong><\/p>\n\n\n\n<p><strong>A Cetril foi uma das organiza\u00e7\u00f5es a receber o \u201cPr\u00eamio Melhores Empresas para o Jovem Aprendiz, uma iniciativa do CIEE \u2013 Centro de Integra\u00e7\u00e3o Empresa-Escola, em colabora\u00e7\u00e3o com o Minist\u00e9rio do Trabalho e Emprego e a consultoria da Great Place to Work.<\/strong><\/p>\n\n\n\n<p><strong>A Cetril levou o pr\u00eamio na categoria \u201cEmpresas entre 101 e 500 colaboradores\u201d. Quatro desses jovens subiram ao palco onde receberam homenagem.<\/strong><\/p>\n\n\n\n<figure class=\"wp-block-image size-large\"><img loading=\"lazy\" width=\"1024\" height=\"634\" src=\"https:\/\/revistavitrineibiuna.com.br\/wp-content\/uploads\/2024\/02\/assembleia-cetril-5-1024x634.png\" alt=\"\" class=\"wp-image-30850\" srcset=\"https:\/\/revistavitrineibiuna.com.br\/wp-content\/uploads\/2024\/02\/assembleia-cetril-5-1024x634.png 1024w, https:\/\/revistavitrineibiuna.com.br\/wp-content\/uploads\/2024\/02\/assembleia-cetril-5-300x186.png 300w, https:\/\/revistavitrineibiuna.com.br\/wp-content\/uploads\/2024\/02\/assembleia-cetril-5-768x475.png 768w, https:\/\/revistavitrineibiuna.com.br\/wp-content\/uploads\/2024\/02\/assembleia-cetril-5-1536x950.png 1536w, https:\/\/revistavitrineibiuna.com.br\/wp-content\/uploads\/2024\/02\/assembleia-cetril-5.png 1597w\" sizes=\"(max-width: 1024px) 100vw, 1024px\" \/><figcaption>O &#8220;Pr\u00eamio Jovem Aprendiz&#8221; foi passado de m\u00e3o em m\u00e3o a quatro jovens que fazem parte desse projeto<\/figcaption><\/figure>\n\n\n\n<p><strong>CICLONE EXTRATROPICAL<\/strong><\/p>\n\n\n\n<p><strong>Na \u201cCarta do Presidente\u201d, publicada no relat\u00f3rio das demonstra\u00e7\u00f5es cont\u00e1beis financeiras e notas explicativas, Leite destacou a ocorr\u00eancia do maior desafio j\u00e1 enfrentado em toda a hist\u00f3ria da Cetril que completar\u00e1 60 anos em 2025.<\/strong><\/p>\n\n\n\n<p><strong>Ele se referia a um ciclone extratropical, \u201ccom dimens\u00f5es jamais vistas em toda a nossa hist\u00f3ria\u201d, que ocorreu no dia 3 de novembro de 2023. Esse fen\u00f4meno mobilizou 24 horas toda a cooperativa para restabelecer o mais r\u00e1pido poss\u00edvel a energia para praticamente todos os consumidores no munic\u00edpio, devido \u00e0 queda de um n\u00famero incalcul\u00e1vel de \u00e1rvores que destru\u00edram grande n\u00famero de postes e a rede de distribui\u00e7\u00e3o de energia.<\/strong><\/p>\n\n\n\n<p><strong>ATENDIMENTO<\/strong><\/p>\n\n\n\n<p><strong>A Cetril, de acordo com os dados fornecidos no relat\u00f3rio anual, atende cerca de 32.100 unidades consumidores, por meio de algo em torno de 2 mil km de fia\u00e7\u00e3o e 3.780 transformadores ligados.<\/strong><\/p>\n\n\n\n<p><strong>Numa rea\u00e7\u00e3o positiva e necess\u00e1ria, depois do ciclone extratropical e suas consequ\u00eancias devastadoras iniciou estudo com as demais cooperativas vizinhas para estabelecimento de um plano de conting\u00eancia para que seja poss\u00edvel agilizar os servi\u00e7os visando uma solu\u00e7\u00e3o r\u00e1pida dos poss\u00edveis problemas que possam surgir.<\/strong><\/p>\n\n\n\n<p><strong>TECNOLOGIA DA INFORMA\u00c7\u00c3O<\/strong><\/p>\n\n\n\n<p><strong>Ferramenta indispens\u00e1vel para fornecer suporte para suas atividades, em 2023 a Cetril desenvolveu projetos e sistemas na \u00e1rea da tecnologia da inform\u00e7\u00e3o:<\/strong><\/p>\n\n\n\n<p><strong>Adquiriu computadores, softwares e suprimentos para melhor funcionamento dos equipamentos, dispositivos para emiss\u00e3o de faturas instant\u00e2neas, reestruturou a infraestrutura de rede (cabos e dispositivos de comunica\u00e7\u00e3o de rede) e telefonia dos setores da empresa; aquisi\u00e7\u00e3o de dispositivos e de aplicativos para execu\u00e7\u00e3o de servi\u00e7os de campo, e atualizou hardwares para garantir melhor desempenho dos computadores.<\/strong><\/p>\n\n\n\n<p><strong>CONSELHO FISCAL<\/strong><\/p>\n\n\n\n<figure class=\"wp-block-image size-large\"><img loading=\"lazy\" width=\"1024\" height=\"667\" src=\"https:\/\/revistavitrineibiuna.com.br\/wp-content\/uploads\/2024\/02\/assembleia-cetril-3-1024x667.png\" alt=\"\" class=\"wp-image-30843\" srcset=\"https:\/\/revistavitrineibiuna.com.br\/wp-content\/uploads\/2024\/02\/assembleia-cetril-3-1024x667.png 1024w, https:\/\/revistavitrineibiuna.com.br\/wp-content\/uploads\/2024\/02\/assembleia-cetril-3-300x195.png 300w, https:\/\/revistavitrineibiuna.com.br\/wp-content\/uploads\/2024\/02\/assembleia-cetril-3-768x500.png 768w, https:\/\/revistavitrineibiuna.com.br\/wp-content\/uploads\/2024\/02\/assembleia-cetril-3.png 1452w\" sizes=\"(max-width: 1024px) 100vw, 1024px\" \/><figcaption>N\u00e9lio Leite (no centro de camisa azul) e os eleitos conselheiros fiscais em 2024<\/figcaption><\/figure>\n\n\n\n<p><strong>Na Assembleia Geral Extraordin\u00e1ria os cooperados elegeram, tamb\u00e9m por unanimidade, os integrantes do Conselho Fiscal 2024 que tomar\u00e3o posse na segunda-feira (26).<\/strong><\/p>\n\n\n\n<p><strong>Titulares: Guilherme Ant\u00f4nio Aranha, Francisco de Paulo Dias de Oliveira e Jos\u00e9 Benedito de Camargo Rolim.<\/strong><\/p>\n\n\n\n<p><strong>Suplentes: Paulo Dias de Moraes, Willian Cordeiro de Medelo e Natalina Ant\u00f4nia Vaz.<\/strong><\/p>\n\n\n\n<p><strong>As assembleias foram organizadas pelos pr\u00f3prios funcion\u00e1rios da entidade que mereceram agradecimento p\u00fablico do presidente, assim como os cooperados que \u201ccumpriram um papel muito importante na vida da Cooperativa\u201d.<\/strong><\/p>\n","protected":false},"excerpt":{"rendered":"<p>A Cooperativa de Eletrifica\u00e7\u00e3o de Ibi\u00fana e Regi\u00e3o \u2013 Cetril promoveu na manh\u00e3 de hoje (23) duas assembleias anuais [uma<\/p>\n","protected":false},"author":1,"featured_media":30825,"comment_status":"open","ping_status":"open","sticky":false,"template":"","format":"standard","meta":[],"categories":[3],"tags":[],"yoast_head":"<!-- This site is optimized with the Yoast SEO plugin v15.8 - https:\/\/yoast.com\/wordpress\/plugins\/seo\/ -->\n<title>IBI\u00daNA \u2013 ASSEMBLEIA APROVA CONTAS DA CETRIL POR UNANIMIDADE - Revista Vitrine Online<\/title>\n<meta name=\"robots\" content=\"index, follow, max-snippet:-1, max-image-preview:large, max-video-preview:-1\" \/>\n<link rel=\"canonical\" href=\"http:\/\/revistavitrineibiuna.com.br\/?p=30824\" \/>\n<meta property=\"og:locale\" content=\"pt_BR\" \/>\n<meta property=\"og:type\" content=\"article\" \/>\n<meta property=\"og:title\" content=\"IBI\u00daNA \u2013 ASSEMBLEIA APROVA CONTAS DA CETRIL POR UNANIMIDADE - Revista Vitrine Online\" \/>\n<meta property=\"og:description\" content=\"A Cooperativa de Eletrifica\u00e7\u00e3o de Ibi\u00fana e Regi\u00e3o \u2013 Cetril promoveu na manh\u00e3 de hoje (23) duas assembleias anuais [uma\" \/>\n<meta property=\"og:url\" content=\"http:\/\/revistavitrineibiuna.com.br\/?p=30824\" \/>\n<meta property=\"og:site_name\" content=\"Revista Vitrine Online\" \/>\n<meta property=\"article:published_time\" content=\"2024-02-23T21:12:07+00:00\" \/>\n<meta property=\"article:modified_time\" content=\"2024-02-23T23:15:56+00:00\" \/>\n<meta property=\"og:image\" content=\"https:\/\/revistavitrineibiuna.com.br\/wp-content\/uploads\/2024\/02\/Assembleia-Cetril-1-1024x664.png\" \/>\n\t<meta property=\"og:image:width\" content=\"1024\" \/>\n\t<meta property=\"og:image:height\" content=\"664\" \/>\n<meta name=\"twitter:card\" content=\"summary\" \/>\n<meta name=\"twitter:label1\" content=\"Est. reading time\">\n\t<meta name=\"twitter:data1\" content=\"4 minutos\">\n<script type=\"application\/ld+json\" class=\"yoast-schema-graph\">{\"@context\":\"https:\/\/schema.org\",\"@graph\":[{\"@type\":\"WebSite\",\"@id\":\"https:\/\/revistavitrineibiuna.com.br\/#website\",\"url\":\"https:\/\/revistavitrineibiuna.com.br\/\",\"name\":\"Revista Vitrine Ibi\\u00fana\",\"description\":\"A Revista de Ibi\\u00fana e Regi\\u00e3o\",\"publisher\":{\"@id\":\"https:\/\/revistavitrineibiuna.com.br\/#\/schema\/person\/e51ef49d6d88170ea21ceabff3f73deb\"},\"potentialAction\":[{\"@type\":\"SearchAction\",\"target\":\"https:\/\/revistavitrineibiuna.com.br\/?s={search_term_string}\",\"query-input\":\"required name=search_term_string\"}],\"inLanguage\":\"pt-BR\"},{\"@type\":\"ImageObject\",\"@id\":\"http:\/\/revistavitrineibiuna.com.br\/?p=30824#primaryimage\",\"inLanguage\":\"pt-BR\",\"url\":\"https:\/\/revistavitrineibiuna.com.br\/wp-content\/uploads\/2024\/02\/Assembleia-Cetril-1.png\",\"width\":1597,\"height\":1035},{\"@type\":\"WebPage\",\"@id\":\"http:\/\/revistavitrineibiuna.com.br\/?p=30824#webpage\",\"url\":\"http:\/\/revistavitrineibiuna.com.br\/?p=30824\",\"name\":\"IBI\\u00daNA \\u2013 ASSEMBLEIA APROVA CONTAS DA CETRIL POR UNANIMIDADE - Revista Vitrine Online\",\"isPartOf\":{\"@id\":\"https:\/\/revistavitrineibiuna.com.br\/#website\"},\"primaryImageOfPage\":{\"@id\":\"http:\/\/revistavitrineibiuna.com.br\/?p=30824#primaryimage\"},\"datePublished\":\"2024-02-23T21:12:07+00:00\",\"dateModified\":\"2024-02-23T23:15:56+00:00\",\"breadcrumb\":{\"@id\":\"http:\/\/revistavitrineibiuna.com.br\/?p=30824#breadcrumb\"},\"inLanguage\":\"pt-BR\",\"potentialAction\":[{\"@type\":\"ReadAction\",\"target\":[\"http:\/\/revistavitrineibiuna.com.br\/?p=30824\"]}]},{\"@type\":\"BreadcrumbList\",\"@id\":\"http:\/\/revistavitrineibiuna.com.br\/?p=30824#breadcrumb\",\"itemListElement\":[{\"@type\":\"ListItem\",\"position\":1,\"item\":{\"@type\":\"WebPage\",\"@id\":\"https:\/\/revistavitrineibiuna.com.br\/\",\"url\":\"https:\/\/revistavitrineibiuna.com.br\/\",\"name\":\"In\\u00edcio\"}},{\"@type\":\"ListItem\",\"position\":2,\"item\":{\"@type\":\"WebPage\",\"@id\":\"http:\/\/revistavitrineibiuna.com.br\/?p=30824\",\"url\":\"http:\/\/revistavitrineibiuna.com.br\/?p=30824\",\"name\":\"IBI\\u00daNA \\u2013 ASSEMBLEIA APROVA CONTAS DA CETRIL POR UNANIMIDADE\"}}]},{\"@type\":\"Article\",\"@id\":\"http:\/\/revistavitrineibiuna.com.br\/?p=30824#article\",\"isPartOf\":{\"@id\":\"http:\/\/revistavitrineibiuna.com.br\/?p=30824#webpage\"},\"author\":{\"@id\":\"https:\/\/revistavitrineibiuna.com.br\/#\/schema\/person\/e51ef49d6d88170ea21ceabff3f73deb\"},\"headline\":\"IBI\\u00daNA \\u2013 ASSEMBLEIA APROVA CONTAS DA CETRIL POR UNANIMIDADE\",\"datePublished\":\"2024-02-23T21:12:07+00:00\",\"dateModified\":\"2024-02-23T23:15:56+00:00\",\"mainEntityOfPage\":{\"@id\":\"http:\/\/revistavitrineibiuna.com.br\/?p=30824#webpage\"},\"commentCount\":0,\"publisher\":{\"@id\":\"https:\/\/revistavitrineibiuna.com.br\/#\/schema\/person\/e51ef49d6d88170ea21ceabff3f73deb\"},\"image\":{\"@id\":\"http:\/\/revistavitrineibiuna.com.br\/?p=30824#primaryimage\"},\"articleSection\":\"Not\\u00edcias\",\"inLanguage\":\"pt-BR\",\"potentialAction\":[{\"@type\":\"CommentAction\",\"name\":\"Comment\",\"target\":[\"http:\/\/revistavitrineibiuna.com.br\/?p=30824#respond\"]}]},{\"@type\":[\"Person\",\"Organization\"],\"@id\":\"https:\/\/revistavitrineibiuna.com.br\/#\/schema\/person\/e51ef49d6d88170ea21ceabff3f73deb\",\"name\":\"Carlos Rossini\",\"image\":{\"@type\":\"ImageObject\",\"@id\":\"https:\/\/revistavitrineibiuna.com.br\/#personlogo\",\"inLanguage\":\"pt-BR\",\"url\":\"https:\/\/secure.gravatar.com\/avatar\/4f2d0f99fac1f85c7d643f21f5c8d900?s=96&d=mm&r=g\",\"caption\":\"Carlos Rossini\"},\"logo\":{\"@id\":\"https:\/\/revistavitrineibiuna.com.br\/#personlogo\"},\"description\":\"Carlos Rossini \\u00e9 jornalista, soci\\u00f3logo, escritor e professor universit\\u00e1rio, tendo sido professor de jornalismo por vinte anos. Trabalhou em ve\\u00edculos de comunica\\u00e7\\u00e3o nas fun\\u00e7\\u00f5es de rep\\u00f3rter, redator, editor, articulista e colaborador, como Folha de S. Paulo, O Estado de S. Paulo, Di\\u00e1rio Popular, entre outros. Ao transferir a revista vitrine, vers\\u00e3o imprensa, de S\\u00e3o Paulo para Ibi\\u00fana h\\u00e1 alguns anos, iniciou uma nova experi\\u00eancia profissional, dedicando-se ao jornalismo regional, depois de cumprir uma trajet\\u00f3ria bem-sucedida na grande imprensa brasileira. Seu primeiro livro A Coragem de Comunicar foi lan\\u00e7ado na Bienal do Livro em S\\u00e3o Paulo no ano 2000, pela editora Madras.\"}]}<\/script>\n<!-- \/ Yoast SEO plugin. -->","_links":{"self":[{"href":"https:\/\/revistavitrineibiuna.com.br\/index.php?rest_route=\/wp\/v2\/posts\/30824"}],"collection":[{"href":"https:\/\/revistavitrineibiuna.com.br\/index.php?rest_route=\/wp\/v2\/posts"}],"about":[{"href":"https:\/\/revistavitrineibiuna.com.br\/index.php?rest_route=\/wp\/v2\/types\/post"}],"author":[{"embeddable":true,"href":"https:\/\/revistavitrineibiuna.com.br\/index.php?rest_route=\/wp\/v2\/users\/1"}],"replies":[{"embeddable":true,"href":"https:\/\/revistavitrineibiuna.com.br\/index.php?rest_route=%2Fwp%2Fv2%2Fcomments&post=30824"}],"version-history":[{"count":23,"href":"https:\/\/revistavitrineibiuna.com.br\/index.php?rest_route=\/wp\/v2\/posts\/30824\/revisions"}],"predecessor-version":[{"id":30861,"href":"https:\/\/revistavitrineibiuna.com.br\/index.php?rest_route=\/wp\/v2\/posts\/30824\/revisions\/30861"}],"wp:featuredmedia":[{"embeddable":true,"href":"https:\/\/revistavitrineibiuna.com.br\/index.php?rest_route=\/wp\/v2\/media\/30825"}],"wp:attachment":[{"href":"https:\/\/revistavitrineibiuna.com.br\/index.php?rest_route=%2Fwp%2Fv2%2Fmedia&parent=30824"}],"wp:term":[{"taxonomy":"category","embeddable":true,"href":"https:\/\/revistavitrineibiuna.com.br\/index.php?rest_route=%2Fwp%2Fv2%2Fcategories&post=30824"},{"taxonomy":"post_tag","embeddable":true,"href":"https:\/\/revistavitrineibiuna.com.br\/index.php?rest_route=%2Fwp%2Fv2%2Ftags&post=30824"}],"curies":[{"name":"wp","href":"https:\/\/api.w.org\/{rel}","templated":true}]}}