{"id":30862,"date":"2024-02-26T11:01:17","date_gmt":"2024-02-26T14:01:17","guid":{"rendered":"http:\/\/revistavitrineibiuna.com.br\/?p=30862"},"modified":"2024-02-26T14:53:28","modified_gmt":"2024-02-26T17:53:28","slug":"veja-na-tvuna-4-vereadores-defendem-transparencia-sobre-recursos-do-fundeb","status":"publish","type":"post","link":"https:\/\/revistavitrineibiuna.com.br\/?p=30862","title":{"rendered":"VEJA NA TVUNA \u2013 4 VEREADORES DEFENDEM TRANSPAR\u00caNCIA SOBRE RECURSOS DO FUNDEB"},"content":{"rendered":"\n<p class=\"has-drop-cap\"><strong>Quatro vereadores ibiunenses \u2013 Rozi da Farm\u00e1cia (UB), Naldo Firmino (PP), Dr. Walmir J\u00fanior (PSC) e Valnei Galv\u00e3o (PRTB) \u2013 participam nesta quarta-feira, dia 28, \u00e0s 20h, da entrevista ao vivo da TVUNA com transmiss\u00e3o direta pelo Youtube, Facebook e Instagram.<\/strong><\/p>\n\n\n\n<p><strong>Eles v\u00e3o tratar do mais pol\u00eamico assunto pol\u00edtico ocorrido este ano no munic\u00edpio de Ibi\u00fana: a rejei\u00e7\u00e3o, por 10 vereadores da base aliada do prefeito municipal, de uma den\u00fancia feita \u00e0 C\u00e2mara Municipal que pedia averigua\u00e7\u00f5es sobre poss\u00edveis irregularidades no uso de verbas do Fundeb.<\/strong><\/p>\n\n\n\n<p><strong>Esses recursos s\u00e3o destinados ao munic\u00edpio pelo governo federal para pagamento de professores e desenvolvimento do sistema de ensino na rede municipal. Em 2023, esse montante teria atingido R$ 55 milh\u00f5es.<\/strong><\/p>\n\n\n\n<p><strong>A vota\u00e7\u00e3o dos edis da base aliada durou menos de 1 minuto. Com exce\u00e7\u00e3o do presidente da C\u00e2mara que n\u00e3o votou com base &nbsp;em uma prerrogativa regimental, os quatro parlamentares votaram a favor da realiza\u00e7\u00e3o da investiga\u00e7\u00e3o, que poderia resultar na abertura de um processo de cassa\u00e7\u00e3o do atual prefeito.<\/strong><\/p>\n\n\n\n<p><strong>A representa\u00e7\u00e3o apresentada pelo CACs (Conselho Municipal da Educa\u00e7\u00e3o) Fundeb foi votada na sess\u00e3o do dia 6 de fevereiro e sua repercuss\u00e3o foi imediata, sobretudo no cen\u00e1rio pol\u00edtico municipal.<\/strong><\/p>\n\n\n\n<p><strong>No dia 9, o prefeito de Ibi\u00fana, Paulo Sasaki, e o secret\u00e1rio de Desenvolvimento Urbano, F\u00e1bio Bello, postaram um v\u00eddeo nas redes sociais declarando que um pr\u00e9-candidato [advogado M\u00e1rio Pires, presidente do CACS Fundeb] estaria \u201cdifamando e caluniando\u201d a atual administra\u00e7\u00e3o municipal\u201d. Sasaki afirmou que isso estaria ocorrendo por meio de \u201cmilhares de fake news\u201d.<\/strong><\/p>\n\n\n\n<p><strong>O chefe do Executivo chegou a dizer que se tratava de \u201cpersegui\u00e7\u00e3o pol\u00edtica\u201d em um ano eleitoral para \u201cdifamar uma gest\u00e3o s\u00e9ria que estamos fazendo no munic\u00edpio\u201d, e anunciou que abriria um processo contra o denunciante.<\/strong><\/p>\n\n\n\n<p><strong>PELA TRANSPAR\u00caNCIA<\/strong><\/p>\n\n\n\n<p><strong>Os quatro vereadores que votaram favoravelmente \u00e0 abertura de investiga\u00e7\u00f5es alegaram que se tratava de uma den\u00fancia grave e que, no m\u00ednimo, deveria ser apurada de forma transparente, a fim de que a popula\u00e7\u00e3o tivesse conhecimento se houve ou n\u00e3o as irregularidades apontadas no documento com 27 p\u00e1ginas.<\/strong><\/p>\n\n\n\n<p><strong>Os vereadores Naldo Firmino (PP), Valnei Galv\u00e3o (PRTB) e Dr. Walmir J\u00fanior chegaram a postar v\u00eddeos nas redes sociais reivindicando informa\u00e7\u00f5es \u00e0 Prefeitura em torno dos atos que envolvem a Secretaria da Educa\u00e7\u00e3o de Ibi\u00fana.<\/strong><\/p>\n\n\n\n<p><strong>Nesta quarta-feira, a TVUNA re\u00fane os quatro edis, a fim de que a sociedade ibiunense possa tomar conhecimento do porqu\u00ea a base aliada formou um escudo de prote\u00e7\u00e3o ao prefeito, em vez de decidir, ao menos, apurar os fatos apontados. &nbsp;<\/strong><\/p>\n\n\n\n<p><strong>PARTICIPEM!<\/strong><\/p>\n\n\n\n<p><strong>Os telespectadores poder\u00e3o participar diretamente do programa por meio do chat do canal da TVUNA. Inscreva-se: <a href=\"mailto:youtube.com\/@tv-una\">youtube.com\/@tv-una<\/a>.<\/strong><\/p>\n","protected":false},"excerpt":{"rendered":"<p>Quatro vereadores ibiunenses \u2013 Rozi da Farm\u00e1cia (UB), Naldo Firmino (PP), Dr. Walmir J\u00fanior (PSC) e Valnei Galv\u00e3o (PRTB) \u2013<\/p>\n","protected":false},"author":1,"featured_media":30865,"comment_status":"open","ping_status":"open","sticky":false,"template":"","format":"standard","meta":[],"categories":[3],"tags":[],"yoast_head":"<!-- This site is optimized with the Yoast SEO plugin v15.8 - https:\/\/yoast.com\/wordpress\/plugins\/seo\/ -->\n<title>VEJA NA TVUNA \u2013 4 VEREADORES DEFENDEM TRANSPAR\u00caNCIA SOBRE RECURSOS DO FUNDEB - Revista Vitrine Online<\/title>\n<meta name=\"robots\" content=\"index, follow, max-snippet:-1, max-image-preview:large, max-video-preview:-1\" \/>\n<link rel=\"canonical\" href=\"http:\/\/revistavitrineibiuna.com.br\/?p=30862\" \/>\n<meta property=\"og:locale\" content=\"pt_BR\" \/>\n<meta property=\"og:type\" content=\"article\" \/>\n<meta property=\"og:title\" content=\"VEJA NA TVUNA \u2013 4 VEREADORES DEFENDEM TRANSPAR\u00caNCIA SOBRE RECURSOS DO FUNDEB - Revista Vitrine Online\" \/>\n<meta property=\"og:description\" content=\"Quatro vereadores ibiunenses \u2013 Rozi da Farm\u00e1cia (UB), Naldo Firmino (PP), Dr. Walmir J\u00fanior (PSC) e Valnei Galv\u00e3o (PRTB) \u2013\" \/>\n<meta property=\"og:url\" content=\"http:\/\/revistavitrineibiuna.com.br\/?p=30862\" \/>\n<meta property=\"og:site_name\" content=\"Revista Vitrine Online\" \/>\n<meta property=\"article:published_time\" content=\"2024-02-26T14:01:17+00:00\" \/>\n<meta property=\"article:modified_time\" content=\"2024-02-26T17:53:28+00:00\" \/>\n<meta property=\"og:image\" content=\"https:\/\/revistavitrineibiuna.com.br\/wp-content\/uploads\/2024\/02\/os-vereadores-novo.png\" \/>\n\t<meta property=\"og:image:width\" content=\"1421\" \/>\n\t<meta property=\"og:image:height\" content=\"866\" \/>\n<meta name=\"twitter:card\" content=\"summary\" \/>\n<meta name=\"twitter:label1\" content=\"Est. reading time\">\n\t<meta name=\"twitter:data1\" content=\"2 minutos\">\n<script type=\"application\/ld+json\" class=\"yoast-schema-graph\">{\"@context\":\"https:\/\/schema.org\",\"@graph\":[{\"@type\":\"WebSite\",\"@id\":\"https:\/\/revistavitrineibiuna.com.br\/#website\",\"url\":\"https:\/\/revistavitrineibiuna.com.br\/\",\"name\":\"Revista Vitrine Ibi\\u00fana\",\"description\":\"A Revista de Ibi\\u00fana e Regi\\u00e3o\",\"publisher\":{\"@id\":\"https:\/\/revistavitrineibiuna.com.br\/#\/schema\/person\/e51ef49d6d88170ea21ceabff3f73deb\"},\"potentialAction\":[{\"@type\":\"SearchAction\",\"target\":\"https:\/\/revistavitrineibiuna.com.br\/?s={search_term_string}\",\"query-input\":\"required name=search_term_string\"}],\"inLanguage\":\"pt-BR\"},{\"@type\":\"ImageObject\",\"@id\":\"http:\/\/revistavitrineibiuna.com.br\/?p=30862#primaryimage\",\"inLanguage\":\"pt-BR\",\"url\":\"https:\/\/revistavitrineibiuna.com.br\/wp-content\/uploads\/2024\/02\/os-vereadores-novo.png\",\"width\":1421,\"height\":866},{\"@type\":\"WebPage\",\"@id\":\"http:\/\/revistavitrineibiuna.com.br\/?p=30862#webpage\",\"url\":\"http:\/\/revistavitrineibiuna.com.br\/?p=30862\",\"name\":\"VEJA NA TVUNA \\u2013 4 VEREADORES DEFENDEM TRANSPAR\\u00caNCIA SOBRE RECURSOS DO FUNDEB - Revista Vitrine Online\",\"isPartOf\":{\"@id\":\"https:\/\/revistavitrineibiuna.com.br\/#website\"},\"primaryImageOfPage\":{\"@id\":\"http:\/\/revistavitrineibiuna.com.br\/?p=30862#primaryimage\"},\"datePublished\":\"2024-02-26T14:01:17+00:00\",\"dateModified\":\"2024-02-26T17:53:28+00:00\",\"breadcrumb\":{\"@id\":\"http:\/\/revistavitrineibiuna.com.br\/?p=30862#breadcrumb\"},\"inLanguage\":\"pt-BR\",\"potentialAction\":[{\"@type\":\"ReadAction\",\"target\":[\"http:\/\/revistavitrineibiuna.com.br\/?p=30862\"]}]},{\"@type\":\"BreadcrumbList\",\"@id\":\"http:\/\/revistavitrineibiuna.com.br\/?p=30862#breadcrumb\",\"itemListElement\":[{\"@type\":\"ListItem\",\"position\":1,\"item\":{\"@type\":\"WebPage\",\"@id\":\"https:\/\/revistavitrineibiuna.com.br\/\",\"url\":\"https:\/\/revistavitrineibiuna.com.br\/\",\"name\":\"In\\u00edcio\"}},{\"@type\":\"ListItem\",\"position\":2,\"item\":{\"@type\":\"WebPage\",\"@id\":\"http:\/\/revistavitrineibiuna.com.br\/?p=30862\",\"url\":\"http:\/\/revistavitrineibiuna.com.br\/?p=30862\",\"name\":\"VEJA NA TVUNA \\u2013 4 VEREADORES DEFENDEM TRANSPAR\\u00caNCIA SOBRE RECURSOS DO FUNDEB\"}}]},{\"@type\":\"Article\",\"@id\":\"http:\/\/revistavitrineibiuna.com.br\/?p=30862#article\",\"isPartOf\":{\"@id\":\"http:\/\/revistavitrineibiuna.com.br\/?p=30862#webpage\"},\"author\":{\"@id\":\"https:\/\/revistavitrineibiuna.com.br\/#\/schema\/person\/e51ef49d6d88170ea21ceabff3f73deb\"},\"headline\":\"VEJA NA TVUNA \\u2013 4 VEREADORES DEFENDEM TRANSPAR\\u00caNCIA SOBRE RECURSOS DO FUNDEB\",\"datePublished\":\"2024-02-26T14:01:17+00:00\",\"dateModified\":\"2024-02-26T17:53:28+00:00\",\"mainEntityOfPage\":{\"@id\":\"http:\/\/revistavitrineibiuna.com.br\/?p=30862#webpage\"},\"commentCount\":0,\"publisher\":{\"@id\":\"https:\/\/revistavitrineibiuna.com.br\/#\/schema\/person\/e51ef49d6d88170ea21ceabff3f73deb\"},\"image\":{\"@id\":\"http:\/\/revistavitrineibiuna.com.br\/?p=30862#primaryimage\"},\"articleSection\":\"Not\\u00edcias\",\"inLanguage\":\"pt-BR\",\"potentialAction\":[{\"@type\":\"CommentAction\",\"name\":\"Comment\",\"target\":[\"http:\/\/revistavitrineibiuna.com.br\/?p=30862#respond\"]}]},{\"@type\":[\"Person\",\"Organization\"],\"@id\":\"https:\/\/revistavitrineibiuna.com.br\/#\/schema\/person\/e51ef49d6d88170ea21ceabff3f73deb\",\"name\":\"Carlos Rossini\",\"image\":{\"@type\":\"ImageObject\",\"@id\":\"https:\/\/revistavitrineibiuna.com.br\/#personlogo\",\"inLanguage\":\"pt-BR\",\"url\":\"https:\/\/secure.gravatar.com\/avatar\/4f2d0f99fac1f85c7d643f21f5c8d900?s=96&d=mm&r=g\",\"caption\":\"Carlos Rossini\"},\"logo\":{\"@id\":\"https:\/\/revistavitrineibiuna.com.br\/#personlogo\"},\"description\":\"Carlos Rossini \\u00e9 jornalista, soci\\u00f3logo, escritor e professor universit\\u00e1rio, tendo sido professor de jornalismo por vinte anos. Trabalhou em ve\\u00edculos de comunica\\u00e7\\u00e3o nas fun\\u00e7\\u00f5es de rep\\u00f3rter, redator, editor, articulista e colaborador, como Folha de S. Paulo, O Estado de S. Paulo, Di\\u00e1rio Popular, entre outros. Ao transferir a revista vitrine, vers\\u00e3o imprensa, de S\\u00e3o Paulo para Ibi\\u00fana h\\u00e1 alguns anos, iniciou uma nova experi\\u00eancia profissional, dedicando-se ao jornalismo regional, depois de cumprir uma trajet\\u00f3ria bem-sucedida na grande imprensa brasileira. Seu primeiro livro A Coragem de Comunicar foi lan\\u00e7ado na Bienal do Livro em S\\u00e3o Paulo no ano 2000, pela editora Madras.\"}]}<\/script>\n<!-- \/ Yoast SEO plugin. -->","_links":{"self":[{"href":"https:\/\/revistavitrineibiuna.com.br\/index.php?rest_route=\/wp\/v2\/posts\/30862"}],"collection":[{"href":"https:\/\/revistavitrineibiuna.com.br\/index.php?rest_route=\/wp\/v2\/posts"}],"about":[{"href":"https:\/\/revistavitrineibiuna.com.br\/index.php?rest_route=\/wp\/v2\/types\/post"}],"author":[{"embeddable":true,"href":"https:\/\/revistavitrineibiuna.com.br\/index.php?rest_route=\/wp\/v2\/users\/1"}],"replies":[{"embeddable":true,"href":"https:\/\/revistavitrineibiuna.com.br\/index.php?rest_route=%2Fwp%2Fv2%2Fcomments&post=30862"}],"version-history":[{"count":2,"href":"https:\/\/revistavitrineibiuna.com.br\/index.php?rest_route=\/wp\/v2\/posts\/30862\/revisions"}],"predecessor-version":[{"id":30866,"href":"https:\/\/revistavitrineibiuna.com.br\/index.php?rest_route=\/wp\/v2\/posts\/30862\/revisions\/30866"}],"wp:featuredmedia":[{"embeddable":true,"href":"https:\/\/revistavitrineibiuna.com.br\/index.php?rest_route=\/wp\/v2\/media\/30865"}],"wp:attachment":[{"href":"https:\/\/revistavitrineibiuna.com.br\/index.php?rest_route=%2Fwp%2Fv2%2Fmedia&parent=30862"}],"wp:term":[{"taxonomy":"category","embeddable":true,"href":"https:\/\/revistavitrineibiuna.com.br\/index.php?rest_route=%2Fwp%2Fv2%2Fcategories&post=30862"},{"taxonomy":"post_tag","embeddable":true,"href":"https:\/\/revistavitrineibiuna.com.br\/index.php?rest_route=%2Fwp%2Fv2%2Ftags&post=30862"}],"curies":[{"name":"wp","href":"https:\/\/api.w.org\/{rel}","templated":true}]}}