{"id":30868,"date":"2024-02-29T17:21:33","date_gmt":"2024-02-29T20:21:33","guid":{"rendered":"http:\/\/revistavitrineibiuna.com.br\/?p=30868"},"modified":"2024-02-29T18:03:26","modified_gmt":"2024-02-29T21:03:26","slug":"ibiuna-a-saude-publica-sempre-vai-ter-problemas-diz-secretario-valdir-messias","status":"publish","type":"post","link":"https:\/\/revistavitrineibiuna.com.br\/?p=30868","title":{"rendered":"IBI\u00daNA \u2013 \u201cA SA\u00daDE P\u00daBLICA SEMPRE VAI TER PROBLEMAS\u201d, DIZ SECRET\u00c1RIO VALDIR MESSIAS"},"content":{"rendered":"\n<p class=\"has-drop-cap\"><strong>Em entrevista \u00e0 TVUNA e vitrine online hoje (28), logo ap\u00f3s o t\u00e9rmino de uma audi\u00eancia p\u00fablica na C\u00e2mara Municipal, o secret\u00e1rio de Sa\u00fade, Valdir Messias, afirmou: \u201cA sa\u00fade p\u00fablica sempre vai ter problemas\u201d.<\/strong><\/p>\n\n\n\n<p><strong>Messias, que havia feito um relato sobre o desempenho do sistema de sa\u00fade p\u00fablica em Ibi\u00fana no \u00faltimo quadrimestre de 2023, foi questionado por algumas pessoas sobre os problemas que se verificam no Hospital Municipal e nos postos de sa\u00fade.<\/strong><\/p>\n\n\n\n<p><strong>Entre os servi\u00e7os realizados no per\u00edodo, o secret\u00e1rio mencionou a reforma do Posto de Sa\u00fade Central, compra de equipamentos, aumento no n\u00famero de m\u00e9dicos que atendem no hospital, compra de ambul\u00e2ncias e melhoria na estrutura do hospital.<\/strong><\/p>\n\n\n\n<p><strong>Messias declarou que o trabalho hospitalar \u00e9 feito por meio de prioridades, de acordo com a gravidade da situa\u00e7\u00e3o dos pacientes&nbsp; que chegam.<\/strong><\/p>\n\n\n\n<p><strong>\u201cExistem acidentes, infartos e outros casos que exigem procedimentos de emerg\u00eancia e urg\u00eancia que frequentemente exigem a remo\u00e7\u00e3o para hospitais melhor equipados dos pacientes com acompanhamento de m\u00e9dicos e de enfermeiros.\u201d<\/strong><\/p>\n\n\n\n<p><strong>Segundo ele, isso desfalca a equipe e leva \u00e0 ocorr\u00eancia de atrasos, \u00e0s vezes de tr\u00eas horas, no atendimento das pessoas com outros sintomas menos graves.<\/strong><\/p>\n\n\n\n<p><strong>Esse problema poderia ser resolvido com a contrata\u00e7\u00e3o de mais m\u00e9dicos, \u201cmas isso envolve quest\u00f5es financeiras dif\u00edceis, quando o cobertor \u00e9 curto\u201d.<\/strong><\/p>\n\n\n\n<figure class=\"wp-block-image size-large\"><img loading=\"lazy\" width=\"1024\" height=\"577\" src=\"https:\/\/revistavitrineibiuna.com.br\/wp-content\/uploads\/2024\/02\/audiencia-saude-2-1024x577.png\" alt=\"\" class=\"wp-image-30871\" srcset=\"https:\/\/revistavitrineibiuna.com.br\/wp-content\/uploads\/2024\/02\/audiencia-saude-2-1024x577.png 1024w, https:\/\/revistavitrineibiuna.com.br\/wp-content\/uploads\/2024\/02\/audiencia-saude-2-300x169.png 300w, https:\/\/revistavitrineibiuna.com.br\/wp-content\/uploads\/2024\/02\/audiencia-saude-2-768x433.png 768w, https:\/\/revistavitrineibiuna.com.br\/wp-content\/uploads\/2024\/02\/audiencia-saude-2-1536x866.png 1536w, https:\/\/revistavitrineibiuna.com.br\/wp-content\/uploads\/2024\/02\/audiencia-saude-2.png 1545w\" sizes=\"(max-width: 1024px) 100vw, 1024px\" \/><figcaption>Plen\u00e1rio da primeira audi\u00eancia p\u00fablica da Sa\u00fade realizada este ano na C\u00e2mara Municipal<\/figcaption><\/figure>\n\n\n\n<p><strong>QUESTIONAMENTOS<\/strong><\/p>\n\n\n\n<p><strong>As primeiras indaga\u00e7\u00f5es foram feitas pelo advogado Renan Godinho, presidente do Podemos e pr\u00e9-candidato a prefeito nas elei\u00e7\u00f5es deste ano.<\/strong><\/p>\n\n\n\n<p><strong>NEPOTISMO &#8211; Ele apontou poss\u00edveis pr\u00e1ticas de nepotismo na administra\u00e7\u00e3o p\u00fablica de Ibi\u00fana, que estariam acontecendo tamb\u00e9m no setor da sa\u00fade. O secret\u00e1rio, entre outros aspectos, disse que h\u00e1 casos de pessoas que trabalham na \u00e1rea, mas que s\u00e3o terceirizadas.<\/strong><\/p>\n\n\n\n<p><strong>Em aparte, Godinho evocou a S\u00famula Viculante 13 que \u201cpro\u00edbe nomea\u00e7\u00e3o de c\u00f4njuge, companheiro ou parente em linha reta, colateral ou por afinidade\u201d, o que, no seu entender, abrange tanto a administra\u00e7\u00e3o direta quanto indireta. E isso inclui os contratados pela OS que \u00e9 contratada para administrar o Hospital Municipal. Segundo o advogado, esse fato pode configurar improbidade administrativa.<\/strong><\/p>\n\n\n\n<p><strong>CENTRO ODONTOL\u00d3GICO \u2013 O vereador Fausto Dourado, presidente da Comiss\u00e3o de Sa\u00fade e que debutou em sua primeira audi\u00eancia p\u00fablica [ele assumiu essa fun\u00e7\u00e3o neste in\u00edcio de ano] apontou um problema que chama a aten\u00e7\u00e3o.<\/strong><\/p>\n\n\n\n<p><strong>Sentado ao lado do secret\u00e1rio, ele lembrou que em 2022 aprovou uma emenda impositiva, para execu\u00e7\u00e3o em 2023, destinando recursos para instala\u00e7\u00e3o de centro odontol\u00f3gico no bairro do Gabriel, no posto de sa\u00fade que atende v\u00e1rios bairros pr\u00f3ximos.<\/strong><\/p>\n\n\n\n<p><strong>Dourado disse que o prefeito tem obriga\u00e7\u00e3o de cumprir a emenda impositiva, que os equipamentos foram adquiridos, mas at\u00e9 hoje n\u00e3o foram instalados.<\/strong><\/p>\n\n\n\n<p><strong>O secret\u00e1rio, que aparentemente desconhecia esse fato, disse que outros postos tamb\u00e9m est\u00e3o recebendo equipamentos e que \u201cteria havido uma falha, nesse caso, do diretor do Centro Odontol\u00f3gico, que dever\u00e1 ser cobrado.<\/strong><\/p>\n\n\n\n<p><strong>CONSELHO MUNICIPAL DA SA\u00daDE<\/strong><\/p>\n\n\n\n<p><strong>Presidente do Conselho Municipal da Sa\u00fade h\u00e1 tr\u00eas anos, o ex-presidente da Associa\u00e7\u00e3o Comercial de Ibi\u00fana, Levi Cardoso de Oliveira, embora ressaltando o respeito e amizade pelo secret\u00e1rio, se queixou que tem cobrado tanto do secret\u00e1rio quanto do Prefeito Municipal que o Conselho tenha um local para suas reuni\u00f5es.<\/strong><\/p>\n\n\n\n<p><strong>Lembrou que durante esse per\u00edodo conseguiu ceder uma sala na pr\u00f3pria Associa\u00e7\u00e3o Comercial para a realiza\u00e7\u00e3o das reuni\u00f5es do Conselho, mas que agora est\u00e1 sob nova dire\u00e7\u00e3o.<\/strong><\/p>\n\n\n\n<p><strong>Disse tamb\u00e9m que as duas autoridades n\u00e3o t\u00eam prestado as informa\u00e7\u00f5es que o Conselho solicita, o que o impede de ter condi\u00e7\u00f5es de agir de modo satisfat\u00f3rio, na busca da melhoria do atendimento da popula\u00e7\u00e3o.<\/strong><\/p>\n\n\n\n<p><strong>Oliveira declarou que n\u00e3o disp\u00f5e de poder para exigir as provid\u00eancias necess\u00e1rias, atitude que deveria ser tomada pelos vereadores que fiscalizam os atos do Executivo.<\/strong><\/p>\n\n\n\n<p><strong>FATO COMUM<\/strong><\/p>\n\n\n\n<p><strong>Vitrine online lembra que esse modo de agir da Prefeitura tamb\u00e9m acontece em rela\u00e7\u00e3o a outros Conselhos Municipais, como \u00e9 o caso do Conselho Municipal da Educa\u00e7\u00e3o que, igualmente, n\u00e3o v\u00ea respondidos os of\u00edcios que encaminha para a Secretaria da Educa\u00e7\u00e3o.<\/strong><\/p>\n\n\n\n<p><strong>AUDIT\u00d3RIO<\/strong><\/p>\n\n\n\n<p><strong>A maioria das pessoas presentes no audit\u00f3rio da C\u00e2mara Municipal hoje eram funcion\u00e1rios de v\u00e1rios setores da Sa\u00fade. Questionado pelo advogado Renan Godinho por que eles estavam ali, quando deveriam estar atendendo \u00e0 popula\u00e7\u00e3o em hor\u00e1rio de expediente, Messias disse que eles haviam sido convocados para, eventualmente, responderem \u00e0s quest\u00f5es de natureza t\u00e9cnica.<\/strong><\/p>\n\n\n\n<figure class=\"wp-block-image size-large\"><img loading=\"lazy\" width=\"1024\" height=\"652\" src=\"https:\/\/revistavitrineibiuna.com.br\/wp-content\/uploads\/2024\/02\/audiencia-saude-3-1024x652.png\" alt=\"\" class=\"wp-image-30875\" srcset=\"https:\/\/revistavitrineibiuna.com.br\/wp-content\/uploads\/2024\/02\/audiencia-saude-3-1024x652.png 1024w, https:\/\/revistavitrineibiuna.com.br\/wp-content\/uploads\/2024\/02\/audiencia-saude-3-300x191.png 300w, https:\/\/revistavitrineibiuna.com.br\/wp-content\/uploads\/2024\/02\/audiencia-saude-3-768x489.png 768w, https:\/\/revistavitrineibiuna.com.br\/wp-content\/uploads\/2024\/02\/audiencia-saude-3-1536x977.png 1536w, https:\/\/revistavitrineibiuna.com.br\/wp-content\/uploads\/2024\/02\/audiencia-saude-3.png 1600w\" sizes=\"(max-width: 1024px) 100vw, 1024px\" \/><\/figure>\n\n\n\n<p><strong>MOMENTO TENSO<\/strong><\/p>\n\n\n\n<p><strong>Dois vereadores \u2013 Luiz Fernando Piu (PL) e Aladim Amaro (PSDB), que haviam sido expulsos do PODEMOS, presidido pelo advogado Renan Godinho, reagiram \u00e0 fala deste quando mencionou a quest\u00e3o do nepotismo.<\/strong><\/p>\n\n\n\n<p><strong>Piu, entre outros argumentos, declarou que sentiria \u201ctristeza\u201d se Godinho estivesse se referindo \u00e0 sua irm\u00e3 que trabalha no Hospital Municipal, como um dos casos de nepotismo, insinuando uma poss\u00edvel conduta de retalia\u00e7\u00e3o que foi negada pelo presidente do Podemos.<\/strong><\/p>\n\n\n\n<p><strong>Aladim, por seu turno, de uma forma ret\u00f3rica mais gen\u00e9rica, igualmente seguiu na mesma linha de seu colega (ambos integram a Comiss\u00e3o de Sa\u00fade da Edilidade), talvez com o prop\u00f3sito de fazer reparos \u00e0s palavras de Godinho [cujo nome n\u00e3o citou] por meio de uma admoesta\u00e7\u00e3o. \u00a0<\/strong><\/p>\n","protected":false},"excerpt":{"rendered":"<p>Em entrevista \u00e0 TVUNA e vitrine online hoje (28), logo ap\u00f3s o t\u00e9rmino de uma audi\u00eancia p\u00fablica na C\u00e2mara Municipal,<\/p>\n","protected":false},"author":1,"featured_media":30869,"comment_status":"open","ping_status":"open","sticky":false,"template":"","format":"standard","meta":[],"categories":[3],"tags":[],"yoast_head":"<!-- This site is optimized with the Yoast SEO plugin v15.8 - https:\/\/yoast.com\/wordpress\/plugins\/seo\/ -->\n<title>IBI\u00daNA \u2013 \u201cA SA\u00daDE P\u00daBLICA SEMPRE VAI TER PROBLEMAS\u201d, DIZ SECRET\u00c1RIO VALDIR MESSIAS - Revista Vitrine Online<\/title>\n<meta name=\"robots\" content=\"index, follow, max-snippet:-1, max-image-preview:large, max-video-preview:-1\" \/>\n<link rel=\"canonical\" href=\"http:\/\/revistavitrineibiuna.com.br\/?p=30868\" \/>\n<meta property=\"og:locale\" content=\"pt_BR\" \/>\n<meta property=\"og:type\" content=\"article\" \/>\n<meta property=\"og:title\" content=\"IBI\u00daNA \u2013 \u201cA SA\u00daDE P\u00daBLICA SEMPRE VAI TER PROBLEMAS\u201d, DIZ SECRET\u00c1RIO VALDIR MESSIAS - Revista Vitrine Online\" \/>\n<meta property=\"og:description\" content=\"Em entrevista \u00e0 TVUNA e vitrine online hoje (28), logo ap\u00f3s o t\u00e9rmino de uma audi\u00eancia p\u00fablica na C\u00e2mara Municipal,\" \/>\n<meta property=\"og:url\" content=\"http:\/\/revistavitrineibiuna.com.br\/?p=30868\" \/>\n<meta property=\"og:site_name\" content=\"Revista Vitrine Online\" \/>\n<meta property=\"article:published_time\" content=\"2024-02-29T20:21:33+00:00\" \/>\n<meta property=\"article:modified_time\" content=\"2024-02-29T21:03:26+00:00\" \/>\n<meta property=\"og:image\" content=\"https:\/\/revistavitrineibiuna.com.br\/wp-content\/uploads\/2024\/02\/audiencia-saude-1-1024x688.png\" \/>\n\t<meta property=\"og:image:width\" content=\"1024\" \/>\n\t<meta property=\"og:image:height\" content=\"688\" \/>\n<meta name=\"twitter:card\" content=\"summary\" \/>\n<meta name=\"twitter:label1\" content=\"Est. reading time\">\n\t<meta name=\"twitter:data1\" content=\"5 minutos\">\n<script type=\"application\/ld+json\" class=\"yoast-schema-graph\">{\"@context\":\"https:\/\/schema.org\",\"@graph\":[{\"@type\":\"WebSite\",\"@id\":\"https:\/\/revistavitrineibiuna.com.br\/#website\",\"url\":\"https:\/\/revistavitrineibiuna.com.br\/\",\"name\":\"Revista Vitrine Ibi\\u00fana\",\"description\":\"A Revista de Ibi\\u00fana e Regi\\u00e3o\",\"publisher\":{\"@id\":\"https:\/\/revistavitrineibiuna.com.br\/#\/schema\/person\/e51ef49d6d88170ea21ceabff3f73deb\"},\"potentialAction\":[{\"@type\":\"SearchAction\",\"target\":\"https:\/\/revistavitrineibiuna.com.br\/?s={search_term_string}\",\"query-input\":\"required name=search_term_string\"}],\"inLanguage\":\"pt-BR\"},{\"@type\":\"ImageObject\",\"@id\":\"http:\/\/revistavitrineibiuna.com.br\/?p=30868#primaryimage\",\"inLanguage\":\"pt-BR\",\"url\":\"https:\/\/revistavitrineibiuna.com.br\/wp-content\/uploads\/2024\/02\/audiencia-saude-1.png\",\"width\":1595,\"height\":1072},{\"@type\":\"WebPage\",\"@id\":\"http:\/\/revistavitrineibiuna.com.br\/?p=30868#webpage\",\"url\":\"http:\/\/revistavitrineibiuna.com.br\/?p=30868\",\"name\":\"IBI\\u00daNA \\u2013 \\u201cA SA\\u00daDE P\\u00daBLICA SEMPRE VAI TER PROBLEMAS\\u201d, DIZ SECRET\\u00c1RIO VALDIR MESSIAS - Revista Vitrine Online\",\"isPartOf\":{\"@id\":\"https:\/\/revistavitrineibiuna.com.br\/#website\"},\"primaryImageOfPage\":{\"@id\":\"http:\/\/revistavitrineibiuna.com.br\/?p=30868#primaryimage\"},\"datePublished\":\"2024-02-29T20:21:33+00:00\",\"dateModified\":\"2024-02-29T21:03:26+00:00\",\"breadcrumb\":{\"@id\":\"http:\/\/revistavitrineibiuna.com.br\/?p=30868#breadcrumb\"},\"inLanguage\":\"pt-BR\",\"potentialAction\":[{\"@type\":\"ReadAction\",\"target\":[\"http:\/\/revistavitrineibiuna.com.br\/?p=30868\"]}]},{\"@type\":\"BreadcrumbList\",\"@id\":\"http:\/\/revistavitrineibiuna.com.br\/?p=30868#breadcrumb\",\"itemListElement\":[{\"@type\":\"ListItem\",\"position\":1,\"item\":{\"@type\":\"WebPage\",\"@id\":\"https:\/\/revistavitrineibiuna.com.br\/\",\"url\":\"https:\/\/revistavitrineibiuna.com.br\/\",\"name\":\"In\\u00edcio\"}},{\"@type\":\"ListItem\",\"position\":2,\"item\":{\"@type\":\"WebPage\",\"@id\":\"http:\/\/revistavitrineibiuna.com.br\/?p=30868\",\"url\":\"http:\/\/revistavitrineibiuna.com.br\/?p=30868\",\"name\":\"IBI\\u00daNA \\u2013 \\u201cA SA\\u00daDE P\\u00daBLICA SEMPRE VAI TER PROBLEMAS\\u201d, DIZ SECRET\\u00c1RIO VALDIR MESSIAS\"}}]},{\"@type\":\"Article\",\"@id\":\"http:\/\/revistavitrineibiuna.com.br\/?p=30868#article\",\"isPartOf\":{\"@id\":\"http:\/\/revistavitrineibiuna.com.br\/?p=30868#webpage\"},\"author\":{\"@id\":\"https:\/\/revistavitrineibiuna.com.br\/#\/schema\/person\/e51ef49d6d88170ea21ceabff3f73deb\"},\"headline\":\"IBI\\u00daNA \\u2013 \\u201cA SA\\u00daDE P\\u00daBLICA SEMPRE VAI TER PROBLEMAS\\u201d, DIZ SECRET\\u00c1RIO VALDIR MESSIAS\",\"datePublished\":\"2024-02-29T20:21:33+00:00\",\"dateModified\":\"2024-02-29T21:03:26+00:00\",\"mainEntityOfPage\":{\"@id\":\"http:\/\/revistavitrineibiuna.com.br\/?p=30868#webpage\"},\"commentCount\":0,\"publisher\":{\"@id\":\"https:\/\/revistavitrineibiuna.com.br\/#\/schema\/person\/e51ef49d6d88170ea21ceabff3f73deb\"},\"image\":{\"@id\":\"http:\/\/revistavitrineibiuna.com.br\/?p=30868#primaryimage\"},\"articleSection\":\"Not\\u00edcias\",\"inLanguage\":\"pt-BR\",\"potentialAction\":[{\"@type\":\"CommentAction\",\"name\":\"Comment\",\"target\":[\"http:\/\/revistavitrineibiuna.com.br\/?p=30868#respond\"]}]},{\"@type\":[\"Person\",\"Organization\"],\"@id\":\"https:\/\/revistavitrineibiuna.com.br\/#\/schema\/person\/e51ef49d6d88170ea21ceabff3f73deb\",\"name\":\"Carlos Rossini\",\"image\":{\"@type\":\"ImageObject\",\"@id\":\"https:\/\/revistavitrineibiuna.com.br\/#personlogo\",\"inLanguage\":\"pt-BR\",\"url\":\"https:\/\/secure.gravatar.com\/avatar\/4f2d0f99fac1f85c7d643f21f5c8d900?s=96&d=mm&r=g\",\"caption\":\"Carlos Rossini\"},\"logo\":{\"@id\":\"https:\/\/revistavitrineibiuna.com.br\/#personlogo\"},\"description\":\"Carlos Rossini \\u00e9 jornalista, soci\\u00f3logo, escritor e professor universit\\u00e1rio, tendo sido professor de jornalismo por vinte anos. Trabalhou em ve\\u00edculos de comunica\\u00e7\\u00e3o nas fun\\u00e7\\u00f5es de rep\\u00f3rter, redator, editor, articulista e colaborador, como Folha de S. Paulo, O Estado de S. Paulo, Di\\u00e1rio Popular, entre outros. Ao transferir a revista vitrine, vers\\u00e3o imprensa, de S\\u00e3o Paulo para Ibi\\u00fana h\\u00e1 alguns anos, iniciou uma nova experi\\u00eancia profissional, dedicando-se ao jornalismo regional, depois de cumprir uma trajet\\u00f3ria bem-sucedida na grande imprensa brasileira. Seu primeiro livro A Coragem de Comunicar foi lan\\u00e7ado na Bienal do Livro em S\\u00e3o Paulo no ano 2000, pela editora Madras.\"}]}<\/script>\n<!-- \/ Yoast SEO plugin. -->","_links":{"self":[{"href":"https:\/\/revistavitrineibiuna.com.br\/index.php?rest_route=\/wp\/v2\/posts\/30868"}],"collection":[{"href":"https:\/\/revistavitrineibiuna.com.br\/index.php?rest_route=\/wp\/v2\/posts"}],"about":[{"href":"https:\/\/revistavitrineibiuna.com.br\/index.php?rest_route=\/wp\/v2\/types\/post"}],"author":[{"embeddable":true,"href":"https:\/\/revistavitrineibiuna.com.br\/index.php?rest_route=\/wp\/v2\/users\/1"}],"replies":[{"embeddable":true,"href":"https:\/\/revistavitrineibiuna.com.br\/index.php?rest_route=%2Fwp%2Fv2%2Fcomments&post=30868"}],"version-history":[{"count":11,"href":"https:\/\/revistavitrineibiuna.com.br\/index.php?rest_route=\/wp\/v2\/posts\/30868\/revisions"}],"predecessor-version":[{"id":30886,"href":"https:\/\/revistavitrineibiuna.com.br\/index.php?rest_route=\/wp\/v2\/posts\/30868\/revisions\/30886"}],"wp:featuredmedia":[{"embeddable":true,"href":"https:\/\/revistavitrineibiuna.com.br\/index.php?rest_route=\/wp\/v2\/media\/30869"}],"wp:attachment":[{"href":"https:\/\/revistavitrineibiuna.com.br\/index.php?rest_route=%2Fwp%2Fv2%2Fmedia&parent=30868"}],"wp:term":[{"taxonomy":"category","embeddable":true,"href":"https:\/\/revistavitrineibiuna.com.br\/index.php?rest_route=%2Fwp%2Fv2%2Fcategories&post=30868"},{"taxonomy":"post_tag","embeddable":true,"href":"https:\/\/revistavitrineibiuna.com.br\/index.php?rest_route=%2Fwp%2Fv2%2Ftags&post=30868"}],"curies":[{"name":"wp","href":"https:\/\/api.w.org\/{rel}","templated":true}]}}