{"id":30887,"date":"2024-03-01T10:42:08","date_gmt":"2024-03-01T13:42:08","guid":{"rendered":"http:\/\/revistavitrineibiuna.com.br\/?p=30887"},"modified":"2024-03-01T11:14:42","modified_gmt":"2024-03-01T14:14:42","slug":"ibiuna-eleicoes-2024-6239-dos-eleitores-ibiunenses-residem-no-centro-3761-na-area-rural","status":"publish","type":"post","link":"https:\/\/revistavitrineibiuna.com.br\/?p=30887","title":{"rendered":"IBI\u00daNA ELEI\u00c7\u00d5ES 2024 \u2013 62,39% DOS ELEITORES IBIUNENSES RESIDEM NO CENTRO; 37,61%, NA \u00c1REA RURAL"},"content":{"rendered":"\n<p class=\"has-drop-cap\"><strong><u>Vitrine online, visando a contribuir jornalisticamente com o processo eleitoral deste ano no munic\u00edpio de Ibi\u00fana, iniciou a publica\u00e7\u00e3o de uma s\u00e9rie de mat\u00e9rias em prol do voto popular livre e consciente.<\/u><\/strong><\/p>\n\n\n\n<p><strong>No presente momento o munic\u00edpio de Ibi\u00fana conta com 60.259 eleitores, sendo na \u00e1rea rural 22.660 ou 37,61% do total do eleitorado do munic\u00edpio, e 37.599, ou 62,39%, no centro da cidade, segundo dados fornecidos pelo Cart\u00f3rio Eleitoral.<\/strong><\/p>\n\n\n\n<p><strong>Esse n\u00famero, no entanto, poder\u00e1 variar porque as pessoas ter\u00e3o at\u00e9 o dia 8 de maio pr\u00f3ximo para obter o t\u00edtulo, fazer transfer\u00eancia e revis\u00e3o.<\/strong><\/p>\n\n\n\n<p><strong>O QUE \u00c9 PRECISO<\/strong><\/p>\n\n\n\n<p><strong>Para tirar o t\u00edtulo, fazer transfer\u00eancia ou revis\u00e3o, \u00e9 preciso levar o RG, CPF e comprovante de endere\u00e7o. No caso de eleitores do sexo masculino com dezenove anos, para emiss\u00e3o do t\u00edtulo, dever\u00e3o trazer o certificado de reservista tamb\u00e9m.<\/strong><\/p>\n\n\n\n<p><strong>O Cart\u00f3rio Eleitoral de Ibi\u00fana se localiza na Avenida Maria La Farina Milani, 671- Centro. Telefone (15) 3241-2995.<\/strong><\/p>\n\n\n\n<p><strong>N\u00e3o ser\u00e1 necess\u00e1rio vir pessoalmente ao cart\u00f3rio no caso de transfer\u00eancia ou revis\u00e3o. O eleitor poder\u00e1 fazer pelo site do Tribunal Regional Eleitoral de S\u00e3o Paulo \u2013 TRESP: <a href=\"https:\/\/www.tre-sp.jur.br\">https:\/\/www.tre-sp.jur.br<\/a>.<\/strong><\/p>\n\n\n\n<p><strong>No caso de primeiro t\u00edtulo ou o eleitor queira vir ao cart\u00f3rio, poder\u00e1 agendar seu atendimento pelo site do TRESP , ou se houver vaga, poder\u00e1 aguardar atendimento por ordem de chegada.<\/strong><\/p>\n\n\n\n<p><strong>Os eleitores que estiverem com seu t\u00edtulo regular, mas sem biometria, poder\u00e3o votar normalmente nesta elei\u00e7\u00e3o.<\/strong><\/p>\n\n\n\n<p><strong>355 CANDIDATOS A VEREADOR<\/strong><\/p>\n\n\n\n<p><strong>Nas elei\u00e7\u00f5es de 2020, houve trezentos e setenta e cinco candidatos no total, sendo 10 candidatos a prefeito, 10 a vice- prefeito e trezentos e cinquenta e cinco candidatos a vereador.<\/strong><\/p>\n","protected":false},"excerpt":{"rendered":"<p>Vitrine online, visando a contribuir jornalisticamente com o processo eleitoral deste ano no munic\u00edpio de Ibi\u00fana, iniciou a publica\u00e7\u00e3o de<\/p>\n","protected":false},"author":1,"featured_media":30888,"comment_status":"open","ping_status":"open","sticky":false,"template":"","format":"standard","meta":[],"categories":[3],"tags":[],"yoast_head":"<!-- This site is optimized with the Yoast SEO plugin v15.8 - https:\/\/yoast.com\/wordpress\/plugins\/seo\/ -->\n<title>IBI\u00daNA ELEI\u00c7\u00d5ES 2024 \u2013 62,39% DOS ELEITORES IBIUNENSES RESIDEM NO CENTRO; 37,61%, NA \u00c1REA RURAL - Revista Vitrine Online<\/title>\n<meta name=\"robots\" content=\"index, follow, max-snippet:-1, max-image-preview:large, max-video-preview:-1\" \/>\n<link rel=\"canonical\" href=\"http:\/\/revistavitrineibiuna.com.br\/?p=30887\" \/>\n<meta property=\"og:locale\" content=\"pt_BR\" \/>\n<meta property=\"og:type\" content=\"article\" \/>\n<meta property=\"og:title\" content=\"IBI\u00daNA ELEI\u00c7\u00d5ES 2024 \u2013 62,39% DOS ELEITORES IBIUNENSES RESIDEM NO CENTRO; 37,61%, NA \u00c1REA RURAL - Revista Vitrine Online\" \/>\n<meta property=\"og:description\" content=\"Vitrine online, visando a contribuir jornalisticamente com o processo eleitoral deste ano no munic\u00edpio de Ibi\u00fana, iniciou a publica\u00e7\u00e3o de\" \/>\n<meta property=\"og:url\" content=\"http:\/\/revistavitrineibiuna.com.br\/?p=30887\" \/>\n<meta property=\"og:site_name\" content=\"Revista Vitrine Online\" \/>\n<meta property=\"article:published_time\" content=\"2024-03-01T13:42:08+00:00\" \/>\n<meta property=\"article:modified_time\" content=\"2024-03-01T14:14:42+00:00\" \/>\n<meta property=\"og:image\" content=\"https:\/\/revistavitrineibiuna.com.br\/wp-content\/uploads\/2024\/03\/urna-eleitoral-1024x683.png\" \/>\n\t<meta property=\"og:image:width\" content=\"1024\" \/>\n\t<meta property=\"og:image:height\" content=\"683\" \/>\n<meta name=\"twitter:card\" content=\"summary\" \/>\n<meta name=\"twitter:label1\" content=\"Est. reading time\">\n\t<meta name=\"twitter:data1\" content=\"2 minutos\">\n<script type=\"application\/ld+json\" class=\"yoast-schema-graph\">{\"@context\":\"https:\/\/schema.org\",\"@graph\":[{\"@type\":\"WebSite\",\"@id\":\"https:\/\/revistavitrineibiuna.com.br\/#website\",\"url\":\"https:\/\/revistavitrineibiuna.com.br\/\",\"name\":\"Revista Vitrine Ibi\\u00fana\",\"description\":\"A Revista de Ibi\\u00fana e Regi\\u00e3o\",\"publisher\":{\"@id\":\"https:\/\/revistavitrineibiuna.com.br\/#\/schema\/person\/e51ef49d6d88170ea21ceabff3f73deb\"},\"potentialAction\":[{\"@type\":\"SearchAction\",\"target\":\"https:\/\/revistavitrineibiuna.com.br\/?s={search_term_string}\",\"query-input\":\"required name=search_term_string\"}],\"inLanguage\":\"pt-BR\"},{\"@type\":\"ImageObject\",\"@id\":\"http:\/\/revistavitrineibiuna.com.br\/?p=30887#primaryimage\",\"inLanguage\":\"pt-BR\",\"url\":\"https:\/\/revistavitrineibiuna.com.br\/wp-content\/uploads\/2024\/03\/urna-eleitoral.png\",\"width\":1920,\"height\":1280},{\"@type\":\"WebPage\",\"@id\":\"http:\/\/revistavitrineibiuna.com.br\/?p=30887#webpage\",\"url\":\"http:\/\/revistavitrineibiuna.com.br\/?p=30887\",\"name\":\"IBI\\u00daNA ELEI\\u00c7\\u00d5ES 2024 \\u2013 62,39% DOS ELEITORES IBIUNENSES RESIDEM NO CENTRO; 37,61%, NA \\u00c1REA RURAL - Revista Vitrine Online\",\"isPartOf\":{\"@id\":\"https:\/\/revistavitrineibiuna.com.br\/#website\"},\"primaryImageOfPage\":{\"@id\":\"http:\/\/revistavitrineibiuna.com.br\/?p=30887#primaryimage\"},\"datePublished\":\"2024-03-01T13:42:08+00:00\",\"dateModified\":\"2024-03-01T14:14:42+00:00\",\"breadcrumb\":{\"@id\":\"http:\/\/revistavitrineibiuna.com.br\/?p=30887#breadcrumb\"},\"inLanguage\":\"pt-BR\",\"potentialAction\":[{\"@type\":\"ReadAction\",\"target\":[\"http:\/\/revistavitrineibiuna.com.br\/?p=30887\"]}]},{\"@type\":\"BreadcrumbList\",\"@id\":\"http:\/\/revistavitrineibiuna.com.br\/?p=30887#breadcrumb\",\"itemListElement\":[{\"@type\":\"ListItem\",\"position\":1,\"item\":{\"@type\":\"WebPage\",\"@id\":\"https:\/\/revistavitrineibiuna.com.br\/\",\"url\":\"https:\/\/revistavitrineibiuna.com.br\/\",\"name\":\"In\\u00edcio\"}},{\"@type\":\"ListItem\",\"position\":2,\"item\":{\"@type\":\"WebPage\",\"@id\":\"http:\/\/revistavitrineibiuna.com.br\/?p=30887\",\"url\":\"http:\/\/revistavitrineibiuna.com.br\/?p=30887\",\"name\":\"IBI\\u00daNA ELEI\\u00c7\\u00d5ES 2024 \\u2013 62,39% DOS ELEITORES IBIUNENSES RESIDEM NO CENTRO; 37,61%, NA \\u00c1REA RURAL\"}}]},{\"@type\":\"Article\",\"@id\":\"http:\/\/revistavitrineibiuna.com.br\/?p=30887#article\",\"isPartOf\":{\"@id\":\"http:\/\/revistavitrineibiuna.com.br\/?p=30887#webpage\"},\"author\":{\"@id\":\"https:\/\/revistavitrineibiuna.com.br\/#\/schema\/person\/e51ef49d6d88170ea21ceabff3f73deb\"},\"headline\":\"IBI\\u00daNA ELEI\\u00c7\\u00d5ES 2024 \\u2013 62,39% DOS ELEITORES IBIUNENSES RESIDEM NO CENTRO; 37,61%, NA \\u00c1REA RURAL\",\"datePublished\":\"2024-03-01T13:42:08+00:00\",\"dateModified\":\"2024-03-01T14:14:42+00:00\",\"mainEntityOfPage\":{\"@id\":\"http:\/\/revistavitrineibiuna.com.br\/?p=30887#webpage\"},\"commentCount\":0,\"publisher\":{\"@id\":\"https:\/\/revistavitrineibiuna.com.br\/#\/schema\/person\/e51ef49d6d88170ea21ceabff3f73deb\"},\"image\":{\"@id\":\"http:\/\/revistavitrineibiuna.com.br\/?p=30887#primaryimage\"},\"articleSection\":\"Not\\u00edcias\",\"inLanguage\":\"pt-BR\",\"potentialAction\":[{\"@type\":\"CommentAction\",\"name\":\"Comment\",\"target\":[\"http:\/\/revistavitrineibiuna.com.br\/?p=30887#respond\"]}]},{\"@type\":[\"Person\",\"Organization\"],\"@id\":\"https:\/\/revistavitrineibiuna.com.br\/#\/schema\/person\/e51ef49d6d88170ea21ceabff3f73deb\",\"name\":\"Carlos Rossini\",\"image\":{\"@type\":\"ImageObject\",\"@id\":\"https:\/\/revistavitrineibiuna.com.br\/#personlogo\",\"inLanguage\":\"pt-BR\",\"url\":\"https:\/\/secure.gravatar.com\/avatar\/4f2d0f99fac1f85c7d643f21f5c8d900?s=96&d=mm&r=g\",\"caption\":\"Carlos Rossini\"},\"logo\":{\"@id\":\"https:\/\/revistavitrineibiuna.com.br\/#personlogo\"},\"description\":\"Carlos Rossini \\u00e9 jornalista, soci\\u00f3logo, escritor e professor universit\\u00e1rio, tendo sido professor de jornalismo por vinte anos. Trabalhou em ve\\u00edculos de comunica\\u00e7\\u00e3o nas fun\\u00e7\\u00f5es de rep\\u00f3rter, redator, editor, articulista e colaborador, como Folha de S. Paulo, O Estado de S. Paulo, Di\\u00e1rio Popular, entre outros. Ao transferir a revista vitrine, vers\\u00e3o imprensa, de S\\u00e3o Paulo para Ibi\\u00fana h\\u00e1 alguns anos, iniciou uma nova experi\\u00eancia profissional, dedicando-se ao jornalismo regional, depois de cumprir uma trajet\\u00f3ria bem-sucedida na grande imprensa brasileira. Seu primeiro livro A Coragem de Comunicar foi lan\\u00e7ado na Bienal do Livro em S\\u00e3o Paulo no ano 2000, pela editora Madras.\"}]}<\/script>\n<!-- \/ Yoast SEO plugin. -->","_links":{"self":[{"href":"https:\/\/revistavitrineibiuna.com.br\/index.php?rest_route=\/wp\/v2\/posts\/30887"}],"collection":[{"href":"https:\/\/revistavitrineibiuna.com.br\/index.php?rest_route=\/wp\/v2\/posts"}],"about":[{"href":"https:\/\/revistavitrineibiuna.com.br\/index.php?rest_route=\/wp\/v2\/types\/post"}],"author":[{"embeddable":true,"href":"https:\/\/revistavitrineibiuna.com.br\/index.php?rest_route=\/wp\/v2\/users\/1"}],"replies":[{"embeddable":true,"href":"https:\/\/revistavitrineibiuna.com.br\/index.php?rest_route=%2Fwp%2Fv2%2Fcomments&post=30887"}],"version-history":[{"count":2,"href":"https:\/\/revistavitrineibiuna.com.br\/index.php?rest_route=\/wp\/v2\/posts\/30887\/revisions"}],"predecessor-version":[{"id":30890,"href":"https:\/\/revistavitrineibiuna.com.br\/index.php?rest_route=\/wp\/v2\/posts\/30887\/revisions\/30890"}],"wp:featuredmedia":[{"embeddable":true,"href":"https:\/\/revistavitrineibiuna.com.br\/index.php?rest_route=\/wp\/v2\/media\/30888"}],"wp:attachment":[{"href":"https:\/\/revistavitrineibiuna.com.br\/index.php?rest_route=%2Fwp%2Fv2%2Fmedia&parent=30887"}],"wp:term":[{"taxonomy":"category","embeddable":true,"href":"https:\/\/revistavitrineibiuna.com.br\/index.php?rest_route=%2Fwp%2Fv2%2Fcategories&post=30887"},{"taxonomy":"post_tag","embeddable":true,"href":"https:\/\/revistavitrineibiuna.com.br\/index.php?rest_route=%2Fwp%2Fv2%2Ftags&post=30887"}],"curies":[{"name":"wp","href":"https:\/\/api.w.org\/{rel}","templated":true}]}}