{"id":31394,"date":"2024-05-01T13:48:48","date_gmt":"2024-05-01T16:48:48","guid":{"rendered":"http:\/\/revistavitrineibiuna.com.br\/?p=31394"},"modified":"2024-05-01T14:03:39","modified_gmt":"2024-05-01T17:03:39","slug":"ibiuna-video-revela-fato-vergonhoso-no-transporte-de-estudantes","status":"publish","type":"post","link":"https:\/\/revistavitrineibiuna.com.br\/?p=31394","title":{"rendered":"IBI\u00daNA \u2013 V\u00cdDEO REVELA FATO VERGONHOSO NO TRANSPORTE DE ESTUDANTES"},"content":{"rendered":"\n<p class=\"has-drop-cap\"><strong>O alcaide ibiunense se encontrava muito longe de Ibi\u00fana nesta ter\u00e7a-feira (30), quando um \u00f4nibus da Via\u00e7\u00e3o Raposo Tavares que havia ido buscar os estudantes no bairro da Cachoeira, fazia uma parada em frente ao Residencial Minha Casa, Minha Vida, na Estrada da Cachoeira.<\/strong><\/p>\n\n\n\n<p><strong>Os estudantes, sob sol forte, desceram do coletivo para seguir a p\u00e9 at\u00e9 as escolas na cidade. O v\u00eddeo feito por um cidad\u00e3o, depois de receber den\u00fancia de uma professora, revelou que alguns iriam enfrentar uma longa caminhada at\u00e9 escolas mais distantes, como Profa. Laurinda Pinto e D. Ol\u00edmpia Falci.<\/strong><\/p>\n\n\n\n<p><strong>O motivo desse fato, que j\u00e1 \u00e9 rotineiro, segundo o autor do v\u00eddeo, \u00e9 que o mesmo \u00f4nibus esvaziado, faz uma manobra e segue em sentido contrario em dire\u00e7\u00e3o ao Bairro Dois C\u00f3rregos, na estrada que liga Ibi\u00fana a Mairinque, para buscar outros alunos.<\/strong><\/p>\n\n\n\n<p><strong>O Conselho Tutelar \u2013 CT de Ibi\u00fana recebeu a not\u00edcia divulgada ontem por vitrine online, bem como o v\u00eddeo que foi compartilhado pela revista eletr\u00f4nica, uma vez que esse procedimento faz com que as crian\u00e7as, al\u00e9m de se submeterem \u00e0s intemp\u00e9ries, se sujeitam a riscos ao caminhar pelas vias p\u00fablicas.<\/strong><\/p>\n\n\n\n<p><strong>Se os pais dessas crian\u00e7as se manifestarem junto ao CT e informarem, por exemplo, que seus filhos descem dos \u00f4nibus para n\u00e3o chegarem atrasados \u00e0s escolas, ter\u00e1 que agir e exigir provid\u00eancias ao chefe do Executivo, respons\u00e1vel pela contrata\u00e7\u00e3o e fiscaliza\u00e7\u00e3o dos servi\u00e7os prestados pela Via\u00e7\u00e3o Raposo Tavares.<\/strong><\/p>\n\n\n\n<p><strong>Se, no entanto, os alunos \u00e9 que pedem para descer na estrada, talvez pouco prov\u00e1vel, para n\u00e3o terem que ir at\u00e9 outro bairro distante, o 2 C\u00f3rregos, ent\u00e3o nada poder\u00e1 fazer, do ponto de vista de defesa dos adolescentes.<\/strong><\/p>\n\n\n\n<p><strong>LOG\u00cdSTICA EQUIVOCADA<\/strong><\/p>\n\n\n\n<p><strong>Independentemente de ser um ou outro caso, \u00e9 claro que h\u00e1 um erro de log\u00edstica nesse sistema de transporte. Talvez fosse mais correto ir primeiro buscar os alunos no bairro 2 C\u00f3rregos e, em seguida, os que moram na Estrada da Cachoeira. Assim, todos seguiriam em seguran\u00e7a at\u00e9 a cidade.<\/strong><\/p>\n\n\n\n<p><strong>Economizar nesse servi\u00e7o, como alegou o autor do v\u00eddeo, \u00e9 uma vergonha! O poder p\u00fablico ibiunense n\u00e3o pode deixar que isso prossiga e deve tomar provid\u00eancias imediatas em nome da seguran\u00e7a dos adolescentes.<\/strong><\/p>\n\n\n\n<p><strong>AGRISHOW<\/strong><\/p>\n\n\n\n<figure class=\"wp-block-image size-large\"><img loading=\"lazy\" width=\"704\" height=\"558\" src=\"https:\/\/revistavitrineibiuna.com.br\/wp-content\/uploads\/2024\/05\/o-prefeito-no-Agrishow.png\" alt=\"\" class=\"wp-image-31400\" srcset=\"https:\/\/revistavitrineibiuna.com.br\/wp-content\/uploads\/2024\/05\/o-prefeito-no-Agrishow.png 704w, https:\/\/revistavitrineibiuna.com.br\/wp-content\/uploads\/2024\/05\/o-prefeito-no-Agrishow-300x238.png 300w\" sizes=\"(max-width: 704px) 100vw, 704px\" \/><figcaption>O prefeito de Ibi\u00fana na Agrishow, em Ribeir\u00e3o Preto<\/figcaption><\/figure>\n\n\n\n<p><strong>Na hora em que os alunos desciam do \u00f4nibus sob sol forte e calor, o prefeito de Ibi\u00fana se encontrava a 336 quil\u00f4metros de Ibi\u00fana, no Agrishow, uma exposi\u00e7\u00e3o anual de agroneg\u00f3cios em Ribeir\u00e3o Preto, que seguir\u00e1 at\u00e9 esta sexta-feira (3).<\/strong><\/p>\n","protected":false},"excerpt":{"rendered":"<p>O alcaide ibiunense se encontrava muito longe de Ibi\u00fana nesta ter\u00e7a-feira (30), quando um \u00f4nibus da Via\u00e7\u00e3o Raposo Tavares que<\/p>\n","protected":false},"author":1,"featured_media":31395,"comment_status":"open","ping_status":"open","sticky":false,"template":"","format":"standard","meta":[],"categories":[3],"tags":[],"yoast_head":"<!-- This site is optimized with the Yoast SEO plugin v15.8 - https:\/\/yoast.com\/wordpress\/plugins\/seo\/ -->\n<title>IBI\u00daNA \u2013 V\u00cdDEO REVELA FATO VERGONHOSO NO TRANSPORTE DE ESTUDANTES - Revista Vitrine Online<\/title>\n<meta name=\"robots\" content=\"index, follow, max-snippet:-1, max-image-preview:large, max-video-preview:-1\" \/>\n<link rel=\"canonical\" href=\"http:\/\/revistavitrineibiuna.com.br\/?p=31394\" \/>\n<meta property=\"og:locale\" content=\"pt_BR\" \/>\n<meta property=\"og:type\" content=\"article\" \/>\n<meta property=\"og:title\" content=\"IBI\u00daNA \u2013 V\u00cdDEO REVELA FATO VERGONHOSO NO TRANSPORTE DE ESTUDANTES - Revista Vitrine Online\" \/>\n<meta property=\"og:description\" content=\"O alcaide ibiunense se encontrava muito longe de Ibi\u00fana nesta ter\u00e7a-feira (30), quando um \u00f4nibus da Via\u00e7\u00e3o Raposo Tavares que\" \/>\n<meta property=\"og:url\" content=\"http:\/\/revistavitrineibiuna.com.br\/?p=31394\" \/>\n<meta property=\"og:site_name\" content=\"Revista Vitrine Online\" \/>\n<meta property=\"article:published_time\" content=\"2024-05-01T16:48:48+00:00\" \/>\n<meta property=\"article:modified_time\" content=\"2024-05-01T17:03:39+00:00\" \/>\n<meta property=\"og:image\" content=\"https:\/\/revistavitrineibiuna.com.br\/wp-content\/uploads\/2024\/05\/CRIANCAS-DEIXAM-O-ONIBUS.png\" \/>\n\t<meta property=\"og:image:width\" content=\"469\" \/>\n\t<meta property=\"og:image:height\" content=\"316\" \/>\n<meta name=\"twitter:card\" content=\"summary\" \/>\n<meta name=\"twitter:label1\" content=\"Est. reading time\">\n\t<meta name=\"twitter:data1\" content=\"2 minutos\">\n<script type=\"application\/ld+json\" class=\"yoast-schema-graph\">{\"@context\":\"https:\/\/schema.org\",\"@graph\":[{\"@type\":\"WebSite\",\"@id\":\"https:\/\/revistavitrineibiuna.com.br\/#website\",\"url\":\"https:\/\/revistavitrineibiuna.com.br\/\",\"name\":\"Revista Vitrine Ibi\\u00fana\",\"description\":\"A Revista de Ibi\\u00fana e Regi\\u00e3o\",\"publisher\":{\"@id\":\"https:\/\/revistavitrineibiuna.com.br\/#\/schema\/person\/e51ef49d6d88170ea21ceabff3f73deb\"},\"potentialAction\":[{\"@type\":\"SearchAction\",\"target\":\"https:\/\/revistavitrineibiuna.com.br\/?s={search_term_string}\",\"query-input\":\"required name=search_term_string\"}],\"inLanguage\":\"pt-BR\"},{\"@type\":\"ImageObject\",\"@id\":\"http:\/\/revistavitrineibiuna.com.br\/?p=31394#primaryimage\",\"inLanguage\":\"pt-BR\",\"url\":\"https:\/\/revistavitrineibiuna.com.br\/wp-content\/uploads\/2024\/05\/CRIANCAS-DEIXAM-O-ONIBUS.png\",\"width\":469,\"height\":316},{\"@type\":\"WebPage\",\"@id\":\"http:\/\/revistavitrineibiuna.com.br\/?p=31394#webpage\",\"url\":\"http:\/\/revistavitrineibiuna.com.br\/?p=31394\",\"name\":\"IBI\\u00daNA \\u2013 V\\u00cdDEO REVELA FATO VERGONHOSO NO TRANSPORTE DE ESTUDANTES - Revista Vitrine Online\",\"isPartOf\":{\"@id\":\"https:\/\/revistavitrineibiuna.com.br\/#website\"},\"primaryImageOfPage\":{\"@id\":\"http:\/\/revistavitrineibiuna.com.br\/?p=31394#primaryimage\"},\"datePublished\":\"2024-05-01T16:48:48+00:00\",\"dateModified\":\"2024-05-01T17:03:39+00:00\",\"breadcrumb\":{\"@id\":\"http:\/\/revistavitrineibiuna.com.br\/?p=31394#breadcrumb\"},\"inLanguage\":\"pt-BR\",\"potentialAction\":[{\"@type\":\"ReadAction\",\"target\":[\"http:\/\/revistavitrineibiuna.com.br\/?p=31394\"]}]},{\"@type\":\"BreadcrumbList\",\"@id\":\"http:\/\/revistavitrineibiuna.com.br\/?p=31394#breadcrumb\",\"itemListElement\":[{\"@type\":\"ListItem\",\"position\":1,\"item\":{\"@type\":\"WebPage\",\"@id\":\"https:\/\/revistavitrineibiuna.com.br\/\",\"url\":\"https:\/\/revistavitrineibiuna.com.br\/\",\"name\":\"In\\u00edcio\"}},{\"@type\":\"ListItem\",\"position\":2,\"item\":{\"@type\":\"WebPage\",\"@id\":\"http:\/\/revistavitrineibiuna.com.br\/?p=31394\",\"url\":\"http:\/\/revistavitrineibiuna.com.br\/?p=31394\",\"name\":\"IBI\\u00daNA \\u2013 V\\u00cdDEO REVELA FATO VERGONHOSO NO TRANSPORTE DE ESTUDANTES\"}}]},{\"@type\":\"Article\",\"@id\":\"http:\/\/revistavitrineibiuna.com.br\/?p=31394#article\",\"isPartOf\":{\"@id\":\"http:\/\/revistavitrineibiuna.com.br\/?p=31394#webpage\"},\"author\":{\"@id\":\"https:\/\/revistavitrineibiuna.com.br\/#\/schema\/person\/e51ef49d6d88170ea21ceabff3f73deb\"},\"headline\":\"IBI\\u00daNA \\u2013 V\\u00cdDEO REVELA FATO VERGONHOSO NO TRANSPORTE DE ESTUDANTES\",\"datePublished\":\"2024-05-01T16:48:48+00:00\",\"dateModified\":\"2024-05-01T17:03:39+00:00\",\"mainEntityOfPage\":{\"@id\":\"http:\/\/revistavitrineibiuna.com.br\/?p=31394#webpage\"},\"commentCount\":0,\"publisher\":{\"@id\":\"https:\/\/revistavitrineibiuna.com.br\/#\/schema\/person\/e51ef49d6d88170ea21ceabff3f73deb\"},\"image\":{\"@id\":\"http:\/\/revistavitrineibiuna.com.br\/?p=31394#primaryimage\"},\"articleSection\":\"Not\\u00edcias\",\"inLanguage\":\"pt-BR\",\"potentialAction\":[{\"@type\":\"CommentAction\",\"name\":\"Comment\",\"target\":[\"http:\/\/revistavitrineibiuna.com.br\/?p=31394#respond\"]}]},{\"@type\":[\"Person\",\"Organization\"],\"@id\":\"https:\/\/revistavitrineibiuna.com.br\/#\/schema\/person\/e51ef49d6d88170ea21ceabff3f73deb\",\"name\":\"Carlos Rossini\",\"image\":{\"@type\":\"ImageObject\",\"@id\":\"https:\/\/revistavitrineibiuna.com.br\/#personlogo\",\"inLanguage\":\"pt-BR\",\"url\":\"https:\/\/secure.gravatar.com\/avatar\/4f2d0f99fac1f85c7d643f21f5c8d900?s=96&d=mm&r=g\",\"caption\":\"Carlos Rossini\"},\"logo\":{\"@id\":\"https:\/\/revistavitrineibiuna.com.br\/#personlogo\"},\"description\":\"Carlos Rossini \\u00e9 jornalista, soci\\u00f3logo, escritor e professor universit\\u00e1rio, tendo sido professor de jornalismo por vinte anos. Trabalhou em ve\\u00edculos de comunica\\u00e7\\u00e3o nas fun\\u00e7\\u00f5es de rep\\u00f3rter, redator, editor, articulista e colaborador, como Folha de S. Paulo, O Estado de S. Paulo, Di\\u00e1rio Popular, entre outros. Ao transferir a revista vitrine, vers\\u00e3o imprensa, de S\\u00e3o Paulo para Ibi\\u00fana h\\u00e1 alguns anos, iniciou uma nova experi\\u00eancia profissional, dedicando-se ao jornalismo regional, depois de cumprir uma trajet\\u00f3ria bem-sucedida na grande imprensa brasileira. Seu primeiro livro A Coragem de Comunicar foi lan\\u00e7ado na Bienal do Livro em S\\u00e3o Paulo no ano 2000, pela editora Madras.\"}]}<\/script>\n<!-- \/ Yoast SEO plugin. -->","_links":{"self":[{"href":"https:\/\/revistavitrineibiuna.com.br\/index.php?rest_route=\/wp\/v2\/posts\/31394"}],"collection":[{"href":"https:\/\/revistavitrineibiuna.com.br\/index.php?rest_route=\/wp\/v2\/posts"}],"about":[{"href":"https:\/\/revistavitrineibiuna.com.br\/index.php?rest_route=\/wp\/v2\/types\/post"}],"author":[{"embeddable":true,"href":"https:\/\/revistavitrineibiuna.com.br\/index.php?rest_route=\/wp\/v2\/users\/1"}],"replies":[{"embeddable":true,"href":"https:\/\/revistavitrineibiuna.com.br\/index.php?rest_route=%2Fwp%2Fv2%2Fcomments&post=31394"}],"version-history":[{"count":4,"href":"https:\/\/revistavitrineibiuna.com.br\/index.php?rest_route=\/wp\/v2\/posts\/31394\/revisions"}],"predecessor-version":[{"id":31402,"href":"https:\/\/revistavitrineibiuna.com.br\/index.php?rest_route=\/wp\/v2\/posts\/31394\/revisions\/31402"}],"wp:featuredmedia":[{"embeddable":true,"href":"https:\/\/revistavitrineibiuna.com.br\/index.php?rest_route=\/wp\/v2\/media\/31395"}],"wp:attachment":[{"href":"https:\/\/revistavitrineibiuna.com.br\/index.php?rest_route=%2Fwp%2Fv2%2Fmedia&parent=31394"}],"wp:term":[{"taxonomy":"category","embeddable":true,"href":"https:\/\/revistavitrineibiuna.com.br\/index.php?rest_route=%2Fwp%2Fv2%2Fcategories&post=31394"},{"taxonomy":"post_tag","embeddable":true,"href":"https:\/\/revistavitrineibiuna.com.br\/index.php?rest_route=%2Fwp%2Fv2%2Ftags&post=31394"}],"curies":[{"name":"wp","href":"https:\/\/api.w.org\/{rel}","templated":true}]}}