{"id":31409,"date":"2024-05-02T20:01:07","date_gmt":"2024-05-02T23:01:07","guid":{"rendered":"http:\/\/revistavitrineibiuna.com.br\/?p=31409"},"modified":"2024-05-02T20:02:08","modified_gmt":"2024-05-02T23:02:08","slug":"ibiuna-sindicato-preve-ultimato-a-prefeitura-sobre-reposicao-salarial","status":"publish","type":"post","link":"https:\/\/revistavitrineibiuna.com.br\/?p=31409","title":{"rendered":"IBI\u00daNA \u2013 SINDICATO PREV\u00ca ULTIMATO \u00c0 PREFEITURA SOBRE REPOSI\u00c7\u00c3O SALARIAL"},"content":{"rendered":"\n<p class=\"has-drop-cap\"><strong>O Sindicato dos Servidores P\u00fablicos de S\u00e3o Roque, Ibi\u00fana e Regi\u00e3o convocou nova Assembleia \u201cde todos os servidores municipais de Ibi\u00fana\u201d em frente ao Pa\u00e7o Municipal na pr\u00f3xima segunda-feira (6), \u00e0s 16h, com o objetivo de abrir negocia\u00e7\u00f5es sobre o \u00edndice de reposi\u00e7\u00e3o salarial.<\/strong><\/p>\n\n\n\n<p><strong>O edital de convoca\u00e7\u00e3o, assinado pela presidente da entidade, Patr\u00edcia Bueno Lisboa, prev\u00ea, caso o prefeito Paulo Sasaki n\u00e3o receba a comiss\u00e3o formada por representantes do sindicato e de comiss\u00e3o de servidores municipais, a realiza\u00e7\u00e3o imediata de uma Assembleia Geral Extraordin\u00e1ria que dar\u00e1 um prazo de 72 horas para a \u201cMunicipalidade abra as negocia\u00e7\u00f5es da reposi\u00e7\u00e3o salarial, sob pena, ao final desse prazo, ser deflagrada greve por prazo indeterminado\u201d.<\/strong><\/p>\n\n\n\n<p><strong>VEJA A INTEGRA DO EDITAL<\/strong><\/p>\n\n\n\n<figure class=\"wp-block-image size-large\"><img loading=\"lazy\" width=\"661\" height=\"837\" src=\"https:\/\/revistavitrineibiuna.com.br\/wp-content\/uploads\/2024\/05\/edital-de-convocacao.png\" alt=\"\" class=\"wp-image-31413\" srcset=\"https:\/\/revistavitrineibiuna.com.br\/wp-content\/uploads\/2024\/05\/edital-de-convocacao.png 661w, https:\/\/revistavitrineibiuna.com.br\/wp-content\/uploads\/2024\/05\/edital-de-convocacao-237x300.png 237w\" sizes=\"(max-width: 661px) 100vw, 661px\" \/><\/figure>\n\n\n\n<p><strong>\u201cFALTA DE TRANSPAR\u00caNCIA\u201d<\/strong><\/p>\n\n\n\n<p><strong>O Sindicato fez tamb\u00e9m hoje (2) uma den\u00fancia \u00e0 Promotoria de Justi\u00e7a de Ibi\u00fana contra o Executivo de Ibi\u00fana por \u201cfalta de transpar\u00eancia de seu portal, o n\u00e3o pagamento do piso dos servidores professores e o n\u00e3o pagamento do piso dos servidores da enfermagem\u201d.<\/strong><\/p>\n\n\n\n<p><strong>Na ocorr\u00eancia anotada pela Promotoria se l\u00ea: \u201cO portal da Transpar\u00eancia da Prefeitura da Est\u00e2ncia Tur\u00edstica de Ibi\u00fana n\u00e3o cumpre a Lei de Acesso \u00e0 Informa\u00e7\u00e3o como se deve, pois a folha de pagamento disponibiliza somente o valor do sal\u00e1rio base, por fun\u00e7\u00e3o e n\u00e3o a remunera\u00e7\u00e3o de cada servidor. Outro problema \u00e9 o n\u00e3o cumprimento do pagamento do Piso Nacional do magist\u00e9rio desde 2022 e o Piso da Enfermagem desde 2023\u201d.<\/strong><\/p>\n\n\n\n<p><strong>A reivindica\u00e7\u00e3o feita pelo Sindicato espera que o Minist\u00e9rio P\u00fablico delibere \u201cdentro do que a legisla\u00e7\u00e3o determina, para que o Munic\u00edpio corrija seus erros e aos respons\u00e1veis seja-lhes aplicadas as devidas penalidades, se assim couber\u201d.<\/strong><\/p>\n","protected":false},"excerpt":{"rendered":"<p>O Sindicato dos Servidores P\u00fablicos de S\u00e3o Roque, Ibi\u00fana e Regi\u00e3o convocou nova Assembleia \u201cde todos os servidores municipais de<\/p>\n","protected":false},"author":1,"featured_media":31410,"comment_status":"open","ping_status":"open","sticky":false,"template":"","format":"standard","meta":[],"categories":[1],"tags":[],"yoast_head":"<!-- This site is optimized with the Yoast SEO plugin v15.8 - https:\/\/yoast.com\/wordpress\/plugins\/seo\/ -->\n<title>IBI\u00daNA \u2013 SINDICATO PREV\u00ca ULTIMATO \u00c0 PREFEITURA SOBRE REPOSI\u00c7\u00c3O SALARIAL - Revista Vitrine Online<\/title>\n<meta name=\"robots\" content=\"index, follow, max-snippet:-1, max-image-preview:large, max-video-preview:-1\" \/>\n<link rel=\"canonical\" href=\"http:\/\/revistavitrineibiuna.com.br\/?p=31409\" \/>\n<meta property=\"og:locale\" content=\"pt_BR\" \/>\n<meta property=\"og:type\" content=\"article\" \/>\n<meta property=\"og:title\" content=\"IBI\u00daNA \u2013 SINDICATO PREV\u00ca ULTIMATO \u00c0 PREFEITURA SOBRE REPOSI\u00c7\u00c3O SALARIAL - Revista Vitrine Online\" \/>\n<meta property=\"og:description\" content=\"O Sindicato dos Servidores P\u00fablicos de S\u00e3o Roque, Ibi\u00fana e Regi\u00e3o convocou nova Assembleia \u201cde todos os servidores municipais de\" \/>\n<meta property=\"og:url\" content=\"http:\/\/revistavitrineibiuna.com.br\/?p=31409\" \/>\n<meta property=\"og:site_name\" content=\"Revista Vitrine Online\" \/>\n<meta property=\"article:published_time\" content=\"2024-05-02T23:01:07+00:00\" \/>\n<meta property=\"article:modified_time\" content=\"2024-05-02T23:02:08+00:00\" \/>\n<meta property=\"og:image\" content=\"https:\/\/revistavitrineibiuna.com.br\/wp-content\/uploads\/2024\/05\/ADIs-indecisao.jpg\" \/>\n\t<meta property=\"og:image:width\" content=\"750\" \/>\n\t<meta property=\"og:image:height\" content=\"418\" \/>\n<meta name=\"twitter:card\" content=\"summary\" \/>\n<meta name=\"twitter:label1\" content=\"Est. reading time\">\n\t<meta name=\"twitter:data1\" content=\"2 minutos\">\n<script type=\"application\/ld+json\" class=\"yoast-schema-graph\">{\"@context\":\"https:\/\/schema.org\",\"@graph\":[{\"@type\":\"WebSite\",\"@id\":\"https:\/\/revistavitrineibiuna.com.br\/#website\",\"url\":\"https:\/\/revistavitrineibiuna.com.br\/\",\"name\":\"Revista Vitrine Ibi\\u00fana\",\"description\":\"A Revista de Ibi\\u00fana e Regi\\u00e3o\",\"publisher\":{\"@id\":\"https:\/\/revistavitrineibiuna.com.br\/#\/schema\/person\/e51ef49d6d88170ea21ceabff3f73deb\"},\"potentialAction\":[{\"@type\":\"SearchAction\",\"target\":\"https:\/\/revistavitrineibiuna.com.br\/?s={search_term_string}\",\"query-input\":\"required name=search_term_string\"}],\"inLanguage\":\"pt-BR\"},{\"@type\":\"ImageObject\",\"@id\":\"http:\/\/revistavitrineibiuna.com.br\/?p=31409#primaryimage\",\"inLanguage\":\"pt-BR\",\"url\":\"https:\/\/revistavitrineibiuna.com.br\/wp-content\/uploads\/2024\/05\/ADIs-indecisao.jpg\",\"width\":750,\"height\":418},{\"@type\":\"WebPage\",\"@id\":\"http:\/\/revistavitrineibiuna.com.br\/?p=31409#webpage\",\"url\":\"http:\/\/revistavitrineibiuna.com.br\/?p=31409\",\"name\":\"IBI\\u00daNA \\u2013 SINDICATO PREV\\u00ca ULTIMATO \\u00c0 PREFEITURA SOBRE REPOSI\\u00c7\\u00c3O SALARIAL - Revista Vitrine Online\",\"isPartOf\":{\"@id\":\"https:\/\/revistavitrineibiuna.com.br\/#website\"},\"primaryImageOfPage\":{\"@id\":\"http:\/\/revistavitrineibiuna.com.br\/?p=31409#primaryimage\"},\"datePublished\":\"2024-05-02T23:01:07+00:00\",\"dateModified\":\"2024-05-02T23:02:08+00:00\",\"breadcrumb\":{\"@id\":\"http:\/\/revistavitrineibiuna.com.br\/?p=31409#breadcrumb\"},\"inLanguage\":\"pt-BR\",\"potentialAction\":[{\"@type\":\"ReadAction\",\"target\":[\"http:\/\/revistavitrineibiuna.com.br\/?p=31409\"]}]},{\"@type\":\"BreadcrumbList\",\"@id\":\"http:\/\/revistavitrineibiuna.com.br\/?p=31409#breadcrumb\",\"itemListElement\":[{\"@type\":\"ListItem\",\"position\":1,\"item\":{\"@type\":\"WebPage\",\"@id\":\"https:\/\/revistavitrineibiuna.com.br\/\",\"url\":\"https:\/\/revistavitrineibiuna.com.br\/\",\"name\":\"In\\u00edcio\"}},{\"@type\":\"ListItem\",\"position\":2,\"item\":{\"@type\":\"WebPage\",\"@id\":\"http:\/\/revistavitrineibiuna.com.br\/?p=31409\",\"url\":\"http:\/\/revistavitrineibiuna.com.br\/?p=31409\",\"name\":\"IBI\\u00daNA \\u2013 SINDICATO PREV\\u00ca ULTIMATO \\u00c0 PREFEITURA SOBRE REPOSI\\u00c7\\u00c3O SALARIAL\"}}]},{\"@type\":\"Article\",\"@id\":\"http:\/\/revistavitrineibiuna.com.br\/?p=31409#article\",\"isPartOf\":{\"@id\":\"http:\/\/revistavitrineibiuna.com.br\/?p=31409#webpage\"},\"author\":{\"@id\":\"https:\/\/revistavitrineibiuna.com.br\/#\/schema\/person\/e51ef49d6d88170ea21ceabff3f73deb\"},\"headline\":\"IBI\\u00daNA \\u2013 SINDICATO PREV\\u00ca ULTIMATO \\u00c0 PREFEITURA SOBRE REPOSI\\u00c7\\u00c3O SALARIAL\",\"datePublished\":\"2024-05-02T23:01:07+00:00\",\"dateModified\":\"2024-05-02T23:02:08+00:00\",\"mainEntityOfPage\":{\"@id\":\"http:\/\/revistavitrineibiuna.com.br\/?p=31409#webpage\"},\"commentCount\":0,\"publisher\":{\"@id\":\"https:\/\/revistavitrineibiuna.com.br\/#\/schema\/person\/e51ef49d6d88170ea21ceabff3f73deb\"},\"image\":{\"@id\":\"http:\/\/revistavitrineibiuna.com.br\/?p=31409#primaryimage\"},\"articleSection\":\"Uncategorized\",\"inLanguage\":\"pt-BR\",\"potentialAction\":[{\"@type\":\"CommentAction\",\"name\":\"Comment\",\"target\":[\"http:\/\/revistavitrineibiuna.com.br\/?p=31409#respond\"]}]},{\"@type\":[\"Person\",\"Organization\"],\"@id\":\"https:\/\/revistavitrineibiuna.com.br\/#\/schema\/person\/e51ef49d6d88170ea21ceabff3f73deb\",\"name\":\"Carlos Rossini\",\"image\":{\"@type\":\"ImageObject\",\"@id\":\"https:\/\/revistavitrineibiuna.com.br\/#personlogo\",\"inLanguage\":\"pt-BR\",\"url\":\"https:\/\/secure.gravatar.com\/avatar\/4f2d0f99fac1f85c7d643f21f5c8d900?s=96&d=mm&r=g\",\"caption\":\"Carlos Rossini\"},\"logo\":{\"@id\":\"https:\/\/revistavitrineibiuna.com.br\/#personlogo\"},\"description\":\"Carlos Rossini \\u00e9 jornalista, soci\\u00f3logo, escritor e professor universit\\u00e1rio, tendo sido professor de jornalismo por vinte anos. Trabalhou em ve\\u00edculos de comunica\\u00e7\\u00e3o nas fun\\u00e7\\u00f5es de rep\\u00f3rter, redator, editor, articulista e colaborador, como Folha de S. Paulo, O Estado de S. Paulo, Di\\u00e1rio Popular, entre outros. Ao transferir a revista vitrine, vers\\u00e3o imprensa, de S\\u00e3o Paulo para Ibi\\u00fana h\\u00e1 alguns anos, iniciou uma nova experi\\u00eancia profissional, dedicando-se ao jornalismo regional, depois de cumprir uma trajet\\u00f3ria bem-sucedida na grande imprensa brasileira. Seu primeiro livro A Coragem de Comunicar foi lan\\u00e7ado na Bienal do Livro em S\\u00e3o Paulo no ano 2000, pela editora Madras.\"}]}<\/script>\n<!-- \/ Yoast SEO plugin. -->","_links":{"self":[{"href":"https:\/\/revistavitrineibiuna.com.br\/index.php?rest_route=\/wp\/v2\/posts\/31409"}],"collection":[{"href":"https:\/\/revistavitrineibiuna.com.br\/index.php?rest_route=\/wp\/v2\/posts"}],"about":[{"href":"https:\/\/revistavitrineibiuna.com.br\/index.php?rest_route=\/wp\/v2\/types\/post"}],"author":[{"embeddable":true,"href":"https:\/\/revistavitrineibiuna.com.br\/index.php?rest_route=\/wp\/v2\/users\/1"}],"replies":[{"embeddable":true,"href":"https:\/\/revistavitrineibiuna.com.br\/index.php?rest_route=%2Fwp%2Fv2%2Fcomments&post=31409"}],"version-history":[{"count":2,"href":"https:\/\/revistavitrineibiuna.com.br\/index.php?rest_route=\/wp\/v2\/posts\/31409\/revisions"}],"predecessor-version":[{"id":31414,"href":"https:\/\/revistavitrineibiuna.com.br\/index.php?rest_route=\/wp\/v2\/posts\/31409\/revisions\/31414"}],"wp:featuredmedia":[{"embeddable":true,"href":"https:\/\/revistavitrineibiuna.com.br\/index.php?rest_route=\/wp\/v2\/media\/31410"}],"wp:attachment":[{"href":"https:\/\/revistavitrineibiuna.com.br\/index.php?rest_route=%2Fwp%2Fv2%2Fmedia&parent=31409"}],"wp:term":[{"taxonomy":"category","embeddable":true,"href":"https:\/\/revistavitrineibiuna.com.br\/index.php?rest_route=%2Fwp%2Fv2%2Fcategories&post=31409"},{"taxonomy":"post_tag","embeddable":true,"href":"https:\/\/revistavitrineibiuna.com.br\/index.php?rest_route=%2Fwp%2Fv2%2Ftags&post=31409"}],"curies":[{"name":"wp","href":"https:\/\/api.w.org\/{rel}","templated":true}]}}