{"id":31415,"date":"2024-05-03T20:07:23","date_gmt":"2024-05-03T23:07:23","guid":{"rendered":"http:\/\/revistavitrineibiuna.com.br\/?p=31415"},"modified":"2024-05-03T20:10:46","modified_gmt":"2024-05-03T23:10:46","slug":"ibiuna-dr-homero-perrella-morre-aos-76-anos","status":"publish","type":"post","link":"https:\/\/revistavitrineibiuna.com.br\/?p=31415","title":{"rendered":"IBI\u00daNA \u2013 DR. HOMERO PERRELLA MORRE AOS 76 ANOS"},"content":{"rendered":"\n<p class=\"has-drop-cap\"><strong>O Dr. Homero Jorge Perrella, farmac\u00eautico e empres\u00e1rio, propriet\u00e1rio do Vitalabor Laborat\u00f3rio de An\u00e1lises Cl\u00ednicas e da Natural Pharma \u2013 Farm\u00e1cia de Manipula\u00e7\u00e3o, morreu hoje (3) subitamente em Ibi\u00fana.<\/strong><\/p>\n\n\n\n<p><strong>Pessoa querida e respeitada, Dr. Homero que por mais de 20 anos dirigiu as duas empresas junto com seu filho, Luis Gustavo, \u00a0fazia quest\u00e3o de oferecer um servi\u00e7o de qualidade a todos os clientes junto com sua equipe de profissionais.<\/strong><\/p>\n\n\n\n<p><strong>A Vitalabor divulgou uma nota de pesar: &#8220;Perdemos algu\u00e9m por quem toda a equipe tinha um grande carinho. Jamais esqueceremos sua dedica\u00e7\u00e3o e empenho ao trabalho. Descanse em paz.&#8221;<\/strong><\/p>\n\n\n\n<p><strong>VEL\u00d3RIO<\/strong><\/p>\n\n\n\n<p><strong>O vel\u00f3rio ocorrer\u00e1 neste s\u00e1bado (4), das 9 \u00e0s 15h, no Vel\u00f3rio Municipal de Ibi\u00fana e seu corpo dever\u00e1 ser cremado.<\/strong><\/p>\n\n\n\n<p><strong>RESGATE<\/strong><\/p>\n\n\n\n<p><strong>Ele foi socorrido pelo Samu e levado para o Hospital Municipal de Ibi\u00fana. Durante o trajeto, os profissionais fizeram tentativas de reanima\u00e7\u00e3o cardiorrespirat\u00f3ria, mas ele chegou ao hospital em \u00f3bito.<\/strong><\/p>\n\n\n\n<p><strong>FAMILIARES EM CHOQUE<\/strong><\/p>\n\n\n\n<p><strong>Seus familiares ficaram abalados com a not\u00edcia e mal conseguiam falar.<\/strong><\/p>\n\n\n\n<p><strong>Seu corpo foi levado para o Servi\u00e7o de Verifica\u00e7\u00e3o de \u00d3bito, em Sorocaba, a fim de apontar a causa de sua morte. At\u00e9 o momento em que redigimos esta not\u00edcia o laudo ainda n\u00e3o estava conclu\u00eddo, mas a causa mais prov\u00e1vel seria infarto.<\/strong><\/p>\n\n\n\n<p><strong>&#8230;..<\/strong><\/p>\n\n\n\n<p><strong>Vitrine online e a TVUNA manifestam profundos sentimentos pela perda do Dr. Homero aos seus familiares e amigos. &nbsp;<\/strong><\/p>\n","protected":false},"excerpt":{"rendered":"<p>O Dr. Homero Jorge Perrella, farmac\u00eautico e empres\u00e1rio, propriet\u00e1rio do Vitalabor Laborat\u00f3rio de An\u00e1lises Cl\u00ednicas e da Natural Pharma \u2013<\/p>\n","protected":false},"author":1,"featured_media":31416,"comment_status":"open","ping_status":"open","sticky":false,"template":"","format":"standard","meta":[],"categories":[70],"tags":[],"yoast_head":"<!-- This site is optimized with the Yoast SEO plugin v15.8 - https:\/\/yoast.com\/wordpress\/plugins\/seo\/ -->\n<title>IBI\u00daNA \u2013 DR. HOMERO PERRELLA MORRE AOS 76 ANOS - Revista Vitrine Online<\/title>\n<meta name=\"robots\" content=\"index, follow, max-snippet:-1, max-image-preview:large, max-video-preview:-1\" \/>\n<link rel=\"canonical\" href=\"http:\/\/revistavitrineibiuna.com.br\/?p=31415\" \/>\n<meta property=\"og:locale\" content=\"pt_BR\" \/>\n<meta property=\"og:type\" content=\"article\" \/>\n<meta property=\"og:title\" content=\"IBI\u00daNA \u2013 DR. HOMERO PERRELLA MORRE AOS 76 ANOS - Revista Vitrine Online\" \/>\n<meta property=\"og:description\" content=\"O Dr. Homero Jorge Perrella, farmac\u00eautico e empres\u00e1rio, propriet\u00e1rio do Vitalabor Laborat\u00f3rio de An\u00e1lises Cl\u00ednicas e da Natural Pharma \u2013\" \/>\n<meta property=\"og:url\" content=\"http:\/\/revistavitrineibiuna.com.br\/?p=31415\" \/>\n<meta property=\"og:site_name\" content=\"Revista Vitrine Online\" \/>\n<meta property=\"article:published_time\" content=\"2024-05-03T23:07:23+00:00\" \/>\n<meta property=\"article:modified_time\" content=\"2024-05-03T23:10:46+00:00\" \/>\n<meta property=\"og:image\" content=\"https:\/\/revistavitrineibiuna.com.br\/wp-content\/uploads\/2024\/05\/dr.-Homero.png\" \/>\n\t<meta property=\"og:image:width\" content=\"707\" \/>\n\t<meta property=\"og:image:height\" content=\"510\" \/>\n<meta name=\"twitter:card\" content=\"summary\" \/>\n<meta name=\"twitter:label1\" content=\"Est. reading time\">\n\t<meta name=\"twitter:data1\" content=\"1 minuto\">\n<script type=\"application\/ld+json\" class=\"yoast-schema-graph\">{\"@context\":\"https:\/\/schema.org\",\"@graph\":[{\"@type\":\"WebSite\",\"@id\":\"https:\/\/revistavitrineibiuna.com.br\/#website\",\"url\":\"https:\/\/revistavitrineibiuna.com.br\/\",\"name\":\"Revista Vitrine Ibi\\u00fana\",\"description\":\"A Revista de Ibi\\u00fana e Regi\\u00e3o\",\"publisher\":{\"@id\":\"https:\/\/revistavitrineibiuna.com.br\/#\/schema\/person\/e51ef49d6d88170ea21ceabff3f73deb\"},\"potentialAction\":[{\"@type\":\"SearchAction\",\"target\":\"https:\/\/revistavitrineibiuna.com.br\/?s={search_term_string}\",\"query-input\":\"required name=search_term_string\"}],\"inLanguage\":\"pt-BR\"},{\"@type\":\"ImageObject\",\"@id\":\"http:\/\/revistavitrineibiuna.com.br\/?p=31415#primaryimage\",\"inLanguage\":\"pt-BR\",\"url\":\"https:\/\/revistavitrineibiuna.com.br\/wp-content\/uploads\/2024\/05\/dr.-Homero.png\",\"width\":707,\"height\":510},{\"@type\":\"WebPage\",\"@id\":\"http:\/\/revistavitrineibiuna.com.br\/?p=31415#webpage\",\"url\":\"http:\/\/revistavitrineibiuna.com.br\/?p=31415\",\"name\":\"IBI\\u00daNA \\u2013 DR. HOMERO PERRELLA MORRE AOS 76 ANOS - Revista Vitrine Online\",\"isPartOf\":{\"@id\":\"https:\/\/revistavitrineibiuna.com.br\/#website\"},\"primaryImageOfPage\":{\"@id\":\"http:\/\/revistavitrineibiuna.com.br\/?p=31415#primaryimage\"},\"datePublished\":\"2024-05-03T23:07:23+00:00\",\"dateModified\":\"2024-05-03T23:10:46+00:00\",\"breadcrumb\":{\"@id\":\"http:\/\/revistavitrineibiuna.com.br\/?p=31415#breadcrumb\"},\"inLanguage\":\"pt-BR\",\"potentialAction\":[{\"@type\":\"ReadAction\",\"target\":[\"http:\/\/revistavitrineibiuna.com.br\/?p=31415\"]}]},{\"@type\":\"BreadcrumbList\",\"@id\":\"http:\/\/revistavitrineibiuna.com.br\/?p=31415#breadcrumb\",\"itemListElement\":[{\"@type\":\"ListItem\",\"position\":1,\"item\":{\"@type\":\"WebPage\",\"@id\":\"https:\/\/revistavitrineibiuna.com.br\/\",\"url\":\"https:\/\/revistavitrineibiuna.com.br\/\",\"name\":\"In\\u00edcio\"}},{\"@type\":\"ListItem\",\"position\":2,\"item\":{\"@type\":\"WebPage\",\"@id\":\"http:\/\/revistavitrineibiuna.com.br\/?p=31415\",\"url\":\"http:\/\/revistavitrineibiuna.com.br\/?p=31415\",\"name\":\"IBI\\u00daNA \\u2013 DR. HOMERO PERRELLA MORRE AOS 76 ANOS\"}}]},{\"@type\":\"Article\",\"@id\":\"http:\/\/revistavitrineibiuna.com.br\/?p=31415#article\",\"isPartOf\":{\"@id\":\"http:\/\/revistavitrineibiuna.com.br\/?p=31415#webpage\"},\"author\":{\"@id\":\"https:\/\/revistavitrineibiuna.com.br\/#\/schema\/person\/e51ef49d6d88170ea21ceabff3f73deb\"},\"headline\":\"IBI\\u00daNA \\u2013 DR. HOMERO PERRELLA MORRE AOS 76 ANOS\",\"datePublished\":\"2024-05-03T23:07:23+00:00\",\"dateModified\":\"2024-05-03T23:10:46+00:00\",\"mainEntityOfPage\":{\"@id\":\"http:\/\/revistavitrineibiuna.com.br\/?p=31415#webpage\"},\"commentCount\":0,\"publisher\":{\"@id\":\"https:\/\/revistavitrineibiuna.com.br\/#\/schema\/person\/e51ef49d6d88170ea21ceabff3f73deb\"},\"image\":{\"@id\":\"http:\/\/revistavitrineibiuna.com.br\/?p=31415#primaryimage\"},\"articleSection\":\"Rapidinhas\",\"inLanguage\":\"pt-BR\",\"potentialAction\":[{\"@type\":\"CommentAction\",\"name\":\"Comment\",\"target\":[\"http:\/\/revistavitrineibiuna.com.br\/?p=31415#respond\"]}]},{\"@type\":[\"Person\",\"Organization\"],\"@id\":\"https:\/\/revistavitrineibiuna.com.br\/#\/schema\/person\/e51ef49d6d88170ea21ceabff3f73deb\",\"name\":\"Carlos Rossini\",\"image\":{\"@type\":\"ImageObject\",\"@id\":\"https:\/\/revistavitrineibiuna.com.br\/#personlogo\",\"inLanguage\":\"pt-BR\",\"url\":\"https:\/\/secure.gravatar.com\/avatar\/4f2d0f99fac1f85c7d643f21f5c8d900?s=96&d=mm&r=g\",\"caption\":\"Carlos Rossini\"},\"logo\":{\"@id\":\"https:\/\/revistavitrineibiuna.com.br\/#personlogo\"},\"description\":\"Carlos Rossini \\u00e9 jornalista, soci\\u00f3logo, escritor e professor universit\\u00e1rio, tendo sido professor de jornalismo por vinte anos. Trabalhou em ve\\u00edculos de comunica\\u00e7\\u00e3o nas fun\\u00e7\\u00f5es de rep\\u00f3rter, redator, editor, articulista e colaborador, como Folha de S. Paulo, O Estado de S. Paulo, Di\\u00e1rio Popular, entre outros. Ao transferir a revista vitrine, vers\\u00e3o imprensa, de S\\u00e3o Paulo para Ibi\\u00fana h\\u00e1 alguns anos, iniciou uma nova experi\\u00eancia profissional, dedicando-se ao jornalismo regional, depois de cumprir uma trajet\\u00f3ria bem-sucedida na grande imprensa brasileira. Seu primeiro livro A Coragem de Comunicar foi lan\\u00e7ado na Bienal do Livro em S\\u00e3o Paulo no ano 2000, pela editora Madras.\"}]}<\/script>\n<!-- \/ Yoast SEO plugin. -->","_links":{"self":[{"href":"https:\/\/revistavitrineibiuna.com.br\/index.php?rest_route=\/wp\/v2\/posts\/31415"}],"collection":[{"href":"https:\/\/revistavitrineibiuna.com.br\/index.php?rest_route=\/wp\/v2\/posts"}],"about":[{"href":"https:\/\/revistavitrineibiuna.com.br\/index.php?rest_route=\/wp\/v2\/types\/post"}],"author":[{"embeddable":true,"href":"https:\/\/revistavitrineibiuna.com.br\/index.php?rest_route=\/wp\/v2\/users\/1"}],"replies":[{"embeddable":true,"href":"https:\/\/revistavitrineibiuna.com.br\/index.php?rest_route=%2Fwp%2Fv2%2Fcomments&post=31415"}],"version-history":[{"count":2,"href":"https:\/\/revistavitrineibiuna.com.br\/index.php?rest_route=\/wp\/v2\/posts\/31415\/revisions"}],"predecessor-version":[{"id":31419,"href":"https:\/\/revistavitrineibiuna.com.br\/index.php?rest_route=\/wp\/v2\/posts\/31415\/revisions\/31419"}],"wp:featuredmedia":[{"embeddable":true,"href":"https:\/\/revistavitrineibiuna.com.br\/index.php?rest_route=\/wp\/v2\/media\/31416"}],"wp:attachment":[{"href":"https:\/\/revistavitrineibiuna.com.br\/index.php?rest_route=%2Fwp%2Fv2%2Fmedia&parent=31415"}],"wp:term":[{"taxonomy":"category","embeddable":true,"href":"https:\/\/revistavitrineibiuna.com.br\/index.php?rest_route=%2Fwp%2Fv2%2Fcategories&post=31415"},{"taxonomy":"post_tag","embeddable":true,"href":"https:\/\/revistavitrineibiuna.com.br\/index.php?rest_route=%2Fwp%2Fv2%2Ftags&post=31415"}],"curies":[{"name":"wp","href":"https:\/\/api.w.org\/{rel}","templated":true}]}}