{"id":31420,"date":"2024-05-04T11:57:56","date_gmt":"2024-05-04T14:57:56","guid":{"rendered":"http:\/\/revistavitrineibiuna.com.br\/?p=31420"},"modified":"2024-05-04T12:00:22","modified_gmt":"2024-05-04T15:00:22","slug":"veja-o-programa-105a-festa-de-sao-sebastiao-comeca-neste-domingo","status":"publish","type":"post","link":"https:\/\/revistavitrineibiuna.com.br\/?p=31420","title":{"rendered":"VEJA O PROGRAMA &#8211; 105\u00aa FESTA DE S\u00c3O SEBASTI\u00c3O COME\u00c7A NESTE DOMINGO"},"content":{"rendered":"\n<p class=\"has-drop-cap\"><strong>A tradicional festa religiosa de Ibi\u00fana e Regi\u00e3o come\u00e7a neste domingo (5), \u00e0s 15h, com a realiza\u00e7\u00e3o de um bingo no Gin\u00e1sio Municipal de Esportes e seguir\u00e1 at\u00e9 o dia 28 de maio.<\/strong><\/p>\n\n\n\n<p><strong>Pelo 105\u00ba ano consecutivo, milhares de pessoas celebrar\u00e3o o santo protetor do munic\u00edpio de Ibi\u00fana e o Divino Esp\u00edrito Santo.<\/strong><\/p>\n\n\n\n<figure class=\"wp-block-image size-large\"><img loading=\"lazy\" width=\"707\" height=\"552\" src=\"https:\/\/revistavitrineibiuna.com.br\/wp-content\/uploads\/2024\/05\/Programa-da-festa-1.png\" alt=\"\" class=\"wp-image-31423\" srcset=\"https:\/\/revistavitrineibiuna.com.br\/wp-content\/uploads\/2024\/05\/Programa-da-festa-1.png 707w, https:\/\/revistavitrineibiuna.com.br\/wp-content\/uploads\/2024\/05\/Programa-da-festa-1-300x234.png 300w\" sizes=\"(max-width: 707px) 100vw, 707px\" \/><\/figure>\n\n\n\n<p><\/p>\n","protected":false},"excerpt":{"rendered":"<p>A tradicional festa religiosa de Ibi\u00fana e Regi\u00e3o come\u00e7a neste domingo (5), \u00e0s 15h, com a realiza\u00e7\u00e3o de um bingo<\/p>\n","protected":false},"author":1,"featured_media":31421,"comment_status":"open","ping_status":"open","sticky":false,"template":"","format":"standard","meta":[],"categories":[1],"tags":[],"yoast_head":"<!-- This site is optimized with the Yoast SEO plugin v15.8 - https:\/\/yoast.com\/wordpress\/plugins\/seo\/ -->\n<title>VEJA O PROGRAMA - 105\u00aa FESTA DE S\u00c3O SEBASTI\u00c3O COME\u00c7A NESTE DOMINGO - Revista Vitrine Online<\/title>\n<meta name=\"robots\" content=\"index, follow, max-snippet:-1, max-image-preview:large, max-video-preview:-1\" \/>\n<link rel=\"canonical\" href=\"http:\/\/revistavitrineibiuna.com.br\/?p=31420\" \/>\n<meta property=\"og:locale\" content=\"pt_BR\" \/>\n<meta property=\"og:type\" content=\"article\" \/>\n<meta property=\"og:title\" content=\"VEJA O PROGRAMA - 105\u00aa FESTA DE S\u00c3O SEBASTI\u00c3O COME\u00c7A NESTE DOMINGO - Revista Vitrine Online\" \/>\n<meta property=\"og:description\" content=\"A tradicional festa religiosa de Ibi\u00fana e Regi\u00e3o come\u00e7a neste domingo (5), \u00e0s 15h, com a realiza\u00e7\u00e3o de um bingo\" \/>\n<meta property=\"og:url\" content=\"http:\/\/revistavitrineibiuna.com.br\/?p=31420\" \/>\n<meta property=\"og:site_name\" content=\"Revista Vitrine Online\" \/>\n<meta property=\"article:published_time\" content=\"2024-05-04T14:57:56+00:00\" \/>\n<meta property=\"article:modified_time\" content=\"2024-05-04T15:00:22+00:00\" \/>\n<meta property=\"og:image\" content=\"https:\/\/revistavitrineibiuna.com.br\/wp-content\/uploads\/2024\/05\/festa-de-sao-sebastiao-2024.png\" \/>\n\t<meta property=\"og:image:width\" content=\"718\" \/>\n\t<meta property=\"og:image:height\" content=\"525\" \/>\n<meta name=\"twitter:card\" content=\"summary\" \/>\n<meta name=\"twitter:label1\" content=\"Est. reading time\">\n\t<meta name=\"twitter:data1\" content=\"1 minuto\">\n<script type=\"application\/ld+json\" class=\"yoast-schema-graph\">{\"@context\":\"https:\/\/schema.org\",\"@graph\":[{\"@type\":\"WebSite\",\"@id\":\"https:\/\/revistavitrineibiuna.com.br\/#website\",\"url\":\"https:\/\/revistavitrineibiuna.com.br\/\",\"name\":\"Revista Vitrine Ibi\\u00fana\",\"description\":\"A Revista de Ibi\\u00fana e Regi\\u00e3o\",\"publisher\":{\"@id\":\"https:\/\/revistavitrineibiuna.com.br\/#\/schema\/person\/e51ef49d6d88170ea21ceabff3f73deb\"},\"potentialAction\":[{\"@type\":\"SearchAction\",\"target\":\"https:\/\/revistavitrineibiuna.com.br\/?s={search_term_string}\",\"query-input\":\"required name=search_term_string\"}],\"inLanguage\":\"pt-BR\"},{\"@type\":\"ImageObject\",\"@id\":\"http:\/\/revistavitrineibiuna.com.br\/?p=31420#primaryimage\",\"inLanguage\":\"pt-BR\",\"url\":\"https:\/\/revistavitrineibiuna.com.br\/wp-content\/uploads\/2024\/05\/festa-de-sao-sebastiao-2024.png\",\"width\":718,\"height\":525},{\"@type\":\"WebPage\",\"@id\":\"http:\/\/revistavitrineibiuna.com.br\/?p=31420#webpage\",\"url\":\"http:\/\/revistavitrineibiuna.com.br\/?p=31420\",\"name\":\"VEJA O PROGRAMA - 105\\u00aa FESTA DE S\\u00c3O SEBASTI\\u00c3O COME\\u00c7A NESTE DOMINGO - Revista Vitrine Online\",\"isPartOf\":{\"@id\":\"https:\/\/revistavitrineibiuna.com.br\/#website\"},\"primaryImageOfPage\":{\"@id\":\"http:\/\/revistavitrineibiuna.com.br\/?p=31420#primaryimage\"},\"datePublished\":\"2024-05-04T14:57:56+00:00\",\"dateModified\":\"2024-05-04T15:00:22+00:00\",\"breadcrumb\":{\"@id\":\"http:\/\/revistavitrineibiuna.com.br\/?p=31420#breadcrumb\"},\"inLanguage\":\"pt-BR\",\"potentialAction\":[{\"@type\":\"ReadAction\",\"target\":[\"http:\/\/revistavitrineibiuna.com.br\/?p=31420\"]}]},{\"@type\":\"BreadcrumbList\",\"@id\":\"http:\/\/revistavitrineibiuna.com.br\/?p=31420#breadcrumb\",\"itemListElement\":[{\"@type\":\"ListItem\",\"position\":1,\"item\":{\"@type\":\"WebPage\",\"@id\":\"https:\/\/revistavitrineibiuna.com.br\/\",\"url\":\"https:\/\/revistavitrineibiuna.com.br\/\",\"name\":\"In\\u00edcio\"}},{\"@type\":\"ListItem\",\"position\":2,\"item\":{\"@type\":\"WebPage\",\"@id\":\"http:\/\/revistavitrineibiuna.com.br\/?p=31420\",\"url\":\"http:\/\/revistavitrineibiuna.com.br\/?p=31420\",\"name\":\"VEJA O PROGRAMA &#8211; 105\\u00aa FESTA DE S\\u00c3O SEBASTI\\u00c3O COME\\u00c7A NESTE DOMINGO\"}}]},{\"@type\":\"Article\",\"@id\":\"http:\/\/revistavitrineibiuna.com.br\/?p=31420#article\",\"isPartOf\":{\"@id\":\"http:\/\/revistavitrineibiuna.com.br\/?p=31420#webpage\"},\"author\":{\"@id\":\"https:\/\/revistavitrineibiuna.com.br\/#\/schema\/person\/e51ef49d6d88170ea21ceabff3f73deb\"},\"headline\":\"VEJA O PROGRAMA &#8211; 105\\u00aa FESTA DE S\\u00c3O SEBASTI\\u00c3O COME\\u00c7A NESTE DOMINGO\",\"datePublished\":\"2024-05-04T14:57:56+00:00\",\"dateModified\":\"2024-05-04T15:00:22+00:00\",\"mainEntityOfPage\":{\"@id\":\"http:\/\/revistavitrineibiuna.com.br\/?p=31420#webpage\"},\"commentCount\":0,\"publisher\":{\"@id\":\"https:\/\/revistavitrineibiuna.com.br\/#\/schema\/person\/e51ef49d6d88170ea21ceabff3f73deb\"},\"image\":{\"@id\":\"http:\/\/revistavitrineibiuna.com.br\/?p=31420#primaryimage\"},\"articleSection\":\"Uncategorized\",\"inLanguage\":\"pt-BR\",\"potentialAction\":[{\"@type\":\"CommentAction\",\"name\":\"Comment\",\"target\":[\"http:\/\/revistavitrineibiuna.com.br\/?p=31420#respond\"]}]},{\"@type\":[\"Person\",\"Organization\"],\"@id\":\"https:\/\/revistavitrineibiuna.com.br\/#\/schema\/person\/e51ef49d6d88170ea21ceabff3f73deb\",\"name\":\"Carlos Rossini\",\"image\":{\"@type\":\"ImageObject\",\"@id\":\"https:\/\/revistavitrineibiuna.com.br\/#personlogo\",\"inLanguage\":\"pt-BR\",\"url\":\"https:\/\/secure.gravatar.com\/avatar\/4f2d0f99fac1f85c7d643f21f5c8d900?s=96&d=mm&r=g\",\"caption\":\"Carlos Rossini\"},\"logo\":{\"@id\":\"https:\/\/revistavitrineibiuna.com.br\/#personlogo\"},\"description\":\"Carlos Rossini \\u00e9 jornalista, soci\\u00f3logo, escritor e professor universit\\u00e1rio, tendo sido professor de jornalismo por vinte anos. Trabalhou em ve\\u00edculos de comunica\\u00e7\\u00e3o nas fun\\u00e7\\u00f5es de rep\\u00f3rter, redator, editor, articulista e colaborador, como Folha de S. Paulo, O Estado de S. Paulo, Di\\u00e1rio Popular, entre outros. Ao transferir a revista vitrine, vers\\u00e3o imprensa, de S\\u00e3o Paulo para Ibi\\u00fana h\\u00e1 alguns anos, iniciou uma nova experi\\u00eancia profissional, dedicando-se ao jornalismo regional, depois de cumprir uma trajet\\u00f3ria bem-sucedida na grande imprensa brasileira. Seu primeiro livro A Coragem de Comunicar foi lan\\u00e7ado na Bienal do Livro em S\\u00e3o Paulo no ano 2000, pela editora Madras.\"}]}<\/script>\n<!-- \/ Yoast SEO plugin. -->","_links":{"self":[{"href":"https:\/\/revistavitrineibiuna.com.br\/index.php?rest_route=\/wp\/v2\/posts\/31420"}],"collection":[{"href":"https:\/\/revistavitrineibiuna.com.br\/index.php?rest_route=\/wp\/v2\/posts"}],"about":[{"href":"https:\/\/revistavitrineibiuna.com.br\/index.php?rest_route=\/wp\/v2\/types\/post"}],"author":[{"embeddable":true,"href":"https:\/\/revistavitrineibiuna.com.br\/index.php?rest_route=\/wp\/v2\/users\/1"}],"replies":[{"embeddable":true,"href":"https:\/\/revistavitrineibiuna.com.br\/index.php?rest_route=%2Fwp%2Fv2%2Fcomments&post=31420"}],"version-history":[{"count":3,"href":"https:\/\/revistavitrineibiuna.com.br\/index.php?rest_route=\/wp\/v2\/posts\/31420\/revisions"}],"predecessor-version":[{"id":31425,"href":"https:\/\/revistavitrineibiuna.com.br\/index.php?rest_route=\/wp\/v2\/posts\/31420\/revisions\/31425"}],"wp:featuredmedia":[{"embeddable":true,"href":"https:\/\/revistavitrineibiuna.com.br\/index.php?rest_route=\/wp\/v2\/media\/31421"}],"wp:attachment":[{"href":"https:\/\/revistavitrineibiuna.com.br\/index.php?rest_route=%2Fwp%2Fv2%2Fmedia&parent=31420"}],"wp:term":[{"taxonomy":"category","embeddable":true,"href":"https:\/\/revistavitrineibiuna.com.br\/index.php?rest_route=%2Fwp%2Fv2%2Fcategories&post=31420"},{"taxonomy":"post_tag","embeddable":true,"href":"https:\/\/revistavitrineibiuna.com.br\/index.php?rest_route=%2Fwp%2Fv2%2Ftags&post=31420"}],"curies":[{"name":"wp","href":"https:\/\/api.w.org\/{rel}","templated":true}]}}