{"id":31442,"date":"2024-05-10T09:44:46","date_gmt":"2024-05-10T12:44:46","guid":{"rendered":"http:\/\/revistavitrineibiuna.com.br\/?p=31442"},"modified":"2024-05-10T09:44:47","modified_gmt":"2024-05-10T12:44:47","slug":"ibiuna-eleicoes-2024-omissoes-anonimatos-e-informacoes-falsas","status":"publish","type":"post","link":"https:\/\/revistavitrineibiuna.com.br\/?p=31442","title":{"rendered":"IBI\u00daNA ELEI\u00c7\u00d5ES 2024 \u2013 OMISS\u00d5ES, ANONIMATOS E INFORMA\u00c7\u00d5ES FALSAS"},"content":{"rendered":"\n<p class=\"has-drop-cap\"><strong><em>&nbsp;[Vitrine online, visando a contribuir com o processo eleitoral deste ano no munic\u00edpio de Ibi\u00fana, iniciou a publica\u00e7\u00e3o de uma s\u00e9rie de mat\u00e9rias em prol do voto popular livre e consciente. Voto consciente \u00e9 aquele que o eleitor decide por si mesmo.]<\/em><\/strong><strong><em><\/em><\/strong><\/p>\n\n\n\n<p><strong>A fabulosa e genial possibilidade advinda da inven\u00e7\u00e3o da internet, universalizando o uso de uma ferramenta em que todos podem se expressar por meio de uma rede invis\u00edvel ao redor do planeta, vem refletindo a profusa diversidade da natureza humana.<\/strong><\/p>\n\n\n\n<p><strong>Algu\u00e9m j\u00e1 disse que a tecnologia se desenvolve num ritmo cada vez mais veloz, enquanto os homens continuam como se estivessem vivendo no passado repetindo h\u00e1bitos n\u00e3o saud\u00e1veis, anti-sociais e desprovidos de moralidade.<\/strong><\/p>\n\n\n\n<p><strong>J\u00e1 temos dificuldade de diferenciar a mentira da verdade numa escala jamais vista. Parece haver um conluio coletivo de toler\u00e2ncia com rela\u00e7\u00e3o \u00e0 liberdade permissiva de dizer ou escrever qualquer coisa sem o menor senso de responsabilidade.<\/strong><\/p>\n\n\n\n<p><strong>A sociedade, com enorme contribui\u00e7\u00e3o dos homens que ocupam as institui\u00e7\u00f5es p\u00fablicas, tamb\u00e9m chamados de autoridades, d\u00e3o continuados exemplos de m\u00e1 conduta, que se desdobra com consequ\u00eancias nefastas para toda a coletividade.<\/strong><\/p>\n\n\n\n<p><strong>Isto posto, desde j\u00e1 repelimos um argumento corriqueiro de que isso n\u00e3o acontece somente em nossa cidade, mas em todo o pa\u00eds, e que sempre foi e ser\u00e1 assim, estamos nos referindo especificamente a uma cidade com cerca de 80 mil habitantes na qual vivemos, aqui e agora.<\/strong><\/p>\n\n\n\n<p><strong>Observa-se a exist\u00eancia de tr\u00eas fatos que se interligam: as omiss\u00f5es de informa\u00e7\u00f5es p\u00fablicas, as postagens nas redes sociais assinadas por nomes ap\u00f3crifos ou an\u00f4nimos e as chamadas informa\u00e7\u00f5es falsas (fake news).<\/strong><\/p>\n\n\n\n<p><strong>Pronto. \u00c9 nesse cen\u00e1rio repleto de irresponsabilidades que est\u00e3o em andamento as movimenta\u00e7\u00f5es partid\u00e1rias dos pr\u00e9-candidatos a prefeito, vice e vereadores em nossa cidade.<\/strong><\/p>\n\n\n\n<p><strong>Talvez antes das elei\u00e7\u00f5es propriamente ditas, seria bacana a realiza\u00e7\u00e3o de um plebiscito. O povo deveria votar SIM ou N\u00c3O para eleger a mentira ou a verdade.<\/strong><\/p>\n\n\n\n<p><strong>Se a mentira vencesse, ent\u00e3o tudo deveria estar liberado e os candidatos mentirosos mais convincentes seriam naturalmente eleitos. Se, ao contr\u00e1rio, a verdade fosse a escolhida pela maioria, ent\u00e3o todos aqueles comprometidos com a verdade eleitoral seriam brindados com a vit\u00f3ria.<\/strong><\/p>\n\n\n\n<p><strong>Ent\u00e3o, cabe indagar: o que n\u00f3s queremos: a mentira ou a verdade? \u00c9 poss\u00edvel que uma pesquisa com essa quest\u00e3o deveria dar a vit\u00f3ria esmagadora \u00e0 verdade. Ou n\u00e3o? Mas, como saber quem mente e quem diz a verdade, se os grupos pol\u00edticos s\u00e3o por natureza manhosos, embora agitem bandeiras da retid\u00e3o e bons prop\u00f3sitos c\u00edvicos?<\/strong><\/p>\n\n\n\n<p><strong>Na popula\u00e7\u00e3o os reflexos dessa realidade t\u00eam implica\u00e7\u00f5es comportamentais not\u00e1veis. De modo geral, agindo em defesa pr\u00f3pria com cautela, procuram n\u00e3o se manifestar abertamente sobre pol\u00edtica, sobretudo com declara\u00e7\u00e3o expl\u00edcita de apoio a este ou \u00e0quele candidato para n\u00e3o sofrerem futuros constrangimentos.<\/strong><\/p>\n\n\n\n<p><strong>E no meio dos servidores municipais, que incluem concursados e comissionados, em maior n\u00famero nas \u00e1reas da sa\u00fade e da educa\u00e7\u00e3o? O que temos ouvido em confian\u00e7a aponta para um medo generalizado que faz com que o sil\u00eancio, como diz o ditado franc\u00eas, seja mantido como ouro para &nbsp;autoprote\u00e7\u00e3o.<\/strong><\/p>\n\n\n\n<p><strong>Observa-se, nesse cen\u00e1rio, a necessidade de ser discreto e cauteloso, para n\u00e3o sofrerem algum tipo de san\u00e7\u00e3o, considerada por muitos como muito prov\u00e1vel, alguns casos j\u00e1 comentados na rede de inter-rela\u00e7\u00f5es pessoais.<\/strong><\/p>\n\n\n\n<p><strong>Uma servidora concursada parece ter resumido com propriedade esse sentimento em rela\u00e7\u00e3o \u00e0s autoridades de plant\u00e3o:<\/strong><\/p>\n\n\n\n<p><strong>\u201cN\u00f3s temos que nos tornar invis\u00edveis.\u201d<\/strong><\/p>\n\n\n\n<p><strong>Isso mesmo, ningu\u00e9m quer se arriscar a aparecer na linha de vis\u00e3o dos principais protagonistas do poder executivo; afinal logo, logo haver\u00e1 as elei\u00e7\u00f5es e poder\u00e1 haver mudan\u00e7a, considerada a principal fonte de esperan\u00e7a eleitoral em nossa cidade.<\/strong><\/p>\n","protected":false},"excerpt":{"rendered":"<p>&nbsp;[Vitrine online, visando a contribuir com o processo eleitoral deste ano no munic\u00edpio de Ibi\u00fana, iniciou a publica\u00e7\u00e3o de uma<\/p>\n","protected":false},"author":1,"featured_media":31443,"comment_status":"open","ping_status":"open","sticky":false,"template":"","format":"standard","meta":[],"categories":[3],"tags":[],"yoast_head":"<!-- This site is optimized with the Yoast SEO plugin v15.8 - https:\/\/yoast.com\/wordpress\/plugins\/seo\/ -->\n<title>IBI\u00daNA ELEI\u00c7\u00d5ES 2024 \u2013 OMISS\u00d5ES, ANONIMATOS E INFORMA\u00c7\u00d5ES FALSAS - Revista Vitrine Online<\/title>\n<meta name=\"robots\" content=\"index, follow, max-snippet:-1, max-image-preview:large, max-video-preview:-1\" \/>\n<link rel=\"canonical\" href=\"http:\/\/revistavitrineibiuna.com.br\/?p=31442\" \/>\n<meta property=\"og:locale\" content=\"pt_BR\" \/>\n<meta property=\"og:type\" content=\"article\" \/>\n<meta property=\"og:title\" content=\"IBI\u00daNA ELEI\u00c7\u00d5ES 2024 \u2013 OMISS\u00d5ES, ANONIMATOS E INFORMA\u00c7\u00d5ES FALSAS - Revista Vitrine Online\" \/>\n<meta property=\"og:description\" content=\"&nbsp;[Vitrine online, visando a contribuir com o processo eleitoral deste ano no munic\u00edpio de Ibi\u00fana, iniciou a publica\u00e7\u00e3o de uma\" \/>\n<meta property=\"og:url\" content=\"http:\/\/revistavitrineibiuna.com.br\/?p=31442\" \/>\n<meta property=\"og:site_name\" content=\"Revista Vitrine Online\" \/>\n<meta property=\"article:published_time\" content=\"2024-05-10T12:44:46+00:00\" \/>\n<meta property=\"article:modified_time\" content=\"2024-05-10T12:44:47+00:00\" \/>\n<meta property=\"og:image\" content=\"https:\/\/revistavitrineibiuna.com.br\/wp-content\/uploads\/2024\/05\/servidores-invisiveis.png\" \/>\n\t<meta property=\"og:image:width\" content=\"951\" \/>\n\t<meta property=\"og:image:height\" content=\"599\" \/>\n<meta name=\"twitter:card\" content=\"summary\" \/>\n<meta name=\"twitter:label1\" content=\"Est. reading time\">\n\t<meta name=\"twitter:data1\" content=\"3 minutos\">\n<script type=\"application\/ld+json\" class=\"yoast-schema-graph\">{\"@context\":\"https:\/\/schema.org\",\"@graph\":[{\"@type\":\"WebSite\",\"@id\":\"https:\/\/revistavitrineibiuna.com.br\/#website\",\"url\":\"https:\/\/revistavitrineibiuna.com.br\/\",\"name\":\"Revista Vitrine Ibi\\u00fana\",\"description\":\"A Revista de Ibi\\u00fana e Regi\\u00e3o\",\"publisher\":{\"@id\":\"https:\/\/revistavitrineibiuna.com.br\/#\/schema\/person\/e51ef49d6d88170ea21ceabff3f73deb\"},\"potentialAction\":[{\"@type\":\"SearchAction\",\"target\":\"https:\/\/revistavitrineibiuna.com.br\/?s={search_term_string}\",\"query-input\":\"required name=search_term_string\"}],\"inLanguage\":\"pt-BR\"},{\"@type\":\"ImageObject\",\"@id\":\"http:\/\/revistavitrineibiuna.com.br\/?p=31442#primaryimage\",\"inLanguage\":\"pt-BR\",\"url\":\"https:\/\/revistavitrineibiuna.com.br\/wp-content\/uploads\/2024\/05\/servidores-invisiveis.png\",\"width\":951,\"height\":599},{\"@type\":\"WebPage\",\"@id\":\"http:\/\/revistavitrineibiuna.com.br\/?p=31442#webpage\",\"url\":\"http:\/\/revistavitrineibiuna.com.br\/?p=31442\",\"name\":\"IBI\\u00daNA ELEI\\u00c7\\u00d5ES 2024 \\u2013 OMISS\\u00d5ES, ANONIMATOS E INFORMA\\u00c7\\u00d5ES FALSAS - Revista Vitrine Online\",\"isPartOf\":{\"@id\":\"https:\/\/revistavitrineibiuna.com.br\/#website\"},\"primaryImageOfPage\":{\"@id\":\"http:\/\/revistavitrineibiuna.com.br\/?p=31442#primaryimage\"},\"datePublished\":\"2024-05-10T12:44:46+00:00\",\"dateModified\":\"2024-05-10T12:44:47+00:00\",\"breadcrumb\":{\"@id\":\"http:\/\/revistavitrineibiuna.com.br\/?p=31442#breadcrumb\"},\"inLanguage\":\"pt-BR\",\"potentialAction\":[{\"@type\":\"ReadAction\",\"target\":[\"http:\/\/revistavitrineibiuna.com.br\/?p=31442\"]}]},{\"@type\":\"BreadcrumbList\",\"@id\":\"http:\/\/revistavitrineibiuna.com.br\/?p=31442#breadcrumb\",\"itemListElement\":[{\"@type\":\"ListItem\",\"position\":1,\"item\":{\"@type\":\"WebPage\",\"@id\":\"https:\/\/revistavitrineibiuna.com.br\/\",\"url\":\"https:\/\/revistavitrineibiuna.com.br\/\",\"name\":\"In\\u00edcio\"}},{\"@type\":\"ListItem\",\"position\":2,\"item\":{\"@type\":\"WebPage\",\"@id\":\"http:\/\/revistavitrineibiuna.com.br\/?p=31442\",\"url\":\"http:\/\/revistavitrineibiuna.com.br\/?p=31442\",\"name\":\"IBI\\u00daNA ELEI\\u00c7\\u00d5ES 2024 \\u2013 OMISS\\u00d5ES, ANONIMATOS E INFORMA\\u00c7\\u00d5ES FALSAS\"}}]},{\"@type\":\"Article\",\"@id\":\"http:\/\/revistavitrineibiuna.com.br\/?p=31442#article\",\"isPartOf\":{\"@id\":\"http:\/\/revistavitrineibiuna.com.br\/?p=31442#webpage\"},\"author\":{\"@id\":\"https:\/\/revistavitrineibiuna.com.br\/#\/schema\/person\/e51ef49d6d88170ea21ceabff3f73deb\"},\"headline\":\"IBI\\u00daNA ELEI\\u00c7\\u00d5ES 2024 \\u2013 OMISS\\u00d5ES, ANONIMATOS E INFORMA\\u00c7\\u00d5ES FALSAS\",\"datePublished\":\"2024-05-10T12:44:46+00:00\",\"dateModified\":\"2024-05-10T12:44:47+00:00\",\"mainEntityOfPage\":{\"@id\":\"http:\/\/revistavitrineibiuna.com.br\/?p=31442#webpage\"},\"commentCount\":0,\"publisher\":{\"@id\":\"https:\/\/revistavitrineibiuna.com.br\/#\/schema\/person\/e51ef49d6d88170ea21ceabff3f73deb\"},\"image\":{\"@id\":\"http:\/\/revistavitrineibiuna.com.br\/?p=31442#primaryimage\"},\"articleSection\":\"Not\\u00edcias\",\"inLanguage\":\"pt-BR\",\"potentialAction\":[{\"@type\":\"CommentAction\",\"name\":\"Comment\",\"target\":[\"http:\/\/revistavitrineibiuna.com.br\/?p=31442#respond\"]}]},{\"@type\":[\"Person\",\"Organization\"],\"@id\":\"https:\/\/revistavitrineibiuna.com.br\/#\/schema\/person\/e51ef49d6d88170ea21ceabff3f73deb\",\"name\":\"Carlos Rossini\",\"image\":{\"@type\":\"ImageObject\",\"@id\":\"https:\/\/revistavitrineibiuna.com.br\/#personlogo\",\"inLanguage\":\"pt-BR\",\"url\":\"https:\/\/secure.gravatar.com\/avatar\/4f2d0f99fac1f85c7d643f21f5c8d900?s=96&d=mm&r=g\",\"caption\":\"Carlos Rossini\"},\"logo\":{\"@id\":\"https:\/\/revistavitrineibiuna.com.br\/#personlogo\"},\"description\":\"Carlos Rossini \\u00e9 jornalista, soci\\u00f3logo, escritor e professor universit\\u00e1rio, tendo sido professor de jornalismo por vinte anos. Trabalhou em ve\\u00edculos de comunica\\u00e7\\u00e3o nas fun\\u00e7\\u00f5es de rep\\u00f3rter, redator, editor, articulista e colaborador, como Folha de S. Paulo, O Estado de S. Paulo, Di\\u00e1rio Popular, entre outros. Ao transferir a revista vitrine, vers\\u00e3o imprensa, de S\\u00e3o Paulo para Ibi\\u00fana h\\u00e1 alguns anos, iniciou uma nova experi\\u00eancia profissional, dedicando-se ao jornalismo regional, depois de cumprir uma trajet\\u00f3ria bem-sucedida na grande imprensa brasileira. Seu primeiro livro A Coragem de Comunicar foi lan\\u00e7ado na Bienal do Livro em S\\u00e3o Paulo no ano 2000, pela editora Madras.\"}]}<\/script>\n<!-- \/ Yoast SEO plugin. -->","_links":{"self":[{"href":"https:\/\/revistavitrineibiuna.com.br\/index.php?rest_route=\/wp\/v2\/posts\/31442"}],"collection":[{"href":"https:\/\/revistavitrineibiuna.com.br\/index.php?rest_route=\/wp\/v2\/posts"}],"about":[{"href":"https:\/\/revistavitrineibiuna.com.br\/index.php?rest_route=\/wp\/v2\/types\/post"}],"author":[{"embeddable":true,"href":"https:\/\/revistavitrineibiuna.com.br\/index.php?rest_route=\/wp\/v2\/users\/1"}],"replies":[{"embeddable":true,"href":"https:\/\/revistavitrineibiuna.com.br\/index.php?rest_route=%2Fwp%2Fv2%2Fcomments&post=31442"}],"version-history":[{"count":1,"href":"https:\/\/revistavitrineibiuna.com.br\/index.php?rest_route=\/wp\/v2\/posts\/31442\/revisions"}],"predecessor-version":[{"id":31444,"href":"https:\/\/revistavitrineibiuna.com.br\/index.php?rest_route=\/wp\/v2\/posts\/31442\/revisions\/31444"}],"wp:featuredmedia":[{"embeddable":true,"href":"https:\/\/revistavitrineibiuna.com.br\/index.php?rest_route=\/wp\/v2\/media\/31443"}],"wp:attachment":[{"href":"https:\/\/revistavitrineibiuna.com.br\/index.php?rest_route=%2Fwp%2Fv2%2Fmedia&parent=31442"}],"wp:term":[{"taxonomy":"category","embeddable":true,"href":"https:\/\/revistavitrineibiuna.com.br\/index.php?rest_route=%2Fwp%2Fv2%2Fcategories&post=31442"},{"taxonomy":"post_tag","embeddable":true,"href":"https:\/\/revistavitrineibiuna.com.br\/index.php?rest_route=%2Fwp%2Fv2%2Ftags&post=31442"}],"curies":[{"name":"wp","href":"https:\/\/api.w.org\/{rel}","templated":true}]}}