{"id":31445,"date":"2024-05-11T09:58:44","date_gmt":"2024-05-11T12:58:44","guid":{"rendered":"http:\/\/revistavitrineibiuna.com.br\/?p=31445"},"modified":"2024-05-11T10:47:57","modified_gmt":"2024-05-11T13:47:57","slug":"dia-das-maes-e-o-tempo-de-uma-jornada-heroica","status":"publish","type":"post","link":"https:\/\/revistavitrineibiuna.com.br\/?p=31445","title":{"rendered":"DIA DAS M\u00c3ES E O TEMPO DE UMA JORNADA HER\u00d3ICA"},"content":{"rendered":"\n<p class=\"has-drop-cap\"><strong>Se um escritor n\u00e3o escreve os seus sentimentos genu\u00ednos por aus\u00eancia de coragem, ent\u00e3o algo est\u00e1 fora de lugar da cria\u00e7\u00e3o. Por isso mesmo, neste Dia das M\u00e3es, ao contr\u00e1rio de anos anteriores, minha homenagem a essa data t\u00e3o bela quanto uma flor de maracuj\u00e1, preciso falar da perspectiva de um \u00f3rf\u00e3o na linguagem arquet\u00edpica.<\/strong><\/p>\n\n\n\n<p><strong>Carrego dentro de mim, na forma de uma solid\u00e1ria empatia, a dor indescrit\u00edvel de um menino que perdeu prematuramente o maior v\u00ednculo afetivo de um ser humano: a presen\u00e7a do amor materno em nossa exist\u00eancia.<\/strong><\/p>\n\n\n\n<p><strong>O \u00fatero materno \u00e9 o lugar mais seguro e confort\u00e1vel da experi\u00eancia humana de existir. Quando a crian\u00e7a nasce, vem \u00e0 luz, ingressa num lugar em que imperam as incertezas de uma aventura que alguns classificam como absurda, por falta de sentido pelas coisas que acontecem, especialmente a morte de uma m\u00e3e cujo filho \u00e9 uma crian\u00e7a.<\/strong><\/p>\n\n\n\n<p><strong>A m\u00e3e e o filho desde o \u00fatero estabelecem entre si, sob o comando da natureza numinosa e invis\u00edvel, uma rela\u00e7\u00e3o simbi\u00f3tica que define toda a jornada vital do filho, desde o princ\u00edpio da gesta\u00e7\u00e3o.<\/strong><\/p>\n\n\n\n<p><strong>A geradora da vida \u2013 m\u00e3e \u2013 cumpre um papel crucial para que o rec\u00e9m-nascido tenha a sensa\u00e7\u00e3o de seguran\u00e7a e de valor pessoal v\u00e1lidos para enfrentar os desafios por toda a vida.<\/strong><\/p>\n\n\n\n<p><strong>Dizem que cada homem carrega dentro de si um desejo inconsciente de buscar o lugar em que foi concebido, o \u00fatero materno, independentemente dos arqu\u00e9tipos que lhe s\u00e3o predominantes, incluindo o de her\u00f3i.<\/strong><\/p>\n\n\n\n<p><strong>Para o \u00f3rf\u00e3o, esse sentimento \u00e9 extremamente forte a tal ponto que ele busca preencher o vazio deixado pela morte da m\u00e3e, que ele passa a buscar em toda a parte. Trata-se de uma busca por resgatar o sentimento de seguran\u00e7a perdido.<\/strong><\/p>\n\n\n\n<p><strong>Jung*** escreveu: \u201cQuanto mais remota e irreal for a m\u00e3e pessoal, mais profunda e inexor\u00e1vel ser\u00e1 a \u00e2nsia na alma deste filho, despertando aquela imagem primordial e eterna da m\u00e3e em nome da qual tudo que abra\u00e7a, protege, nutre e ajuda assuma uma forma material\u201d em toda a extens\u00e3o da exist\u00eancia.<\/strong><\/p>\n\n\n\n<p><strong>Uma dor que n\u00e3o pode ser aliviada, a menos que o conte\u00fado desse v\u00ednculo primordial se torne consciente.<\/strong><\/p>\n\n\n\n<p><strong>\u201cA pessoa sente que alguma coisa est\u00e1 faltando, alguma coisa que ficou para tr\u00e1s, no \u00fatero.\u201d<\/strong><\/p>\n\n\n\n<p><strong>Existe algo que se chama \u201cluz da natureza\u201d, tamb\u00e9m chamada de \u201cmentora dos homens\u201d, e \u00e9 por ai que se admite que o \u00f3rf\u00e3o, agora n\u00e3o importa se crian\u00e7a ou adulto, pode encontrar o caminho de seu preenchimento, considerando que \u201co luto da perda do ente querido precisa ser vivenciado at\u00e9 o fim\u201d.<\/strong><\/p>\n\n\n\n<p><strong>\u201cO \u00f3rf\u00e3o \u2013 informa Rose-Emily Rothenberg** \u2013 precisa aceitar sua realidade e n\u00e3o negar seus sentimentos e car\u00eancias&#8230;e quanto mais entra na vida, mais afasta a influ\u00eancia da morte para longe de si.\u201d<\/strong><\/p>\n\n\n\n<p><strong>Em suma, \u201ca solu\u00e7\u00e3o final para o dilema do \u00f3rf\u00e3o \u00e9 um retomada da liga\u00e7\u00e3o com a m\u00e3e natural em sua fonte arquet\u00edpica*. Quando a pessoa efetua uma conex\u00e3o com o inconsciente, recebe o t\u00e3o longamente ansiado apoio de um processo materno\u201d.<\/strong><\/p>\n\n\n\n<p><strong>Esse apoio talvez seja a maior conquista da jornada her\u00f3ica que um ser humano empreende, sem que n\u00f3s, atarefados no dia a dia pela sobreviv\u00eancia, nem conseguimos perceber.<\/strong><\/p>\n\n\n\n<p><strong>M\u00e3es e filhos aproveitem este dia para expressar amor entre si, pois este \u00e9 mais valioso do que a pedra mais preciosa, porque tudo nesta vida \u00e9 transit\u00f3rio e o momento presente \u00e9 o \u00fanico que de fato existe, aqui e agora, e passa logo. (C.R.)<\/strong><\/p>\n\n\n\n<p><strong>*Arqu\u00e9tipo [da\u00ed arquet\u00edpico] \u00e9 um conceito da psicologia utilizado para representar padr\u00f5es de comportamento associados a um personagem ou papel social. A m\u00e3e, o s\u00e1bio e o her\u00f3i s\u00e3o exemplos de arqu\u00e9tipos. Esses \u201cpersonagens\u201d t\u00eam caracter\u00edsticas percebidas de maneira semelhante por todos os seres humanos.<\/strong><\/p>\n\n\n\n<p><strong>&nbsp;&nbsp;&nbsp;&nbsp;&nbsp; **Rose-Emily Rothenberg \u00e9 analista junguiana norte-&nbsp;&nbsp; americana. Sua m\u00e3e morreu seis dias depois de seu nascimento.<\/strong><\/p>\n\n\n\n<p><strong>*** Carl Gustav Jung foi um psiquiatra, psicanalista e psicoterapeuta su\u00ed\u00e7o, fundador da psicologia anal\u00edtica.<\/strong><\/p>\n","protected":false},"excerpt":{"rendered":"<p>Se um escritor n\u00e3o escreve os seus sentimentos genu\u00ednos por aus\u00eancia de coragem, ent\u00e3o algo est\u00e1 fora de lugar da<\/p>\n","protected":false},"author":1,"featured_media":31446,"comment_status":"open","ping_status":"open","sticky":false,"template":"","format":"standard","meta":[],"categories":[3],"tags":[],"yoast_head":"<!-- This site is optimized with the Yoast SEO plugin v15.8 - https:\/\/yoast.com\/wordpress\/plugins\/seo\/ -->\n<title>DIA DAS M\u00c3ES E O TEMPO DE UMA JORNADA HER\u00d3ICA - Revista Vitrine Online<\/title>\n<meta name=\"robots\" content=\"index, follow, max-snippet:-1, max-image-preview:large, max-video-preview:-1\" \/>\n<link rel=\"canonical\" href=\"http:\/\/revistavitrineibiuna.com.br\/?p=31445\" \/>\n<meta property=\"og:locale\" content=\"pt_BR\" \/>\n<meta property=\"og:type\" content=\"article\" \/>\n<meta property=\"og:title\" content=\"DIA DAS M\u00c3ES E O TEMPO DE UMA JORNADA HER\u00d3ICA - Revista Vitrine Online\" \/>\n<meta property=\"og:description\" content=\"Se um escritor n\u00e3o escreve os seus sentimentos genu\u00ednos por aus\u00eancia de coragem, ent\u00e3o algo est\u00e1 fora de lugar da\" \/>\n<meta property=\"og:url\" content=\"http:\/\/revistavitrineibiuna.com.br\/?p=31445\" \/>\n<meta property=\"og:site_name\" content=\"Revista Vitrine Online\" \/>\n<meta property=\"article:published_time\" content=\"2024-05-11T12:58:44+00:00\" \/>\n<meta property=\"article:modified_time\" content=\"2024-05-11T13:47:57+00:00\" \/>\n<meta property=\"og:image\" content=\"https:\/\/revistavitrineibiuna.com.br\/wp-content\/uploads\/2024\/05\/foto-do-jovem-dia-das-maes.png\" \/>\n\t<meta property=\"og:image:width\" content=\"740\" \/>\n\t<meta property=\"og:image:height\" content=\"494\" \/>\n<meta name=\"twitter:card\" content=\"summary\" \/>\n<meta name=\"twitter:label1\" content=\"Est. reading time\">\n\t<meta name=\"twitter:data1\" content=\"3 minutos\">\n<script type=\"application\/ld+json\" class=\"yoast-schema-graph\">{\"@context\":\"https:\/\/schema.org\",\"@graph\":[{\"@type\":\"WebSite\",\"@id\":\"https:\/\/revistavitrineibiuna.com.br\/#website\",\"url\":\"https:\/\/revistavitrineibiuna.com.br\/\",\"name\":\"Revista Vitrine Ibi\\u00fana\",\"description\":\"A Revista de Ibi\\u00fana e Regi\\u00e3o\",\"publisher\":{\"@id\":\"https:\/\/revistavitrineibiuna.com.br\/#\/schema\/person\/e51ef49d6d88170ea21ceabff3f73deb\"},\"potentialAction\":[{\"@type\":\"SearchAction\",\"target\":\"https:\/\/revistavitrineibiuna.com.br\/?s={search_term_string}\",\"query-input\":\"required name=search_term_string\"}],\"inLanguage\":\"pt-BR\"},{\"@type\":\"ImageObject\",\"@id\":\"http:\/\/revistavitrineibiuna.com.br\/?p=31445#primaryimage\",\"inLanguage\":\"pt-BR\",\"url\":\"https:\/\/revistavitrineibiuna.com.br\/wp-content\/uploads\/2024\/05\/foto-do-jovem-dia-das-maes.png\",\"width\":740,\"height\":494},{\"@type\":\"WebPage\",\"@id\":\"http:\/\/revistavitrineibiuna.com.br\/?p=31445#webpage\",\"url\":\"http:\/\/revistavitrineibiuna.com.br\/?p=31445\",\"name\":\"DIA DAS M\\u00c3ES E O TEMPO DE UMA JORNADA HER\\u00d3ICA - Revista Vitrine Online\",\"isPartOf\":{\"@id\":\"https:\/\/revistavitrineibiuna.com.br\/#website\"},\"primaryImageOfPage\":{\"@id\":\"http:\/\/revistavitrineibiuna.com.br\/?p=31445#primaryimage\"},\"datePublished\":\"2024-05-11T12:58:44+00:00\",\"dateModified\":\"2024-05-11T13:47:57+00:00\",\"breadcrumb\":{\"@id\":\"http:\/\/revistavitrineibiuna.com.br\/?p=31445#breadcrumb\"},\"inLanguage\":\"pt-BR\",\"potentialAction\":[{\"@type\":\"ReadAction\",\"target\":[\"http:\/\/revistavitrineibiuna.com.br\/?p=31445\"]}]},{\"@type\":\"BreadcrumbList\",\"@id\":\"http:\/\/revistavitrineibiuna.com.br\/?p=31445#breadcrumb\",\"itemListElement\":[{\"@type\":\"ListItem\",\"position\":1,\"item\":{\"@type\":\"WebPage\",\"@id\":\"https:\/\/revistavitrineibiuna.com.br\/\",\"url\":\"https:\/\/revistavitrineibiuna.com.br\/\",\"name\":\"In\\u00edcio\"}},{\"@type\":\"ListItem\",\"position\":2,\"item\":{\"@type\":\"WebPage\",\"@id\":\"http:\/\/revistavitrineibiuna.com.br\/?p=31445\",\"url\":\"http:\/\/revistavitrineibiuna.com.br\/?p=31445\",\"name\":\"DIA DAS M\\u00c3ES E O TEMPO DE UMA JORNADA HER\\u00d3ICA\"}}]},{\"@type\":\"Article\",\"@id\":\"http:\/\/revistavitrineibiuna.com.br\/?p=31445#article\",\"isPartOf\":{\"@id\":\"http:\/\/revistavitrineibiuna.com.br\/?p=31445#webpage\"},\"author\":{\"@id\":\"https:\/\/revistavitrineibiuna.com.br\/#\/schema\/person\/e51ef49d6d88170ea21ceabff3f73deb\"},\"headline\":\"DIA DAS M\\u00c3ES E O TEMPO DE UMA JORNADA HER\\u00d3ICA\",\"datePublished\":\"2024-05-11T12:58:44+00:00\",\"dateModified\":\"2024-05-11T13:47:57+00:00\",\"mainEntityOfPage\":{\"@id\":\"http:\/\/revistavitrineibiuna.com.br\/?p=31445#webpage\"},\"commentCount\":0,\"publisher\":{\"@id\":\"https:\/\/revistavitrineibiuna.com.br\/#\/schema\/person\/e51ef49d6d88170ea21ceabff3f73deb\"},\"image\":{\"@id\":\"http:\/\/revistavitrineibiuna.com.br\/?p=31445#primaryimage\"},\"articleSection\":\"Not\\u00edcias\",\"inLanguage\":\"pt-BR\",\"potentialAction\":[{\"@type\":\"CommentAction\",\"name\":\"Comment\",\"target\":[\"http:\/\/revistavitrineibiuna.com.br\/?p=31445#respond\"]}]},{\"@type\":[\"Person\",\"Organization\"],\"@id\":\"https:\/\/revistavitrineibiuna.com.br\/#\/schema\/person\/e51ef49d6d88170ea21ceabff3f73deb\",\"name\":\"Carlos Rossini\",\"image\":{\"@type\":\"ImageObject\",\"@id\":\"https:\/\/revistavitrineibiuna.com.br\/#personlogo\",\"inLanguage\":\"pt-BR\",\"url\":\"https:\/\/secure.gravatar.com\/avatar\/4f2d0f99fac1f85c7d643f21f5c8d900?s=96&d=mm&r=g\",\"caption\":\"Carlos Rossini\"},\"logo\":{\"@id\":\"https:\/\/revistavitrineibiuna.com.br\/#personlogo\"},\"description\":\"Carlos Rossini \\u00e9 jornalista, soci\\u00f3logo, escritor e professor universit\\u00e1rio, tendo sido professor de jornalismo por vinte anos. Trabalhou em ve\\u00edculos de comunica\\u00e7\\u00e3o nas fun\\u00e7\\u00f5es de rep\\u00f3rter, redator, editor, articulista e colaborador, como Folha de S. Paulo, O Estado de S. Paulo, Di\\u00e1rio Popular, entre outros. Ao transferir a revista vitrine, vers\\u00e3o imprensa, de S\\u00e3o Paulo para Ibi\\u00fana h\\u00e1 alguns anos, iniciou uma nova experi\\u00eancia profissional, dedicando-se ao jornalismo regional, depois de cumprir uma trajet\\u00f3ria bem-sucedida na grande imprensa brasileira. Seu primeiro livro A Coragem de Comunicar foi lan\\u00e7ado na Bienal do Livro em S\\u00e3o Paulo no ano 2000, pela editora Madras.\"}]}<\/script>\n<!-- \/ Yoast SEO plugin. -->","_links":{"self":[{"href":"https:\/\/revistavitrineibiuna.com.br\/index.php?rest_route=\/wp\/v2\/posts\/31445"}],"collection":[{"href":"https:\/\/revistavitrineibiuna.com.br\/index.php?rest_route=\/wp\/v2\/posts"}],"about":[{"href":"https:\/\/revistavitrineibiuna.com.br\/index.php?rest_route=\/wp\/v2\/types\/post"}],"author":[{"embeddable":true,"href":"https:\/\/revistavitrineibiuna.com.br\/index.php?rest_route=\/wp\/v2\/users\/1"}],"replies":[{"embeddable":true,"href":"https:\/\/revistavitrineibiuna.com.br\/index.php?rest_route=%2Fwp%2Fv2%2Fcomments&post=31445"}],"version-history":[{"count":2,"href":"https:\/\/revistavitrineibiuna.com.br\/index.php?rest_route=\/wp\/v2\/posts\/31445\/revisions"}],"predecessor-version":[{"id":31448,"href":"https:\/\/revistavitrineibiuna.com.br\/index.php?rest_route=\/wp\/v2\/posts\/31445\/revisions\/31448"}],"wp:featuredmedia":[{"embeddable":true,"href":"https:\/\/revistavitrineibiuna.com.br\/index.php?rest_route=\/wp\/v2\/media\/31446"}],"wp:attachment":[{"href":"https:\/\/revistavitrineibiuna.com.br\/index.php?rest_route=%2Fwp%2Fv2%2Fmedia&parent=31445"}],"wp:term":[{"taxonomy":"category","embeddable":true,"href":"https:\/\/revistavitrineibiuna.com.br\/index.php?rest_route=%2Fwp%2Fv2%2Fcategories&post=31445"},{"taxonomy":"post_tag","embeddable":true,"href":"https:\/\/revistavitrineibiuna.com.br\/index.php?rest_route=%2Fwp%2Fv2%2Ftags&post=31445"}],"curies":[{"name":"wp","href":"https:\/\/api.w.org\/{rel}","templated":true}]}}