{"id":31449,"date":"2024-05-14T05:09:40","date_gmt":"2024-05-14T08:09:40","guid":{"rendered":"http:\/\/revistavitrineibiuna.com.br\/?p=31449"},"modified":"2024-05-14T05:35:56","modified_gmt":"2024-05-14T08:35:56","slug":"o-que-esta-acontecendo-com-as-terras-ibiunenses","status":"publish","type":"post","link":"https:\/\/revistavitrineibiuna.com.br\/?p=31449","title":{"rendered":"O QUE EST\u00c1 ACONTECENDO COM AS TERRAS IBIUNENSES?"},"content":{"rendered":"\n<p class=\"has-drop-cap\"><strong>Nesta quarta-feira (15), a TVUNA entrevistar\u00e1 H\u00e9lio Anselmo Domingues, agrimensor municipal h\u00e1 28 anos, sobre uma das mais candentes quest\u00f5es que dizem respeito a ocupa\u00e7\u00f5es irregulares do solo no munic\u00edpio de Ibi\u00fana, motivo de constantes preocupa\u00e7\u00f5es sociais e econ\u00f4micas, quando se pensa no futuro de Ibi\u00fana.<\/strong><\/p>\n\n\n\n<p><strong>Domingues, que se iniciou na profiss\u00e3o desde menino, quando fazia anota\u00e7\u00f5es pedidas pelo top\u00f3grafo, conhece, por dever de of\u00edcio de medidor de terras, todo o munic\u00edpio.<\/strong><\/p>\n\n\n\n<p><strong>O programa, apresentado pelo jornalista Carlos Rossini, ir\u00e1 ao ar \u00e0s 20h, ao vivo, com transmiss\u00e3o pelo Facebook, Instagram e Youtube, com participa\u00e7\u00e3o direta dos telespectadores pelo chat do canal da TVUNA. Voc\u00ea pode se inscrever desde j\u00e1: <a href=\"mailto:youtube.com\/@tv-una\">youtube.com\/@tv-una<\/a>. &nbsp;<\/strong><\/p>\n\n\n\n<p><strong>OCUPA\u00c7\u00c3O DESORDENADA<\/strong><\/p>\n\n\n\n<p><strong>Se nenhuma pol\u00edtica p\u00fablica consistente de ocupa\u00e7\u00e3o do solo for estruturada, daqui a dez ou vinte anos o imenso territ\u00f3rio de Ibi\u00fana, o 34\u00ba em extens\u00e3o no estado de S\u00e3o Paulo, poder\u00e1 sofrer uma transforma\u00e7\u00e3o radical descaracterizando sua voca\u00e7\u00e3o de economia agr\u00edcola e tornando uma extens\u00e3o da periferia Grande S\u00e3o Paulo.<\/strong><\/p>\n\n\n\n<p><strong>O impacto do processo de urbaniza\u00e7\u00e3o se refletir\u00e1 de modo extensivo em sua natureza (ainda) exuberante, sobre as propriedades agr\u00edcolas produtivas, que j\u00e1 teriam sofrido uma diminui\u00e7\u00e3o consider\u00e1vel, e na estrutura de presta\u00e7\u00e3o de servi\u00e7os p\u00fablicos, nas \u00e1reas da sa\u00fade, abastecimento de \u00e1gua e de rede de esgoto, seguran\u00e7a e transporte p\u00fablicos, devido ao continuo aumento da popula\u00e7\u00e3o decorrente de uma infinidade de loteamentos, muitos dos quais irregulares e clandestinos.<\/strong><\/p>\n\n\n\n<p><strong>Exatamente por suas qualidades naturais, proximidade da Capital e facilidade de acesso a terrenos a pre\u00e7os populares, fruto da aquisi\u00e7\u00e3o de glebas terras que s\u00e3o parceladas e vendidas em grandes quantidades em fins de semana por organiza\u00e7\u00f5es profissionais de S\u00e3o Paulo, o munic\u00edpio de Ibi\u00fana se tornou um alvo sedutor de um mercado imobili\u00e1rio intensivo, movimentando milh\u00f5es de reais.<\/strong><\/p>\n\n\n\n<p><strong>GATO POR LEBRE<\/strong><\/p>\n\n\n\n<p><strong>Ainda que a Prefeitura oriente as pessoas a terem cautela preventiva ao adquirir os lotes, sem saber se a \u00e1rea \u00e9 regular, com projeto aprovado e registrado em cart\u00f3rio, muitos compram gato por lebre, como se diz, e acabam amargando s\u00e9rios preju\u00edzos financeiros, sem volta.<\/strong><\/p>\n\n\n\n<p><strong>Existem no munic\u00edpio atualmente 523 loteamentos irregulares ou clandestinos. Loteamentos irregulares s\u00e3o aqueles que t\u00eam registro em cart\u00f3rio (com lotes matriculados), mas sem projeto aprovado na prefeitura. Loteamentos clandestinos s\u00e3o aqueles em que h\u00e1 uma invas\u00e3o de uma \u00e1rea que \u00e9 parcelada e vendida.<\/strong><\/p>\n\n\n\n<p><strong>Hoje uma situa\u00e7\u00e3o dram\u00e1tica vivida por pessoas que adquiriram esse tipo de terreno, que est\u00e3o sujeitos a n\u00e3o terem os servi\u00e7os b\u00e1sicos, como rede de eletricidade, de \u00e1gua e de esgoto.<\/strong><\/p>\n\n\n\n<p><strong>A maioria absoluta dos adquirentes desses lotes s\u00e3o pessoas de fora, n\u00e3o ibiunenses, geralmente de munic\u00edpios da Grande S\u00e3o Paulo, como Osasco, S\u00e3o Bernardo do Campo, Itapevi, Jandira, Carapicu\u00edba, entre outros.<\/strong><\/p>\n\n\n\n<p><strong>TERRAS PRODUTIVAS<\/strong><\/p>\n\n\n\n<p><strong>Uma situa\u00e7\u00e3o que tem contribu\u00eddo para a disponibilidade de terras em Ibi\u00fana \u00e9 a descontinuidade cada vez maior de terras produtivas. A gera\u00e7\u00e3o de produtores vai ficando mais velha, os filhos decidem ir para a cidade ou se mudar e acabam abandonando a lavoura, que ainda \u00e9 o carro chefe da economia do munic\u00edpio.<\/strong><\/p>\n","protected":false},"excerpt":{"rendered":"<p>Nesta quarta-feira (15), a TVUNA entrevistar\u00e1 H\u00e9lio Anselmo Domingues, agrimensor municipal h\u00e1 28 anos, sobre uma das mais candentes quest\u00f5es<\/p>\n","protected":false},"author":1,"featured_media":31450,"comment_status":"open","ping_status":"open","sticky":false,"template":"","format":"standard","meta":[],"categories":[3],"tags":[],"yoast_head":"<!-- This site is optimized with the Yoast SEO plugin v15.8 - https:\/\/yoast.com\/wordpress\/plugins\/seo\/ -->\n<title>O QUE EST\u00c1 ACONTECENDO COM AS TERRAS IBIUNENSES? - Revista Vitrine Online<\/title>\n<meta name=\"robots\" content=\"index, follow, max-snippet:-1, max-image-preview:large, max-video-preview:-1\" \/>\n<link rel=\"canonical\" href=\"http:\/\/revistavitrineibiuna.com.br\/?p=31449\" \/>\n<meta property=\"og:locale\" content=\"pt_BR\" \/>\n<meta property=\"og:type\" content=\"article\" \/>\n<meta property=\"og:title\" content=\"O QUE EST\u00c1 ACONTECENDO COM AS TERRAS IBIUNENSES? - Revista Vitrine Online\" \/>\n<meta property=\"og:description\" content=\"Nesta quarta-feira (15), a TVUNA entrevistar\u00e1 H\u00e9lio Anselmo Domingues, agrimensor municipal h\u00e1 28 anos, sobre uma das mais candentes quest\u00f5es\" \/>\n<meta property=\"og:url\" content=\"http:\/\/revistavitrineibiuna.com.br\/?p=31449\" \/>\n<meta property=\"og:site_name\" content=\"Revista Vitrine Online\" \/>\n<meta property=\"article:published_time\" content=\"2024-05-14T08:09:40+00:00\" \/>\n<meta property=\"article:modified_time\" content=\"2024-05-14T08:35:56+00:00\" \/>\n<meta property=\"og:image\" content=\"https:\/\/revistavitrineibiuna.com.br\/wp-content\/uploads\/2024\/05\/5f7eb651-518c-4b40-ac87-87d0e907579b.jpg\" \/>\n\t<meta property=\"og:image:width\" content=\"1600\" \/>\n\t<meta property=\"og:image:height\" content=\"1200\" \/>\n<meta name=\"twitter:card\" content=\"summary\" \/>\n<meta name=\"twitter:label1\" content=\"Est. reading time\">\n\t<meta name=\"twitter:data1\" content=\"3 minutos\">\n<script type=\"application\/ld+json\" class=\"yoast-schema-graph\">{\"@context\":\"https:\/\/schema.org\",\"@graph\":[{\"@type\":\"WebSite\",\"@id\":\"https:\/\/revistavitrineibiuna.com.br\/#website\",\"url\":\"https:\/\/revistavitrineibiuna.com.br\/\",\"name\":\"Revista Vitrine Ibi\\u00fana\",\"description\":\"A Revista de Ibi\\u00fana e Regi\\u00e3o\",\"publisher\":{\"@id\":\"https:\/\/revistavitrineibiuna.com.br\/#\/schema\/person\/e51ef49d6d88170ea21ceabff3f73deb\"},\"potentialAction\":[{\"@type\":\"SearchAction\",\"target\":\"https:\/\/revistavitrineibiuna.com.br\/?s={search_term_string}\",\"query-input\":\"required name=search_term_string\"}],\"inLanguage\":\"pt-BR\"},{\"@type\":\"ImageObject\",\"@id\":\"http:\/\/revistavitrineibiuna.com.br\/?p=31449#primaryimage\",\"inLanguage\":\"pt-BR\",\"url\":\"https:\/\/revistavitrineibiuna.com.br\/wp-content\/uploads\/2024\/05\/5f7eb651-518c-4b40-ac87-87d0e907579b.jpg\",\"width\":1600,\"height\":1200},{\"@type\":\"WebPage\",\"@id\":\"http:\/\/revistavitrineibiuna.com.br\/?p=31449#webpage\",\"url\":\"http:\/\/revistavitrineibiuna.com.br\/?p=31449\",\"name\":\"O QUE EST\\u00c1 ACONTECENDO COM AS TERRAS IBIUNENSES? - Revista Vitrine Online\",\"isPartOf\":{\"@id\":\"https:\/\/revistavitrineibiuna.com.br\/#website\"},\"primaryImageOfPage\":{\"@id\":\"http:\/\/revistavitrineibiuna.com.br\/?p=31449#primaryimage\"},\"datePublished\":\"2024-05-14T08:09:40+00:00\",\"dateModified\":\"2024-05-14T08:35:56+00:00\",\"breadcrumb\":{\"@id\":\"http:\/\/revistavitrineibiuna.com.br\/?p=31449#breadcrumb\"},\"inLanguage\":\"pt-BR\",\"potentialAction\":[{\"@type\":\"ReadAction\",\"target\":[\"http:\/\/revistavitrineibiuna.com.br\/?p=31449\"]}]},{\"@type\":\"BreadcrumbList\",\"@id\":\"http:\/\/revistavitrineibiuna.com.br\/?p=31449#breadcrumb\",\"itemListElement\":[{\"@type\":\"ListItem\",\"position\":1,\"item\":{\"@type\":\"WebPage\",\"@id\":\"https:\/\/revistavitrineibiuna.com.br\/\",\"url\":\"https:\/\/revistavitrineibiuna.com.br\/\",\"name\":\"In\\u00edcio\"}},{\"@type\":\"ListItem\",\"position\":2,\"item\":{\"@type\":\"WebPage\",\"@id\":\"http:\/\/revistavitrineibiuna.com.br\/?p=31449\",\"url\":\"http:\/\/revistavitrineibiuna.com.br\/?p=31449\",\"name\":\"O QUE EST\\u00c1 ACONTECENDO COM AS TERRAS IBIUNENSES?\"}}]},{\"@type\":\"Article\",\"@id\":\"http:\/\/revistavitrineibiuna.com.br\/?p=31449#article\",\"isPartOf\":{\"@id\":\"http:\/\/revistavitrineibiuna.com.br\/?p=31449#webpage\"},\"author\":{\"@id\":\"https:\/\/revistavitrineibiuna.com.br\/#\/schema\/person\/e51ef49d6d88170ea21ceabff3f73deb\"},\"headline\":\"O QUE EST\\u00c1 ACONTECENDO COM AS TERRAS IBIUNENSES?\",\"datePublished\":\"2024-05-14T08:09:40+00:00\",\"dateModified\":\"2024-05-14T08:35:56+00:00\",\"mainEntityOfPage\":{\"@id\":\"http:\/\/revistavitrineibiuna.com.br\/?p=31449#webpage\"},\"commentCount\":0,\"publisher\":{\"@id\":\"https:\/\/revistavitrineibiuna.com.br\/#\/schema\/person\/e51ef49d6d88170ea21ceabff3f73deb\"},\"image\":{\"@id\":\"http:\/\/revistavitrineibiuna.com.br\/?p=31449#primaryimage\"},\"articleSection\":\"Not\\u00edcias\",\"inLanguage\":\"pt-BR\",\"potentialAction\":[{\"@type\":\"CommentAction\",\"name\":\"Comment\",\"target\":[\"http:\/\/revistavitrineibiuna.com.br\/?p=31449#respond\"]}]},{\"@type\":[\"Person\",\"Organization\"],\"@id\":\"https:\/\/revistavitrineibiuna.com.br\/#\/schema\/person\/e51ef49d6d88170ea21ceabff3f73deb\",\"name\":\"Carlos Rossini\",\"image\":{\"@type\":\"ImageObject\",\"@id\":\"https:\/\/revistavitrineibiuna.com.br\/#personlogo\",\"inLanguage\":\"pt-BR\",\"url\":\"https:\/\/secure.gravatar.com\/avatar\/4f2d0f99fac1f85c7d643f21f5c8d900?s=96&d=mm&r=g\",\"caption\":\"Carlos Rossini\"},\"logo\":{\"@id\":\"https:\/\/revistavitrineibiuna.com.br\/#personlogo\"},\"description\":\"Carlos Rossini \\u00e9 jornalista, soci\\u00f3logo, escritor e professor universit\\u00e1rio, tendo sido professor de jornalismo por vinte anos. Trabalhou em ve\\u00edculos de comunica\\u00e7\\u00e3o nas fun\\u00e7\\u00f5es de rep\\u00f3rter, redator, editor, articulista e colaborador, como Folha de S. Paulo, O Estado de S. Paulo, Di\\u00e1rio Popular, entre outros. Ao transferir a revista vitrine, vers\\u00e3o imprensa, de S\\u00e3o Paulo para Ibi\\u00fana h\\u00e1 alguns anos, iniciou uma nova experi\\u00eancia profissional, dedicando-se ao jornalismo regional, depois de cumprir uma trajet\\u00f3ria bem-sucedida na grande imprensa brasileira. Seu primeiro livro A Coragem de Comunicar foi lan\\u00e7ado na Bienal do Livro em S\\u00e3o Paulo no ano 2000, pela editora Madras.\"}]}<\/script>\n<!-- \/ Yoast SEO plugin. -->","_links":{"self":[{"href":"https:\/\/revistavitrineibiuna.com.br\/index.php?rest_route=\/wp\/v2\/posts\/31449"}],"collection":[{"href":"https:\/\/revistavitrineibiuna.com.br\/index.php?rest_route=\/wp\/v2\/posts"}],"about":[{"href":"https:\/\/revistavitrineibiuna.com.br\/index.php?rest_route=\/wp\/v2\/types\/post"}],"author":[{"embeddable":true,"href":"https:\/\/revistavitrineibiuna.com.br\/index.php?rest_route=\/wp\/v2\/users\/1"}],"replies":[{"embeddable":true,"href":"https:\/\/revistavitrineibiuna.com.br\/index.php?rest_route=%2Fwp%2Fv2%2Fcomments&post=31449"}],"version-history":[{"count":3,"href":"https:\/\/revistavitrineibiuna.com.br\/index.php?rest_route=\/wp\/v2\/posts\/31449\/revisions"}],"predecessor-version":[{"id":31453,"href":"https:\/\/revistavitrineibiuna.com.br\/index.php?rest_route=\/wp\/v2\/posts\/31449\/revisions\/31453"}],"wp:featuredmedia":[{"embeddable":true,"href":"https:\/\/revistavitrineibiuna.com.br\/index.php?rest_route=\/wp\/v2\/media\/31450"}],"wp:attachment":[{"href":"https:\/\/revistavitrineibiuna.com.br\/index.php?rest_route=%2Fwp%2Fv2%2Fmedia&parent=31449"}],"wp:term":[{"taxonomy":"category","embeddable":true,"href":"https:\/\/revistavitrineibiuna.com.br\/index.php?rest_route=%2Fwp%2Fv2%2Fcategories&post=31449"},{"taxonomy":"post_tag","embeddable":true,"href":"https:\/\/revistavitrineibiuna.com.br\/index.php?rest_route=%2Fwp%2Fv2%2Ftags&post=31449"}],"curies":[{"name":"wp","href":"https:\/\/api.w.org\/{rel}","templated":true}]}}