{"id":31454,"date":"2024-05-14T16:57:28","date_gmt":"2024-05-14T19:57:28","guid":{"rendered":"http:\/\/revistavitrineibiuna.com.br\/?p=31454"},"modified":"2024-05-14T18:37:37","modified_gmt":"2024-05-14T21:37:37","slug":"ibiuna-furtos-no-centro-da-cidade-afligem-comerciantes","status":"publish","type":"post","link":"https:\/\/revistavitrineibiuna.com.br\/?p=31454","title":{"rendered":"IBI\u00daNA \u2013 FURTOS NO CENTRO DA CIDADE AFLIGEM COMERCIANTES"},"content":{"rendered":"\n<p class=\"has-drop-cap\"><strong>Da noite de domingo (12) at\u00e9 ontem ocorreram pelo menos tr\u00eas furtos em lojas localizadas no centro da cidade de Ibi\u00fana. Um na pra\u00e7a da Matriz e dois na rua Pinduca Soares.<\/strong><\/p>\n\n\n\n<p><strong>Os alvos dos ladr\u00f5es foram a Padaria Rainha, na pra\u00e7a da Matriz, a Lecal\u00e7ados e Andrea Lanches, localizadas pr\u00f3ximas ao F\u00f3rum.<\/strong><\/p>\n\n\n\n<p><strong>Na padaria e na lanchonete os furtos ocorreram na noite de ontem (13) por volta das 22h30.<\/strong><\/p>\n\n\n\n<p><strong>No primeiro caso, supostamente tr\u00eas indiv\u00edduos teriam praticado o crime. Escalaram a parede, quebraram telhas e placas de gesso do teto, neutralizaram o sistema de monitoramento por c\u00e2meras, andaram sobre os balc\u00f5es de refrigera\u00e7\u00e3o e dos p\u00e3es e doces.<\/strong><\/p>\n\n\n\n<p><strong>Levaram o telefone celular utilizado para encomendas, pacotes de cigarros, e o dinheiro que se encontrava no caixa.<\/strong><\/p>\n\n\n\n<p><strong>O furto foi descoberto por volta das 5 horas da manh\u00e3 de hoje (14) quando o com\u00e9rcio foi aberto. Seu propriet\u00e1rio foi avisado e imediatamente se dirigiu ao local.<\/strong><\/p>\n\n\n\n<figure class=\"wp-block-image size-large\"><img loading=\"lazy\" width=\"1024\" height=\"669\" src=\"https:\/\/revistavitrineibiuna.com.br\/wp-content\/uploads\/2024\/05\/furto-a-padaria-do-celso-1024x669.png\" alt=\"\" class=\"wp-image-31458\" srcset=\"https:\/\/revistavitrineibiuna.com.br\/wp-content\/uploads\/2024\/05\/furto-a-padaria-do-celso-1024x669.png 1024w, https:\/\/revistavitrineibiuna.com.br\/wp-content\/uploads\/2024\/05\/furto-a-padaria-do-celso-300x196.png 300w, https:\/\/revistavitrineibiuna.com.br\/wp-content\/uploads\/2024\/05\/furto-a-padaria-do-celso-768x502.png 768w, https:\/\/revistavitrineibiuna.com.br\/wp-content\/uploads\/2024\/05\/furto-a-padaria-do-celso-1536x1004.png 1536w, https:\/\/revistavitrineibiuna.com.br\/wp-content\/uploads\/2024\/05\/furto-a-padaria-do-celso.png 1593w\" sizes=\"(max-width: 1024px) 100vw, 1024px\" \/><figcaption>Os assaltantes subiram no telhado da padaria, quebraram placas de gesso do teto e desceram pelo balc\u00e3o de refrigera\u00e7\u00e3o<\/figcaption><\/figure>\n\n\n\n<figure class=\"wp-block-image size-large\"><img loading=\"lazy\" width=\"572\" height=\"334\" src=\"https:\/\/revistavitrineibiuna.com.br\/wp-content\/uploads\/2024\/05\/suspeito-oferece-celular-ao-frenteista.png\" alt=\"\" class=\"wp-image-31461\" srcset=\"https:\/\/revistavitrineibiuna.com.br\/wp-content\/uploads\/2024\/05\/suspeito-oferece-celular-ao-frenteista.png 572w, https:\/\/revistavitrineibiuna.com.br\/wp-content\/uploads\/2024\/05\/suspeito-oferece-celular-ao-frenteista-300x175.png 300w\" sizes=\"(max-width: 572px) 100vw, 572px\" \/><figcaption>Segundo o propriet\u00e1rio da padaria, o suspeito ofereceu o celular para um frentista na av. S\u00e3o Sebasti\u00e3o<\/figcaption><\/figure>\n\n\n\n<p><strong>Ele informou que um suspeito do furto vendeu o celular por R$ 50,00 para um frentista de um posto de combust\u00edvel localizado na avenida S\u00e3o Sebasti\u00e3o. Na verdade, o frentista reconheceu que o aparelho pertencia \u00e0 padaria, o comprou e o entregou para o dono, que estava inquieto devido \u00e0 a\u00e7\u00e3o dos ladr\u00f5es que prejudicaram o funcionamento da padaria.<\/strong><\/p>\n\n\n\n<p><strong>Pelo menos um suspeito foi identificado e j\u00e1 estaria sendo procurado por agentes da Pol\u00edcia Civil, onde foi lavrado boletim de ocorr\u00eancia.<\/strong><\/p>\n\n\n\n<p><strong>No caso da Andrea Lanches, a propriet\u00e1ria informou que os assaltantes entraram por tr\u00e1s da loja, onde h\u00e1 um estacionamento de uma cl\u00ednica de olhos, arrancaram a janela. Entraram, remexeram em tudo, tiraram \u201cuns trocos do caixa\u201d, pacotes de salgados e p\u00e3es e levaram a carteira de identidade e de habilita\u00e7\u00e3o da dona, que se encontravam na sua bolsa que, ao contr\u00e1rio do h\u00e1bito de carregar consigo, havia deixado na lanchonete.<\/strong><\/p>\n\n\n\n<p><strong>Na Lecal\u00e7ados o furto aconteceu por volta das 22h35 do domingo para segunda-feira (13). Os gatunos entraram num terreno vazio ao lado da loja, escalaram a parede dos fundos e entraram por um al\u00e7ap\u00e3o. Levaram um aparelho celular, uma mochila, moedas que se encontravam no caixa, carteiras masculinas e femininas.<\/strong><\/p>\n\n\n\n<figure class=\"wp-block-image size-large\"><img loading=\"lazy\" width=\"1024\" height=\"653\" src=\"https:\/\/revistavitrineibiuna.com.br\/wp-content\/uploads\/2024\/05\/suspeito-caminha-para-a-praca-da-matriz-1024x653.png\" alt=\"\" class=\"wp-image-31464\" srcset=\"https:\/\/revistavitrineibiuna.com.br\/wp-content\/uploads\/2024\/05\/suspeito-caminha-para-a-praca-da-matriz-1024x653.png 1024w, https:\/\/revistavitrineibiuna.com.br\/wp-content\/uploads\/2024\/05\/suspeito-caminha-para-a-praca-da-matriz-300x191.png 300w, https:\/\/revistavitrineibiuna.com.br\/wp-content\/uploads\/2024\/05\/suspeito-caminha-para-a-praca-da-matriz-768x490.png 768w, https:\/\/revistavitrineibiuna.com.br\/wp-content\/uploads\/2024\/05\/suspeito-caminha-para-a-praca-da-matriz.png 1090w\" sizes=\"(max-width: 1024px) 100vw, 1024px\" \/><figcaption>Depois de descer o muro e colocar a mochila furtada nas costas, o suspeito caminha em dire\u00e7\u00e3o \u00e0 pra\u00e7a da Matriz<\/figcaption><\/figure>\n\n\n\n<p><strong>Um v\u00eddeo com imagens captadas por uma c\u00e2mera de seguran\u00e7a de uma loja em frente mostra o momento em que o assaltante desce pelo muro por onde havia entrado, pega a mochila e sai andando calmamente em dire\u00e7\u00e3o \u00e0 pra\u00e7a da Matriz. Nesse momento havia um motoboy fazendo a entrega de algo no outro lado da rua, quando sua aten\u00e7\u00e3o foi despertada pela apari\u00e7\u00e3o do rapaz que pulava o muro.<\/strong><\/p>\n\n\n\n<p><strong>Vitrine online ouviu todas as v\u00edtimas desses furtos e observou que todas elas estavam aturdidas com a situa\u00e7\u00e3o. Uma delas relatou diversos outros furtos que v\u00eam ocorrendo no centro da cidade recentemente e que chegaram ao seu conhecimento.<\/strong><\/p>\n","protected":false},"excerpt":{"rendered":"<p>Da noite de domingo (12) at\u00e9 ontem ocorreram pelo menos tr\u00eas furtos em lojas localizadas no centro da cidade de<\/p>\n","protected":false},"author":1,"featured_media":31455,"comment_status":"open","ping_status":"open","sticky":false,"template":"","format":"standard","meta":[],"categories":[1],"tags":[],"yoast_head":"<!-- This site is optimized with the Yoast SEO plugin v15.8 - https:\/\/yoast.com\/wordpress\/plugins\/seo\/ -->\n<title>IBI\u00daNA \u2013 FURTOS NO CENTRO DA CIDADE AFLIGEM COMERCIANTES - Revista Vitrine Online<\/title>\n<meta name=\"robots\" content=\"index, follow, max-snippet:-1, max-image-preview:large, max-video-preview:-1\" \/>\n<link rel=\"canonical\" href=\"http:\/\/revistavitrineibiuna.com.br\/?p=31454\" \/>\n<meta property=\"og:locale\" content=\"pt_BR\" \/>\n<meta property=\"og:type\" content=\"article\" \/>\n<meta property=\"og:title\" content=\"IBI\u00daNA \u2013 FURTOS NO CENTRO DA CIDADE AFLIGEM COMERCIANTES - Revista Vitrine Online\" \/>\n<meta property=\"og:description\" content=\"Da noite de domingo (12) at\u00e9 ontem ocorreram pelo menos tr\u00eas furtos em lojas localizadas no centro da cidade de\" \/>\n<meta property=\"og:url\" content=\"http:\/\/revistavitrineibiuna.com.br\/?p=31454\" \/>\n<meta property=\"og:site_name\" content=\"Revista Vitrine Online\" \/>\n<meta property=\"article:published_time\" content=\"2024-05-14T19:57:28+00:00\" \/>\n<meta property=\"article:modified_time\" content=\"2024-05-14T21:37:37+00:00\" \/>\n<meta property=\"og:image\" content=\"https:\/\/revistavitrineibiuna.com.br\/wp-content\/uploads\/2024\/05\/roubo-a-loja-de-calcados-da-pinduca.png\" \/>\n\t<meta property=\"og:image:width\" content=\"1065\" \/>\n\t<meta property=\"og:image:height\" content=\"706\" \/>\n<meta name=\"twitter:card\" content=\"summary\" \/>\n<meta name=\"twitter:label1\" content=\"Est. reading time\">\n\t<meta name=\"twitter:data1\" content=\"3 minutos\">\n<script type=\"application\/ld+json\" class=\"yoast-schema-graph\">{\"@context\":\"https:\/\/schema.org\",\"@graph\":[{\"@type\":\"WebSite\",\"@id\":\"https:\/\/revistavitrineibiuna.com.br\/#website\",\"url\":\"https:\/\/revistavitrineibiuna.com.br\/\",\"name\":\"Revista Vitrine Ibi\\u00fana\",\"description\":\"A Revista de Ibi\\u00fana e Regi\\u00e3o\",\"publisher\":{\"@id\":\"https:\/\/revistavitrineibiuna.com.br\/#\/schema\/person\/e51ef49d6d88170ea21ceabff3f73deb\"},\"potentialAction\":[{\"@type\":\"SearchAction\",\"target\":\"https:\/\/revistavitrineibiuna.com.br\/?s={search_term_string}\",\"query-input\":\"required name=search_term_string\"}],\"inLanguage\":\"pt-BR\"},{\"@type\":\"ImageObject\",\"@id\":\"http:\/\/revistavitrineibiuna.com.br\/?p=31454#primaryimage\",\"inLanguage\":\"pt-BR\",\"url\":\"https:\/\/revistavitrineibiuna.com.br\/wp-content\/uploads\/2024\/05\/roubo-a-loja-de-calcados-da-pinduca.png\",\"width\":1065,\"height\":706},{\"@type\":\"WebPage\",\"@id\":\"http:\/\/revistavitrineibiuna.com.br\/?p=31454#webpage\",\"url\":\"http:\/\/revistavitrineibiuna.com.br\/?p=31454\",\"name\":\"IBI\\u00daNA \\u2013 FURTOS NO CENTRO DA CIDADE AFLIGEM COMERCIANTES - Revista Vitrine Online\",\"isPartOf\":{\"@id\":\"https:\/\/revistavitrineibiuna.com.br\/#website\"},\"primaryImageOfPage\":{\"@id\":\"http:\/\/revistavitrineibiuna.com.br\/?p=31454#primaryimage\"},\"datePublished\":\"2024-05-14T19:57:28+00:00\",\"dateModified\":\"2024-05-14T21:37:37+00:00\",\"breadcrumb\":{\"@id\":\"http:\/\/revistavitrineibiuna.com.br\/?p=31454#breadcrumb\"},\"inLanguage\":\"pt-BR\",\"potentialAction\":[{\"@type\":\"ReadAction\",\"target\":[\"http:\/\/revistavitrineibiuna.com.br\/?p=31454\"]}]},{\"@type\":\"BreadcrumbList\",\"@id\":\"http:\/\/revistavitrineibiuna.com.br\/?p=31454#breadcrumb\",\"itemListElement\":[{\"@type\":\"ListItem\",\"position\":1,\"item\":{\"@type\":\"WebPage\",\"@id\":\"https:\/\/revistavitrineibiuna.com.br\/\",\"url\":\"https:\/\/revistavitrineibiuna.com.br\/\",\"name\":\"In\\u00edcio\"}},{\"@type\":\"ListItem\",\"position\":2,\"item\":{\"@type\":\"WebPage\",\"@id\":\"http:\/\/revistavitrineibiuna.com.br\/?p=31454\",\"url\":\"http:\/\/revistavitrineibiuna.com.br\/?p=31454\",\"name\":\"IBI\\u00daNA \\u2013 FURTOS NO CENTRO DA CIDADE AFLIGEM COMERCIANTES\"}}]},{\"@type\":\"Article\",\"@id\":\"http:\/\/revistavitrineibiuna.com.br\/?p=31454#article\",\"isPartOf\":{\"@id\":\"http:\/\/revistavitrineibiuna.com.br\/?p=31454#webpage\"},\"author\":{\"@id\":\"https:\/\/revistavitrineibiuna.com.br\/#\/schema\/person\/e51ef49d6d88170ea21ceabff3f73deb\"},\"headline\":\"IBI\\u00daNA \\u2013 FURTOS NO CENTRO DA CIDADE AFLIGEM COMERCIANTES\",\"datePublished\":\"2024-05-14T19:57:28+00:00\",\"dateModified\":\"2024-05-14T21:37:37+00:00\",\"mainEntityOfPage\":{\"@id\":\"http:\/\/revistavitrineibiuna.com.br\/?p=31454#webpage\"},\"commentCount\":0,\"publisher\":{\"@id\":\"https:\/\/revistavitrineibiuna.com.br\/#\/schema\/person\/e51ef49d6d88170ea21ceabff3f73deb\"},\"image\":{\"@id\":\"http:\/\/revistavitrineibiuna.com.br\/?p=31454#primaryimage\"},\"articleSection\":\"Uncategorized\",\"inLanguage\":\"pt-BR\",\"potentialAction\":[{\"@type\":\"CommentAction\",\"name\":\"Comment\",\"target\":[\"http:\/\/revistavitrineibiuna.com.br\/?p=31454#respond\"]}]},{\"@type\":[\"Person\",\"Organization\"],\"@id\":\"https:\/\/revistavitrineibiuna.com.br\/#\/schema\/person\/e51ef49d6d88170ea21ceabff3f73deb\",\"name\":\"Carlos Rossini\",\"image\":{\"@type\":\"ImageObject\",\"@id\":\"https:\/\/revistavitrineibiuna.com.br\/#personlogo\",\"inLanguage\":\"pt-BR\",\"url\":\"https:\/\/secure.gravatar.com\/avatar\/4f2d0f99fac1f85c7d643f21f5c8d900?s=96&d=mm&r=g\",\"caption\":\"Carlos Rossini\"},\"logo\":{\"@id\":\"https:\/\/revistavitrineibiuna.com.br\/#personlogo\"},\"description\":\"Carlos Rossini \\u00e9 jornalista, soci\\u00f3logo, escritor e professor universit\\u00e1rio, tendo sido professor de jornalismo por vinte anos. Trabalhou em ve\\u00edculos de comunica\\u00e7\\u00e3o nas fun\\u00e7\\u00f5es de rep\\u00f3rter, redator, editor, articulista e colaborador, como Folha de S. Paulo, O Estado de S. Paulo, Di\\u00e1rio Popular, entre outros. Ao transferir a revista vitrine, vers\\u00e3o imprensa, de S\\u00e3o Paulo para Ibi\\u00fana h\\u00e1 alguns anos, iniciou uma nova experi\\u00eancia profissional, dedicando-se ao jornalismo regional, depois de cumprir uma trajet\\u00f3ria bem-sucedida na grande imprensa brasileira. Seu primeiro livro A Coragem de Comunicar foi lan\\u00e7ado na Bienal do Livro em S\\u00e3o Paulo no ano 2000, pela editora Madras.\"}]}<\/script>\n<!-- \/ Yoast SEO plugin. -->","_links":{"self":[{"href":"https:\/\/revistavitrineibiuna.com.br\/index.php?rest_route=\/wp\/v2\/posts\/31454"}],"collection":[{"href":"https:\/\/revistavitrineibiuna.com.br\/index.php?rest_route=\/wp\/v2\/posts"}],"about":[{"href":"https:\/\/revistavitrineibiuna.com.br\/index.php?rest_route=\/wp\/v2\/types\/post"}],"author":[{"embeddable":true,"href":"https:\/\/revistavitrineibiuna.com.br\/index.php?rest_route=\/wp\/v2\/users\/1"}],"replies":[{"embeddable":true,"href":"https:\/\/revistavitrineibiuna.com.br\/index.php?rest_route=%2Fwp%2Fv2%2Fcomments&post=31454"}],"version-history":[{"count":11,"href":"https:\/\/revistavitrineibiuna.com.br\/index.php?rest_route=\/wp\/v2\/posts\/31454\/revisions"}],"predecessor-version":[{"id":31473,"href":"https:\/\/revistavitrineibiuna.com.br\/index.php?rest_route=\/wp\/v2\/posts\/31454\/revisions\/31473"}],"wp:featuredmedia":[{"embeddable":true,"href":"https:\/\/revistavitrineibiuna.com.br\/index.php?rest_route=\/wp\/v2\/media\/31455"}],"wp:attachment":[{"href":"https:\/\/revistavitrineibiuna.com.br\/index.php?rest_route=%2Fwp%2Fv2%2Fmedia&parent=31454"}],"wp:term":[{"taxonomy":"category","embeddable":true,"href":"https:\/\/revistavitrineibiuna.com.br\/index.php?rest_route=%2Fwp%2Fv2%2Fcategories&post=31454"},{"taxonomy":"post_tag","embeddable":true,"href":"https:\/\/revistavitrineibiuna.com.br\/index.php?rest_route=%2Fwp%2Fv2%2Ftags&post=31454"}],"curies":[{"name":"wp","href":"https:\/\/api.w.org\/{rel}","templated":true}]}}