{"id":31691,"date":"2024-06-01T02:05:23","date_gmt":"2024-06-01T05:05:23","guid":{"rendered":"http:\/\/revistavitrineibiuna.com.br\/?p=31691"},"modified":"2024-06-01T03:54:11","modified_gmt":"2024-06-01T06:54:11","slug":"ibiuna-na-lua-confeitaria-delicias-que-combinam-com-cafe","status":"publish","type":"post","link":"https:\/\/revistavitrineibiuna.com.br\/?p=31691","title":{"rendered":"IBI\u00daNA &#8211; NA LUA CONFEITARIA: DEL\u00cdCIAS QUE COMBINAM COM CAF\u00c9"},"content":{"rendered":"\n<p class=\"has-drop-cap\"><strong>Avenida Fortunativo, 377. Este \u00e9 o endere\u00e7o do \u201cNa Lua Confeitaria\u201d, sob o comando da Ana, o mais novo caf\u00e9 da cidade com bolos, salgados e variados tipos de caf\u00e9 num ambiente acolhedor, descontra\u00eddo e um slogan escrito em uma das paredes bem sugestivo: \u201cSa\u00ed atr\u00e1s da felicidade e cheguei na Lua.\u201d<\/strong><\/p>\n\n\n\n<p><strong>Sobre cada mesa h\u00e1 uma pequena bola branca com uma luz interior. Acesa, lembra a lua.<\/strong><\/p>\n\n\n\n<p><strong>Bem, quem provou o bolo de laranja, adorou. Uma das muitas combina\u00e7\u00f5es com o caf\u00e9 servido em uma x\u00edcara simples e elegante.<\/strong><\/p>\n\n\n\n<p><strong>No dia em que l\u00e1 estivemos estava com todos os lugares ocupados, amigos e amigas batendo um papo legal e, l\u00f3gico, saboreando doces e salgados.<\/strong><\/p>\n\n\n\n<figure class=\"wp-block-image size-large\"><img loading=\"lazy\" width=\"878\" height=\"1024\" src=\"https:\/\/revistavitrineibiuna.com.br\/wp-content\/uploads\/2024\/06\/cafe-na-lua-2-1-878x1024.png\" alt=\"\" class=\"wp-image-31694\" srcset=\"https:\/\/revistavitrineibiuna.com.br\/wp-content\/uploads\/2024\/06\/cafe-na-lua-2-1-878x1024.png 878w, https:\/\/revistavitrineibiuna.com.br\/wp-content\/uploads\/2024\/06\/cafe-na-lua-2-1-257x300.png 257w, https:\/\/revistavitrineibiuna.com.br\/wp-content\/uploads\/2024\/06\/cafe-na-lua-2-1-768x896.png 768w, https:\/\/revistavitrineibiuna.com.br\/wp-content\/uploads\/2024\/06\/cafe-na-lua-2-1.png 1192w\" sizes=\"(max-width: 878px) 100vw, 878px\" \/><figcaption>A simp\u00e1tica equipe de jovens profissionais garante bom acolhimento<\/figcaption><\/figure>\n\n\n\n<p><strong>A gente ficou de voltar para provar a empadinha que, por conta das festas em Ibi\u00fana, foram logo consumidas.<\/strong><\/p>\n\n\n\n<p><strong>\u00c9 bom ver que na cidade de Ibi\u00fana empreendedores v\u00eam lan\u00e7ando novidades criando ambientes levando em conta tamb\u00e9m a beleza, o que est\u00e1 acontecendo tamb\u00e9m com algumas lojas que est\u00e3o sendo reeditadas e se tornando mais simples e atraentes.<\/strong><\/p>\n\n\n\n<p><strong>Sucesso, Na Lua Confeitaria e sua jovem empreendedora!<\/strong><\/p>\n\n\n\n<figure class=\"wp-block-image size-large\"><img loading=\"lazy\" width=\"1024\" height=\"768\" src=\"https:\/\/revistavitrineibiuna.com.br\/wp-content\/uploads\/2024\/06\/cafe-na-lua-3-1-1024x768.png\" alt=\"\" class=\"wp-image-31697\" srcset=\"https:\/\/revistavitrineibiuna.com.br\/wp-content\/uploads\/2024\/06\/cafe-na-lua-3-1-1024x768.png 1024w, https:\/\/revistavitrineibiuna.com.br\/wp-content\/uploads\/2024\/06\/cafe-na-lua-3-1-300x225.png 300w, https:\/\/revistavitrineibiuna.com.br\/wp-content\/uploads\/2024\/06\/cafe-na-lua-3-1-768x576.png 768w, https:\/\/revistavitrineibiuna.com.br\/wp-content\/uploads\/2024\/06\/cafe-na-lua-3-1-1536x1152.png 1536w, https:\/\/revistavitrineibiuna.com.br\/wp-content\/uploads\/2024\/06\/cafe-na-lua-3-1-320x240.png 320w, https:\/\/revistavitrineibiuna.com.br\/wp-content\/uploads\/2024\/06\/cafe-na-lua-3-1.png 1600w\" sizes=\"(max-width: 1024px) 100vw, 1024px\" \/><figcaption>Hum! Bolos, doces, salgados: O que vai querer?<\/figcaption><\/figure>\n\n\n\n<figure class=\"wp-block-image size-large\"><img loading=\"lazy\" width=\"807\" height=\"1024\" src=\"https:\/\/revistavitrineibiuna.com.br\/wp-content\/uploads\/2024\/06\/cafe-na-lua-4-1-807x1024.png\" alt=\"\" class=\"wp-image-31699\" srcset=\"https:\/\/revistavitrineibiuna.com.br\/wp-content\/uploads\/2024\/06\/cafe-na-lua-4-1-807x1024.png 807w, https:\/\/revistavitrineibiuna.com.br\/wp-content\/uploads\/2024\/06\/cafe-na-lua-4-1-237x300.png 237w, https:\/\/revistavitrineibiuna.com.br\/wp-content\/uploads\/2024\/06\/cafe-na-lua-4-1-768x974.png 768w, https:\/\/revistavitrineibiuna.com.br\/wp-content\/uploads\/2024\/06\/cafe-na-lua-4-1-1211x1536.png 1211w, https:\/\/revistavitrineibiuna.com.br\/wp-content\/uploads\/2024\/06\/cafe-na-lua-4-1-1615x2048.png 1615w\" sizes=\"(max-width: 807px) 100vw, 807px\" \/><figcaption>Sobre as mesas uma pequena bola branca iluminada representa a Lua e,, claro, caf\u00e9<\/figcaption><\/figure>\n","protected":false},"excerpt":{"rendered":"<p>Avenida Fortunativo, 377. Este \u00e9 o endere\u00e7o do \u201cNa Lua Confeitaria\u201d, sob o comando da Ana, o mais novo caf\u00e9<\/p>\n","protected":false},"author":1,"featured_media":31690,"comment_status":"open","ping_status":"open","sticky":false,"template":"","format":"standard","meta":[],"categories":[70],"tags":[],"yoast_head":"<!-- This site is optimized with the Yoast SEO plugin v15.8 - https:\/\/yoast.com\/wordpress\/plugins\/seo\/ -->\n<title>IBI\u00daNA - NA LUA CONFEITARIA: DEL\u00cdCIAS QUE COMBINAM COM CAF\u00c9 - Revista Vitrine Online<\/title>\n<meta name=\"robots\" content=\"index, follow, max-snippet:-1, max-image-preview:large, max-video-preview:-1\" \/>\n<link rel=\"canonical\" href=\"http:\/\/revistavitrineibiuna.com.br\/?p=31691\" \/>\n<meta property=\"og:locale\" content=\"pt_BR\" \/>\n<meta property=\"og:type\" content=\"article\" \/>\n<meta property=\"og:title\" content=\"IBI\u00daNA - NA LUA CONFEITARIA: DEL\u00cdCIAS QUE COMBINAM COM CAF\u00c9 - Revista Vitrine Online\" \/>\n<meta property=\"og:description\" content=\"Avenida Fortunativo, 377. Este \u00e9 o endere\u00e7o do \u201cNa Lua Confeitaria\u201d, sob o comando da Ana, o mais novo caf\u00e9\" \/>\n<meta property=\"og:url\" content=\"http:\/\/revistavitrineibiuna.com.br\/?p=31691\" \/>\n<meta property=\"og:site_name\" content=\"Revista Vitrine Online\" \/>\n<meta property=\"article:published_time\" content=\"2024-06-01T05:05:23+00:00\" \/>\n<meta property=\"article:modified_time\" content=\"2024-06-01T06:54:11+00:00\" \/>\n<meta property=\"og:image\" content=\"https:\/\/revistavitrineibiuna.com.br\/wp-content\/uploads\/2024\/06\/cafe-na-lua-1.png\" \/>\n\t<meta property=\"og:image:width\" content=\"1507\" \/>\n\t<meta property=\"og:image:height\" content=\"974\" \/>\n<meta name=\"twitter:card\" content=\"summary\" \/>\n<meta name=\"twitter:label1\" content=\"Est. reading time\">\n\t<meta name=\"twitter:data1\" content=\"2 minutos\">\n<script type=\"application\/ld+json\" class=\"yoast-schema-graph\">{\"@context\":\"https:\/\/schema.org\",\"@graph\":[{\"@type\":\"WebSite\",\"@id\":\"https:\/\/revistavitrineibiuna.com.br\/#website\",\"url\":\"https:\/\/revistavitrineibiuna.com.br\/\",\"name\":\"Revista Vitrine Ibi\\u00fana\",\"description\":\"A Revista de Ibi\\u00fana e Regi\\u00e3o\",\"publisher\":{\"@id\":\"https:\/\/revistavitrineibiuna.com.br\/#\/schema\/person\/e51ef49d6d88170ea21ceabff3f73deb\"},\"potentialAction\":[{\"@type\":\"SearchAction\",\"target\":\"https:\/\/revistavitrineibiuna.com.br\/?s={search_term_string}\",\"query-input\":\"required name=search_term_string\"}],\"inLanguage\":\"pt-BR\"},{\"@type\":\"ImageObject\",\"@id\":\"http:\/\/revistavitrineibiuna.com.br\/?p=31691#primaryimage\",\"inLanguage\":\"pt-BR\",\"url\":\"https:\/\/revistavitrineibiuna.com.br\/wp-content\/uploads\/2024\/06\/cafe-na-lua-1.png\",\"width\":1507,\"height\":974},{\"@type\":\"WebPage\",\"@id\":\"http:\/\/revistavitrineibiuna.com.br\/?p=31691#webpage\",\"url\":\"http:\/\/revistavitrineibiuna.com.br\/?p=31691\",\"name\":\"IBI\\u00daNA - NA LUA CONFEITARIA: DEL\\u00cdCIAS QUE COMBINAM COM CAF\\u00c9 - Revista Vitrine Online\",\"isPartOf\":{\"@id\":\"https:\/\/revistavitrineibiuna.com.br\/#website\"},\"primaryImageOfPage\":{\"@id\":\"http:\/\/revistavitrineibiuna.com.br\/?p=31691#primaryimage\"},\"datePublished\":\"2024-06-01T05:05:23+00:00\",\"dateModified\":\"2024-06-01T06:54:11+00:00\",\"breadcrumb\":{\"@id\":\"http:\/\/revistavitrineibiuna.com.br\/?p=31691#breadcrumb\"},\"inLanguage\":\"pt-BR\",\"potentialAction\":[{\"@type\":\"ReadAction\",\"target\":[\"http:\/\/revistavitrineibiuna.com.br\/?p=31691\"]}]},{\"@type\":\"BreadcrumbList\",\"@id\":\"http:\/\/revistavitrineibiuna.com.br\/?p=31691#breadcrumb\",\"itemListElement\":[{\"@type\":\"ListItem\",\"position\":1,\"item\":{\"@type\":\"WebPage\",\"@id\":\"https:\/\/revistavitrineibiuna.com.br\/\",\"url\":\"https:\/\/revistavitrineibiuna.com.br\/\",\"name\":\"In\\u00edcio\"}},{\"@type\":\"ListItem\",\"position\":2,\"item\":{\"@type\":\"WebPage\",\"@id\":\"http:\/\/revistavitrineibiuna.com.br\/?p=31691\",\"url\":\"http:\/\/revistavitrineibiuna.com.br\/?p=31691\",\"name\":\"IBI\\u00daNA &#8211; NA LUA CONFEITARIA: DEL\\u00cdCIAS QUE COMBINAM COM CAF\\u00c9\"}}]},{\"@type\":\"Article\",\"@id\":\"http:\/\/revistavitrineibiuna.com.br\/?p=31691#article\",\"isPartOf\":{\"@id\":\"http:\/\/revistavitrineibiuna.com.br\/?p=31691#webpage\"},\"author\":{\"@id\":\"https:\/\/revistavitrineibiuna.com.br\/#\/schema\/person\/e51ef49d6d88170ea21ceabff3f73deb\"},\"headline\":\"IBI\\u00daNA &#8211; NA LUA CONFEITARIA: DEL\\u00cdCIAS QUE COMBINAM COM CAF\\u00c9\",\"datePublished\":\"2024-06-01T05:05:23+00:00\",\"dateModified\":\"2024-06-01T06:54:11+00:00\",\"mainEntityOfPage\":{\"@id\":\"http:\/\/revistavitrineibiuna.com.br\/?p=31691#webpage\"},\"commentCount\":0,\"publisher\":{\"@id\":\"https:\/\/revistavitrineibiuna.com.br\/#\/schema\/person\/e51ef49d6d88170ea21ceabff3f73deb\"},\"image\":{\"@id\":\"http:\/\/revistavitrineibiuna.com.br\/?p=31691#primaryimage\"},\"articleSection\":\"Rapidinhas\",\"inLanguage\":\"pt-BR\",\"potentialAction\":[{\"@type\":\"CommentAction\",\"name\":\"Comment\",\"target\":[\"http:\/\/revistavitrineibiuna.com.br\/?p=31691#respond\"]}]},{\"@type\":[\"Person\",\"Organization\"],\"@id\":\"https:\/\/revistavitrineibiuna.com.br\/#\/schema\/person\/e51ef49d6d88170ea21ceabff3f73deb\",\"name\":\"Carlos Rossini\",\"image\":{\"@type\":\"ImageObject\",\"@id\":\"https:\/\/revistavitrineibiuna.com.br\/#personlogo\",\"inLanguage\":\"pt-BR\",\"url\":\"https:\/\/secure.gravatar.com\/avatar\/4f2d0f99fac1f85c7d643f21f5c8d900?s=96&d=mm&r=g\",\"caption\":\"Carlos Rossini\"},\"logo\":{\"@id\":\"https:\/\/revistavitrineibiuna.com.br\/#personlogo\"},\"description\":\"Carlos Rossini \\u00e9 jornalista, soci\\u00f3logo, escritor e professor universit\\u00e1rio, tendo sido professor de jornalismo por vinte anos. Trabalhou em ve\\u00edculos de comunica\\u00e7\\u00e3o nas fun\\u00e7\\u00f5es de rep\\u00f3rter, redator, editor, articulista e colaborador, como Folha de S. Paulo, O Estado de S. Paulo, Di\\u00e1rio Popular, entre outros. Ao transferir a revista vitrine, vers\\u00e3o imprensa, de S\\u00e3o Paulo para Ibi\\u00fana h\\u00e1 alguns anos, iniciou uma nova experi\\u00eancia profissional, dedicando-se ao jornalismo regional, depois de cumprir uma trajet\\u00f3ria bem-sucedida na grande imprensa brasileira. Seu primeiro livro A Coragem de Comunicar foi lan\\u00e7ado na Bienal do Livro em S\\u00e3o Paulo no ano 2000, pela editora Madras.\"}]}<\/script>\n<!-- \/ Yoast SEO plugin. -->","_links":{"self":[{"href":"https:\/\/revistavitrineibiuna.com.br\/index.php?rest_route=\/wp\/v2\/posts\/31691"}],"collection":[{"href":"https:\/\/revistavitrineibiuna.com.br\/index.php?rest_route=\/wp\/v2\/posts"}],"about":[{"href":"https:\/\/revistavitrineibiuna.com.br\/index.php?rest_route=\/wp\/v2\/types\/post"}],"author":[{"embeddable":true,"href":"https:\/\/revistavitrineibiuna.com.br\/index.php?rest_route=\/wp\/v2\/users\/1"}],"replies":[{"embeddable":true,"href":"https:\/\/revistavitrineibiuna.com.br\/index.php?rest_route=%2Fwp%2Fv2%2Fcomments&post=31691"}],"version-history":[{"count":6,"href":"https:\/\/revistavitrineibiuna.com.br\/index.php?rest_route=\/wp\/v2\/posts\/31691\/revisions"}],"predecessor-version":[{"id":31704,"href":"https:\/\/revistavitrineibiuna.com.br\/index.php?rest_route=\/wp\/v2\/posts\/31691\/revisions\/31704"}],"wp:featuredmedia":[{"embeddable":true,"href":"https:\/\/revistavitrineibiuna.com.br\/index.php?rest_route=\/wp\/v2\/media\/31690"}],"wp:attachment":[{"href":"https:\/\/revistavitrineibiuna.com.br\/index.php?rest_route=%2Fwp%2Fv2%2Fmedia&parent=31691"}],"wp:term":[{"taxonomy":"category","embeddable":true,"href":"https:\/\/revistavitrineibiuna.com.br\/index.php?rest_route=%2Fwp%2Fv2%2Fcategories&post=31691"},{"taxonomy":"post_tag","embeddable":true,"href":"https:\/\/revistavitrineibiuna.com.br\/index.php?rest_route=%2Fwp%2Fv2%2Ftags&post=31691"}],"curies":[{"name":"wp","href":"https:\/\/api.w.org\/{rel}","templated":true}]}}