{"id":31705,"date":"2024-06-02T00:26:59","date_gmt":"2024-06-02T03:26:59","guid":{"rendered":"http:\/\/revistavitrineibiuna.com.br\/?p=31705"},"modified":"2024-06-02T00:26:59","modified_gmt":"2024-06-02T03:26:59","slug":"medica-afirma-medico-tem-que-gostar-de-gente","status":"publish","type":"post","link":"https:\/\/revistavitrineibiuna.com.br\/?p=31705","title":{"rendered":"M\u00c9DICA AFIRMA: \u201cM\u00c9DICO TEM QUE GOSTAR DE GENTE\u201d"},"content":{"rendered":"\n<p class=\"has-drop-cap\"><strong>Na condi\u00e7\u00e3o de jornalista, profissional cuja fun\u00e7\u00e3o \u00e9 informar a sociedade, atuando como editor da revista vitrine online e diretor da TVUNA, lan\u00e7ada no ano passado, recebo persistentes queixas de atendimentos m\u00e9dicos dos profissionais que atuam na rede p\u00fablica de sa\u00fade no munic\u00edpio de Ibi\u00fana.<\/strong><\/p>\n\n\n\n<p><strong>Antes de prosseguir, \u00e9 preciso advertir que n\u00e3o devemos generalizar, pois h\u00e1 profissionais atenciosos, que sabem acolher e escutar os pacientes com respeito. Ainda bem que estes existem, sen\u00e3o seria um inferno dantesco a vida das pessoas que precisam de cuidados de sa\u00fade.<\/strong><\/p>\n\n\n\n<p><strong>E tamb\u00e9m seria injusto imputar a eles\/elas os problemas decorrentes da falta de estrutura e de gest\u00e3o compat\u00edveis com as necessidades operacionais, que os obriga a atender um n\u00famero desmesurado de pacientes em cada turno de trabalho.<\/strong><\/p>\n\n\n\n<p><strong>S\u00f3 para lembrar, o parecer do Conselho Federal de Medicina \u2013 CFM, adotado tamb\u00e9m pelos conselhos regionais, preconiza que o m\u00e9dico atenda de 3 a 4 pacientes por hora. Na realidade, o n\u00famero de atendimentos \u00e9 muitas vezes maior do que isso diariamente.<\/strong><\/p>\n\n\n\n<p><strong>Considere, por exemplo, que o Hospital Municipal de Ibi\u00fana atenda algo em torno de 20.000 pacientes\/m\u00eas, divida pelo n\u00famero de m\u00e9dicos por plant\u00f5es di\u00e1rios e ver\u00e1 um dos mais cruciais motivos das queixas: n\u00famero insuficiente de m\u00e9dicos. Mas, existe outra raz\u00e3o n\u00e3o menos importante, do ponto de vista qualitativo.<\/strong><\/p>\n\n\n\n<p><strong>H\u00e1 m\u00e9dicos que \u2013 segundo relatos p\u00fablicos e privados dos pacientes \u2013 s\u00e3o r\u00edspidos, insolentes, desatenciosos, rudes, superficiais e, \u00e0s vezes, arrogantes. \u201cNos fazem sentir como se a gente nem existisse.\u201d<\/strong><\/p>\n\n\n\n<p><strong>\u201cMuitas vezes nem olham para as nossas caras e tampouco permitem que apresentemos adequadamente o que estamos sentindo.\u201d Isso aconteceu, por exemplo, com uma m\u00e9dica que atua no Posto Central na avenida S\u00e3o Sebasti\u00e3o.<\/strong><\/p>\n\n\n\n<p><strong>A m\u00e9dica simplesmente dispensou a paciente, sem deix\u00e1-la falar, porque \u201ctenho mais gente para atender\u201d. A paciente encaminhou uma carta ao secret\u00e1rio da Sa\u00fade que, at\u00e9 o momento, n\u00e3o deu nenhum retorno. E, possivelmente, jamais o far\u00e1.<\/strong><\/p>\n\n\n\n<p><strong>Por tudo isso, \u00e9 oportuno reproduzir aqui o que disse uma m\u00e9dica psiquiatra carioca conhecida em todo o Brasil por seus &nbsp;oportunos depoimentos abertos \u00e0 toda sociedade.<\/strong><\/p>\n\n\n\n<p><strong>Ela \u00e9 categ\u00f3rica: \u2018Se voc\u00ea n\u00e3o amar as pessoas, n\u00e3o ouse fazer medicina.\u2019<\/strong><\/p>\n\n\n\n<p><strong>M\u00e9dica psiquiatra, escritora e palestrante, a Dra. Ana Beatriz Barbosa da Silva \u00e9 autora com mais de 2,5 milh\u00f5es de livros vendidos e tem 4,5 milh\u00f5es de seguidores nas m\u00eddias digitais.<\/strong><\/p>\n\n\n\n<p><strong>Suas apari\u00e7\u00f5es em podcasts s\u00e3o arrebatadores de p\u00fablico. Os argumentos que utiliza s\u00e3o fluidos, simplificados, claros e aut\u00eanticos. Esclarecem o p\u00fablico.<\/strong><\/p>\n\n\n\n<p><strong>\u201cM\u00c9DICO TEM QUE GOSTAR DE GENTE\u201d<\/strong><\/p>\n\n\n\n<p><strong>Leiam abaixo o que ela disse em um podcast de modo taxativo:<\/strong><\/p>\n\n\n\n<p><strong>\u201cM\u00e9dico n\u00e3o tem que gostar disso ou daquilo. Tem que gostar de gente.<\/strong><\/p>\n\n\n\n<p><strong>Eu conhe\u00e7o muita gente que se forma em medicina para botar um jaleco car\u00edssimo, para ter um carro car\u00edssimo, para ter fotos car\u00edssimas muito bem produzidas no consult\u00f3rio.<\/strong><\/p>\n\n\n\n<p><strong>Medicina n\u00e3o \u00e9 isso. Medicina \u00e9 muito mais do que isso. Medicina \u00e9 um ato de amor ao pr\u00f3ximo. E se n\u00e3o consegue ver isso, voc\u00ea pode ser tecnicamente maravilhoso, mas se voc\u00ea n\u00e3o tiver essa conjun\u00e7\u00e3o de amar o pr\u00f3ximo, voc\u00ea n\u00e3o ouse fazer medicina.<\/strong><\/p>\n\n\n\n<p><strong>A\u00ed tem gente que falou assim: como voc\u00ea gosta de uma pessoa que faz uma maldade? Eu gosto do ser humano. Eu gosto do ser humano que est\u00e1 por tr\u00e1s disso a\u00ed. Um dia ele vai ter que despertar. Acho que todos n\u00f3s um dia vamos despertar. Uns n\u00e3o ser\u00e3o agora, outros n\u00e3o sei quando, mas, assim, eu tiro o pecado do pecador. Sen\u00e3o, n\u00e3o consigo viver e amar o ser humano.\u201d<\/strong><\/p>\n","protected":false},"excerpt":{"rendered":"<p>Na condi\u00e7\u00e3o de jornalista, profissional cuja fun\u00e7\u00e3o \u00e9 informar a sociedade, atuando como editor da revista vitrine online e diretor<\/p>\n","protected":false},"author":1,"featured_media":31706,"comment_status":"open","ping_status":"open","sticky":false,"template":"","format":"standard","meta":[],"categories":[1],"tags":[],"yoast_head":"<!-- This site is optimized with the Yoast SEO plugin v15.8 - https:\/\/yoast.com\/wordpress\/plugins\/seo\/ -->\n<title>M\u00c9DICA AFIRMA: \u201cM\u00c9DICO TEM QUE GOSTAR DE GENTE\u201d - Revista Vitrine Online<\/title>\n<meta name=\"robots\" content=\"index, follow, max-snippet:-1, max-image-preview:large, max-video-preview:-1\" \/>\n<link rel=\"canonical\" href=\"http:\/\/revistavitrineibiuna.com.br\/?p=31705\" \/>\n<meta property=\"og:locale\" content=\"pt_BR\" \/>\n<meta property=\"og:type\" content=\"article\" \/>\n<meta property=\"og:title\" content=\"M\u00c9DICA AFIRMA: \u201cM\u00c9DICO TEM QUE GOSTAR DE GENTE\u201d - Revista Vitrine Online\" \/>\n<meta property=\"og:description\" content=\"Na condi\u00e7\u00e3o de jornalista, profissional cuja fun\u00e7\u00e3o \u00e9 informar a sociedade, atuando como editor da revista vitrine online e diretor\" \/>\n<meta property=\"og:url\" content=\"http:\/\/revistavitrineibiuna.com.br\/?p=31705\" \/>\n<meta property=\"og:site_name\" content=\"Revista Vitrine Online\" \/>\n<meta property=\"article:published_time\" content=\"2024-06-02T03:26:59+00:00\" \/>\n<meta property=\"og:image\" content=\"https:\/\/revistavitrineibiuna.com.br\/wp-content\/uploads\/2024\/06\/Dr.-Ana-Beatriz.png\" \/>\n\t<meta property=\"og:image:width\" content=\"825\" \/>\n\t<meta property=\"og:image:height\" content=\"561\" \/>\n<meta name=\"twitter:card\" content=\"summary\" \/>\n<meta name=\"twitter:label1\" content=\"Est. reading time\">\n\t<meta name=\"twitter:data1\" content=\"3 minutos\">\n<script type=\"application\/ld+json\" class=\"yoast-schema-graph\">{\"@context\":\"https:\/\/schema.org\",\"@graph\":[{\"@type\":\"WebSite\",\"@id\":\"https:\/\/revistavitrineibiuna.com.br\/#website\",\"url\":\"https:\/\/revistavitrineibiuna.com.br\/\",\"name\":\"Revista Vitrine Ibi\\u00fana\",\"description\":\"A Revista de Ibi\\u00fana e Regi\\u00e3o\",\"publisher\":{\"@id\":\"https:\/\/revistavitrineibiuna.com.br\/#\/schema\/person\/e51ef49d6d88170ea21ceabff3f73deb\"},\"potentialAction\":[{\"@type\":\"SearchAction\",\"target\":\"https:\/\/revistavitrineibiuna.com.br\/?s={search_term_string}\",\"query-input\":\"required name=search_term_string\"}],\"inLanguage\":\"pt-BR\"},{\"@type\":\"ImageObject\",\"@id\":\"http:\/\/revistavitrineibiuna.com.br\/?p=31705#primaryimage\",\"inLanguage\":\"pt-BR\",\"url\":\"https:\/\/revistavitrineibiuna.com.br\/wp-content\/uploads\/2024\/06\/Dr.-Ana-Beatriz.png\",\"width\":825,\"height\":561},{\"@type\":\"WebPage\",\"@id\":\"http:\/\/revistavitrineibiuna.com.br\/?p=31705#webpage\",\"url\":\"http:\/\/revistavitrineibiuna.com.br\/?p=31705\",\"name\":\"M\\u00c9DICA AFIRMA: \\u201cM\\u00c9DICO TEM QUE GOSTAR DE GENTE\\u201d - Revista Vitrine Online\",\"isPartOf\":{\"@id\":\"https:\/\/revistavitrineibiuna.com.br\/#website\"},\"primaryImageOfPage\":{\"@id\":\"http:\/\/revistavitrineibiuna.com.br\/?p=31705#primaryimage\"},\"datePublished\":\"2024-06-02T03:26:59+00:00\",\"dateModified\":\"2024-06-02T03:26:59+00:00\",\"breadcrumb\":{\"@id\":\"http:\/\/revistavitrineibiuna.com.br\/?p=31705#breadcrumb\"},\"inLanguage\":\"pt-BR\",\"potentialAction\":[{\"@type\":\"ReadAction\",\"target\":[\"http:\/\/revistavitrineibiuna.com.br\/?p=31705\"]}]},{\"@type\":\"BreadcrumbList\",\"@id\":\"http:\/\/revistavitrineibiuna.com.br\/?p=31705#breadcrumb\",\"itemListElement\":[{\"@type\":\"ListItem\",\"position\":1,\"item\":{\"@type\":\"WebPage\",\"@id\":\"https:\/\/revistavitrineibiuna.com.br\/\",\"url\":\"https:\/\/revistavitrineibiuna.com.br\/\",\"name\":\"In\\u00edcio\"}},{\"@type\":\"ListItem\",\"position\":2,\"item\":{\"@type\":\"WebPage\",\"@id\":\"http:\/\/revistavitrineibiuna.com.br\/?p=31705\",\"url\":\"http:\/\/revistavitrineibiuna.com.br\/?p=31705\",\"name\":\"M\\u00c9DICA AFIRMA: \\u201cM\\u00c9DICO TEM QUE GOSTAR DE GENTE\\u201d\"}}]},{\"@type\":\"Article\",\"@id\":\"http:\/\/revistavitrineibiuna.com.br\/?p=31705#article\",\"isPartOf\":{\"@id\":\"http:\/\/revistavitrineibiuna.com.br\/?p=31705#webpage\"},\"author\":{\"@id\":\"https:\/\/revistavitrineibiuna.com.br\/#\/schema\/person\/e51ef49d6d88170ea21ceabff3f73deb\"},\"headline\":\"M\\u00c9DICA AFIRMA: \\u201cM\\u00c9DICO TEM QUE GOSTAR DE GENTE\\u201d\",\"datePublished\":\"2024-06-02T03:26:59+00:00\",\"dateModified\":\"2024-06-02T03:26:59+00:00\",\"mainEntityOfPage\":{\"@id\":\"http:\/\/revistavitrineibiuna.com.br\/?p=31705#webpage\"},\"commentCount\":0,\"publisher\":{\"@id\":\"https:\/\/revistavitrineibiuna.com.br\/#\/schema\/person\/e51ef49d6d88170ea21ceabff3f73deb\"},\"image\":{\"@id\":\"http:\/\/revistavitrineibiuna.com.br\/?p=31705#primaryimage\"},\"articleSection\":\"Uncategorized\",\"inLanguage\":\"pt-BR\",\"potentialAction\":[{\"@type\":\"CommentAction\",\"name\":\"Comment\",\"target\":[\"http:\/\/revistavitrineibiuna.com.br\/?p=31705#respond\"]}]},{\"@type\":[\"Person\",\"Organization\"],\"@id\":\"https:\/\/revistavitrineibiuna.com.br\/#\/schema\/person\/e51ef49d6d88170ea21ceabff3f73deb\",\"name\":\"Carlos Rossini\",\"image\":{\"@type\":\"ImageObject\",\"@id\":\"https:\/\/revistavitrineibiuna.com.br\/#personlogo\",\"inLanguage\":\"pt-BR\",\"url\":\"https:\/\/secure.gravatar.com\/avatar\/4f2d0f99fac1f85c7d643f21f5c8d900?s=96&d=mm&r=g\",\"caption\":\"Carlos Rossini\"},\"logo\":{\"@id\":\"https:\/\/revistavitrineibiuna.com.br\/#personlogo\"},\"description\":\"Carlos Rossini \\u00e9 jornalista, soci\\u00f3logo, escritor e professor universit\\u00e1rio, tendo sido professor de jornalismo por vinte anos. Trabalhou em ve\\u00edculos de comunica\\u00e7\\u00e3o nas fun\\u00e7\\u00f5es de rep\\u00f3rter, redator, editor, articulista e colaborador, como Folha de S. Paulo, O Estado de S. Paulo, Di\\u00e1rio Popular, entre outros. Ao transferir a revista vitrine, vers\\u00e3o imprensa, de S\\u00e3o Paulo para Ibi\\u00fana h\\u00e1 alguns anos, iniciou uma nova experi\\u00eancia profissional, dedicando-se ao jornalismo regional, depois de cumprir uma trajet\\u00f3ria bem-sucedida na grande imprensa brasileira. Seu primeiro livro A Coragem de Comunicar foi lan\\u00e7ado na Bienal do Livro em S\\u00e3o Paulo no ano 2000, pela editora Madras.\"}]}<\/script>\n<!-- \/ Yoast SEO plugin. -->","_links":{"self":[{"href":"https:\/\/revistavitrineibiuna.com.br\/index.php?rest_route=\/wp\/v2\/posts\/31705"}],"collection":[{"href":"https:\/\/revistavitrineibiuna.com.br\/index.php?rest_route=\/wp\/v2\/posts"}],"about":[{"href":"https:\/\/revistavitrineibiuna.com.br\/index.php?rest_route=\/wp\/v2\/types\/post"}],"author":[{"embeddable":true,"href":"https:\/\/revistavitrineibiuna.com.br\/index.php?rest_route=\/wp\/v2\/users\/1"}],"replies":[{"embeddable":true,"href":"https:\/\/revistavitrineibiuna.com.br\/index.php?rest_route=%2Fwp%2Fv2%2Fcomments&post=31705"}],"version-history":[{"count":1,"href":"https:\/\/revistavitrineibiuna.com.br\/index.php?rest_route=\/wp\/v2\/posts\/31705\/revisions"}],"predecessor-version":[{"id":31707,"href":"https:\/\/revistavitrineibiuna.com.br\/index.php?rest_route=\/wp\/v2\/posts\/31705\/revisions\/31707"}],"wp:featuredmedia":[{"embeddable":true,"href":"https:\/\/revistavitrineibiuna.com.br\/index.php?rest_route=\/wp\/v2\/media\/31706"}],"wp:attachment":[{"href":"https:\/\/revistavitrineibiuna.com.br\/index.php?rest_route=%2Fwp%2Fv2%2Fmedia&parent=31705"}],"wp:term":[{"taxonomy":"category","embeddable":true,"href":"https:\/\/revistavitrineibiuna.com.br\/index.php?rest_route=%2Fwp%2Fv2%2Fcategories&post=31705"},{"taxonomy":"post_tag","embeddable":true,"href":"https:\/\/revistavitrineibiuna.com.br\/index.php?rest_route=%2Fwp%2Fv2%2Ftags&post=31705"}],"curies":[{"name":"wp","href":"https:\/\/api.w.org\/{rel}","templated":true}]}}