{"id":31709,"date":"2024-06-04T12:16:02","date_gmt":"2024-06-04T15:16:02","guid":{"rendered":"http:\/\/revistavitrineibiuna.com.br\/?p=31709"},"modified":"2024-06-04T12:30:15","modified_gmt":"2024-06-04T15:30:15","slug":"ibiuna-thay-biatriz-brilha-mais-uma-vez-em-programa-nacional-do-sbt","status":"publish","type":"post","link":"https:\/\/revistavitrineibiuna.com.br\/?p=31709","title":{"rendered":"IBI\u00daNA \u2013 THAY BIATRIZ BRILHA [MAIS UMA VEZ] EM PROGRAMA NACIONAL DO SBT"},"content":{"rendered":"\n<p class=\"has-drop-cap\"><strong>Nesta quarta-feira (5), voc\u00ea poder\u00e1 demonstrar seu carinho para a nossa &#8220;rouxinol&#8221;, a cantora ibiunense Thay Biatriz (22). Ela interpretar\u00e1 a can\u00e7\u00e3o que apresentou no programa do Ratinho ontem (3) do SBT. Mas vai al\u00e9m disso: falar\u00e1 da sua vida, de sua carreira e do seu sonho art\u00edstico.<\/strong><\/p>\n\n\n\n<p><strong>Beatriz ser\u00e1 entrevistada no programa da TVUNA, \u00e0s 20h, ao vivo, pelo jornalista Carlos Rossini, com transmiss\u00e3o pelo Youtube, Instagram e Facebook.<\/strong><\/p>\n\n\n\n<p><strong>E voc\u00ea poder\u00e1 interagir diretamente com ela pelo chat do canal da TVUNA. Inscreva-se desde j\u00e1: <a href=\"mailto:youtube.com\/@tv-una\">youtube.com\/@tv-una<\/a>.<\/strong><\/p>\n\n\n\n<p><strong>PRIMEIRO LUGAR<\/strong><\/p>\n\n\n\n<p><strong>No dia 11 de setembro de 2023, Thay Biatriz conquistou o primeiro lugar no concurso da voz mais parecida com a da saudosa cantora Mar\u00edlia Mendon\u00e7a, no \u201cPrograma do Ratinho\u201d, no SBT.<\/strong><\/p>\n\n\n\n<p><strong>Ela e outras competidoras, boas cantoras, fizeram uma apresenta\u00e7\u00e3o ao vivo \u00e0s cegas perante os jurados.<\/strong><\/p>\n\n\n\n<p><strong>\u201c\u00c9 uma parte extremamente importante da minha carreira que eu tanto almejo na minha vida\u201d, disse Biatriz a vitrine online na ocasi\u00e3o.<\/strong><\/p>\n\n\n\n<p><strong>\u201cS\u00d3 PENSANDO EM VOC\u00ca\u201d<\/strong><\/p>\n\n\n\n<p><strong>Ontem (3) \u00e0 noite, ela esteve de volta ao mesmo programa e mais uma vez brilhou com sua voz vibrante interpretando \u201cS\u00f3 Pensando em Voc\u00ea\u201d, composi\u00e7\u00e3o da dupla Rick &amp; Renner.<\/strong><\/p>\n\n\n\n<p><strong>A apresenta\u00e7\u00e3o do programa foi para todo o Pa\u00eds, mas a popula\u00e7\u00e3o de Ibi\u00fana acompanhou na torcida para o sucesso da cantora ibiunense que deu mais um passo importante na realiza\u00e7\u00e3o do seu sonho art\u00edstico que acalenta com intensa paix\u00e3o.<\/strong><\/p>\n\n\n\n<p><strong>O mote do programa \u00e9 \u201c10 ou 1000\u201d, s\u00f3 para criar expectativa na mente dos telespectadores, com base em interpreta\u00e7\u00f5es de cinco jurados em seus humores de momento. Recebeu quatro notas 1000. Chique no \u00fartimo!<\/strong><\/p>\n\n\n\n<p><strong>Na sua interpreta\u00e7\u00e3o, a nossa rouxinol fez um voo vocal em torno de uma hist\u00f3ria de amor de sofr\u00eancia \u00e0 Mar\u00edlia Mendon\u00e7a. Arrancou aplausos da plateia no est\u00fadio e pelo Brasil afora.<\/strong><\/p>\n\n\n\n<p><strong>NA TVUNA<\/strong><\/p>\n\n\n\n<p><strong>Nesta quarta-feira, dia 5, Thay Beatriz volta tamb\u00e9m \u00e0 TVUNA como convidada para falar sobre sua filosofia de vida, que a torna notavelmente sincera, aut\u00eantica e espont\u00e2nea, e, claro, tamb\u00e9m como anda sua vida de artista com uma agenda de shows cada vez mais requisitada tanto em Ibi\u00fana quanto em outras cidades.<\/strong><strong><\/strong><\/p>\n","protected":false},"excerpt":{"rendered":"<p>Nesta quarta-feira (5), voc\u00ea poder\u00e1 demonstrar seu carinho para a nossa &#8220;rouxinol&#8221;, a cantora ibiunense Thay Biatriz (22). Ela interpretar\u00e1<\/p>\n","protected":false},"author":1,"featured_media":31710,"comment_status":"open","ping_status":"open","sticky":false,"template":"","format":"standard","meta":[],"categories":[3],"tags":[],"yoast_head":"<!-- This site is optimized with the Yoast SEO plugin v15.8 - https:\/\/yoast.com\/wordpress\/plugins\/seo\/ -->\n<title>IBI\u00daNA \u2013 THAY BIATRIZ BRILHA [MAIS UMA VEZ] EM PROGRAMA NACIONAL DO SBT - Revista Vitrine Online<\/title>\n<meta name=\"robots\" content=\"index, follow, max-snippet:-1, max-image-preview:large, max-video-preview:-1\" \/>\n<link rel=\"canonical\" href=\"https:\/\/revistavitrineibiuna.com.br\/?p=31709\" \/>\n<meta property=\"og:locale\" content=\"pt_BR\" \/>\n<meta property=\"og:type\" content=\"article\" \/>\n<meta property=\"og:title\" content=\"IBI\u00daNA \u2013 THAY BIATRIZ BRILHA [MAIS UMA VEZ] EM PROGRAMA NACIONAL DO SBT - Revista Vitrine Online\" \/>\n<meta property=\"og:description\" content=\"Nesta quarta-feira (5), voc\u00ea poder\u00e1 demonstrar seu carinho para a nossa &#8220;rouxinol&#8221;, a cantora ibiunense Thay Biatriz (22). Ela interpretar\u00e1\" \/>\n<meta property=\"og:url\" content=\"https:\/\/revistavitrineibiuna.com.br\/?p=31709\" \/>\n<meta property=\"og:site_name\" content=\"Revista Vitrine Online\" \/>\n<meta property=\"article:published_time\" content=\"2024-06-04T15:16:02+00:00\" \/>\n<meta property=\"article:modified_time\" content=\"2024-06-04T15:30:15+00:00\" \/>\n<meta property=\"og:image\" content=\"https:\/\/revistavitrineibiuna.com.br\/wp-content\/uploads\/2024\/06\/thay-biatriz-no-ratinho-3.6.2024.png\" \/>\n\t<meta property=\"og:image:width\" content=\"884\" \/>\n\t<meta property=\"og:image:height\" content=\"499\" \/>\n<meta name=\"twitter:card\" content=\"summary\" \/>\n<meta name=\"twitter:label1\" content=\"Est. reading time\">\n\t<meta name=\"twitter:data1\" content=\"2 minutos\">\n<script type=\"application\/ld+json\" class=\"yoast-schema-graph\">{\"@context\":\"https:\/\/schema.org\",\"@graph\":[{\"@type\":\"WebSite\",\"@id\":\"https:\/\/revistavitrineibiuna.com.br\/#website\",\"url\":\"https:\/\/revistavitrineibiuna.com.br\/\",\"name\":\"Revista Vitrine Ibi\\u00fana\",\"description\":\"A Revista de Ibi\\u00fana e Regi\\u00e3o\",\"publisher\":{\"@id\":\"https:\/\/revistavitrineibiuna.com.br\/#\/schema\/person\/e51ef49d6d88170ea21ceabff3f73deb\"},\"potentialAction\":[{\"@type\":\"SearchAction\",\"target\":\"https:\/\/revistavitrineibiuna.com.br\/?s={search_term_string}\",\"query-input\":\"required name=search_term_string\"}],\"inLanguage\":\"pt-BR\"},{\"@type\":\"ImageObject\",\"@id\":\"https:\/\/revistavitrineibiuna.com.br\/?p=31709#primaryimage\",\"inLanguage\":\"pt-BR\",\"url\":\"https:\/\/revistavitrineibiuna.com.br\/wp-content\/uploads\/2024\/06\/thay-biatriz-no-ratinho-3.6.2024.png\",\"width\":884,\"height\":499},{\"@type\":\"WebPage\",\"@id\":\"https:\/\/revistavitrineibiuna.com.br\/?p=31709#webpage\",\"url\":\"https:\/\/revistavitrineibiuna.com.br\/?p=31709\",\"name\":\"IBI\\u00daNA \\u2013 THAY BIATRIZ BRILHA [MAIS UMA VEZ] EM PROGRAMA NACIONAL DO SBT - Revista Vitrine Online\",\"isPartOf\":{\"@id\":\"https:\/\/revistavitrineibiuna.com.br\/#website\"},\"primaryImageOfPage\":{\"@id\":\"https:\/\/revistavitrineibiuna.com.br\/?p=31709#primaryimage\"},\"datePublished\":\"2024-06-04T15:16:02+00:00\",\"dateModified\":\"2024-06-04T15:30:15+00:00\",\"breadcrumb\":{\"@id\":\"https:\/\/revistavitrineibiuna.com.br\/?p=31709#breadcrumb\"},\"inLanguage\":\"pt-BR\",\"potentialAction\":[{\"@type\":\"ReadAction\",\"target\":[\"https:\/\/revistavitrineibiuna.com.br\/?p=31709\"]}]},{\"@type\":\"BreadcrumbList\",\"@id\":\"https:\/\/revistavitrineibiuna.com.br\/?p=31709#breadcrumb\",\"itemListElement\":[{\"@type\":\"ListItem\",\"position\":1,\"item\":{\"@type\":\"WebPage\",\"@id\":\"https:\/\/revistavitrineibiuna.com.br\/\",\"url\":\"https:\/\/revistavitrineibiuna.com.br\/\",\"name\":\"In\\u00edcio\"}},{\"@type\":\"ListItem\",\"position\":2,\"item\":{\"@type\":\"WebPage\",\"@id\":\"https:\/\/revistavitrineibiuna.com.br\/?p=31709\",\"url\":\"https:\/\/revistavitrineibiuna.com.br\/?p=31709\",\"name\":\"IBI\\u00daNA \\u2013 THAY BIATRIZ BRILHA [MAIS UMA VEZ] EM PROGRAMA NACIONAL DO SBT\"}}]},{\"@type\":\"Article\",\"@id\":\"https:\/\/revistavitrineibiuna.com.br\/?p=31709#article\",\"isPartOf\":{\"@id\":\"https:\/\/revistavitrineibiuna.com.br\/?p=31709#webpage\"},\"author\":{\"@id\":\"https:\/\/revistavitrineibiuna.com.br\/#\/schema\/person\/e51ef49d6d88170ea21ceabff3f73deb\"},\"headline\":\"IBI\\u00daNA \\u2013 THAY BIATRIZ BRILHA [MAIS UMA VEZ] EM PROGRAMA NACIONAL DO SBT\",\"datePublished\":\"2024-06-04T15:16:02+00:00\",\"dateModified\":\"2024-06-04T15:30:15+00:00\",\"mainEntityOfPage\":{\"@id\":\"https:\/\/revistavitrineibiuna.com.br\/?p=31709#webpage\"},\"commentCount\":0,\"publisher\":{\"@id\":\"https:\/\/revistavitrineibiuna.com.br\/#\/schema\/person\/e51ef49d6d88170ea21ceabff3f73deb\"},\"image\":{\"@id\":\"https:\/\/revistavitrineibiuna.com.br\/?p=31709#primaryimage\"},\"articleSection\":\"Not\\u00edcias\",\"inLanguage\":\"pt-BR\",\"potentialAction\":[{\"@type\":\"CommentAction\",\"name\":\"Comment\",\"target\":[\"https:\/\/revistavitrineibiuna.com.br\/?p=31709#respond\"]}]},{\"@type\":[\"Person\",\"Organization\"],\"@id\":\"https:\/\/revistavitrineibiuna.com.br\/#\/schema\/person\/e51ef49d6d88170ea21ceabff3f73deb\",\"name\":\"Carlos Rossini\",\"image\":{\"@type\":\"ImageObject\",\"@id\":\"https:\/\/revistavitrineibiuna.com.br\/#personlogo\",\"inLanguage\":\"pt-BR\",\"url\":\"https:\/\/secure.gravatar.com\/avatar\/4f2d0f99fac1f85c7d643f21f5c8d900?s=96&d=mm&r=g\",\"caption\":\"Carlos Rossini\"},\"logo\":{\"@id\":\"https:\/\/revistavitrineibiuna.com.br\/#personlogo\"},\"description\":\"Carlos Rossini \\u00e9 jornalista, soci\\u00f3logo, escritor e professor universit\\u00e1rio, tendo sido professor de jornalismo por vinte anos. Trabalhou em ve\\u00edculos de comunica\\u00e7\\u00e3o nas fun\\u00e7\\u00f5es de rep\\u00f3rter, redator, editor, articulista e colaborador, como Folha de S. Paulo, O Estado de S. Paulo, Di\\u00e1rio Popular, entre outros. Ao transferir a revista vitrine, vers\\u00e3o imprensa, de S\\u00e3o Paulo para Ibi\\u00fana h\\u00e1 alguns anos, iniciou uma nova experi\\u00eancia profissional, dedicando-se ao jornalismo regional, depois de cumprir uma trajet\\u00f3ria bem-sucedida na grande imprensa brasileira. Seu primeiro livro A Coragem de Comunicar foi lan\\u00e7ado na Bienal do Livro em S\\u00e3o Paulo no ano 2000, pela editora Madras.\"}]}<\/script>\n<!-- \/ Yoast SEO plugin. -->","_links":{"self":[{"href":"https:\/\/revistavitrineibiuna.com.br\/index.php?rest_route=\/wp\/v2\/posts\/31709"}],"collection":[{"href":"https:\/\/revistavitrineibiuna.com.br\/index.php?rest_route=\/wp\/v2\/posts"}],"about":[{"href":"https:\/\/revistavitrineibiuna.com.br\/index.php?rest_route=\/wp\/v2\/types\/post"}],"author":[{"embeddable":true,"href":"https:\/\/revistavitrineibiuna.com.br\/index.php?rest_route=\/wp\/v2\/users\/1"}],"replies":[{"embeddable":true,"href":"https:\/\/revistavitrineibiuna.com.br\/index.php?rest_route=%2Fwp%2Fv2%2Fcomments&post=31709"}],"version-history":[{"count":2,"href":"https:\/\/revistavitrineibiuna.com.br\/index.php?rest_route=\/wp\/v2\/posts\/31709\/revisions"}],"predecessor-version":[{"id":31712,"href":"https:\/\/revistavitrineibiuna.com.br\/index.php?rest_route=\/wp\/v2\/posts\/31709\/revisions\/31712"}],"wp:featuredmedia":[{"embeddable":true,"href":"https:\/\/revistavitrineibiuna.com.br\/index.php?rest_route=\/wp\/v2\/media\/31710"}],"wp:attachment":[{"href":"https:\/\/revistavitrineibiuna.com.br\/index.php?rest_route=%2Fwp%2Fv2%2Fmedia&parent=31709"}],"wp:term":[{"taxonomy":"category","embeddable":true,"href":"https:\/\/revistavitrineibiuna.com.br\/index.php?rest_route=%2Fwp%2Fv2%2Fcategories&post=31709"},{"taxonomy":"post_tag","embeddable":true,"href":"https:\/\/revistavitrineibiuna.com.br\/index.php?rest_route=%2Fwp%2Fv2%2Ftags&post=31709"}],"curies":[{"name":"wp","href":"https:\/\/api.w.org\/{rel}","templated":true}]}}